{"id":7182,"date":"2018-06-16T09:10:04","date_gmt":"2018-06-16T07:10:04","guid":{"rendered":"https:\/\/www.naturparkmagazin.de\/stechlin\/?p=7182"},"modified":"2018-06-26T10:40:40","modified_gmt":"2018-06-26T08:40:40","slug":"liebe-leseinnen-und-leser-6","status":"publish","type":"post","link":"https:\/\/www.naturparkmagazin.de\/stechlin\/liebe-leseinnen-und-leser-6\/","title":{"rendered":"Liebe Leserinnen und Leser,"},"content":{"rendered":"<p>vor zwei Jahren hat sich die Menzer Kita &#8222;Henriettes Schneckenh\u00e4uschen&#8220; auf den Weg zur Naturpark-Kita gemacht. Am 29. Juni war es endlich soweit! Aus den H\u00e4nden des parlamentarischen Staatssekret\u00e4rs im Bundesfamilien-Ministeriums Stefan Zierke, hat die Kita Leiterin Cornelia Bauer die Zertifizierungsurkunde erhalten.<\/p>\n<p>In den letzten Wochen ist mir bewusst geworden, wie wichtig\u00a0im Naturpark\u00a0Bildung f\u00fcr nachhaltige Entwicklung ist. Ich bin \u00fcberzeugt, dass unsere Bem\u00fchungen bereits die J\u00fcngsten kindgerecht f\u00fcr Nachhaltigkeit zu sensibilisieren, in 20-30 Jahren Fr\u00fcchte tragen werden. Dann sitzen die heutigen Knirpse als Entscheidungstr\u00e4ger in Ortsbeir\u00e4ten, Gemeindevertretungen oder tragen als B\u00fcrgermeister, Amtsdirektor oder Naturparkleiter Verantwortung. Das alle zu treffenden Entscheidungen am Grundsatz der Nachhaltigkeit gemessen werden, wird f\u00fcr diese Generation dann vielleicht schon selbstverst\u00e4ndlich sein!<\/p>\n<p>Ich w\u00fcnsche Ihnen einen sch\u00f6nen Sommer!<\/p>\n<p>Viel Spa\u00df beim lesen!<\/p>\n<p>&nbsp;<\/p>\n<p>Dr. Mario Schrumpf<\/p>\n<p>Naturparkleiter<\/p>\n","protected":false},"excerpt":{"rendered":"<p>vor zwei Jahren hat sich die Menzer Kita &#8222;Henriettes Schneckenh\u00e4uschen&#8220; auf den Weg zur Naturpark-Kita gemacht. Am 29. Juni war es endlich soweit! Aus den H\u00e4nden des parlamentarischen Staatssekret\u00e4rs im Bundesfamilien-Ministeriums Stefan Zierke, hat die Kita Leiterin Cornelia Bauer die Zertifizierungsurkunde erhalten. In den letzten Wochen ist mir bewusst geworden, wie wichtig\u00a0im Naturpark\u00a0Bildung f\u00fcr nachhaltige<\/p>\n","protected":false},"author":39,"featured_media":0,"comment_status":"open","ping_status":"open","sticky":false,"template":"","format":"standard","meta":[],"categories":[52],"tags":[],"yoast_head":"<!-- This site is optimized with the Yoast SEO plugin v19.10 - https:\/\/yoast.com\/wordpress\/plugins\/seo\/ -->\n<title>Liebe Leserinnen und Leser, - Naturpark Stechlin-Ruppiner Land<\/title>\n<meta name=\"robots\" content=\"index, follow, max-snippet:-1, max-image-preview:large, max-video-preview:-1\" \/>\n<link rel=\"canonical\" href=\"https:\/\/www.naturparkmagazin.de\/stechlin\/liebe-leseinnen-und-leser-6\/\" \/>\n<meta property=\"og:locale\" content=\"de_DE\" \/>\n<meta property=\"og:type\" content=\"article\" \/>\n<meta property=\"og:title\" content=\"Liebe Leserinnen und Leser, - Naturpark Stechlin-Ruppiner Land\" \/>\n<meta property=\"og:description\" content=\"vor zwei Jahren hat sich die Menzer Kita &#8222;Henriettes Schneckenh\u00e4uschen&#8220; auf den Weg zur Naturpark-Kita gemacht. Am 29. Juni war es endlich soweit! Aus den H\u00e4nden des parlamentarischen Staatssekret\u00e4rs im Bundesfamilien-Ministeriums Stefan Zierke, hat die Kita Leiterin Cornelia Bauer die Zertifizierungsurkunde erhalten. In den letzten Wochen ist mir bewusst geworden, wie wichtig\u00a0im Naturpark\u00a0Bildung f\u00fcr nachhaltige\" \/>\n<meta property=\"og:url\" content=\"https:\/\/www.naturparkmagazin.de\/stechlin\/liebe-leseinnen-und-leser-6\/\" \/>\n<meta property=\"og:site_name\" content=\"Naturpark Stechlin-Ruppiner Land\" \/>\n<meta property=\"article:published_time\" content=\"2018-06-16T07:10:04+00:00\" \/>\n<meta property=\"article:modified_time\" content=\"2018-06-26T08:40:40+00:00\" \/>\n<meta name=\"author\" content=\"marioschrumpf\" \/>\n<meta name=\"twitter:label1\" content=\"Verfasst von\" \/>\n\t<meta name=\"twitter:data1\" content=\"marioschrumpf\" \/>\n\t<meta name=\"twitter:label2\" content=\"Gesch\u00e4tzte Lesezeit\" \/>\n\t<meta name=\"twitter:data2\" content=\"1\u00a0Minute\" \/>\n<script type=\"application\/ld+json\" class=\"yoast-schema-graph\">{\"@context\":\"https:\/\/schema.org\",\"@graph\":[{\"@type\":\"WebPage\",\"@id\":\"https:\/\/www.naturparkmagazin.de\/stechlin\/liebe-leseinnen-und-leser-6\/\",\"url\":\"https:\/\/www.naturparkmagazin.de\/stechlin\/liebe-leseinnen-und-leser-6\/\",\"name\":\"Liebe Leserinnen und Leser, - Naturpark Stechlin-Ruppiner Land\",\"isPartOf\":{\"@id\":\"https:\/\/www.naturparkmagazin.de\/stechlin\/#website\"},\"datePublished\":\"2018-06-16T07:10:04+00:00\",\"dateModified\":\"2018-06-26T08:40:40+00:00\",\"author\":{\"@id\":\"https:\/\/www.naturparkmagazin.de\/stechlin\/#\/schema\/person\/3f0d93203df21c806dd63c76d9bb28bc\"},\"breadcrumb\":{\"@id\":\"https:\/\/www.naturparkmagazin.de\/stechlin\/liebe-leseinnen-und-leser-6\/#breadcrumb\"},\"inLanguage\":\"de\",\"potentialAction\":[{\"@type\":\"ReadAction\",\"target\":[\"https:\/\/www.naturparkmagazin.de\/stechlin\/liebe-leseinnen-und-leser-6\/\"]}]},{\"@type\":\"BreadcrumbList\",\"@id\":\"https:\/\/www.naturparkmagazin.de\/stechlin\/liebe-leseinnen-und-leser-6\/#breadcrumb\",\"itemListElement\":[{\"@type\":\"ListItem\",\"position\":1,\"name\":\"Home\",\"item\":\"https:\/\/www.naturparkmagazin.de\/stechlin\/\"},{\"@type\":\"ListItem\",\"position\":2,\"name\":\"Liebe Leserinnen und Leser,\"}]},{\"@type\":\"WebSite\",\"@id\":\"https:\/\/www.naturparkmagazin.de\/stechlin\/#website\",\"url\":\"https:\/\/www.naturparkmagazin.de\/stechlin\/\",\"name\":\"Naturpark Stechlin-Ruppiner Land\",\"description\":\"\",\"potentialAction\":[{\"@type\":\"SearchAction\",\"target\":{\"@type\":\"EntryPoint\",\"urlTemplate\":\"https:\/\/www.naturparkmagazin.de\/stechlin\/?s={search_term_string}\"},\"query-input\":\"required name=search_term_string\"}],\"inLanguage\":\"de\"},{\"@type\":\"Person\",\"@id\":\"https:\/\/www.naturparkmagazin.de\/stechlin\/#\/schema\/person\/3f0d93203df21c806dd63c76d9bb28bc\",\"name\":\"marioschrumpf\",\"url\":\"https:\/\/www.naturparkmagazin.de\/stechlin\/author\/marioschrumpf\/\"}]}<\/script>\n<!-- \/ Yoast SEO plugin. -->","yoast_head_json":{"title":"Liebe Leserinnen und Leser, - Naturpark Stechlin-Ruppiner Land","robots":{"index":"index","follow":"follow","max-snippet":"max-snippet:-1","max-image-preview":"max-image-preview:large","max-video-preview":"max-video-preview:-1"},"canonical":"https:\/\/www.naturparkmagazin.de\/stechlin\/liebe-leseinnen-und-leser-6\/","og_locale":"de_DE","og_type":"article","og_title":"Liebe Leserinnen und Leser, - Naturpark Stechlin-Ruppiner Land","og_description":"vor zwei Jahren hat sich die Menzer Kita &#8222;Henriettes Schneckenh\u00e4uschen&#8220; auf den Weg zur Naturpark-Kita gemacht. Am 29. Juni war es endlich soweit! Aus den H\u00e4nden des parlamentarischen Staatssekret\u00e4rs im Bundesfamilien-Ministeriums Stefan Zierke, hat die Kita Leiterin Cornelia Bauer die Zertifizierungsurkunde erhalten. In den letzten Wochen ist mir bewusst geworden, wie wichtig\u00a0im Naturpark\u00a0Bildung f\u00fcr nachhaltige","og_url":"https:\/\/www.naturparkmagazin.de\/stechlin\/liebe-leseinnen-und-leser-6\/","og_site_name":"Naturpark Stechlin-Ruppiner Land","article_published_time":"2018-06-16T07:10:04+00:00","article_modified_time":"2018-06-26T08:40:40+00:00","author":"marioschrumpf","twitter_misc":{"Verfasst von":"marioschrumpf","Gesch\u00e4tzte Lesezeit":"1\u00a0Minute"},"schema":{"@context":"https:\/\/schema.org","@graph":[{"@type":"WebPage","@id":"https:\/\/www.naturparkmagazin.de\/stechlin\/liebe-leseinnen-und-leser-6\/","url":"https:\/\/www.naturparkmagazin.de\/stechlin\/liebe-leseinnen-und-leser-6\/","name":"Liebe Leserinnen und Leser, - Naturpark Stechlin-Ruppiner Land","isPartOf":{"@id":"https:\/\/www.naturparkmagazin.de\/stechlin\/#website"},"datePublished":"2018-06-16T07:10:04+00:00","dateModified":"2018-06-26T08:40:40+00:00","author":{"@id":"https:\/\/www.naturparkmagazin.de\/stechlin\/#\/schema\/person\/3f0d93203df21c806dd63c76d9bb28bc"},"breadcrumb":{"@id":"https:\/\/www.naturparkmagazin.de\/stechlin\/liebe-leseinnen-und-leser-6\/#breadcrumb"},"inLanguage":"de","potentialAction":[{"@type":"ReadAction","target":["https:\/\/www.naturparkmagazin.de\/stechlin\/liebe-leseinnen-und-leser-6\/"]}]},{"@type":"BreadcrumbList","@id":"https:\/\/www.naturparkmagazin.de\/stechlin\/liebe-leseinnen-und-leser-6\/#breadcrumb","itemListElement":[{"@type":"ListItem","position":1,"name":"Home","item":"https:\/\/www.naturparkmagazin.de\/stechlin\/"},{"@type":"ListItem","position":2,"name":"Liebe Leserinnen und Leser,"}]},{"@type":"WebSite","@id":"https:\/\/www.naturparkmagazin.de\/stechlin\/#website","url":"https:\/\/www.naturparkmagazin.de\/stechlin\/","name":"Naturpark Stechlin-Ruppiner Land","description":"","potentialAction":[{"@type":"SearchAction","target":{"@type":"EntryPoint","urlTemplate":"https:\/\/www.naturparkmagazin.de\/stechlin\/?s={search_term_string}"},"query-input":"required name=search_term_string"}],"inLanguage":"de"},{"@type":"Person","@id":"https:\/\/www.naturparkmagazin.de\/stechlin\/#\/schema\/person\/3f0d93203df21c806dd63c76d9bb28bc","name":"marioschrumpf","url":"https:\/\/www.naturparkmagazin.de\/stechlin\/author\/marioschrumpf\/"}]}},"_links":{"self":[{"href":"https:\/\/www.naturparkmagazin.de\/stechlin\/wp-json\/wp\/v2\/posts\/7182"}],"collection":[{"href":"https:\/\/www.naturparkmagazin.de\/stechlin\/wp-json\/wp\/v2\/posts"}],"about":[{"href":"https:\/\/www.naturparkmagazin.de\/stechlin\/wp-json\/wp\/v2\/types\/post"}],"author":[{"embeddable":true,"href":"https:\/\/www.naturparkmagazin.de\/stechlin\/wp-json\/wp\/v2\/users\/39"}],"replies":[{"embeddable":true,"href":"https:\/\/www.naturparkmagazin.de\/stechlin\/wp-json\/wp\/v2\/comments?post=7182"}],"version-history":[{"count":4,"href":"https:\/\/www.naturparkmagazin.de\/stechlin\/wp-json\/wp\/v2\/posts\/7182\/revisions"}],"predecessor-version":[{"id":7206,"href":"https:\/\/www.naturparkmagazin.de\/stechlin\/wp-json\/wp\/v2\/posts\/7182\/revisions\/7206"}],"wp:attachment":[{"href":"https:\/\/www.naturparkmagazin.de\/stechlin\/wp-json\/wp\/v2\/media?parent=7182"}],"wp:term":[{"taxonomy":"category","embeddable":true,"href":"https:\/\/www.naturparkmagazin.de\/stechlin\/wp-json\/wp\/v2\/categories?post=7182"},{"taxonomy":"post_tag","embeddable":true,"href":"https:\/\/www.naturparkmagazin.de\/stechlin\/wp-json\/wp\/v2\/tags?post=7182"}],"curies":[{"name":"wp","href":"https:\/\/api.w.org\/{rel}","templated":true}]}}