{"id":7185,"date":"2018-06-16T07:46:02","date_gmt":"2018-06-16T05:46:02","guid":{"rendered":"https:\/\/www.naturparkmagazin.de\/stechlin\/?p=7185"},"modified":"2025-06-19T13:53:14","modified_gmt":"2025-06-19T11:53:14","slug":"ausstellung-mensch-und-natur-in-potsdamer-umweltministerium","status":"publish","type":"post","link":"https:\/\/www.naturparkmagazin.de\/stechlin\/ausstellung-mensch-und-natur-in-potsdamer-umweltministerium\/","title":{"rendered":"Ausstellung &#8222;Mensch und Natur&#8220; in Potsdamer Umweltministerium (2018)"},"content":{"rendered":"<div id=\"attachment_6421\" style=\"width: 310px\" class=\"wp-caption aligncenter\"><a href=\"https:\/\/www.naturparkmagazin.de\/stechlin\/wp-content\/uploads\/sites\/38\/Kunstsymp.-4_2017PA229061.jpg\"><img aria-describedby=\"caption-attachment-6421\" decoding=\"async\" loading=\"lazy\" class=\"wp-image-6421 size-thumbnail\" src=\"https:\/\/www.naturparkmagazin.de\/stechlin\/wp-content\/uploads\/sites\/38\/Kunstsymp.-4_2017PA229061-e1530007505979-300x400.jpg\" alt=\"\u201eWildnis\u201c von Gudrun Lomas (Acryl\/Leinwand)\" width=\"300\" height=\"400\" srcset=\"https:\/\/www.naturparkmagazin.de\/stechlin\/wp-content\/uploads\/sites\/38\/Kunstsymp.-4_2017PA229061-e1530007505979.jpg 300w, https:\/\/www.naturparkmagazin.de\/stechlin\/wp-content\/uploads\/sites\/38\/Kunstsymp.-4_2017PA229061-e1530007505979-135x180.jpg 135w, https:\/\/www.naturparkmagazin.de\/stechlin\/wp-content\/uploads\/sites\/38\/Kunstsymp.-4_2017PA229061-e1530007505979-53x71.jpg 53w, https:\/\/www.naturparkmagazin.de\/stechlin\/wp-content\/uploads\/sites\/38\/Kunstsymp.-4_2017PA229061-e1530007505979-200x267.jpg 200w\" sizes=\"(max-width: 300px) 100vw, 300px\" \/><\/a><p id=\"caption-attachment-6421\" class=\"wp-caption-text\">\u201eWildnis\u201c von Gudrun Lomas (Acryl\/Leinwand)<\/p><\/div>\n<p>Zur Vernissage am Mittwoch, den <strong>4.7.2018, 14 Uhr<\/strong> laden wir Sie und Ihre Freunde herzlich ein.<\/p>\n<p>Im Ministerium f\u00fcr L\u00e4ndliche Entwicklung, Umwelt und Landwirtschaft werden Arbeiten (Malerei und Skulptur) von Gudrun und Kuno Lomas sowie G\u00e4sten der Internationalen Kunstsymposien im Naturpark Stechlin-Ruppiner Land der letzten Jahre gezeigt.<\/p>\n<p>Die musikalische Umrahmung erfolgt durch Rainer Volkenborn am Bandoneon.<\/p>\n<p>Ort: Ministerium f\u00fcr L\u00e4ndliche Entwicklung, Umwelt und Landwirtschaft, Henning-von-Tresckow-Str. 2-13, 14467 Potsdam<\/p>\n","protected":false},"excerpt":{"rendered":"<p>Zur Vernissage am Mittwoch, den 4.7.2018, 14 Uhr laden wir Sie und Ihre Freunde herzlich ein.<\/p>\n","protected":false},"author":39,"featured_media":6420,"comment_status":"open","ping_status":"open","sticky":false,"template":"","format":"standard","meta":[],"categories":[11],"tags":[],"yoast_head":"<!-- This site is optimized with the Yoast SEO plugin v19.10 - https:\/\/yoast.com\/wordpress\/plugins\/seo\/ -->\n<title>Ausstellung &quot;Mensch und Natur&quot; in Potsdamer Umweltministerium (2018) - Naturpark Stechlin-Ruppiner Land<\/title>\n<meta name=\"robots\" content=\"index, follow, max-snippet:-1, max-image-preview:large, max-video-preview:-1\" \/>\n<link rel=\"canonical\" href=\"https:\/\/www.naturparkmagazin.de\/stechlin\/ausstellung-mensch-und-natur-in-potsdamer-umweltministerium\/\" \/>\n<meta property=\"og:locale\" content=\"de_DE\" \/>\n<meta property=\"og:type\" content=\"article\" \/>\n<meta property=\"og:title\" content=\"Ausstellung &quot;Mensch und Natur&quot; in Potsdamer Umweltministerium (2018) - Naturpark Stechlin-Ruppiner Land\" \/>\n<meta property=\"og:description\" content=\"Zur Vernissage am Mittwoch, den 4.7.2018, 14 Uhr laden wir Sie und Ihre Freunde herzlich ein.\" \/>\n<meta property=\"og:url\" content=\"https:\/\/www.naturparkmagazin.de\/stechlin\/ausstellung-mensch-und-natur-in-potsdamer-umweltministerium\/\" \/>\n<meta property=\"og:site_name\" content=\"Naturpark Stechlin-Ruppiner Land\" \/>\n<meta property=\"article:published_time\" content=\"2018-06-16T05:46:02+00:00\" \/>\n<meta property=\"article:modified_time\" content=\"2025-06-19T11:53:14+00:00\" \/>\n<meta property=\"og:image\" content=\"https:\/\/www.naturparkmagazin.de\/stechlin\/wp-content\/uploads\/sites\/38\/Kunstsymposium-2017_PA229055.jpg\" \/>\n\t<meta property=\"og:image:width\" content=\"200\" \/>\n\t<meta property=\"og:image:height\" content=\"200\" \/>\n\t<meta property=\"og:image:type\" content=\"image\/jpeg\" \/>\n<meta name=\"author\" content=\"marioschrumpf\" \/>\n<meta name=\"twitter:label1\" content=\"Verfasst von\" \/>\n\t<meta name=\"twitter:data1\" content=\"marioschrumpf\" \/>\n<script type=\"application\/ld+json\" class=\"yoast-schema-graph\">{\"@context\":\"https:\/\/schema.org\",\"@graph\":[{\"@type\":\"WebPage\",\"@id\":\"https:\/\/www.naturparkmagazin.de\/stechlin\/ausstellung-mensch-und-natur-in-potsdamer-umweltministerium\/\",\"url\":\"https:\/\/www.naturparkmagazin.de\/stechlin\/ausstellung-mensch-und-natur-in-potsdamer-umweltministerium\/\",\"name\":\"Ausstellung \\\"Mensch und Natur\\\" in Potsdamer Umweltministerium (2018) - Naturpark Stechlin-Ruppiner Land\",\"isPartOf\":{\"@id\":\"https:\/\/www.naturparkmagazin.de\/stechlin\/#website\"},\"datePublished\":\"2018-06-16T05:46:02+00:00\",\"dateModified\":\"2025-06-19T11:53:14+00:00\",\"author\":{\"@id\":\"https:\/\/www.naturparkmagazin.de\/stechlin\/#\/schema\/person\/3f0d93203df21c806dd63c76d9bb28bc\"},\"breadcrumb\":{\"@id\":\"https:\/\/www.naturparkmagazin.de\/stechlin\/ausstellung-mensch-und-natur-in-potsdamer-umweltministerium\/#breadcrumb\"},\"inLanguage\":\"de\",\"potentialAction\":[{\"@type\":\"ReadAction\",\"target\":[\"https:\/\/www.naturparkmagazin.de\/stechlin\/ausstellung-mensch-und-natur-in-potsdamer-umweltministerium\/\"]}]},{\"@type\":\"BreadcrumbList\",\"@id\":\"https:\/\/www.naturparkmagazin.de\/stechlin\/ausstellung-mensch-und-natur-in-potsdamer-umweltministerium\/#breadcrumb\",\"itemListElement\":[{\"@type\":\"ListItem\",\"position\":1,\"name\":\"Home\",\"item\":\"https:\/\/www.naturparkmagazin.de\/stechlin\/\"},{\"@type\":\"ListItem\",\"position\":2,\"name\":\"Ausstellung &#8222;Mensch und Natur&#8220; in Potsdamer Umweltministerium (2018)\"}]},{\"@type\":\"WebSite\",\"@id\":\"https:\/\/www.naturparkmagazin.de\/stechlin\/#website\",\"url\":\"https:\/\/www.naturparkmagazin.de\/stechlin\/\",\"name\":\"Naturpark Stechlin-Ruppiner Land\",\"description\":\"\",\"potentialAction\":[{\"@type\":\"SearchAction\",\"target\":{\"@type\":\"EntryPoint\",\"urlTemplate\":\"https:\/\/www.naturparkmagazin.de\/stechlin\/?s={search_term_string}\"},\"query-input\":\"required name=search_term_string\"}],\"inLanguage\":\"de\"},{\"@type\":\"Person\",\"@id\":\"https:\/\/www.naturparkmagazin.de\/stechlin\/#\/schema\/person\/3f0d93203df21c806dd63c76d9bb28bc\",\"name\":\"marioschrumpf\",\"url\":\"https:\/\/www.naturparkmagazin.de\/stechlin\/author\/marioschrumpf\/\"}]}<\/script>\n<!-- \/ Yoast SEO plugin. -->","yoast_head_json":{"title":"Ausstellung \"Mensch und Natur\" in Potsdamer Umweltministerium (2018) - Naturpark Stechlin-Ruppiner Land","robots":{"index":"index","follow":"follow","max-snippet":"max-snippet:-1","max-image-preview":"max-image-preview:large","max-video-preview":"max-video-preview:-1"},"canonical":"https:\/\/www.naturparkmagazin.de\/stechlin\/ausstellung-mensch-und-natur-in-potsdamer-umweltministerium\/","og_locale":"de_DE","og_type":"article","og_title":"Ausstellung \"Mensch und Natur\" in Potsdamer Umweltministerium (2018) - Naturpark Stechlin-Ruppiner Land","og_description":"Zur Vernissage am Mittwoch, den 4.7.2018, 14 Uhr laden wir Sie und Ihre Freunde herzlich ein.","og_url":"https:\/\/www.naturparkmagazin.de\/stechlin\/ausstellung-mensch-und-natur-in-potsdamer-umweltministerium\/","og_site_name":"Naturpark Stechlin-Ruppiner Land","article_published_time":"2018-06-16T05:46:02+00:00","article_modified_time":"2025-06-19T11:53:14+00:00","og_image":[{"width":200,"height":200,"url":"https:\/\/www.naturparkmagazin.de\/stechlin\/wp-content\/uploads\/sites\/38\/Kunstsymposium-2017_PA229055.jpg","type":"image\/jpeg"}],"author":"marioschrumpf","twitter_misc":{"Verfasst von":"marioschrumpf"},"schema":{"@context":"https:\/\/schema.org","@graph":[{"@type":"WebPage","@id":"https:\/\/www.naturparkmagazin.de\/stechlin\/ausstellung-mensch-und-natur-in-potsdamer-umweltministerium\/","url":"https:\/\/www.naturparkmagazin.de\/stechlin\/ausstellung-mensch-und-natur-in-potsdamer-umweltministerium\/","name":"Ausstellung \"Mensch und Natur\" in Potsdamer Umweltministerium (2018) - Naturpark Stechlin-Ruppiner Land","isPartOf":{"@id":"https:\/\/www.naturparkmagazin.de\/stechlin\/#website"},"datePublished":"2018-06-16T05:46:02+00:00","dateModified":"2025-06-19T11:53:14+00:00","author":{"@id":"https:\/\/www.naturparkmagazin.de\/stechlin\/#\/schema\/person\/3f0d93203df21c806dd63c76d9bb28bc"},"breadcrumb":{"@id":"https:\/\/www.naturparkmagazin.de\/stechlin\/ausstellung-mensch-und-natur-in-potsdamer-umweltministerium\/#breadcrumb"},"inLanguage":"de","potentialAction":[{"@type":"ReadAction","target":["https:\/\/www.naturparkmagazin.de\/stechlin\/ausstellung-mensch-und-natur-in-potsdamer-umweltministerium\/"]}]},{"@type":"BreadcrumbList","@id":"https:\/\/www.naturparkmagazin.de\/stechlin\/ausstellung-mensch-und-natur-in-potsdamer-umweltministerium\/#breadcrumb","itemListElement":[{"@type":"ListItem","position":1,"name":"Home","item":"https:\/\/www.naturparkmagazin.de\/stechlin\/"},{"@type":"ListItem","position":2,"name":"Ausstellung &#8222;Mensch und Natur&#8220; in Potsdamer Umweltministerium (2018)"}]},{"@type":"WebSite","@id":"https:\/\/www.naturparkmagazin.de\/stechlin\/#website","url":"https:\/\/www.naturparkmagazin.de\/stechlin\/","name":"Naturpark Stechlin-Ruppiner Land","description":"","potentialAction":[{"@type":"SearchAction","target":{"@type":"EntryPoint","urlTemplate":"https:\/\/www.naturparkmagazin.de\/stechlin\/?s={search_term_string}"},"query-input":"required name=search_term_string"}],"inLanguage":"de"},{"@type":"Person","@id":"https:\/\/www.naturparkmagazin.de\/stechlin\/#\/schema\/person\/3f0d93203df21c806dd63c76d9bb28bc","name":"marioschrumpf","url":"https:\/\/www.naturparkmagazin.de\/stechlin\/author\/marioschrumpf\/"}]}},"_links":{"self":[{"href":"https:\/\/www.naturparkmagazin.de\/stechlin\/wp-json\/wp\/v2\/posts\/7185"}],"collection":[{"href":"https:\/\/www.naturparkmagazin.de\/stechlin\/wp-json\/wp\/v2\/posts"}],"about":[{"href":"https:\/\/www.naturparkmagazin.de\/stechlin\/wp-json\/wp\/v2\/types\/post"}],"author":[{"embeddable":true,"href":"https:\/\/www.naturparkmagazin.de\/stechlin\/wp-json\/wp\/v2\/users\/39"}],"replies":[{"embeddable":true,"href":"https:\/\/www.naturparkmagazin.de\/stechlin\/wp-json\/wp\/v2\/comments?post=7185"}],"version-history":[{"count":5,"href":"https:\/\/www.naturparkmagazin.de\/stechlin\/wp-json\/wp\/v2\/posts\/7185\/revisions"}],"predecessor-version":[{"id":17535,"href":"https:\/\/www.naturparkmagazin.de\/stechlin\/wp-json\/wp\/v2\/posts\/7185\/revisions\/17535"}],"wp:featuredmedia":[{"embeddable":true,"href":"https:\/\/www.naturparkmagazin.de\/stechlin\/wp-json\/wp\/v2\/media\/6420"}],"wp:attachment":[{"href":"https:\/\/www.naturparkmagazin.de\/stechlin\/wp-json\/wp\/v2\/media?parent=7185"}],"wp:term":[{"taxonomy":"category","embeddable":true,"href":"https:\/\/www.naturparkmagazin.de\/stechlin\/wp-json\/wp\/v2\/categories?post=7185"},{"taxonomy":"post_tag","embeddable":true,"href":"https:\/\/www.naturparkmagazin.de\/stechlin\/wp-json\/wp\/v2\/tags?post=7185"}],"curies":[{"name":"wp","href":"https:\/\/api.w.org\/{rel}","templated":true}]}}