{"id":7228,"date":"2018-06-16T11:53:17","date_gmt":"2018-06-16T09:53:17","guid":{"rendered":"https:\/\/www.naturparkmagazin.de\/stechlin\/?p=7228"},"modified":"2025-01-24T10:11:12","modified_gmt":"2025-01-24T09:11:12","slug":"besucherrekord-zum-24-menzer-waldfest","status":"publish","type":"post","link":"https:\/\/www.naturparkmagazin.de\/stechlin\/besucherrekord-zum-24-menzer-waldfest\/","title":{"rendered":"Besucherrekord zum 24. Menzer Waldfest (2018)"},"content":{"rendered":"<div id=\"attachment_7243\" style=\"width: 310px\" class=\"wp-caption aligncenter\"><a href=\"https:\/\/www.naturparkmagazin.de\/stechlin\/wp-content\/uploads\/sites\/38\/Waldfest-2018_46.jpg\"><img aria-describedby=\"caption-attachment-7243\" decoding=\"async\" loading=\"lazy\" class=\"size-thumbnail wp-image-7243\" src=\"https:\/\/www.naturparkmagazin.de\/stechlin\/wp-content\/uploads\/sites\/38\/Waldfest-2018_46-300x180.jpg\" alt=\"Die Kinder der Naturpark-Kita und -Schule begeisterten mit ihrem Programm.\" width=\"300\" height=\"180\" srcset=\"https:\/\/www.naturparkmagazin.de\/stechlin\/wp-content\/uploads\/sites\/38\/Waldfest-2018_46-300x180.jpg 300w, https:\/\/www.naturparkmagazin.de\/stechlin\/wp-content\/uploads\/sites\/38\/Waldfest-2018_46.jpg 500w, https:\/\/www.naturparkmagazin.de\/stechlin\/wp-content\/uploads\/sites\/38\/Waldfest-2018_46-200x120.jpg 200w\" sizes=\"(max-width: 300px) 100vw, 300px\" \/><\/a><p id=\"caption-attachment-7243\" class=\"wp-caption-text\">Die Kinder der Naturpark-Kita und -Schule begeisterten mit ihrem Programm.<\/p><\/div>\n<p>Mehr als\u00a02.000 Besucher kamen am letzten Juni-Wochenende zur 24. Auflage des Menzer Waldfestes.<\/p>\n<p>Bereits am Freitag Abend war die Dorfkirche gut gef\u00fcllt als Eckhard Fuhr sein Buch &#8222;Die R\u00fcckkehr der W\u00f6lfe&#8220; vorstellte. Angesichts der\u00a0momentan in den Gemeindevertretungen des Amtes Gransee und Gemeinden gef\u00fchrten Diskussion zur Einrichtung wolfsfreier Zonen ein hochaktuelles Thema. Der Vizepr\u00e4sident des \u00d6kologischen Jagdverbandes hat versucht zur Versachlichung des emotional diskutierten Themas beizutragen.<\/p>\n<div id=\"attachment_7241\" style=\"width: 190px\" class=\"wp-caption aligncenter\"><a href=\"https:\/\/www.naturparkmagazin.de\/stechlin\/wp-content\/uploads\/sites\/38\/Waldfest-2018_60.jpg\"><img aria-describedby=\"caption-attachment-7241\" decoding=\"async\" loading=\"lazy\" class=\"size-full wp-image-7241\" src=\"https:\/\/www.naturparkmagazin.de\/stechlin\/wp-content\/uploads\/sites\/38\/Waldfest-2018_60.jpg\" alt=\"Polnische Zeidler beim Klotzbeutenbau.\" width=\"180\" height=\"250\" \/><\/a><p id=\"caption-attachment-7241\" class=\"wp-caption-text\">Polnische Zeidler beim Klotzbeutenbau.<\/p><\/div>\n<p>Gro\u00dfe Aufmerksamkeit fand auf dem Waldmarkt am Samstag die Vorf\u00fchrung polnischer Zeidler (Waldimker) zum Bau von sogenannten Klotzbeuten aus Baumst\u00e4mmen f\u00fcr die naturgem\u00e4\u00dfe Bienenhaltung. Dieses historische Waldgewerk wurde erstmalig auf dem Waldfest pr\u00e4sentiert. Ines Alkewitz aus Zernikow hat sich mit dieser Form der Bienenhaltung im Rahmen der Bildung f\u00fcr nachhaltige Entwicklung n\u00e4her besch\u00e4ftigt.<\/p>\n<div id=\"attachment_7240\" style=\"width: 310px\" class=\"wp-caption aligncenter\"><a href=\"https:\/\/www.naturparkmagazin.de\/stechlin\/wp-content\/uploads\/sites\/38\/Waldfest-2018_72.jpg\"><img aria-describedby=\"caption-attachment-7240\" decoding=\"async\" loading=\"lazy\" class=\"size-thumbnail wp-image-7240\" src=\"https:\/\/www.naturparkmagazin.de\/stechlin\/wp-content\/uploads\/sites\/38\/Waldfest-2018_72-300x180.jpg\" alt=\"Gut besucht - der Stand des Naturparks.\" width=\"300\" height=\"180\" srcset=\"https:\/\/www.naturparkmagazin.de\/stechlin\/wp-content\/uploads\/sites\/38\/Waldfest-2018_72-300x180.jpg 300w, https:\/\/www.naturparkmagazin.de\/stechlin\/wp-content\/uploads\/sites\/38\/Waldfest-2018_72.jpg 500w, https:\/\/www.naturparkmagazin.de\/stechlin\/wp-content\/uploads\/sites\/38\/Waldfest-2018_72-200x120.jpg 200w\" sizes=\"(max-width: 300px) 100vw, 300px\" \/><\/a><p id=\"caption-attachment-7240\" class=\"wp-caption-text\">Gut besucht &#8211; der Stand des Naturparks.<\/p><\/div>\n<p>Auch der Stand des Naturparks war wie immer gut besucht. Gemeinsam mit den Natur- und Landschaftsf\u00fchrern Ursula Wackrow und J\u00fcrgen Strache informierten Gudrun Quietzsch von der Naturparkverwaltung und Thomas Hahn von der Naturwacht \u00fcber m\u00f6gliche Aktivit\u00e4ten im Naturpark.<\/p>\n<p>Natur- und Landschaftsf\u00fchrer Steffen Schindel begeisterte mit seinen Tieren zum anfassen und streicheln die j\u00fcngsten Besucher.<\/p>\n<div id=\"attachment_7242\" style=\"width: 310px\" class=\"wp-caption aligncenter\"><a href=\"https:\/\/www.naturparkmagazin.de\/stechlin\/wp-content\/uploads\/sites\/38\/Waldfest-2018_50.jpg\"><img aria-describedby=\"caption-attachment-7242\" decoding=\"async\" loading=\"lazy\" class=\"size-thumbnail wp-image-7242\" src=\"https:\/\/www.naturparkmagazin.de\/stechlin\/wp-content\/uploads\/sites\/38\/Waldfest-2018_50-300x180.jpg\" alt=\"Die Streicheltiere interessierten vor allem die j\u00fcngsten Besucher.\" width=\"300\" height=\"180\" srcset=\"https:\/\/www.naturparkmagazin.de\/stechlin\/wp-content\/uploads\/sites\/38\/Waldfest-2018_50-300x180.jpg 300w, https:\/\/www.naturparkmagazin.de\/stechlin\/wp-content\/uploads\/sites\/38\/Waldfest-2018_50.jpg 500w, https:\/\/www.naturparkmagazin.de\/stechlin\/wp-content\/uploads\/sites\/38\/Waldfest-2018_50-200x120.jpg 200w\" sizes=\"(max-width: 300px) 100vw, 300px\" \/><\/a><p id=\"caption-attachment-7242\" class=\"wp-caption-text\">Die Streicheltiere interessierten vor allem die j\u00fcngsten Besucher.<\/p><\/div>\n<div id=\"attachment_7239\" style=\"width: 310px\" class=\"wp-caption aligncenter\"><a href=\"https:\/\/www.naturparkmagazin.de\/stechlin\/wp-content\/uploads\/sites\/38\/Waldfest-2018_127.jpg\"><img aria-describedby=\"caption-attachment-7239\" decoding=\"async\" loading=\"lazy\" class=\"size-thumbnail wp-image-7239\" src=\"https:\/\/www.naturparkmagazin.de\/stechlin\/wp-content\/uploads\/sites\/38\/Waldfest-2018_127-300x180.jpg\" alt=\"Start zur Radtour am Sonntag.\" width=\"300\" height=\"180\" srcset=\"https:\/\/www.naturparkmagazin.de\/stechlin\/wp-content\/uploads\/sites\/38\/Waldfest-2018_127-300x180.jpg 300w, https:\/\/www.naturparkmagazin.de\/stechlin\/wp-content\/uploads\/sites\/38\/Waldfest-2018_127.jpg 500w, https:\/\/www.naturparkmagazin.de\/stechlin\/wp-content\/uploads\/sites\/38\/Waldfest-2018_127-200x120.jpg 200w\" sizes=\"(max-width: 300px) 100vw, 300px\" \/><\/a><p id=\"caption-attachment-7239\" class=\"wp-caption-text\">Start zur Radtour am Sonntag.<\/p><\/div>\n<p>Am Sonntag fuhren trotz Regen\u00a0sieben Radfahrer zusammen mit Ranger Thomas Hahn durch den Naturpark. Interessanteste Station der traditionellen Exkursion war ein Waldst\u00fcck bei Zernikow. Dort wurden die tags zuvor gefertigten Klotzbeuten zur Waldimkerei aufgeh\u00e4ngt. Ohne gro\u00dfe Technik nur mit Hilfe von Flaschenz\u00fcgen wurden die schweren Holzst\u00fccke in die B\u00e4ume gehievt.<\/p>\n<div id=\"attachment_7238\" style=\"width: 310px\" class=\"wp-caption aligncenter\"><a href=\"https:\/\/www.naturparkmagazin.de\/stechlin\/wp-content\/uploads\/sites\/38\/Waldfest-2018_133.jpg\"><img aria-describedby=\"caption-attachment-7238\" decoding=\"async\" loading=\"lazy\" class=\"size-thumbnail wp-image-7238\" src=\"https:\/\/www.naturparkmagazin.de\/stechlin\/wp-content\/uploads\/sites\/38\/Waldfest-2018_133-300x180.jpg\" alt=\"Die Klotzbeute wird an einem Baum aufgehangen.\" width=\"300\" height=\"180\" srcset=\"https:\/\/www.naturparkmagazin.de\/stechlin\/wp-content\/uploads\/sites\/38\/Waldfest-2018_133-300x180.jpg 300w, https:\/\/www.naturparkmagazin.de\/stechlin\/wp-content\/uploads\/sites\/38\/Waldfest-2018_133.jpg 500w, https:\/\/www.naturparkmagazin.de\/stechlin\/wp-content\/uploads\/sites\/38\/Waldfest-2018_133-200x120.jpg 200w\" sizes=\"(max-width: 300px) 100vw, 300px\" \/><\/a><p id=\"caption-attachment-7238\" class=\"wp-caption-text\">Die Klotzbeute wird an einem Baum aufgehangen.<\/p><\/div>\n<p>Vom <strong>28.-30. Juni 2019<\/strong> findet das <strong>n\u00e4chste Menzer Waldfest<\/strong> statt. Den Termin sollte man sich schon heute rot im Kalender eintragen, den zum <strong>25-j\u00e4hrigen Jubil\u00e4um<\/strong> lassen sich die Organisatoren bestimmt etwas besonderes einfallen!<\/p>\n<p>&nbsp;<\/p>\n","protected":false},"excerpt":{"rendered":"<p>Mehr als 2.000 Besucher kamen am letzten Juni-Wochenende zur 24. Auflage des Menzer Waldfestes.<\/p>\n","protected":false},"author":39,"featured_media":7237,"comment_status":"open","ping_status":"open","sticky":false,"template":"","format":"standard","meta":[],"categories":[7],"tags":[],"yoast_head":"<!-- This site is optimized with the Yoast SEO plugin v19.10 - https:\/\/yoast.com\/wordpress\/plugins\/seo\/ -->\n<title>Besucherrekord zum 24. Menzer Waldfest (2018) - Naturpark Stechlin-Ruppiner Land<\/title>\n<meta name=\"robots\" content=\"index, follow, max-snippet:-1, max-image-preview:large, max-video-preview:-1\" \/>\n<link rel=\"canonical\" href=\"https:\/\/www.naturparkmagazin.de\/stechlin\/besucherrekord-zum-24-menzer-waldfest\/\" \/>\n<meta property=\"og:locale\" content=\"de_DE\" \/>\n<meta property=\"og:type\" content=\"article\" \/>\n<meta property=\"og:title\" content=\"Besucherrekord zum 24. Menzer Waldfest (2018) - Naturpark Stechlin-Ruppiner Land\" \/>\n<meta property=\"og:description\" content=\"Mehr als 2.000 Besucher kamen am letzten Juni-Wochenende zur 24. Auflage des Menzer Waldfestes.\" \/>\n<meta property=\"og:url\" content=\"https:\/\/www.naturparkmagazin.de\/stechlin\/besucherrekord-zum-24-menzer-waldfest\/\" \/>\n<meta property=\"og:site_name\" content=\"Naturpark Stechlin-Ruppiner Land\" \/>\n<meta property=\"article:published_time\" content=\"2018-06-16T09:53:17+00:00\" \/>\n<meta property=\"article:modified_time\" content=\"2025-01-24T09:11:12+00:00\" \/>\n<meta property=\"og:image\" content=\"https:\/\/www.naturparkmagazin.de\/stechlin\/wp-content\/uploads\/sites\/38\/Waldfest-2018_42.jpg\" \/>\n\t<meta property=\"og:image:width\" content=\"200\" \/>\n\t<meta property=\"og:image:height\" content=\"200\" \/>\n\t<meta property=\"og:image:type\" content=\"image\/jpeg\" \/>\n<meta name=\"author\" content=\"marioschrumpf\" \/>\n<meta name=\"twitter:label1\" content=\"Verfasst von\" \/>\n\t<meta name=\"twitter:data1\" content=\"marioschrumpf\" \/>\n\t<meta name=\"twitter:label2\" content=\"Gesch\u00e4tzte Lesezeit\" \/>\n\t<meta name=\"twitter:data2\" content=\"3\u00a0Minuten\" \/>\n<script type=\"application\/ld+json\" class=\"yoast-schema-graph\">{\"@context\":\"https:\/\/schema.org\",\"@graph\":[{\"@type\":\"WebPage\",\"@id\":\"https:\/\/www.naturparkmagazin.de\/stechlin\/besucherrekord-zum-24-menzer-waldfest\/\",\"url\":\"https:\/\/www.naturparkmagazin.de\/stechlin\/besucherrekord-zum-24-menzer-waldfest\/\",\"name\":\"Besucherrekord zum 24. Menzer Waldfest (2018) - Naturpark Stechlin-Ruppiner Land\",\"isPartOf\":{\"@id\":\"https:\/\/www.naturparkmagazin.de\/stechlin\/#website\"},\"datePublished\":\"2018-06-16T09:53:17+00:00\",\"dateModified\":\"2025-01-24T09:11:12+00:00\",\"author\":{\"@id\":\"https:\/\/www.naturparkmagazin.de\/stechlin\/#\/schema\/person\/3f0d93203df21c806dd63c76d9bb28bc\"},\"breadcrumb\":{\"@id\":\"https:\/\/www.naturparkmagazin.de\/stechlin\/besucherrekord-zum-24-menzer-waldfest\/#breadcrumb\"},\"inLanguage\":\"de\",\"potentialAction\":[{\"@type\":\"ReadAction\",\"target\":[\"https:\/\/www.naturparkmagazin.de\/stechlin\/besucherrekord-zum-24-menzer-waldfest\/\"]}]},{\"@type\":\"BreadcrumbList\",\"@id\":\"https:\/\/www.naturparkmagazin.de\/stechlin\/besucherrekord-zum-24-menzer-waldfest\/#breadcrumb\",\"itemListElement\":[{\"@type\":\"ListItem\",\"position\":1,\"name\":\"Home\",\"item\":\"https:\/\/www.naturparkmagazin.de\/stechlin\/\"},{\"@type\":\"ListItem\",\"position\":2,\"name\":\"Besucherrekord zum 24. Menzer Waldfest (2018)\"}]},{\"@type\":\"WebSite\",\"@id\":\"https:\/\/www.naturparkmagazin.de\/stechlin\/#website\",\"url\":\"https:\/\/www.naturparkmagazin.de\/stechlin\/\",\"name\":\"Naturpark Stechlin-Ruppiner Land\",\"description\":\"\",\"potentialAction\":[{\"@type\":\"SearchAction\",\"target\":{\"@type\":\"EntryPoint\",\"urlTemplate\":\"https:\/\/www.naturparkmagazin.de\/stechlin\/?s={search_term_string}\"},\"query-input\":\"required name=search_term_string\"}],\"inLanguage\":\"de\"},{\"@type\":\"Person\",\"@id\":\"https:\/\/www.naturparkmagazin.de\/stechlin\/#\/schema\/person\/3f0d93203df21c806dd63c76d9bb28bc\",\"name\":\"marioschrumpf\",\"url\":\"https:\/\/www.naturparkmagazin.de\/stechlin\/author\/marioschrumpf\/\"}]}<\/script>\n<!-- \/ Yoast SEO plugin. -->","yoast_head_json":{"title":"Besucherrekord zum 24. Menzer Waldfest (2018) - Naturpark Stechlin-Ruppiner Land","robots":{"index":"index","follow":"follow","max-snippet":"max-snippet:-1","max-image-preview":"max-image-preview:large","max-video-preview":"max-video-preview:-1"},"canonical":"https:\/\/www.naturparkmagazin.de\/stechlin\/besucherrekord-zum-24-menzer-waldfest\/","og_locale":"de_DE","og_type":"article","og_title":"Besucherrekord zum 24. Menzer Waldfest (2018) - Naturpark Stechlin-Ruppiner Land","og_description":"Mehr als 2.000 Besucher kamen am letzten Juni-Wochenende zur 24. Auflage des Menzer Waldfestes.","og_url":"https:\/\/www.naturparkmagazin.de\/stechlin\/besucherrekord-zum-24-menzer-waldfest\/","og_site_name":"Naturpark Stechlin-Ruppiner Land","article_published_time":"2018-06-16T09:53:17+00:00","article_modified_time":"2025-01-24T09:11:12+00:00","og_image":[{"width":200,"height":200,"url":"https:\/\/www.naturparkmagazin.de\/stechlin\/wp-content\/uploads\/sites\/38\/Waldfest-2018_42.jpg","type":"image\/jpeg"}],"author":"marioschrumpf","twitter_misc":{"Verfasst von":"marioschrumpf","Gesch\u00e4tzte Lesezeit":"3\u00a0Minuten"},"schema":{"@context":"https:\/\/schema.org","@graph":[{"@type":"WebPage","@id":"https:\/\/www.naturparkmagazin.de\/stechlin\/besucherrekord-zum-24-menzer-waldfest\/","url":"https:\/\/www.naturparkmagazin.de\/stechlin\/besucherrekord-zum-24-menzer-waldfest\/","name":"Besucherrekord zum 24. Menzer Waldfest (2018) - Naturpark Stechlin-Ruppiner Land","isPartOf":{"@id":"https:\/\/www.naturparkmagazin.de\/stechlin\/#website"},"datePublished":"2018-06-16T09:53:17+00:00","dateModified":"2025-01-24T09:11:12+00:00","author":{"@id":"https:\/\/www.naturparkmagazin.de\/stechlin\/#\/schema\/person\/3f0d93203df21c806dd63c76d9bb28bc"},"breadcrumb":{"@id":"https:\/\/www.naturparkmagazin.de\/stechlin\/besucherrekord-zum-24-menzer-waldfest\/#breadcrumb"},"inLanguage":"de","potentialAction":[{"@type":"ReadAction","target":["https:\/\/www.naturparkmagazin.de\/stechlin\/besucherrekord-zum-24-menzer-waldfest\/"]}]},{"@type":"BreadcrumbList","@id":"https:\/\/www.naturparkmagazin.de\/stechlin\/besucherrekord-zum-24-menzer-waldfest\/#breadcrumb","itemListElement":[{"@type":"ListItem","position":1,"name":"Home","item":"https:\/\/www.naturparkmagazin.de\/stechlin\/"},{"@type":"ListItem","position":2,"name":"Besucherrekord zum 24. Menzer Waldfest (2018)"}]},{"@type":"WebSite","@id":"https:\/\/www.naturparkmagazin.de\/stechlin\/#website","url":"https:\/\/www.naturparkmagazin.de\/stechlin\/","name":"Naturpark Stechlin-Ruppiner Land","description":"","potentialAction":[{"@type":"SearchAction","target":{"@type":"EntryPoint","urlTemplate":"https:\/\/www.naturparkmagazin.de\/stechlin\/?s={search_term_string}"},"query-input":"required name=search_term_string"}],"inLanguage":"de"},{"@type":"Person","@id":"https:\/\/www.naturparkmagazin.de\/stechlin\/#\/schema\/person\/3f0d93203df21c806dd63c76d9bb28bc","name":"marioschrumpf","url":"https:\/\/www.naturparkmagazin.de\/stechlin\/author\/marioschrumpf\/"}]}},"_links":{"self":[{"href":"https:\/\/www.naturparkmagazin.de\/stechlin\/wp-json\/wp\/v2\/posts\/7228"}],"collection":[{"href":"https:\/\/www.naturparkmagazin.de\/stechlin\/wp-json\/wp\/v2\/posts"}],"about":[{"href":"https:\/\/www.naturparkmagazin.de\/stechlin\/wp-json\/wp\/v2\/types\/post"}],"author":[{"embeddable":true,"href":"https:\/\/www.naturparkmagazin.de\/stechlin\/wp-json\/wp\/v2\/users\/39"}],"replies":[{"embeddable":true,"href":"https:\/\/www.naturparkmagazin.de\/stechlin\/wp-json\/wp\/v2\/comments?post=7228"}],"version-history":[{"count":5,"href":"https:\/\/www.naturparkmagazin.de\/stechlin\/wp-json\/wp\/v2\/posts\/7228\/revisions"}],"predecessor-version":[{"id":16592,"href":"https:\/\/www.naturparkmagazin.de\/stechlin\/wp-json\/wp\/v2\/posts\/7228\/revisions\/16592"}],"wp:featuredmedia":[{"embeddable":true,"href":"https:\/\/www.naturparkmagazin.de\/stechlin\/wp-json\/wp\/v2\/media\/7237"}],"wp:attachment":[{"href":"https:\/\/www.naturparkmagazin.de\/stechlin\/wp-json\/wp\/v2\/media?parent=7228"}],"wp:term":[{"taxonomy":"category","embeddable":true,"href":"https:\/\/www.naturparkmagazin.de\/stechlin\/wp-json\/wp\/v2\/categories?post=7228"},{"taxonomy":"post_tag","embeddable":true,"href":"https:\/\/www.naturparkmagazin.de\/stechlin\/wp-json\/wp\/v2\/tags?post=7228"}],"curies":[{"name":"wp","href":"https:\/\/api.w.org\/{rel}","templated":true}]}}