{"id":7253,"date":"2018-07-15T09:45:22","date_gmt":"2018-07-15T07:45:22","guid":{"rendered":"https:\/\/www.naturparkmagazin.de\/stechlin\/?p=7253"},"modified":"2018-07-13T16:10:38","modified_gmt":"2018-07-13T14:10:38","slug":"kunst-aus-dem-naturpark-im-potsdamer-umweltministerium","status":"publish","type":"post","link":"https:\/\/www.naturparkmagazin.de\/stechlin\/kunst-aus-dem-naturpark-im-potsdamer-umweltministerium\/","title":{"rendered":"Kunst aus dem Naturpark im Potsdamer Umweltministerium"},"content":{"rendered":"<div id=\"attachment_7261\" style=\"width: 310px\" class=\"wp-caption aligncenter\"><a href=\"https:\/\/www.naturparkmagazin.de\/stechlin\/wp-content\/uploads\/sites\/38\/Ausstellung-Umweltministerium_038.jpg\"><img aria-describedby=\"caption-attachment-7261\" decoding=\"async\" loading=\"lazy\" class=\"size-thumbnail wp-image-7261\" src=\"https:\/\/www.naturparkmagazin.de\/stechlin\/wp-content\/uploads\/sites\/38\/Ausstellung-Umweltministerium_038-300x180.jpg\" alt=\"Gudrun Lomas und J\u00f6rg Vogels\u00e4nger bei der Er\u00f6ffnung.\" width=\"300\" height=\"180\" srcset=\"https:\/\/www.naturparkmagazin.de\/stechlin\/wp-content\/uploads\/sites\/38\/Ausstellung-Umweltministerium_038-300x180.jpg 300w, https:\/\/www.naturparkmagazin.de\/stechlin\/wp-content\/uploads\/sites\/38\/Ausstellung-Umweltministerium_038.jpg 500w, https:\/\/www.naturparkmagazin.de\/stechlin\/wp-content\/uploads\/sites\/38\/Ausstellung-Umweltministerium_038-200x120.jpg 200w\" sizes=\"(max-width: 300px) 100vw, 300px\" \/><\/a><p id=\"caption-attachment-7261\" class=\"wp-caption-text\">Gudrun Lomas und J\u00f6rg Vogels\u00e4nger bei der Er\u00f6ffnung.<\/p><\/div>\n<p>Brandenburgs Umweltminister J\u00f6rg Vogels\u00e4nger er\u00f6ffnete Anfang Juli eine Ausstellung mit Arbeiten der Internationalen Kunstsymposien im Naturpark.<\/p>\n<p>Die ausgew\u00e4hlten Arbeiten, Bilder und Skulpturen, sind in den zur\u00fcckliegenden Jahren im Rahmen der 17 im Naturpark veranstalteten Internationalen Kunstsymposien entstanden. Mehr als 100 K\u00fcnstler aus allen Erdteilen waren bisher zu Gast im Naturpark. Die Ausstellung in der Fahrstuhl-Galerie des neu gebauten Hauses kn\u00fcpft an die langj\u00e4hrige Tradition an, Kunstausstellungen im Umweltministerium zu pr\u00e4sentieren.<\/p>\n<div id=\"attachment_7260\" style=\"width: 310px\" class=\"wp-caption aligncenter\"><a href=\"https:\/\/www.naturparkmagazin.de\/stechlin\/wp-content\/uploads\/sites\/38\/Ausstellung-Umweltministerium_041.jpg\"><img aria-describedby=\"caption-attachment-7260\" decoding=\"async\" loading=\"lazy\" class=\"size-thumbnail wp-image-7260\" src=\"https:\/\/www.naturparkmagazin.de\/stechlin\/wp-content\/uploads\/sites\/38\/Ausstellung-Umweltministerium_041-300x180.jpg\" alt=\"verschiedene Arbeiten von Kuno Lomas\" width=\"300\" height=\"180\" srcset=\"https:\/\/www.naturparkmagazin.de\/stechlin\/wp-content\/uploads\/sites\/38\/Ausstellung-Umweltministerium_041-300x180.jpg 300w, https:\/\/www.naturparkmagazin.de\/stechlin\/wp-content\/uploads\/sites\/38\/Ausstellung-Umweltministerium_041.jpg 500w, https:\/\/www.naturparkmagazin.de\/stechlin\/wp-content\/uploads\/sites\/38\/Ausstellung-Umweltministerium_041-200x120.jpg 200w\" sizes=\"(max-width: 300px) 100vw, 300px\" \/><\/a><p id=\"caption-attachment-7260\" class=\"wp-caption-text\">Drei Portr\u00e4ts von\u00a0Kuno Lomas<\/p><\/div>\n","protected":false},"excerpt":{"rendered":"<p>Brandenburgs Umweltminister J\u00f6rg Vogels\u00e4nger er\u00f6ffnete Anfang Juli eine Ausstellung mit Arbeiten der Internationalen Kunstsymposien im Naturpark aus den letzten Jahren. <\/p>\n","protected":false},"author":39,"featured_media":7254,"comment_status":"open","ping_status":"open","sticky":false,"template":"","format":"standard","meta":[],"categories":[7],"tags":[],"yoast_head":"<!-- This site is optimized with the Yoast SEO plugin v19.10 - https:\/\/yoast.com\/wordpress\/plugins\/seo\/ -->\n<title>Kunst aus dem Naturpark im Potsdamer Umweltministerium - Naturpark Stechlin-Ruppiner Land<\/title>\n<meta name=\"robots\" content=\"index, follow, max-snippet:-1, max-image-preview:large, max-video-preview:-1\" \/>\n<link rel=\"canonical\" href=\"https:\/\/www.naturparkmagazin.de\/stechlin\/kunst-aus-dem-naturpark-im-potsdamer-umweltministerium\/\" \/>\n<meta property=\"og:locale\" content=\"de_DE\" \/>\n<meta property=\"og:type\" content=\"article\" \/>\n<meta property=\"og:title\" content=\"Kunst aus dem Naturpark im Potsdamer Umweltministerium - Naturpark Stechlin-Ruppiner Land\" \/>\n<meta property=\"og:description\" content=\"Brandenburgs Umweltminister J\u00f6rg Vogels\u00e4nger er\u00f6ffnete Anfang Juli eine Ausstellung mit Arbeiten der Internationalen Kunstsymposien im Naturpark aus den letzten Jahren.\" \/>\n<meta property=\"og:url\" content=\"https:\/\/www.naturparkmagazin.de\/stechlin\/kunst-aus-dem-naturpark-im-potsdamer-umweltministerium\/\" \/>\n<meta property=\"og:site_name\" content=\"Naturpark Stechlin-Ruppiner Land\" \/>\n<meta property=\"article:published_time\" content=\"2018-07-15T07:45:22+00:00\" \/>\n<meta property=\"article:modified_time\" content=\"2018-07-13T14:10:38+00:00\" \/>\n<meta property=\"og:image\" content=\"https:\/\/www.naturparkmagazin.de\/stechlin\/wp-content\/uploads\/sites\/38\/Ausstellung-Umweltministerium-2018_40.jpg\" \/>\n\t<meta property=\"og:image:width\" content=\"200\" \/>\n\t<meta property=\"og:image:height\" content=\"200\" \/>\n\t<meta property=\"og:image:type\" content=\"image\/jpeg\" \/>\n<meta name=\"author\" content=\"marioschrumpf\" \/>\n<meta name=\"twitter:label1\" content=\"Verfasst von\" \/>\n\t<meta name=\"twitter:data1\" content=\"marioschrumpf\" \/>\n\t<meta name=\"twitter:label2\" content=\"Gesch\u00e4tzte Lesezeit\" \/>\n\t<meta name=\"twitter:data2\" content=\"1\u00a0Minute\" \/>\n<script type=\"application\/ld+json\" class=\"yoast-schema-graph\">{\"@context\":\"https:\/\/schema.org\",\"@graph\":[{\"@type\":\"WebPage\",\"@id\":\"https:\/\/www.naturparkmagazin.de\/stechlin\/kunst-aus-dem-naturpark-im-potsdamer-umweltministerium\/\",\"url\":\"https:\/\/www.naturparkmagazin.de\/stechlin\/kunst-aus-dem-naturpark-im-potsdamer-umweltministerium\/\",\"name\":\"Kunst aus dem Naturpark im Potsdamer Umweltministerium - Naturpark Stechlin-Ruppiner Land\",\"isPartOf\":{\"@id\":\"https:\/\/www.naturparkmagazin.de\/stechlin\/#website\"},\"datePublished\":\"2018-07-15T07:45:22+00:00\",\"dateModified\":\"2018-07-13T14:10:38+00:00\",\"author\":{\"@id\":\"https:\/\/www.naturparkmagazin.de\/stechlin\/#\/schema\/person\/3f0d93203df21c806dd63c76d9bb28bc\"},\"breadcrumb\":{\"@id\":\"https:\/\/www.naturparkmagazin.de\/stechlin\/kunst-aus-dem-naturpark-im-potsdamer-umweltministerium\/#breadcrumb\"},\"inLanguage\":\"de\",\"potentialAction\":[{\"@type\":\"ReadAction\",\"target\":[\"https:\/\/www.naturparkmagazin.de\/stechlin\/kunst-aus-dem-naturpark-im-potsdamer-umweltministerium\/\"]}]},{\"@type\":\"BreadcrumbList\",\"@id\":\"https:\/\/www.naturparkmagazin.de\/stechlin\/kunst-aus-dem-naturpark-im-potsdamer-umweltministerium\/#breadcrumb\",\"itemListElement\":[{\"@type\":\"ListItem\",\"position\":1,\"name\":\"Home\",\"item\":\"https:\/\/www.naturparkmagazin.de\/stechlin\/\"},{\"@type\":\"ListItem\",\"position\":2,\"name\":\"Kunst aus dem Naturpark im Potsdamer Umweltministerium\"}]},{\"@type\":\"WebSite\",\"@id\":\"https:\/\/www.naturparkmagazin.de\/stechlin\/#website\",\"url\":\"https:\/\/www.naturparkmagazin.de\/stechlin\/\",\"name\":\"Naturpark Stechlin-Ruppiner Land\",\"description\":\"\",\"potentialAction\":[{\"@type\":\"SearchAction\",\"target\":{\"@type\":\"EntryPoint\",\"urlTemplate\":\"https:\/\/www.naturparkmagazin.de\/stechlin\/?s={search_term_string}\"},\"query-input\":\"required name=search_term_string\"}],\"inLanguage\":\"de\"},{\"@type\":\"Person\",\"@id\":\"https:\/\/www.naturparkmagazin.de\/stechlin\/#\/schema\/person\/3f0d93203df21c806dd63c76d9bb28bc\",\"name\":\"marioschrumpf\",\"url\":\"https:\/\/www.naturparkmagazin.de\/stechlin\/author\/marioschrumpf\/\"}]}<\/script>\n<!-- \/ Yoast SEO plugin. -->","yoast_head_json":{"title":"Kunst aus dem Naturpark im Potsdamer Umweltministerium - Naturpark Stechlin-Ruppiner Land","robots":{"index":"index","follow":"follow","max-snippet":"max-snippet:-1","max-image-preview":"max-image-preview:large","max-video-preview":"max-video-preview:-1"},"canonical":"https:\/\/www.naturparkmagazin.de\/stechlin\/kunst-aus-dem-naturpark-im-potsdamer-umweltministerium\/","og_locale":"de_DE","og_type":"article","og_title":"Kunst aus dem Naturpark im Potsdamer Umweltministerium - Naturpark Stechlin-Ruppiner Land","og_description":"Brandenburgs Umweltminister J\u00f6rg Vogels\u00e4nger er\u00f6ffnete Anfang Juli eine Ausstellung mit Arbeiten der Internationalen Kunstsymposien im Naturpark aus den letzten Jahren.","og_url":"https:\/\/www.naturparkmagazin.de\/stechlin\/kunst-aus-dem-naturpark-im-potsdamer-umweltministerium\/","og_site_name":"Naturpark Stechlin-Ruppiner Land","article_published_time":"2018-07-15T07:45:22+00:00","article_modified_time":"2018-07-13T14:10:38+00:00","og_image":[{"width":200,"height":200,"url":"https:\/\/www.naturparkmagazin.de\/stechlin\/wp-content\/uploads\/sites\/38\/Ausstellung-Umweltministerium-2018_40.jpg","type":"image\/jpeg"}],"author":"marioschrumpf","twitter_misc":{"Verfasst von":"marioschrumpf","Gesch\u00e4tzte Lesezeit":"1\u00a0Minute"},"schema":{"@context":"https:\/\/schema.org","@graph":[{"@type":"WebPage","@id":"https:\/\/www.naturparkmagazin.de\/stechlin\/kunst-aus-dem-naturpark-im-potsdamer-umweltministerium\/","url":"https:\/\/www.naturparkmagazin.de\/stechlin\/kunst-aus-dem-naturpark-im-potsdamer-umweltministerium\/","name":"Kunst aus dem Naturpark im Potsdamer Umweltministerium - Naturpark Stechlin-Ruppiner Land","isPartOf":{"@id":"https:\/\/www.naturparkmagazin.de\/stechlin\/#website"},"datePublished":"2018-07-15T07:45:22+00:00","dateModified":"2018-07-13T14:10:38+00:00","author":{"@id":"https:\/\/www.naturparkmagazin.de\/stechlin\/#\/schema\/person\/3f0d93203df21c806dd63c76d9bb28bc"},"breadcrumb":{"@id":"https:\/\/www.naturparkmagazin.de\/stechlin\/kunst-aus-dem-naturpark-im-potsdamer-umweltministerium\/#breadcrumb"},"inLanguage":"de","potentialAction":[{"@type":"ReadAction","target":["https:\/\/www.naturparkmagazin.de\/stechlin\/kunst-aus-dem-naturpark-im-potsdamer-umweltministerium\/"]}]},{"@type":"BreadcrumbList","@id":"https:\/\/www.naturparkmagazin.de\/stechlin\/kunst-aus-dem-naturpark-im-potsdamer-umweltministerium\/#breadcrumb","itemListElement":[{"@type":"ListItem","position":1,"name":"Home","item":"https:\/\/www.naturparkmagazin.de\/stechlin\/"},{"@type":"ListItem","position":2,"name":"Kunst aus dem Naturpark im Potsdamer Umweltministerium"}]},{"@type":"WebSite","@id":"https:\/\/www.naturparkmagazin.de\/stechlin\/#website","url":"https:\/\/www.naturparkmagazin.de\/stechlin\/","name":"Naturpark Stechlin-Ruppiner Land","description":"","potentialAction":[{"@type":"SearchAction","target":{"@type":"EntryPoint","urlTemplate":"https:\/\/www.naturparkmagazin.de\/stechlin\/?s={search_term_string}"},"query-input":"required name=search_term_string"}],"inLanguage":"de"},{"@type":"Person","@id":"https:\/\/www.naturparkmagazin.de\/stechlin\/#\/schema\/person\/3f0d93203df21c806dd63c76d9bb28bc","name":"marioschrumpf","url":"https:\/\/www.naturparkmagazin.de\/stechlin\/author\/marioschrumpf\/"}]}},"_links":{"self":[{"href":"https:\/\/www.naturparkmagazin.de\/stechlin\/wp-json\/wp\/v2\/posts\/7253"}],"collection":[{"href":"https:\/\/www.naturparkmagazin.de\/stechlin\/wp-json\/wp\/v2\/posts"}],"about":[{"href":"https:\/\/www.naturparkmagazin.de\/stechlin\/wp-json\/wp\/v2\/types\/post"}],"author":[{"embeddable":true,"href":"https:\/\/www.naturparkmagazin.de\/stechlin\/wp-json\/wp\/v2\/users\/39"}],"replies":[{"embeddable":true,"href":"https:\/\/www.naturparkmagazin.de\/stechlin\/wp-json\/wp\/v2\/comments?post=7253"}],"version-history":[{"count":3,"href":"https:\/\/www.naturparkmagazin.de\/stechlin\/wp-json\/wp\/v2\/posts\/7253\/revisions"}],"predecessor-version":[{"id":7286,"href":"https:\/\/www.naturparkmagazin.de\/stechlin\/wp-json\/wp\/v2\/posts\/7253\/revisions\/7286"}],"wp:featuredmedia":[{"embeddable":true,"href":"https:\/\/www.naturparkmagazin.de\/stechlin\/wp-json\/wp\/v2\/media\/7254"}],"wp:attachment":[{"href":"https:\/\/www.naturparkmagazin.de\/stechlin\/wp-json\/wp\/v2\/media?parent=7253"}],"wp:term":[{"taxonomy":"category","embeddable":true,"href":"https:\/\/www.naturparkmagazin.de\/stechlin\/wp-json\/wp\/v2\/categories?post=7253"},{"taxonomy":"post_tag","embeddable":true,"href":"https:\/\/www.naturparkmagazin.de\/stechlin\/wp-json\/wp\/v2\/tags?post=7253"}],"curies":[{"name":"wp","href":"https:\/\/api.w.org\/{rel}","templated":true}]}}