{"id":7264,"date":"2018-07-15T10:35:49","date_gmt":"2018-07-15T08:35:49","guid":{"rendered":"https:\/\/www.naturparkmagazin.de\/stechlin\/?p=7264"},"modified":"2018-07-05T11:03:12","modified_gmt":"2018-07-05T09:03:12","slug":"auszeichnung-im-ihk-wettbewerb-region-zukunft","status":"publish","type":"post","link":"https:\/\/www.naturparkmagazin.de\/stechlin\/auszeichnung-im-ihk-wettbewerb-region-zukunft\/","title":{"rendered":"Auszeichnung im IHK-Wettbewerb &#8222;Region Zukunft&#8220;"},"content":{"rendered":"<p>F\u00fcnf Preistr\u00e4ger aus dem Naturpark wurden am 4. Juli in Potsdam von der IHK ausgezeichnet.<\/p>\n<div id=\"attachment_7255\" style=\"width: 310px\" class=\"wp-caption aligncenter\"><a href=\"https:\/\/www.naturparkmagazin.de\/stechlin\/wp-content\/uploads\/sites\/38\/Auszeichnung-Umweltministerium_012.jpg\"><img aria-describedby=\"caption-attachment-7255\" decoding=\"async\" loading=\"lazy\" class=\"size-thumbnail wp-image-7255\" src=\"https:\/\/www.naturparkmagazin.de\/stechlin\/wp-content\/uploads\/sites\/38\/Auszeichnung-Umweltministerium_012-300x180.jpg\" alt=\"Die Preistr\u00e4ger des Wettbewerbs.\" width=\"300\" height=\"180\" srcset=\"https:\/\/www.naturparkmagazin.de\/stechlin\/wp-content\/uploads\/sites\/38\/Auszeichnung-Umweltministerium_012-300x180.jpg 300w, https:\/\/www.naturparkmagazin.de\/stechlin\/wp-content\/uploads\/sites\/38\/Auszeichnung-Umweltministerium_012.jpg 500w, https:\/\/www.naturparkmagazin.de\/stechlin\/wp-content\/uploads\/sites\/38\/Auszeichnung-Umweltministerium_012-200x120.jpg 200w\" sizes=\"(max-width: 300px) 100vw, 300px\" \/><\/a><p id=\"caption-attachment-7255\" class=\"wp-caption-text\">Die Preistr\u00e4ger des Wettbewerbs.<\/p><\/div>\n<div id=\"attachment_7259\" style=\"width: 310px\" class=\"wp-caption aligncenter\"><a href=\"https:\/\/www.naturparkmagazin.de\/stechlin\/wp-content\/uploads\/sites\/38\/Auszeichnung-Umweltministerium_022.jpg\"><img aria-describedby=\"caption-attachment-7259\" decoding=\"async\" loading=\"lazy\" class=\"size-thumbnail wp-image-7259\" src=\"https:\/\/www.naturparkmagazin.de\/stechlin\/wp-content\/uploads\/sites\/38\/Auszeichnung-Umweltministerium_022-300x180.jpg\" alt=\"Susanne Ludwig (Drei Jahreszeiten) und Gudrun Lomas (KuNO e. V.) pr\u00e4sentieren stolz ihre Urkunden.\" width=\"300\" height=\"180\" srcset=\"https:\/\/www.naturparkmagazin.de\/stechlin\/wp-content\/uploads\/sites\/38\/Auszeichnung-Umweltministerium_022-300x180.jpg 300w, https:\/\/www.naturparkmagazin.de\/stechlin\/wp-content\/uploads\/sites\/38\/Auszeichnung-Umweltministerium_022.jpg 500w, https:\/\/www.naturparkmagazin.de\/stechlin\/wp-content\/uploads\/sites\/38\/Auszeichnung-Umweltministerium_022-200x120.jpg 200w\" sizes=\"(max-width: 300px) 100vw, 300px\" \/><\/a><p id=\"caption-attachment-7259\" class=\"wp-caption-text\">Susanne Ludwig (Drei Jahreszeiten) und Gudrun Lomas (KuNO e. V.) pr\u00e4sentieren stolz ihre Urkunden.<\/p><\/div>\n<p>Frische und regionale Lebensmittel f\u00fcr Touristen im Naturpark in Form einer Urlauberkiste werden von der Fa. Drei Jahreszeiten aus Altglobsow angeboten. Dabei werden Produzenten aus der Region vernetzt um regionale und m\u00f6glichst biologisch erzeugte Lebensmittel gemeinsam zu vermarkten. Damit werden sowohl regionale Netzwerke, als auch der Tourismus in der Region gesch\u00e4tzt.<\/p>\n<p><a href=\"https:\/\/www.naturparkmagazin.de\/stechlin\/wp-content\/uploads\/sites\/38\/Auszeichnung-Umweltministerium_024.jpg\"><img decoding=\"async\" loading=\"lazy\" class=\" size-full wp-image-7257 aligncenter\" src=\"https:\/\/www.naturparkmagazin.de\/stechlin\/wp-content\/uploads\/sites\/38\/Auszeichnung-Umweltministerium_024.jpg\" alt=\"NP SRL\/Mario Schrumpf\" width=\"180\" height=\"270\" \/><\/a><\/p>\n<div id=\"attachment_7258\" style=\"width: 310px\" class=\"wp-caption aligncenter\"><a href=\"https:\/\/www.naturparkmagazin.de\/stechlin\/wp-content\/uploads\/sites\/38\/Auszeichnung-Umweltministerium_011.jpg\"><img aria-describedby=\"caption-attachment-7258\" decoding=\"async\" loading=\"lazy\" class=\"size-thumbnail wp-image-7258\" src=\"https:\/\/www.naturparkmagazin.de\/stechlin\/wp-content\/uploads\/sites\/38\/Auszeichnung-Umweltministerium_011-300x180.jpg\" alt=\"Gudrun Lomas stellt das Projekt &quot;Kunst trifft Genuss&quot; vor.\" width=\"300\" height=\"180\" srcset=\"https:\/\/www.naturparkmagazin.de\/stechlin\/wp-content\/uploads\/sites\/38\/Auszeichnung-Umweltministerium_011-300x180.jpg 300w, https:\/\/www.naturparkmagazin.de\/stechlin\/wp-content\/uploads\/sites\/38\/Auszeichnung-Umweltministerium_011.jpg 500w, https:\/\/www.naturparkmagazin.de\/stechlin\/wp-content\/uploads\/sites\/38\/Auszeichnung-Umweltministerium_011-200x120.jpg 200w\" sizes=\"(max-width: 300px) 100vw, 300px\" \/><\/a><p id=\"caption-attachment-7258\" class=\"wp-caption-text\">Gudrun Lomas stellt das Projekt &#8222;Kunst trifft Genuss&#8220; vor.<\/p><\/div>\n<p>Das Kulturnetz Nord Brandenburg (KuNO e. V.) wurde f\u00fcr sein Projekt &#8222;Kunst trifft Genuss&#8220; ausgezeichnet. Ziel ist die langfristige Zusammenarbeit regionaler K\u00fcnstler mit touristischen Leistungstr\u00e4gern. Damit soll die Region Ruppiner Seenland als kultureller Hotspot noch interessanter f\u00fcr G\u00e4ste werden.<\/p>\n<p>Das Projekt &#8222;Regional genie\u00dfen in Prignitz-Ruppin&#8220; zielt auf die St\u00e4rkung regionaler Wertsch\u00f6pfungsketten. In das Projekt sind regionale Gastronomen, Erzeuger, Verarbeiter, H\u00e4ndler und Logistikdienstleister einbezogen. Ziel ist nicht nur die Entwicklung gastronomischer Angebote, sondern auch die Schaffung von Lieferbeziehungen sowie die Bekanntmachung der Gastronomen und Lieferbetriebe der Region.<\/p>\n<p>Der Verein havel:lab e. V. aus F\u00fcrstenberg\/Havel f\u00fchrt ehrenamtlich organisierte Bildungsprojekte rund um Computer und Technik durch. Im alten Bahnhofsgeb\u00e4ude entsteht ein &#8222;Raum f\u00fcr Macher&#8220; in den vor allem Kinder und Jugendliche an Zukunftstechnologien herangef\u00fchrt werden.<\/p>\n<p>Ausgezeichnet wurde auch das Projekt &#8222;Aktiv im Ruppiner Seenland&#8220; des Tourismusverbandes Ruppiner Seenland. Die integrative Sportveranstaltung l\u00e4dt allj\u00e4hrlich Sportler mit und ohne Handicap nach Menz ein. Rolli-Sportler, L\u00e4ufer, Nordic Walker, Wanderer und Radfahrer gehen gemeinsam an den Start.<\/p>\n<div id=\"attachment_7256\" style=\"width: 310px\" class=\"wp-caption aligncenter\"><a href=\"https:\/\/www.naturparkmagazin.de\/stechlin\/wp-content\/uploads\/sites\/38\/Auszeichnung-Umweltministerium_032.jpg\"><img aria-describedby=\"caption-attachment-7256\" decoding=\"async\" loading=\"lazy\" class=\"size-thumbnail wp-image-7256\" src=\"https:\/\/www.naturparkmagazin.de\/stechlin\/wp-content\/uploads\/sites\/38\/Auszeichnung-Umweltministerium_032-300x180.jpg\" alt=\"Simone Zeil erh\u00e4lt aus den H\u00e4nden von IHK-Vizepr\u00e4sidentin B\u00e4rbel R\u00f6hncke die Auszeichnung. \" width=\"300\" height=\"180\" srcset=\"https:\/\/www.naturparkmagazin.de\/stechlin\/wp-content\/uploads\/sites\/38\/Auszeichnung-Umweltministerium_032-300x180.jpg 300w, https:\/\/www.naturparkmagazin.de\/stechlin\/wp-content\/uploads\/sites\/38\/Auszeichnung-Umweltministerium_032.jpg 500w, https:\/\/www.naturparkmagazin.de\/stechlin\/wp-content\/uploads\/sites\/38\/Auszeichnung-Umweltministerium_032-200x120.jpg 200w\" sizes=\"(max-width: 300px) 100vw, 300px\" \/><\/a><p id=\"caption-attachment-7256\" class=\"wp-caption-text\">Simone Zeil erh\u00e4lt aus den H\u00e4nden von IHK-Vizepr\u00e4sidentin B\u00e4rbel R\u00f6hncke die Auszeichnung.<\/p><\/div>\n","protected":false},"excerpt":{"rendered":"<p>F\u00fcnf Preistr\u00e4ger aus dem Naturpark wurden am 4. Juli in Potsdam von der IHK ausgezeichnet.<\/p>\n","protected":false},"author":39,"featured_media":7262,"comment_status":"open","ping_status":"open","sticky":false,"template":"","format":"standard","meta":[],"categories":[7],"tags":[],"yoast_head":"<!-- This site is optimized with the Yoast SEO plugin v19.10 - https:\/\/yoast.com\/wordpress\/plugins\/seo\/ -->\n<title>Auszeichnung im IHK-Wettbewerb &quot;Region Zukunft&quot; - Naturpark Stechlin-Ruppiner Land<\/title>\n<meta name=\"robots\" content=\"index, follow, max-snippet:-1, max-image-preview:large, max-video-preview:-1\" \/>\n<link rel=\"canonical\" href=\"https:\/\/www.naturparkmagazin.de\/stechlin\/auszeichnung-im-ihk-wettbewerb-region-zukunft\/\" \/>\n<meta property=\"og:locale\" content=\"de_DE\" \/>\n<meta property=\"og:type\" content=\"article\" \/>\n<meta property=\"og:title\" content=\"Auszeichnung im IHK-Wettbewerb &quot;Region Zukunft&quot; - Naturpark Stechlin-Ruppiner Land\" \/>\n<meta property=\"og:description\" content=\"F\u00fcnf Preistr\u00e4ger aus dem Naturpark wurden am 4. Juli in Potsdam von der IHK ausgezeichnet.\" \/>\n<meta property=\"og:url\" content=\"https:\/\/www.naturparkmagazin.de\/stechlin\/auszeichnung-im-ihk-wettbewerb-region-zukunft\/\" \/>\n<meta property=\"og:site_name\" content=\"Naturpark Stechlin-Ruppiner Land\" \/>\n<meta property=\"article:published_time\" content=\"2018-07-15T08:35:49+00:00\" \/>\n<meta property=\"article:modified_time\" content=\"2018-07-05T09:03:12+00:00\" \/>\n<meta property=\"og:image\" content=\"https:\/\/www.naturparkmagazin.de\/stechlin\/wp-content\/uploads\/sites\/38\/Auszeichnung-Umweltministerium_035.jpg\" \/>\n\t<meta property=\"og:image:width\" content=\"200\" \/>\n\t<meta property=\"og:image:height\" content=\"200\" \/>\n\t<meta property=\"og:image:type\" content=\"image\/jpeg\" \/>\n<meta name=\"author\" content=\"marioschrumpf\" \/>\n<meta name=\"twitter:label1\" content=\"Verfasst von\" \/>\n\t<meta name=\"twitter:data1\" content=\"marioschrumpf\" \/>\n\t<meta name=\"twitter:label2\" content=\"Gesch\u00e4tzte Lesezeit\" \/>\n\t<meta name=\"twitter:data2\" content=\"2\u00a0Minuten\" \/>\n<script type=\"application\/ld+json\" class=\"yoast-schema-graph\">{\"@context\":\"https:\/\/schema.org\",\"@graph\":[{\"@type\":\"WebPage\",\"@id\":\"https:\/\/www.naturparkmagazin.de\/stechlin\/auszeichnung-im-ihk-wettbewerb-region-zukunft\/\",\"url\":\"https:\/\/www.naturparkmagazin.de\/stechlin\/auszeichnung-im-ihk-wettbewerb-region-zukunft\/\",\"name\":\"Auszeichnung im IHK-Wettbewerb \\\"Region Zukunft\\\" - Naturpark Stechlin-Ruppiner Land\",\"isPartOf\":{\"@id\":\"https:\/\/www.naturparkmagazin.de\/stechlin\/#website\"},\"datePublished\":\"2018-07-15T08:35:49+00:00\",\"dateModified\":\"2018-07-05T09:03:12+00:00\",\"author\":{\"@id\":\"https:\/\/www.naturparkmagazin.de\/stechlin\/#\/schema\/person\/3f0d93203df21c806dd63c76d9bb28bc\"},\"breadcrumb\":{\"@id\":\"https:\/\/www.naturparkmagazin.de\/stechlin\/auszeichnung-im-ihk-wettbewerb-region-zukunft\/#breadcrumb\"},\"inLanguage\":\"de\",\"potentialAction\":[{\"@type\":\"ReadAction\",\"target\":[\"https:\/\/www.naturparkmagazin.de\/stechlin\/auszeichnung-im-ihk-wettbewerb-region-zukunft\/\"]}]},{\"@type\":\"BreadcrumbList\",\"@id\":\"https:\/\/www.naturparkmagazin.de\/stechlin\/auszeichnung-im-ihk-wettbewerb-region-zukunft\/#breadcrumb\",\"itemListElement\":[{\"@type\":\"ListItem\",\"position\":1,\"name\":\"Home\",\"item\":\"https:\/\/www.naturparkmagazin.de\/stechlin\/\"},{\"@type\":\"ListItem\",\"position\":2,\"name\":\"Auszeichnung im IHK-Wettbewerb &#8222;Region Zukunft&#8220;\"}]},{\"@type\":\"WebSite\",\"@id\":\"https:\/\/www.naturparkmagazin.de\/stechlin\/#website\",\"url\":\"https:\/\/www.naturparkmagazin.de\/stechlin\/\",\"name\":\"Naturpark Stechlin-Ruppiner Land\",\"description\":\"\",\"potentialAction\":[{\"@type\":\"SearchAction\",\"target\":{\"@type\":\"EntryPoint\",\"urlTemplate\":\"https:\/\/www.naturparkmagazin.de\/stechlin\/?s={search_term_string}\"},\"query-input\":\"required name=search_term_string\"}],\"inLanguage\":\"de\"},{\"@type\":\"Person\",\"@id\":\"https:\/\/www.naturparkmagazin.de\/stechlin\/#\/schema\/person\/3f0d93203df21c806dd63c76d9bb28bc\",\"name\":\"marioschrumpf\",\"url\":\"https:\/\/www.naturparkmagazin.de\/stechlin\/author\/marioschrumpf\/\"}]}<\/script>\n<!-- \/ Yoast SEO plugin. -->","yoast_head_json":{"title":"Auszeichnung im IHK-Wettbewerb \"Region Zukunft\" - Naturpark Stechlin-Ruppiner Land","robots":{"index":"index","follow":"follow","max-snippet":"max-snippet:-1","max-image-preview":"max-image-preview:large","max-video-preview":"max-video-preview:-1"},"canonical":"https:\/\/www.naturparkmagazin.de\/stechlin\/auszeichnung-im-ihk-wettbewerb-region-zukunft\/","og_locale":"de_DE","og_type":"article","og_title":"Auszeichnung im IHK-Wettbewerb \"Region Zukunft\" - Naturpark Stechlin-Ruppiner Land","og_description":"F\u00fcnf Preistr\u00e4ger aus dem Naturpark wurden am 4. Juli in Potsdam von der IHK ausgezeichnet.","og_url":"https:\/\/www.naturparkmagazin.de\/stechlin\/auszeichnung-im-ihk-wettbewerb-region-zukunft\/","og_site_name":"Naturpark Stechlin-Ruppiner Land","article_published_time":"2018-07-15T08:35:49+00:00","article_modified_time":"2018-07-05T09:03:12+00:00","og_image":[{"width":200,"height":200,"url":"https:\/\/www.naturparkmagazin.de\/stechlin\/wp-content\/uploads\/sites\/38\/Auszeichnung-Umweltministerium_035.jpg","type":"image\/jpeg"}],"author":"marioschrumpf","twitter_misc":{"Verfasst von":"marioschrumpf","Gesch\u00e4tzte Lesezeit":"2\u00a0Minuten"},"schema":{"@context":"https:\/\/schema.org","@graph":[{"@type":"WebPage","@id":"https:\/\/www.naturparkmagazin.de\/stechlin\/auszeichnung-im-ihk-wettbewerb-region-zukunft\/","url":"https:\/\/www.naturparkmagazin.de\/stechlin\/auszeichnung-im-ihk-wettbewerb-region-zukunft\/","name":"Auszeichnung im IHK-Wettbewerb \"Region Zukunft\" - Naturpark Stechlin-Ruppiner Land","isPartOf":{"@id":"https:\/\/www.naturparkmagazin.de\/stechlin\/#website"},"datePublished":"2018-07-15T08:35:49+00:00","dateModified":"2018-07-05T09:03:12+00:00","author":{"@id":"https:\/\/www.naturparkmagazin.de\/stechlin\/#\/schema\/person\/3f0d93203df21c806dd63c76d9bb28bc"},"breadcrumb":{"@id":"https:\/\/www.naturparkmagazin.de\/stechlin\/auszeichnung-im-ihk-wettbewerb-region-zukunft\/#breadcrumb"},"inLanguage":"de","potentialAction":[{"@type":"ReadAction","target":["https:\/\/www.naturparkmagazin.de\/stechlin\/auszeichnung-im-ihk-wettbewerb-region-zukunft\/"]}]},{"@type":"BreadcrumbList","@id":"https:\/\/www.naturparkmagazin.de\/stechlin\/auszeichnung-im-ihk-wettbewerb-region-zukunft\/#breadcrumb","itemListElement":[{"@type":"ListItem","position":1,"name":"Home","item":"https:\/\/www.naturparkmagazin.de\/stechlin\/"},{"@type":"ListItem","position":2,"name":"Auszeichnung im IHK-Wettbewerb &#8222;Region Zukunft&#8220;"}]},{"@type":"WebSite","@id":"https:\/\/www.naturparkmagazin.de\/stechlin\/#website","url":"https:\/\/www.naturparkmagazin.de\/stechlin\/","name":"Naturpark Stechlin-Ruppiner Land","description":"","potentialAction":[{"@type":"SearchAction","target":{"@type":"EntryPoint","urlTemplate":"https:\/\/www.naturparkmagazin.de\/stechlin\/?s={search_term_string}"},"query-input":"required name=search_term_string"}],"inLanguage":"de"},{"@type":"Person","@id":"https:\/\/www.naturparkmagazin.de\/stechlin\/#\/schema\/person\/3f0d93203df21c806dd63c76d9bb28bc","name":"marioschrumpf","url":"https:\/\/www.naturparkmagazin.de\/stechlin\/author\/marioschrumpf\/"}]}},"_links":{"self":[{"href":"https:\/\/www.naturparkmagazin.de\/stechlin\/wp-json\/wp\/v2\/posts\/7264"}],"collection":[{"href":"https:\/\/www.naturparkmagazin.de\/stechlin\/wp-json\/wp\/v2\/posts"}],"about":[{"href":"https:\/\/www.naturparkmagazin.de\/stechlin\/wp-json\/wp\/v2\/types\/post"}],"author":[{"embeddable":true,"href":"https:\/\/www.naturparkmagazin.de\/stechlin\/wp-json\/wp\/v2\/users\/39"}],"replies":[{"embeddable":true,"href":"https:\/\/www.naturparkmagazin.de\/stechlin\/wp-json\/wp\/v2\/comments?post=7264"}],"version-history":[{"count":2,"href":"https:\/\/www.naturparkmagazin.de\/stechlin\/wp-json\/wp\/v2\/posts\/7264\/revisions"}],"predecessor-version":[{"id":7285,"href":"https:\/\/www.naturparkmagazin.de\/stechlin\/wp-json\/wp\/v2\/posts\/7264\/revisions\/7285"}],"wp:featuredmedia":[{"embeddable":true,"href":"https:\/\/www.naturparkmagazin.de\/stechlin\/wp-json\/wp\/v2\/media\/7262"}],"wp:attachment":[{"href":"https:\/\/www.naturparkmagazin.de\/stechlin\/wp-json\/wp\/v2\/media?parent=7264"}],"wp:term":[{"taxonomy":"category","embeddable":true,"href":"https:\/\/www.naturparkmagazin.de\/stechlin\/wp-json\/wp\/v2\/categories?post=7264"},{"taxonomy":"post_tag","embeddable":true,"href":"https:\/\/www.naturparkmagazin.de\/stechlin\/wp-json\/wp\/v2\/tags?post=7264"}],"curies":[{"name":"wp","href":"https:\/\/api.w.org\/{rel}","templated":true}]}}