{"id":7269,"date":"2018-07-15T12:00:13","date_gmt":"2018-07-15T10:00:13","guid":{"rendered":"https:\/\/www.naturparkmagazin.de\/stechlin\/?p=7269"},"modified":"2018-07-05T12:47:38","modified_gmt":"2018-07-05T10:47:38","slug":"heideblueten-tour-heidefest-in-pfalzheim","status":"publish","type":"post","link":"https:\/\/www.naturparkmagazin.de\/stechlin\/heideblueten-tour-heidefest-in-pfalzheim\/","title":{"rendered":"Heidebl\u00fcten-Tour &amp; Heidefest in Pfalzheim"},"content":{"rendered":"<p><a href=\"https:\/\/www.naturparkmagazin.de\/stechlin\/wp-content\/uploads\/sites\/38\/Wanderung-Strache.jpg\"><img decoding=\"async\" loading=\"lazy\" class=\"size-thumbnail wp-image-5282 aligncenter\" src=\"https:\/\/www.naturparkmagazin.de\/stechlin\/wp-content\/uploads\/sites\/38\/Wanderung-Strache-300x180.jpg\" alt=\"Wanderung mit J\u00fcrgen Strache\" width=\"300\" height=\"180\" srcset=\"https:\/\/www.naturparkmagazin.de\/stechlin\/wp-content\/uploads\/sites\/38\/Wanderung-Strache-300x180.jpg 300w, https:\/\/www.naturparkmagazin.de\/stechlin\/wp-content\/uploads\/sites\/38\/Wanderung-Strache.jpg 500w, https:\/\/www.naturparkmagazin.de\/stechlin\/wp-content\/uploads\/sites\/38\/Wanderung-Strache-200x120.jpg 200w\" sizes=\"(max-width: 300px) 100vw, 300px\" \/><\/a><\/p>\n<p>Die Heide bl\u00fcht und wir feiern in Pfalzheim. Um dieses &#8222;Natur pur&#8220; Erlebnis aktiv zu erleben, machen wir uns am Samstag den 18. August 2018 zu einer gef\u00fchrten Nordic Walking Tour auf den Weg. Dazu treffen wir uns in Pfalzheim auf dem Gel\u00e4nde des Heidefestes und starten nach den Begr\u00fc\u00dfungs- und Er\u00f6ffnungsreden gegen 11:45 Uhr in lockerem Tempo (ca. 5 km\/h). Wir nordic walken dann in Richtung Neuglienicke, kommen an der Aussichtsplattform \u201eSielmann-H\u00fcgel\u201c und einigen Wetterschutzh\u00fctten vorbei. W\u00e4hrend unserer Tour entscheiden wir je nach den aktuellen W\u00fcnschen und Gegebenheiten (Wetter, Tagesverfassung der TeilnehmerInnen, Beschaffenheit der Wege), wie weit wir auf diesem Teilabschnitt laufen. Wir werden ca. 8 km zur\u00fccklegen<\/p>\n<p>Entlang der reizvollen Landschaft auf dem Wald- und Heideweg gebe ich gern Ausk\u00fcnfte<\/p>\n<ul>\n<li>zur Gegend und seiner touristischen M\u00f6glichkeiten,<\/li>\n<li>der ehemals milit\u00e4rischen Nutzung und heutiger Entmunitionierung,<\/li>\n<li>der Heinz Sielmann Stiftung,<\/li>\n<li>zur Bewirtschaftung der Heidelandschaft,<\/li>\n<li>Tipps und Hilfestellung zur Optimierung der pers\u00f6nlichen Nordic Walking Technik.<\/li>\n<\/ul>\n<p><a href=\"https:\/\/www.naturparkmagazin.de\/stechlin\/wp-content\/uploads\/sites\/38\/Heide2.jpg\"><img decoding=\"async\" loading=\"lazy\" class=\"size-thumbnail wp-image-4168 aligncenter\" src=\"https:\/\/www.naturparkmagazin.de\/stechlin\/wp-content\/uploads\/sites\/38\/Heide2-300x180.jpg\" alt=\"Die Heide ist auch eine perfekte Kulisse f\u00fcr Kulturveranstaltungen.\" width=\"300\" height=\"180\" srcset=\"https:\/\/www.naturparkmagazin.de\/stechlin\/wp-content\/uploads\/sites\/38\/Heide2-300x180.jpg 300w, https:\/\/www.naturparkmagazin.de\/stechlin\/wp-content\/uploads\/sites\/38\/Heide2.jpg 500w, https:\/\/www.naturparkmagazin.de\/stechlin\/wp-content\/uploads\/sites\/38\/Heide2-200x120.jpg 200w\" sizes=\"(max-width: 300px) 100vw, 300px\" \/><\/a><\/p>\n<p>Wir haben ausreichend Zeit f\u00fcr Verschnaufpausen und zum Fotografieren, gern k\u00f6nnen wir auch eine Rast machen, schlie\u00dflich m\u00f6chten wir die Natur und die herrliche Landschaft genie\u00dfen. Die Tour endet wieder direkt am Ausgangs- bzw. Startpunkt nach ca. 2 Stunden.<\/p>\n<p>Nach diesem gef\u00fchrten Lauf haben Sie etwas f\u00fcr Ihre Gesundheit getan und Interessantes erfahren!<\/p>\n<table style=\"height: 376px\" width=\"628\">\n<tbody>\n<tr>\n<td width=\"305\"><strong>Termin: 18.08.2018<\/strong><\/td>\n<td width=\"305\"><strong>Kosten: 10 \u20ac\/Teilnehmer<\/strong><\/td>\n<\/tr>\n<tr>\n<td width=\"305\"><strong>Start: <\/strong>11:45 Uhr, Pfalzheim<strong>Tour: <\/strong>Kyritz Ruppiner Heide<\/td>\n<td width=\"305\"><strong>\u00a0<\/strong><\/td>\n<\/tr>\n<tr>\n<td width=\"305\"><strong>Pause\/Rast: <\/strong>unterwegs<\/td>\n<td width=\"305\"><\/td>\n<\/tr>\n<tr>\n<td width=\"305\"><strong>Ende: nach ca. 2 Stunden <\/strong>am Startpunkt<\/td>\n<td width=\"305\"><strong>Verbindliche Anmeldungen:<\/strong> durch<\/td>\n<\/tr>\n<tr>\n<td width=\"305\"><strong>Mindestteilnehmer: 1<\/strong><\/td>\n<td width=\"305\">E-Mail, Telefon 0151 151 26 790<\/td>\n<\/tr>\n<\/tbody>\n<\/table>\n<p>&nbsp;<\/p>\n","protected":false},"excerpt":{"rendered":"<p>Die Heide bl\u00fcht und wir feiern in Pfalzheim. Um dieses &#8222;Natur pur&#8220; Erlebnis aktiv zu erleben, machen wir uns am Samstag den 18. August 2018 zu einer gef\u00fchrten Nordic Walking Tour auf den Weg. Dazu treffen wir uns in Pfalzheim auf dem Gel\u00e4nde des Heidefestes und starten nach den Begr\u00fc\u00dfungs- und Er\u00f6ffnungsreden gegen 11:45 Uhr<\/p>\n","protected":false},"author":39,"featured_media":4167,"comment_status":"open","ping_status":"open","sticky":false,"template":"","format":"standard","meta":[],"categories":[11],"tags":[],"yoast_head":"<!-- This site is optimized with the Yoast SEO plugin v19.10 - https:\/\/yoast.com\/wordpress\/plugins\/seo\/ -->\n<title>Heidebl\u00fcten-Tour &amp; Heidefest in Pfalzheim - Naturpark Stechlin-Ruppiner Land<\/title>\n<meta name=\"robots\" content=\"index, follow, max-snippet:-1, max-image-preview:large, max-video-preview:-1\" \/>\n<link rel=\"canonical\" href=\"https:\/\/www.naturparkmagazin.de\/stechlin\/heideblueten-tour-heidefest-in-pfalzheim\/\" \/>\n<meta property=\"og:locale\" content=\"de_DE\" \/>\n<meta property=\"og:type\" content=\"article\" \/>\n<meta property=\"og:title\" content=\"Heidebl\u00fcten-Tour &amp; Heidefest in Pfalzheim - Naturpark Stechlin-Ruppiner Land\" \/>\n<meta property=\"og:description\" content=\"Die Heide bl\u00fcht und wir feiern in Pfalzheim. Um dieses &#8222;Natur pur&#8220; Erlebnis aktiv zu erleben, machen wir uns am Samstag den 18. August 2018 zu einer gef\u00fchrten Nordic Walking Tour auf den Weg. Dazu treffen wir uns in Pfalzheim auf dem Gel\u00e4nde des Heidefestes und starten nach den Begr\u00fc\u00dfungs- und Er\u00f6ffnungsreden gegen 11:45 Uhr\" \/>\n<meta property=\"og:url\" content=\"https:\/\/www.naturparkmagazin.de\/stechlin\/heideblueten-tour-heidefest-in-pfalzheim\/\" \/>\n<meta property=\"og:site_name\" content=\"Naturpark Stechlin-Ruppiner Land\" \/>\n<meta property=\"article:published_time\" content=\"2018-07-15T10:00:13+00:00\" \/>\n<meta property=\"article:modified_time\" content=\"2018-07-05T10:47:38+00:00\" \/>\n<meta property=\"og:image\" content=\"https:\/\/www.naturparkmagazin.de\/stechlin\/wp-content\/uploads\/sites\/38\/Heide.jpg\" \/>\n\t<meta property=\"og:image:width\" content=\"200\" \/>\n\t<meta property=\"og:image:height\" content=\"200\" \/>\n\t<meta property=\"og:image:type\" content=\"image\/jpeg\" \/>\n<meta name=\"author\" content=\"marioschrumpf\" \/>\n<meta name=\"twitter:label1\" content=\"Verfasst von\" \/>\n\t<meta name=\"twitter:data1\" content=\"marioschrumpf\" \/>\n\t<meta name=\"twitter:label2\" content=\"Gesch\u00e4tzte Lesezeit\" \/>\n\t<meta name=\"twitter:data2\" content=\"1\u00a0Minute\" \/>\n<script type=\"application\/ld+json\" class=\"yoast-schema-graph\">{\"@context\":\"https:\/\/schema.org\",\"@graph\":[{\"@type\":\"WebPage\",\"@id\":\"https:\/\/www.naturparkmagazin.de\/stechlin\/heideblueten-tour-heidefest-in-pfalzheim\/\",\"url\":\"https:\/\/www.naturparkmagazin.de\/stechlin\/heideblueten-tour-heidefest-in-pfalzheim\/\",\"name\":\"Heidebl\u00fcten-Tour &amp; Heidefest in Pfalzheim - Naturpark Stechlin-Ruppiner Land\",\"isPartOf\":{\"@id\":\"https:\/\/www.naturparkmagazin.de\/stechlin\/#website\"},\"datePublished\":\"2018-07-15T10:00:13+00:00\",\"dateModified\":\"2018-07-05T10:47:38+00:00\",\"author\":{\"@id\":\"https:\/\/www.naturparkmagazin.de\/stechlin\/#\/schema\/person\/3f0d93203df21c806dd63c76d9bb28bc\"},\"breadcrumb\":{\"@id\":\"https:\/\/www.naturparkmagazin.de\/stechlin\/heideblueten-tour-heidefest-in-pfalzheim\/#breadcrumb\"},\"inLanguage\":\"de\",\"potentialAction\":[{\"@type\":\"ReadAction\",\"target\":[\"https:\/\/www.naturparkmagazin.de\/stechlin\/heideblueten-tour-heidefest-in-pfalzheim\/\"]}]},{\"@type\":\"BreadcrumbList\",\"@id\":\"https:\/\/www.naturparkmagazin.de\/stechlin\/heideblueten-tour-heidefest-in-pfalzheim\/#breadcrumb\",\"itemListElement\":[{\"@type\":\"ListItem\",\"position\":1,\"name\":\"Home\",\"item\":\"https:\/\/www.naturparkmagazin.de\/stechlin\/\"},{\"@type\":\"ListItem\",\"position\":2,\"name\":\"Heidebl\u00fcten-Tour &amp; Heidefest in Pfalzheim\"}]},{\"@type\":\"WebSite\",\"@id\":\"https:\/\/www.naturparkmagazin.de\/stechlin\/#website\",\"url\":\"https:\/\/www.naturparkmagazin.de\/stechlin\/\",\"name\":\"Naturpark Stechlin-Ruppiner Land\",\"description\":\"\",\"potentialAction\":[{\"@type\":\"SearchAction\",\"target\":{\"@type\":\"EntryPoint\",\"urlTemplate\":\"https:\/\/www.naturparkmagazin.de\/stechlin\/?s={search_term_string}\"},\"query-input\":\"required name=search_term_string\"}],\"inLanguage\":\"de\"},{\"@type\":\"Person\",\"@id\":\"https:\/\/www.naturparkmagazin.de\/stechlin\/#\/schema\/person\/3f0d93203df21c806dd63c76d9bb28bc\",\"name\":\"marioschrumpf\",\"url\":\"https:\/\/www.naturparkmagazin.de\/stechlin\/author\/marioschrumpf\/\"}]}<\/script>\n<!-- \/ Yoast SEO plugin. -->","yoast_head_json":{"title":"Heidebl\u00fcten-Tour &amp; Heidefest in Pfalzheim - Naturpark Stechlin-Ruppiner Land","robots":{"index":"index","follow":"follow","max-snippet":"max-snippet:-1","max-image-preview":"max-image-preview:large","max-video-preview":"max-video-preview:-1"},"canonical":"https:\/\/www.naturparkmagazin.de\/stechlin\/heideblueten-tour-heidefest-in-pfalzheim\/","og_locale":"de_DE","og_type":"article","og_title":"Heidebl\u00fcten-Tour &amp; Heidefest in Pfalzheim - Naturpark Stechlin-Ruppiner Land","og_description":"Die Heide bl\u00fcht und wir feiern in Pfalzheim. Um dieses &#8222;Natur pur&#8220; Erlebnis aktiv zu erleben, machen wir uns am Samstag den 18. August 2018 zu einer gef\u00fchrten Nordic Walking Tour auf den Weg. Dazu treffen wir uns in Pfalzheim auf dem Gel\u00e4nde des Heidefestes und starten nach den Begr\u00fc\u00dfungs- und Er\u00f6ffnungsreden gegen 11:45 Uhr","og_url":"https:\/\/www.naturparkmagazin.de\/stechlin\/heideblueten-tour-heidefest-in-pfalzheim\/","og_site_name":"Naturpark Stechlin-Ruppiner Land","article_published_time":"2018-07-15T10:00:13+00:00","article_modified_time":"2018-07-05T10:47:38+00:00","og_image":[{"width":200,"height":200,"url":"https:\/\/www.naturparkmagazin.de\/stechlin\/wp-content\/uploads\/sites\/38\/Heide.jpg","type":"image\/jpeg"}],"author":"marioschrumpf","twitter_misc":{"Verfasst von":"marioschrumpf","Gesch\u00e4tzte Lesezeit":"1\u00a0Minute"},"schema":{"@context":"https:\/\/schema.org","@graph":[{"@type":"WebPage","@id":"https:\/\/www.naturparkmagazin.de\/stechlin\/heideblueten-tour-heidefest-in-pfalzheim\/","url":"https:\/\/www.naturparkmagazin.de\/stechlin\/heideblueten-tour-heidefest-in-pfalzheim\/","name":"Heidebl\u00fcten-Tour &amp; Heidefest in Pfalzheim - Naturpark Stechlin-Ruppiner Land","isPartOf":{"@id":"https:\/\/www.naturparkmagazin.de\/stechlin\/#website"},"datePublished":"2018-07-15T10:00:13+00:00","dateModified":"2018-07-05T10:47:38+00:00","author":{"@id":"https:\/\/www.naturparkmagazin.de\/stechlin\/#\/schema\/person\/3f0d93203df21c806dd63c76d9bb28bc"},"breadcrumb":{"@id":"https:\/\/www.naturparkmagazin.de\/stechlin\/heideblueten-tour-heidefest-in-pfalzheim\/#breadcrumb"},"inLanguage":"de","potentialAction":[{"@type":"ReadAction","target":["https:\/\/www.naturparkmagazin.de\/stechlin\/heideblueten-tour-heidefest-in-pfalzheim\/"]}]},{"@type":"BreadcrumbList","@id":"https:\/\/www.naturparkmagazin.de\/stechlin\/heideblueten-tour-heidefest-in-pfalzheim\/#breadcrumb","itemListElement":[{"@type":"ListItem","position":1,"name":"Home","item":"https:\/\/www.naturparkmagazin.de\/stechlin\/"},{"@type":"ListItem","position":2,"name":"Heidebl\u00fcten-Tour &amp; Heidefest in Pfalzheim"}]},{"@type":"WebSite","@id":"https:\/\/www.naturparkmagazin.de\/stechlin\/#website","url":"https:\/\/www.naturparkmagazin.de\/stechlin\/","name":"Naturpark Stechlin-Ruppiner Land","description":"","potentialAction":[{"@type":"SearchAction","target":{"@type":"EntryPoint","urlTemplate":"https:\/\/www.naturparkmagazin.de\/stechlin\/?s={search_term_string}"},"query-input":"required name=search_term_string"}],"inLanguage":"de"},{"@type":"Person","@id":"https:\/\/www.naturparkmagazin.de\/stechlin\/#\/schema\/person\/3f0d93203df21c806dd63c76d9bb28bc","name":"marioschrumpf","url":"https:\/\/www.naturparkmagazin.de\/stechlin\/author\/marioschrumpf\/"}]}},"_links":{"self":[{"href":"https:\/\/www.naturparkmagazin.de\/stechlin\/wp-json\/wp\/v2\/posts\/7269"}],"collection":[{"href":"https:\/\/www.naturparkmagazin.de\/stechlin\/wp-json\/wp\/v2\/posts"}],"about":[{"href":"https:\/\/www.naturparkmagazin.de\/stechlin\/wp-json\/wp\/v2\/types\/post"}],"author":[{"embeddable":true,"href":"https:\/\/www.naturparkmagazin.de\/stechlin\/wp-json\/wp\/v2\/users\/39"}],"replies":[{"embeddable":true,"href":"https:\/\/www.naturparkmagazin.de\/stechlin\/wp-json\/wp\/v2\/comments?post=7269"}],"version-history":[{"count":4,"href":"https:\/\/www.naturparkmagazin.de\/stechlin\/wp-json\/wp\/v2\/posts\/7269\/revisions"}],"predecessor-version":[{"id":7274,"href":"https:\/\/www.naturparkmagazin.de\/stechlin\/wp-json\/wp\/v2\/posts\/7269\/revisions\/7274"}],"wp:featuredmedia":[{"embeddable":true,"href":"https:\/\/www.naturparkmagazin.de\/stechlin\/wp-json\/wp\/v2\/media\/4167"}],"wp:attachment":[{"href":"https:\/\/www.naturparkmagazin.de\/stechlin\/wp-json\/wp\/v2\/media?parent=7269"}],"wp:term":[{"taxonomy":"category","embeddable":true,"href":"https:\/\/www.naturparkmagazin.de\/stechlin\/wp-json\/wp\/v2\/categories?post=7269"},{"taxonomy":"post_tag","embeddable":true,"href":"https:\/\/www.naturparkmagazin.de\/stechlin\/wp-json\/wp\/v2\/tags?post=7269"}],"curies":[{"name":"wp","href":"https:\/\/api.w.org\/{rel}","templated":true}]}}