{"id":7289,"date":"2018-07-16T09:20:34","date_gmt":"2018-07-16T07:20:34","guid":{"rendered":"https:\/\/www.naturparkmagazin.de\/stechlin\/?p=7289"},"modified":"2018-07-24T17:00:08","modified_gmt":"2018-07-24T15:00:08","slug":"ackerwildkraeuter-wiederentdecken-und-vermehren-unser-beitrag-zur-biologischen-vielfalt","status":"publish","type":"post","link":"https:\/\/www.naturparkmagazin.de\/stechlin\/ackerwildkraeuter-wiederentdecken-und-vermehren-unser-beitrag-zur-biologischen-vielfalt\/","title":{"rendered":"Ackerwildkr\u00e4uter wiederentdecken und vermehren &#8211; unser Beitrag zur biologischen Vielfalt"},"content":{"rendered":"<div id=\"attachment_7294\" style=\"width: 310px\" class=\"wp-caption aligncenter\"><a href=\"https:\/\/www.naturparkmagazin.de\/stechlin\/wp-content\/uploads\/sites\/38\/Ackerfeldrittersporn_samenkapsel500x300.jpg\"><img aria-describedby=\"caption-attachment-7294\" decoding=\"async\" loading=\"lazy\" class=\"size-thumbnail wp-image-7294\" src=\"https:\/\/www.naturparkmagazin.de\/stechlin\/wp-content\/uploads\/sites\/38\/Ackerfeldrittersporn_samenkapsel500x300-300x180.jpg\" alt=\"Ackerfeldrittersporn (Samenkapsel)\" width=\"300\" height=\"180\" srcset=\"https:\/\/www.naturparkmagazin.de\/stechlin\/wp-content\/uploads\/sites\/38\/Ackerfeldrittersporn_samenkapsel500x300-300x180.jpg 300w, https:\/\/www.naturparkmagazin.de\/stechlin\/wp-content\/uploads\/sites\/38\/Ackerfeldrittersporn_samenkapsel500x300.jpg 500w, https:\/\/www.naturparkmagazin.de\/stechlin\/wp-content\/uploads\/sites\/38\/Ackerfeldrittersporn_samenkapsel500x300-200x120.jpg 200w\" sizes=\"(max-width: 300px) 100vw, 300px\" \/><\/a><p id=\"caption-attachment-7294\" class=\"wp-caption-text\">Ackerfeldrittersporn (Samenkapsel)<\/p><\/div>\n<p>Am 10. August 2018 um 11 Uhr findet in F\u00fcrstenberg, Kirschallee, Kreuzung Rheinsberger Stra\u00dfe ein Pressegespr\u00e4ch zum neuen Ackerwildkraut-Schutzprojekt des Naturparks mit exemplarischer Sammlung gef\u00e4hrdeter Wildkr\u00e4uter vor Ort.<\/p>\n<p>Das gro\u00dfe Potenzial, das im Naturpark f\u00fcr den Schutz gef\u00e4hrdeter Ackerwildkr\u00e4uter vorhanden ist, soll nun verst\u00e4rkt erkundet und entwickelt werden. Hierzu kommt Unterst\u00fctzung aus dem Rheinland: \u201eUnkraut vergeht nicht \u2013 stimmt nicht!\u201c \u2013so der Name eines Projektes zum Schutz gef\u00e4hrdeter Ackerwildkr\u00e4uter der Stiftung Rheinische Kulturlandschaft. Die Stiftung unterst\u00fctzt regionale Landwirte und Naturschutzorganisationen mit einer bundesweiten Initiative beim Erhalt, der Vermehrung und der Wiederansiedlung von Ackerwildkr\u00e4utern.<\/p>\n<p>&nbsp;<\/p>\n<div id=\"attachment_7293\" style=\"width: 310px\" class=\"wp-caption aligncenter\"><a href=\"https:\/\/www.naturparkmagazin.de\/stechlin\/wp-content\/uploads\/sites\/38\/P6280144500x300.jpg\"><img aria-describedby=\"caption-attachment-7293\" decoding=\"async\" loading=\"lazy\" class=\"size-thumbnail wp-image-7293\" src=\"https:\/\/www.naturparkmagazin.de\/stechlin\/wp-content\/uploads\/sites\/38\/P6280144500x300-300x180.jpg\" alt=\"Sammeln von Samenkapseln\" width=\"300\" height=\"180\" srcset=\"https:\/\/www.naturparkmagazin.de\/stechlin\/wp-content\/uploads\/sites\/38\/P6280144500x300-300x180.jpg 300w, https:\/\/www.naturparkmagazin.de\/stechlin\/wp-content\/uploads\/sites\/38\/P6280144500x300.jpg 500w, https:\/\/www.naturparkmagazin.de\/stechlin\/wp-content\/uploads\/sites\/38\/P6280144500x300-200x120.jpg 200w\" sizes=\"(max-width: 300px) 100vw, 300px\" \/><\/a><p id=\"caption-attachment-7293\" class=\"wp-caption-text\">Sammeln von Samenkapseln<\/p><\/div>\n<p>In Brandenburg begeistert sich Frank Rumpe vom Biohof Kepos in Altglobsow f\u00fcr den Gedanken, gemeinsam mit der Stiftung eine vielf\u00e4ltige regionale Ackerflora mit seltenen Wildkr\u00e4utern auf seinen Fl\u00e4chen f\u00fcr die nachkommenden Generationen zu erhalten. Fachliche Unterst\u00fctzung bei diesem Vorhaben erh\u00e4lt er von der Verwaltung des Naturparks Stechlin-Ruppiner Land, in dem Rumpe Fl\u00e4chen \u00f6kologisch bewirtschaftet.<\/p>\n<p>Die Samen von seltenen Ackerwildkr\u00e4utern werden im Sommer auf Spenderfl\u00e4chen in der Region gemeinsam mit kundigen Botanikern gesammelt, ohne die Restvorkommen zu beeintr\u00e4chtigen. Dieser Schritt wird im Rahmen des Pressegespr\u00e4chs mit alle Projektpartnern ganz praktisch im Feld vor Ort demonstriert.<\/p>\n","protected":false},"excerpt":{"rendered":"<p>Am 10. August ein Pressegespr\u00e4ch zum neuen Ackerwildkraut-Schutzprojekt des Naturparks mit exemplarischer Sammlung gef\u00e4hrdeter Wildkr\u00e4uter vor Ort.<\/p>\n","protected":false},"author":39,"featured_media":7295,"comment_status":"open","ping_status":"open","sticky":false,"template":"","format":"standard","meta":[],"categories":[7],"tags":[],"yoast_head":"<!-- This site is optimized with the Yoast SEO plugin v19.10 - https:\/\/yoast.com\/wordpress\/plugins\/seo\/ -->\n<title>Ackerwildkr\u00e4uter wiederentdecken und vermehren - unser Beitrag zur biologischen Vielfalt - Naturpark Stechlin-Ruppiner Land<\/title>\n<meta name=\"robots\" content=\"index, follow, max-snippet:-1, max-image-preview:large, max-video-preview:-1\" \/>\n<link rel=\"canonical\" href=\"https:\/\/www.naturparkmagazin.de\/stechlin\/ackerwildkraeuter-wiederentdecken-und-vermehren-unser-beitrag-zur-biologischen-vielfalt\/\" \/>\n<meta property=\"og:locale\" content=\"de_DE\" \/>\n<meta property=\"og:type\" content=\"article\" \/>\n<meta property=\"og:title\" content=\"Ackerwildkr\u00e4uter wiederentdecken und vermehren - unser Beitrag zur biologischen Vielfalt - Naturpark Stechlin-Ruppiner Land\" \/>\n<meta property=\"og:description\" content=\"Am 10. August ein Pressegespr\u00e4ch zum neuen Ackerwildkraut-Schutzprojekt des Naturparks mit exemplarischer Sammlung gef\u00e4hrdeter Wildkr\u00e4uter vor Ort.\" \/>\n<meta property=\"og:url\" content=\"https:\/\/www.naturparkmagazin.de\/stechlin\/ackerwildkraeuter-wiederentdecken-und-vermehren-unser-beitrag-zur-biologischen-vielfalt\/\" \/>\n<meta property=\"og:site_name\" content=\"Naturpark Stechlin-Ruppiner Land\" \/>\n<meta property=\"article:published_time\" content=\"2018-07-16T07:20:34+00:00\" \/>\n<meta property=\"article:modified_time\" content=\"2018-07-24T15:00:08+00:00\" \/>\n<meta property=\"og:image\" content=\"https:\/\/www.naturparkmagazin.de\/stechlin\/wp-content\/uploads\/sites\/38\/L\u00e4mmersalat200x200.jpg\" \/>\n\t<meta property=\"og:image:width\" content=\"200\" \/>\n\t<meta property=\"og:image:height\" content=\"200\" \/>\n\t<meta property=\"og:image:type\" content=\"image\/jpeg\" \/>\n<meta name=\"author\" content=\"marioschrumpf\" \/>\n<meta name=\"twitter:label1\" content=\"Verfasst von\" \/>\n\t<meta name=\"twitter:data1\" content=\"marioschrumpf\" \/>\n\t<meta name=\"twitter:label2\" content=\"Gesch\u00e4tzte Lesezeit\" \/>\n\t<meta name=\"twitter:data2\" content=\"1\u00a0Minute\" \/>\n<script type=\"application\/ld+json\" class=\"yoast-schema-graph\">{\"@context\":\"https:\/\/schema.org\",\"@graph\":[{\"@type\":\"WebPage\",\"@id\":\"https:\/\/www.naturparkmagazin.de\/stechlin\/ackerwildkraeuter-wiederentdecken-und-vermehren-unser-beitrag-zur-biologischen-vielfalt\/\",\"url\":\"https:\/\/www.naturparkmagazin.de\/stechlin\/ackerwildkraeuter-wiederentdecken-und-vermehren-unser-beitrag-zur-biologischen-vielfalt\/\",\"name\":\"Ackerwildkr\u00e4uter wiederentdecken und vermehren - unser Beitrag zur biologischen Vielfalt - Naturpark Stechlin-Ruppiner Land\",\"isPartOf\":{\"@id\":\"https:\/\/www.naturparkmagazin.de\/stechlin\/#website\"},\"datePublished\":\"2018-07-16T07:20:34+00:00\",\"dateModified\":\"2018-07-24T15:00:08+00:00\",\"author\":{\"@id\":\"https:\/\/www.naturparkmagazin.de\/stechlin\/#\/schema\/person\/3f0d93203df21c806dd63c76d9bb28bc\"},\"breadcrumb\":{\"@id\":\"https:\/\/www.naturparkmagazin.de\/stechlin\/ackerwildkraeuter-wiederentdecken-und-vermehren-unser-beitrag-zur-biologischen-vielfalt\/#breadcrumb\"},\"inLanguage\":\"de\",\"potentialAction\":[{\"@type\":\"ReadAction\",\"target\":[\"https:\/\/www.naturparkmagazin.de\/stechlin\/ackerwildkraeuter-wiederentdecken-und-vermehren-unser-beitrag-zur-biologischen-vielfalt\/\"]}]},{\"@type\":\"BreadcrumbList\",\"@id\":\"https:\/\/www.naturparkmagazin.de\/stechlin\/ackerwildkraeuter-wiederentdecken-und-vermehren-unser-beitrag-zur-biologischen-vielfalt\/#breadcrumb\",\"itemListElement\":[{\"@type\":\"ListItem\",\"position\":1,\"name\":\"Home\",\"item\":\"https:\/\/www.naturparkmagazin.de\/stechlin\/\"},{\"@type\":\"ListItem\",\"position\":2,\"name\":\"Ackerwildkr\u00e4uter wiederentdecken und vermehren &#8211; unser Beitrag zur biologischen Vielfalt\"}]},{\"@type\":\"WebSite\",\"@id\":\"https:\/\/www.naturparkmagazin.de\/stechlin\/#website\",\"url\":\"https:\/\/www.naturparkmagazin.de\/stechlin\/\",\"name\":\"Naturpark Stechlin-Ruppiner Land\",\"description\":\"\",\"potentialAction\":[{\"@type\":\"SearchAction\",\"target\":{\"@type\":\"EntryPoint\",\"urlTemplate\":\"https:\/\/www.naturparkmagazin.de\/stechlin\/?s={search_term_string}\"},\"query-input\":\"required name=search_term_string\"}],\"inLanguage\":\"de\"},{\"@type\":\"Person\",\"@id\":\"https:\/\/www.naturparkmagazin.de\/stechlin\/#\/schema\/person\/3f0d93203df21c806dd63c76d9bb28bc\",\"name\":\"marioschrumpf\",\"url\":\"https:\/\/www.naturparkmagazin.de\/stechlin\/author\/marioschrumpf\/\"}]}<\/script>\n<!-- \/ Yoast SEO plugin. -->","yoast_head_json":{"title":"Ackerwildkr\u00e4uter wiederentdecken und vermehren - unser Beitrag zur biologischen Vielfalt - Naturpark Stechlin-Ruppiner Land","robots":{"index":"index","follow":"follow","max-snippet":"max-snippet:-1","max-image-preview":"max-image-preview:large","max-video-preview":"max-video-preview:-1"},"canonical":"https:\/\/www.naturparkmagazin.de\/stechlin\/ackerwildkraeuter-wiederentdecken-und-vermehren-unser-beitrag-zur-biologischen-vielfalt\/","og_locale":"de_DE","og_type":"article","og_title":"Ackerwildkr\u00e4uter wiederentdecken und vermehren - unser Beitrag zur biologischen Vielfalt - Naturpark Stechlin-Ruppiner Land","og_description":"Am 10. August ein Pressegespr\u00e4ch zum neuen Ackerwildkraut-Schutzprojekt des Naturparks mit exemplarischer Sammlung gef\u00e4hrdeter Wildkr\u00e4uter vor Ort.","og_url":"https:\/\/www.naturparkmagazin.de\/stechlin\/ackerwildkraeuter-wiederentdecken-und-vermehren-unser-beitrag-zur-biologischen-vielfalt\/","og_site_name":"Naturpark Stechlin-Ruppiner Land","article_published_time":"2018-07-16T07:20:34+00:00","article_modified_time":"2018-07-24T15:00:08+00:00","og_image":[{"width":200,"height":200,"url":"https:\/\/www.naturparkmagazin.de\/stechlin\/wp-content\/uploads\/sites\/38\/L\u00e4mmersalat200x200.jpg","type":"image\/jpeg"}],"author":"marioschrumpf","twitter_misc":{"Verfasst von":"marioschrumpf","Gesch\u00e4tzte Lesezeit":"1\u00a0Minute"},"schema":{"@context":"https:\/\/schema.org","@graph":[{"@type":"WebPage","@id":"https:\/\/www.naturparkmagazin.de\/stechlin\/ackerwildkraeuter-wiederentdecken-und-vermehren-unser-beitrag-zur-biologischen-vielfalt\/","url":"https:\/\/www.naturparkmagazin.de\/stechlin\/ackerwildkraeuter-wiederentdecken-und-vermehren-unser-beitrag-zur-biologischen-vielfalt\/","name":"Ackerwildkr\u00e4uter wiederentdecken und vermehren - unser Beitrag zur biologischen Vielfalt - Naturpark Stechlin-Ruppiner Land","isPartOf":{"@id":"https:\/\/www.naturparkmagazin.de\/stechlin\/#website"},"datePublished":"2018-07-16T07:20:34+00:00","dateModified":"2018-07-24T15:00:08+00:00","author":{"@id":"https:\/\/www.naturparkmagazin.de\/stechlin\/#\/schema\/person\/3f0d93203df21c806dd63c76d9bb28bc"},"breadcrumb":{"@id":"https:\/\/www.naturparkmagazin.de\/stechlin\/ackerwildkraeuter-wiederentdecken-und-vermehren-unser-beitrag-zur-biologischen-vielfalt\/#breadcrumb"},"inLanguage":"de","potentialAction":[{"@type":"ReadAction","target":["https:\/\/www.naturparkmagazin.de\/stechlin\/ackerwildkraeuter-wiederentdecken-und-vermehren-unser-beitrag-zur-biologischen-vielfalt\/"]}]},{"@type":"BreadcrumbList","@id":"https:\/\/www.naturparkmagazin.de\/stechlin\/ackerwildkraeuter-wiederentdecken-und-vermehren-unser-beitrag-zur-biologischen-vielfalt\/#breadcrumb","itemListElement":[{"@type":"ListItem","position":1,"name":"Home","item":"https:\/\/www.naturparkmagazin.de\/stechlin\/"},{"@type":"ListItem","position":2,"name":"Ackerwildkr\u00e4uter wiederentdecken und vermehren &#8211; unser Beitrag zur biologischen Vielfalt"}]},{"@type":"WebSite","@id":"https:\/\/www.naturparkmagazin.de\/stechlin\/#website","url":"https:\/\/www.naturparkmagazin.de\/stechlin\/","name":"Naturpark Stechlin-Ruppiner Land","description":"","potentialAction":[{"@type":"SearchAction","target":{"@type":"EntryPoint","urlTemplate":"https:\/\/www.naturparkmagazin.de\/stechlin\/?s={search_term_string}"},"query-input":"required name=search_term_string"}],"inLanguage":"de"},{"@type":"Person","@id":"https:\/\/www.naturparkmagazin.de\/stechlin\/#\/schema\/person\/3f0d93203df21c806dd63c76d9bb28bc","name":"marioschrumpf","url":"https:\/\/www.naturparkmagazin.de\/stechlin\/author\/marioschrumpf\/"}]}},"_links":{"self":[{"href":"https:\/\/www.naturparkmagazin.de\/stechlin\/wp-json\/wp\/v2\/posts\/7289"}],"collection":[{"href":"https:\/\/www.naturparkmagazin.de\/stechlin\/wp-json\/wp\/v2\/posts"}],"about":[{"href":"https:\/\/www.naturparkmagazin.de\/stechlin\/wp-json\/wp\/v2\/types\/post"}],"author":[{"embeddable":true,"href":"https:\/\/www.naturparkmagazin.de\/stechlin\/wp-json\/wp\/v2\/users\/39"}],"replies":[{"embeddable":true,"href":"https:\/\/www.naturparkmagazin.de\/stechlin\/wp-json\/wp\/v2\/comments?post=7289"}],"version-history":[{"count":2,"href":"https:\/\/www.naturparkmagazin.de\/stechlin\/wp-json\/wp\/v2\/posts\/7289\/revisions"}],"predecessor-version":[{"id":7317,"href":"https:\/\/www.naturparkmagazin.de\/stechlin\/wp-json\/wp\/v2\/posts\/7289\/revisions\/7317"}],"wp:featuredmedia":[{"embeddable":true,"href":"https:\/\/www.naturparkmagazin.de\/stechlin\/wp-json\/wp\/v2\/media\/7295"}],"wp:attachment":[{"href":"https:\/\/www.naturparkmagazin.de\/stechlin\/wp-json\/wp\/v2\/media?parent=7289"}],"wp:term":[{"taxonomy":"category","embeddable":true,"href":"https:\/\/www.naturparkmagazin.de\/stechlin\/wp-json\/wp\/v2\/categories?post=7289"},{"taxonomy":"post_tag","embeddable":true,"href":"https:\/\/www.naturparkmagazin.de\/stechlin\/wp-json\/wp\/v2\/tags?post=7289"}],"curies":[{"name":"wp","href":"https:\/\/api.w.org\/{rel}","templated":true}]}}