{"id":7302,"date":"2018-07-16T10:10:02","date_gmt":"2018-07-16T08:10:02","guid":{"rendered":"https:\/\/www.naturparkmagazin.de\/stechlin\/?p=7302"},"modified":"2018-07-24T16:57:59","modified_gmt":"2018-07-24T14:57:59","slug":"henriettes-schneckenhaeuschen-wird-naturpark-kita","status":"publish","type":"post","link":"https:\/\/www.naturparkmagazin.de\/stechlin\/henriettes-schneckenhaeuschen-wird-naturpark-kita\/","title":{"rendered":"Henriettes Schneckenh\u00e4uschen wird Naturpark-Kita"},"content":{"rendered":"<div id=\"attachment_7305\" style=\"width: 310px\" class=\"wp-caption aligncenter\"><a href=\"https:\/\/www.naturparkmagazin.de\/stechlin\/wp-content\/uploads\/sites\/38\/Zertifizierung-Kita_69.jpg\"><img aria-describedby=\"caption-attachment-7305\" decoding=\"async\" loading=\"lazy\" class=\"size-thumbnail wp-image-7305\" src=\"https:\/\/www.naturparkmagazin.de\/stechlin\/wp-content\/uploads\/sites\/38\/Zertifizierung-Kita_69-300x180.jpg\" alt=\"Die Zertifizierung \u00fcberreicht Stefan Zierke, parlamentarischer Staatssekret\u00e4r im Bundesfamilienministerium\" width=\"300\" height=\"180\" srcset=\"https:\/\/www.naturparkmagazin.de\/stechlin\/wp-content\/uploads\/sites\/38\/Zertifizierung-Kita_69-300x180.jpg 300w, https:\/\/www.naturparkmagazin.de\/stechlin\/wp-content\/uploads\/sites\/38\/Zertifizierung-Kita_69.jpg 500w, https:\/\/www.naturparkmagazin.de\/stechlin\/wp-content\/uploads\/sites\/38\/Zertifizierung-Kita_69-200x120.jpg 200w\" sizes=\"(max-width: 300px) 100vw, 300px\" \/><\/a><p id=\"caption-attachment-7305\" class=\"wp-caption-text\">Die Zertifizierung \u00fcberreicht Stefan Zierke, parlamentarischer Staatssekret\u00e4r im Bundesfamilienministerium.<\/p><\/div>\n<p>Im Rahmen eines bunten Familienfests ist heute in Menz die Kita \u201eHenriettes Schneckenh\u00e4uschen\u201c als Naturpark-Kita ausgezeichnet worden. Der Parlamentarische Staatssekret\u00e4r im Bundesfamilienministerium, der uckerm\u00e4rkische Bundestagsabgeordnete Stefan Zierke, sowie das Vorstandsmitglied des Verbandes Deutscher Naturparke und Leiter des Naturparks Stechlin-Ruppiner Land, Mario Schrumpf, \u00fcberreichten die Zertifizierungsurkunde.<\/p>\n<p>Am Eingang der Kita wurden gemeinsam\u00a0eine Plakette mit dem Logo des Naturparks und der Schriftzug \u201eNaturpark-Kita\u201c angeschraubt.<\/p>\n<p><em>\u00a0\u201eIch freue mich, dass der Naturpark Stechlin-Ruppiner Land mit dem Projekt Naturpark-Kita einen Beitrag zur Bildung (BNE) f\u00fcr nachhaltige Entwicklung leistet. Als Bundestagsabgeordneter habe ich mich in der letzten Legislatur-Periode daf\u00fcr eingesetzt, dass BNE als Aufgabe der Naturparke ins Bundesnaturschutzgesetz aufgenommen wurde\u201c<\/em>, so\u00a0Stefan Zierke, parlamentarischer Staatssekret\u00e4r im Bundesfamilienministeriums.<\/p>\n<p>In keiner anderen Phase seines Lebens lernt der Mensch so schnell wie in den ersten Lebensjahren. Gerade in dieser Zeit lernen Kinder verst\u00e4rkt \u00fcber selbstst\u00e4ndiges Erleben durch Anfassen, Schmecken und Ausprobieren.<\/p>\n<div id=\"attachment_7306\" style=\"width: 310px\" class=\"wp-caption aligncenter\"><a href=\"https:\/\/www.naturparkmagazin.de\/stechlin\/wp-content\/uploads\/sites\/38\/Zertifizierung-Kita_43.jpg\"><img aria-describedby=\"caption-attachment-7306\" decoding=\"async\" loading=\"lazy\" class=\"size-thumbnail wp-image-7306\" src=\"https:\/\/www.naturparkmagazin.de\/stechlin\/wp-content\/uploads\/sites\/38\/Zertifizierung-Kita_43-300x180.jpg\" alt=\"Schon die J\u00fcngsten waren im bunten Programm dabei.\" width=\"300\" height=\"180\" srcset=\"https:\/\/www.naturparkmagazin.de\/stechlin\/wp-content\/uploads\/sites\/38\/Zertifizierung-Kita_43-300x180.jpg 300w, https:\/\/www.naturparkmagazin.de\/stechlin\/wp-content\/uploads\/sites\/38\/Zertifizierung-Kita_43.jpg 500w, https:\/\/www.naturparkmagazin.de\/stechlin\/wp-content\/uploads\/sites\/38\/Zertifizierung-Kita_43-200x120.jpg 200w\" sizes=\"(max-width: 300px) 100vw, 300px\" \/><\/a><p id=\"caption-attachment-7306\" class=\"wp-caption-text\">Schon die J\u00fcngsten waren im bunten Programm dabei.<\/p><\/div>\n<p>Naturparke bieten durch ihre naturr\u00e4umliche Vielfalt, ihr breites Aufgabenspektrum und ihr Partner-Netzwerk einen attraktiven Erfahrungs- und Bildungsort f\u00fcr Kitas. Sie bieten M\u00f6glichkeiten, Verbundenheit zur eigenen Umgebung aufzubauen und Zusammenh\u00e4nge zu entdecken. Genau hier setzt das Projekt \u201eNaturpark-Kita\u201c an:<\/p>\n<p>In einer Naturpark-Kita werden Themen wie Natur und Landschaft, regionale Kultur und Handwerk, Land- und Forstwirtschaft regelm\u00e4\u00dfig im Alltag, auf Exkursionen oder an Projekttagen behandelt. Die Kinder lernen auf diese Art ihre Region kennen und werden f\u00fcr die begeistert. Im Mittelpunkt des Projekts stehen die bewusste Auseinandersetzung des Einzelnen mit der Natur sowie die Sensibilisierung f\u00fcr nat\u00fcrliche Kreisl\u00e4ufe im Rahmen einer Bildung f\u00fcr nachhaltige Entwicklung (BNE).<\/p>\n<p>Die Auszeichnung \u201eNaturpark-Kita\u201c wird f\u00fcr einen Zeitraum von f\u00fcnf Jahren verliehen. Alle f\u00fcnf Jahre \u00fcberpr\u00fcft der Naturpark, ob die vom Verband Deutscher Naturparke e.V. in Zusammenarbeit mit Naturparken und Kitas aufgestellten Kriterien zur Auszeichnung f\u00fcr weitere f\u00fcnf Jahre erf\u00fcllt sind.<\/p>\n<div id=\"attachment_7304\" style=\"width: 190px\" class=\"wp-caption aligncenter\"><a href=\"https:\/\/www.naturparkmagazin.de\/stechlin\/wp-content\/uploads\/sites\/38\/Zertifizierung-Kita_90.jpg\"><img aria-describedby=\"caption-attachment-7304\" decoding=\"async\" loading=\"lazy\" class=\"size-full wp-image-7304\" src=\"https:\/\/www.naturparkmagazin.de\/stechlin\/wp-content\/uploads\/sites\/38\/Zertifizierung-Kita_90.jpg\" alt=\"Gemeinsam wird die Plakette angeschraubt.\" width=\"180\" height=\"250\" \/><\/a><p id=\"caption-attachment-7304\" class=\"wp-caption-text\">Gemeinsam wird die Plakette angeschraubt.<\/p><\/div>\n<p>&nbsp;<\/p>\n<p>&nbsp;<\/p>\n","protected":false},"excerpt":{"rendered":"<p>Im Rahmen eines bunten Familienfests ist heute in Menz die Kita \u201eHenriettes Schneckenh\u00e4uschen\u201c als Naturpark-Kita ausgezeichnet worden.<\/p>\n","protected":false},"author":39,"featured_media":7303,"comment_status":"open","ping_status":"open","sticky":false,"template":"","format":"standard","meta":[],"categories":[7],"tags":[],"yoast_head":"<!-- This site is optimized with the Yoast SEO plugin v19.10 - https:\/\/yoast.com\/wordpress\/plugins\/seo\/ -->\n<title>Henriettes Schneckenh\u00e4uschen wird Naturpark-Kita - Naturpark Stechlin-Ruppiner Land<\/title>\n<meta name=\"robots\" content=\"index, follow, max-snippet:-1, max-image-preview:large, max-video-preview:-1\" \/>\n<link rel=\"canonical\" href=\"https:\/\/www.naturparkmagazin.de\/stechlin\/henriettes-schneckenhaeuschen-wird-naturpark-kita\/\" \/>\n<meta property=\"og:locale\" content=\"de_DE\" \/>\n<meta property=\"og:type\" content=\"article\" \/>\n<meta property=\"og:title\" content=\"Henriettes Schneckenh\u00e4uschen wird Naturpark-Kita - Naturpark Stechlin-Ruppiner Land\" \/>\n<meta property=\"og:description\" content=\"Im Rahmen eines bunten Familienfests ist heute in Menz die Kita \u201eHenriettes Schneckenh\u00e4uschen\u201c als Naturpark-Kita ausgezeichnet worden.\" \/>\n<meta property=\"og:url\" content=\"https:\/\/www.naturparkmagazin.de\/stechlin\/henriettes-schneckenhaeuschen-wird-naturpark-kita\/\" \/>\n<meta property=\"og:site_name\" content=\"Naturpark Stechlin-Ruppiner Land\" \/>\n<meta property=\"article:published_time\" content=\"2018-07-16T08:10:02+00:00\" \/>\n<meta property=\"article:modified_time\" content=\"2018-07-24T14:57:59+00:00\" \/>\n<meta property=\"og:image\" content=\"https:\/\/www.naturparkmagazin.de\/stechlin\/wp-content\/uploads\/sites\/38\/Kita_Aufkleber.Schnecke-3.jpg\" \/>\n\t<meta property=\"og:image:width\" content=\"200\" \/>\n\t<meta property=\"og:image:height\" content=\"200\" \/>\n\t<meta property=\"og:image:type\" content=\"image\/jpeg\" \/>\n<meta name=\"author\" content=\"marioschrumpf\" \/>\n<meta name=\"twitter:label1\" content=\"Verfasst von\" \/>\n\t<meta name=\"twitter:data1\" content=\"marioschrumpf\" \/>\n\t<meta name=\"twitter:label2\" content=\"Gesch\u00e4tzte Lesezeit\" \/>\n\t<meta name=\"twitter:data2\" content=\"2\u00a0Minuten\" \/>\n<script type=\"application\/ld+json\" class=\"yoast-schema-graph\">{\"@context\":\"https:\/\/schema.org\",\"@graph\":[{\"@type\":\"WebPage\",\"@id\":\"https:\/\/www.naturparkmagazin.de\/stechlin\/henriettes-schneckenhaeuschen-wird-naturpark-kita\/\",\"url\":\"https:\/\/www.naturparkmagazin.de\/stechlin\/henriettes-schneckenhaeuschen-wird-naturpark-kita\/\",\"name\":\"Henriettes Schneckenh\u00e4uschen wird Naturpark-Kita - Naturpark Stechlin-Ruppiner Land\",\"isPartOf\":{\"@id\":\"https:\/\/www.naturparkmagazin.de\/stechlin\/#website\"},\"datePublished\":\"2018-07-16T08:10:02+00:00\",\"dateModified\":\"2018-07-24T14:57:59+00:00\",\"author\":{\"@id\":\"https:\/\/www.naturparkmagazin.de\/stechlin\/#\/schema\/person\/3f0d93203df21c806dd63c76d9bb28bc\"},\"breadcrumb\":{\"@id\":\"https:\/\/www.naturparkmagazin.de\/stechlin\/henriettes-schneckenhaeuschen-wird-naturpark-kita\/#breadcrumb\"},\"inLanguage\":\"de\",\"potentialAction\":[{\"@type\":\"ReadAction\",\"target\":[\"https:\/\/www.naturparkmagazin.de\/stechlin\/henriettes-schneckenhaeuschen-wird-naturpark-kita\/\"]}]},{\"@type\":\"BreadcrumbList\",\"@id\":\"https:\/\/www.naturparkmagazin.de\/stechlin\/henriettes-schneckenhaeuschen-wird-naturpark-kita\/#breadcrumb\",\"itemListElement\":[{\"@type\":\"ListItem\",\"position\":1,\"name\":\"Home\",\"item\":\"https:\/\/www.naturparkmagazin.de\/stechlin\/\"},{\"@type\":\"ListItem\",\"position\":2,\"name\":\"Henriettes Schneckenh\u00e4uschen wird Naturpark-Kita\"}]},{\"@type\":\"WebSite\",\"@id\":\"https:\/\/www.naturparkmagazin.de\/stechlin\/#website\",\"url\":\"https:\/\/www.naturparkmagazin.de\/stechlin\/\",\"name\":\"Naturpark Stechlin-Ruppiner Land\",\"description\":\"\",\"potentialAction\":[{\"@type\":\"SearchAction\",\"target\":{\"@type\":\"EntryPoint\",\"urlTemplate\":\"https:\/\/www.naturparkmagazin.de\/stechlin\/?s={search_term_string}\"},\"query-input\":\"required name=search_term_string\"}],\"inLanguage\":\"de\"},{\"@type\":\"Person\",\"@id\":\"https:\/\/www.naturparkmagazin.de\/stechlin\/#\/schema\/person\/3f0d93203df21c806dd63c76d9bb28bc\",\"name\":\"marioschrumpf\",\"url\":\"https:\/\/www.naturparkmagazin.de\/stechlin\/author\/marioschrumpf\/\"}]}<\/script>\n<!-- \/ Yoast SEO plugin. -->","yoast_head_json":{"title":"Henriettes Schneckenh\u00e4uschen wird Naturpark-Kita - Naturpark Stechlin-Ruppiner Land","robots":{"index":"index","follow":"follow","max-snippet":"max-snippet:-1","max-image-preview":"max-image-preview:large","max-video-preview":"max-video-preview:-1"},"canonical":"https:\/\/www.naturparkmagazin.de\/stechlin\/henriettes-schneckenhaeuschen-wird-naturpark-kita\/","og_locale":"de_DE","og_type":"article","og_title":"Henriettes Schneckenh\u00e4uschen wird Naturpark-Kita - Naturpark Stechlin-Ruppiner Land","og_description":"Im Rahmen eines bunten Familienfests ist heute in Menz die Kita \u201eHenriettes Schneckenh\u00e4uschen\u201c als Naturpark-Kita ausgezeichnet worden.","og_url":"https:\/\/www.naturparkmagazin.de\/stechlin\/henriettes-schneckenhaeuschen-wird-naturpark-kita\/","og_site_name":"Naturpark Stechlin-Ruppiner Land","article_published_time":"2018-07-16T08:10:02+00:00","article_modified_time":"2018-07-24T14:57:59+00:00","og_image":[{"width":200,"height":200,"url":"https:\/\/www.naturparkmagazin.de\/stechlin\/wp-content\/uploads\/sites\/38\/Kita_Aufkleber.Schnecke-3.jpg","type":"image\/jpeg"}],"author":"marioschrumpf","twitter_misc":{"Verfasst von":"marioschrumpf","Gesch\u00e4tzte Lesezeit":"2\u00a0Minuten"},"schema":{"@context":"https:\/\/schema.org","@graph":[{"@type":"WebPage","@id":"https:\/\/www.naturparkmagazin.de\/stechlin\/henriettes-schneckenhaeuschen-wird-naturpark-kita\/","url":"https:\/\/www.naturparkmagazin.de\/stechlin\/henriettes-schneckenhaeuschen-wird-naturpark-kita\/","name":"Henriettes Schneckenh\u00e4uschen wird Naturpark-Kita - Naturpark Stechlin-Ruppiner Land","isPartOf":{"@id":"https:\/\/www.naturparkmagazin.de\/stechlin\/#website"},"datePublished":"2018-07-16T08:10:02+00:00","dateModified":"2018-07-24T14:57:59+00:00","author":{"@id":"https:\/\/www.naturparkmagazin.de\/stechlin\/#\/schema\/person\/3f0d93203df21c806dd63c76d9bb28bc"},"breadcrumb":{"@id":"https:\/\/www.naturparkmagazin.de\/stechlin\/henriettes-schneckenhaeuschen-wird-naturpark-kita\/#breadcrumb"},"inLanguage":"de","potentialAction":[{"@type":"ReadAction","target":["https:\/\/www.naturparkmagazin.de\/stechlin\/henriettes-schneckenhaeuschen-wird-naturpark-kita\/"]}]},{"@type":"BreadcrumbList","@id":"https:\/\/www.naturparkmagazin.de\/stechlin\/henriettes-schneckenhaeuschen-wird-naturpark-kita\/#breadcrumb","itemListElement":[{"@type":"ListItem","position":1,"name":"Home","item":"https:\/\/www.naturparkmagazin.de\/stechlin\/"},{"@type":"ListItem","position":2,"name":"Henriettes Schneckenh\u00e4uschen wird Naturpark-Kita"}]},{"@type":"WebSite","@id":"https:\/\/www.naturparkmagazin.de\/stechlin\/#website","url":"https:\/\/www.naturparkmagazin.de\/stechlin\/","name":"Naturpark Stechlin-Ruppiner Land","description":"","potentialAction":[{"@type":"SearchAction","target":{"@type":"EntryPoint","urlTemplate":"https:\/\/www.naturparkmagazin.de\/stechlin\/?s={search_term_string}"},"query-input":"required name=search_term_string"}],"inLanguage":"de"},{"@type":"Person","@id":"https:\/\/www.naturparkmagazin.de\/stechlin\/#\/schema\/person\/3f0d93203df21c806dd63c76d9bb28bc","name":"marioschrumpf","url":"https:\/\/www.naturparkmagazin.de\/stechlin\/author\/marioschrumpf\/"}]}},"_links":{"self":[{"href":"https:\/\/www.naturparkmagazin.de\/stechlin\/wp-json\/wp\/v2\/posts\/7302"}],"collection":[{"href":"https:\/\/www.naturparkmagazin.de\/stechlin\/wp-json\/wp\/v2\/posts"}],"about":[{"href":"https:\/\/www.naturparkmagazin.de\/stechlin\/wp-json\/wp\/v2\/types\/post"}],"author":[{"embeddable":true,"href":"https:\/\/www.naturparkmagazin.de\/stechlin\/wp-json\/wp\/v2\/users\/39"}],"replies":[{"embeddable":true,"href":"https:\/\/www.naturparkmagazin.de\/stechlin\/wp-json\/wp\/v2\/comments?post=7302"}],"version-history":[{"count":2,"href":"https:\/\/www.naturparkmagazin.de\/stechlin\/wp-json\/wp\/v2\/posts\/7302\/revisions"}],"predecessor-version":[{"id":7315,"href":"https:\/\/www.naturparkmagazin.de\/stechlin\/wp-json\/wp\/v2\/posts\/7302\/revisions\/7315"}],"wp:featuredmedia":[{"embeddable":true,"href":"https:\/\/www.naturparkmagazin.de\/stechlin\/wp-json\/wp\/v2\/media\/7303"}],"wp:attachment":[{"href":"https:\/\/www.naturparkmagazin.de\/stechlin\/wp-json\/wp\/v2\/media?parent=7302"}],"wp:term":[{"taxonomy":"category","embeddable":true,"href":"https:\/\/www.naturparkmagazin.de\/stechlin\/wp-json\/wp\/v2\/categories?post=7302"},{"taxonomy":"post_tag","embeddable":true,"href":"https:\/\/www.naturparkmagazin.de\/stechlin\/wp-json\/wp\/v2\/tags?post=7302"}],"curies":[{"name":"wp","href":"https:\/\/api.w.org\/{rel}","templated":true}]}}