{"id":7344,"date":"2018-08-18T09:52:19","date_gmt":"2018-08-18T07:52:19","guid":{"rendered":"https:\/\/www.naturparkmagazin.de\/stechlin\/?p=7344"},"modified":"2018-08-23T17:53:36","modified_gmt":"2018-08-23T15:53:36","slug":"seltene-ackerwildkraut-arten-werden-im-naturpark-wiederbelebt","status":"publish","type":"post","link":"https:\/\/www.naturparkmagazin.de\/stechlin\/seltene-ackerwildkraut-arten-werden-im-naturpark-wiederbelebt\/","title":{"rendered":"Seltene Ackerwildkraut-Arten werden im Naturpark wiederbelebt!"},"content":{"rendered":"<div id=\"attachment_7346\" style=\"width: 310px\" class=\"wp-caption aligncenter\"><a href=\"https:\/\/www.naturparkmagazin.de\/stechlin\/wp-content\/uploads\/sites\/38\/Gruppe500x300.jpg\"><img aria-describedby=\"caption-attachment-7346\" decoding=\"async\" loading=\"lazy\" class=\"size-thumbnail wp-image-7346\" src=\"https:\/\/www.naturparkmagazin.de\/stechlin\/wp-content\/uploads\/sites\/38\/Gruppe500x300-300x180.jpg\" alt=\"Sch\u00fctzen gemeinsam die Ackerwildk\u00e4uter Brandenburgs (v.l.n.r.): Silke Oldorff, Landesamt f\u00fcr Umwelt Brandenburg, Dr. Patrick Lind, Projektleiter des bundesweiten Ackerwildkrautprojektes der Stiftung Rheinische Kulturlandschaft \u201eUnkraut vergeht nicht \u2013 stimmt nicht!\u201c, Frank Rumpe, Landwirt, Bernhard Drixler, Qualit\u00e4ts-Scout Verband Deutscher Naturparke und Gesch\u00e4ftsf\u00fchrer Naturpark Schw\u00e4bisch-Fr\u00e4nkischer Wald und Thomas Hahn, Naturwacht. Foto: Naturparkverwaltung Stechlin-Ruppiner Land.\" width=\"300\" height=\"180\" srcset=\"https:\/\/www.naturparkmagazin.de\/stechlin\/wp-content\/uploads\/sites\/38\/Gruppe500x300-300x180.jpg 300w, https:\/\/www.naturparkmagazin.de\/stechlin\/wp-content\/uploads\/sites\/38\/Gruppe500x300.jpg 500w, https:\/\/www.naturparkmagazin.de\/stechlin\/wp-content\/uploads\/sites\/38\/Gruppe500x300-200x120.jpg 200w\" sizes=\"(max-width: 300px) 100vw, 300px\" \/><\/a><p id=\"caption-attachment-7346\" class=\"wp-caption-text\">Sch\u00fctzen gemeinsam die Ackerwildk\u00e4uter Brandenburgs (v.l.n.r.): Silke Oldorff, Landesamt f\u00fcr Umwelt Brandenburg, Dr. Patrick Lind, Projektleiter des bundesweiten Ackerwildkrautprojektes der Stiftung Rheinische Kulturlandschaft \u201eUnkraut vergeht nicht \u2013 stimmt nicht!\u201c, Frank Rumpe, Landwirt, Bernhard Drixler, Qualit\u00e4ts-Scout Verband Deutscher Naturparke und Gesch\u00e4ftsf\u00fchrer Naturpark Schw\u00e4bisch-Fr\u00e4nkischer Wald und Thomas Hahn, Naturwacht. Foto: Naturparkverwaltung Stechlin-Ruppiner Land.<\/p><\/div>\n<p>Das Ackerwildkrautprojekt der Stiftung Rheinische Kulturlandschaft \u201e<em>Unkraut vergeht nicht \u2013 stimmt nicht<\/em>!\u201c wurde nach Brandenburg in den Naturpark Stechlin-Ruppiner Land \u00fcbertragen. Am 10. August wurde das Projekt in F\u00fcrstenberg\/Havel der Presse\u00a0vorgestellt.<\/p>\n<div id=\"attachment_7345\" style=\"width: 310px\" class=\"wp-caption aligncenter\"><a href=\"https:\/\/www.naturparkmagazin.de\/stechlin\/wp-content\/uploads\/sites\/38\/Bauer-Frank-Rumpe500x300.jpg\"><img aria-describedby=\"caption-attachment-7345\" decoding=\"async\" loading=\"lazy\" class=\"size-thumbnail wp-image-7345\" src=\"https:\/\/www.naturparkmagazin.de\/stechlin\/wp-content\/uploads\/sites\/38\/Bauer-Frank-Rumpe500x300-300x180.jpg\" alt=\"Frank Rumpe im Gespr\u00e4ch\" width=\"300\" height=\"180\" srcset=\"https:\/\/www.naturparkmagazin.de\/stechlin\/wp-content\/uploads\/sites\/38\/Bauer-Frank-Rumpe500x300-300x180.jpg 300w, https:\/\/www.naturparkmagazin.de\/stechlin\/wp-content\/uploads\/sites\/38\/Bauer-Frank-Rumpe500x300.jpg 500w, https:\/\/www.naturparkmagazin.de\/stechlin\/wp-content\/uploads\/sites\/38\/Bauer-Frank-Rumpe500x300-200x120.jpg 200w\" sizes=\"(max-width: 300px) 100vw, 300px\" \/><\/a><p id=\"caption-attachment-7345\" class=\"wp-caption-text\">Landwirt Frank Rumpe im Gespr\u00e4ch<\/p><\/div>\n<p>Im Naturpark begeistert sich Frank Rumpe vom <strong>Biohof Kepos in Altglobsow<\/strong> f\u00fcr den Gedanken, als Regionaler Partner gemeinsam mit der Stiftung eine vielf\u00e4ltige Ackerflora mit seltenen Wildkr\u00e4utern auf seinen Fl\u00e4chen f\u00fcr die nachkommenden Generationen zu erhalten. Fachliche Unterst\u00fctzung bei diesem Vorhaben erh\u00e4lt er von der Verwaltung des Naturparks Stechlin-Ruppiner Land, in dem Rumpe Fl\u00e4chen \u00f6kologisch bewirtschaftet. Silke Oldorff von der Naturpark-Verwaltung erhofft sich durch das Projekt wertvolle Spenderfl\u00e4chen f\u00fcr seltene Ackerkr\u00e4uter, wie den L\u00e4mmersalat oder den Feld-Rittersporn. Dies gelingt mit der tatkr\u00e4ftigen Unterst\u00fctzung regionaler Partner, die Sammlung, Vermehrung und Wiederansiedlung vor Ort nach rheinischem Vorbild umsetzen.<\/p>\n<p><a href=\"https:\/\/www.naturparkmagazin.de\/stechlin\/wp-content\/uploads\/sites\/38\/IMG_0741_500x300.jpg\"><img decoding=\"async\" loading=\"lazy\" class=\" size-thumbnail wp-image-7347 aligncenter\" src=\"https:\/\/www.naturparkmagazin.de\/stechlin\/wp-content\/uploads\/sites\/38\/IMG_0741_500x300-300x180.jpg\" alt=\"NP SRL\/Silke Oldorff\" width=\"300\" height=\"180\" srcset=\"https:\/\/www.naturparkmagazin.de\/stechlin\/wp-content\/uploads\/sites\/38\/IMG_0741_500x300-300x180.jpg 300w, https:\/\/www.naturparkmagazin.de\/stechlin\/wp-content\/uploads\/sites\/38\/IMG_0741_500x300.jpg 500w, https:\/\/www.naturparkmagazin.de\/stechlin\/wp-content\/uploads\/sites\/38\/IMG_0741_500x300-200x120.jpg 200w\" sizes=\"(max-width: 300px) 100vw, 300px\" \/><\/a><\/p>\n","protected":false},"excerpt":{"rendered":"<p>Das Ackerwildkrautprojekt der Stiftung Rheinische Kulturlandschaft \u201eUnkraut vergeht nicht \u2013 stimmt nicht!\u201c wurde nach Brandenburg in den Naturpark Stechlin-Ruppiner Land \u00fcbertragen.<\/p>\n","protected":false},"author":39,"featured_media":7348,"comment_status":"open","ping_status":"open","sticky":false,"template":"","format":"standard","meta":[],"categories":[7],"tags":[],"yoast_head":"<!-- This site is optimized with the Yoast SEO plugin v19.10 - https:\/\/yoast.com\/wordpress\/plugins\/seo\/ -->\n<title>Seltene Ackerwildkraut-Arten werden im Naturpark wiederbelebt! - Naturpark Stechlin-Ruppiner Land<\/title>\n<meta name=\"robots\" content=\"index, follow, max-snippet:-1, max-image-preview:large, max-video-preview:-1\" \/>\n<link rel=\"canonical\" href=\"https:\/\/www.naturparkmagazin.de\/stechlin\/seltene-ackerwildkraut-arten-werden-im-naturpark-wiederbelebt\/\" \/>\n<meta property=\"og:locale\" content=\"de_DE\" \/>\n<meta property=\"og:type\" content=\"article\" \/>\n<meta property=\"og:title\" content=\"Seltene Ackerwildkraut-Arten werden im Naturpark wiederbelebt! - Naturpark Stechlin-Ruppiner Land\" \/>\n<meta property=\"og:description\" content=\"Das Ackerwildkrautprojekt der Stiftung Rheinische Kulturlandschaft \u201eUnkraut vergeht nicht \u2013 stimmt nicht!\u201c wurde nach Brandenburg in den Naturpark Stechlin-Ruppiner Land \u00fcbertragen.\" \/>\n<meta property=\"og:url\" content=\"https:\/\/www.naturparkmagazin.de\/stechlin\/seltene-ackerwildkraut-arten-werden-im-naturpark-wiederbelebt\/\" \/>\n<meta property=\"og:site_name\" content=\"Naturpark Stechlin-Ruppiner Land\" \/>\n<meta property=\"article:published_time\" content=\"2018-08-18T07:52:19+00:00\" \/>\n<meta property=\"article:modified_time\" content=\"2018-08-23T15:53:36+00:00\" \/>\n<meta property=\"og:image\" content=\"https:\/\/www.naturparkmagazin.de\/stechlin\/wp-content\/uploads\/sites\/38\/Samen-entnehmen_200x200.jpg\" \/>\n\t<meta property=\"og:image:width\" content=\"200\" \/>\n\t<meta property=\"og:image:height\" content=\"200\" \/>\n\t<meta property=\"og:image:type\" content=\"image\/jpeg\" \/>\n<meta name=\"author\" content=\"marioschrumpf\" \/>\n<meta name=\"twitter:label1\" content=\"Verfasst von\" \/>\n\t<meta name=\"twitter:data1\" content=\"marioschrumpf\" \/>\n\t<meta name=\"twitter:label2\" content=\"Gesch\u00e4tzte Lesezeit\" \/>\n\t<meta name=\"twitter:data2\" content=\"1\u00a0Minute\" \/>\n<script type=\"application\/ld+json\" class=\"yoast-schema-graph\">{\"@context\":\"https:\/\/schema.org\",\"@graph\":[{\"@type\":\"WebPage\",\"@id\":\"https:\/\/www.naturparkmagazin.de\/stechlin\/seltene-ackerwildkraut-arten-werden-im-naturpark-wiederbelebt\/\",\"url\":\"https:\/\/www.naturparkmagazin.de\/stechlin\/seltene-ackerwildkraut-arten-werden-im-naturpark-wiederbelebt\/\",\"name\":\"Seltene Ackerwildkraut-Arten werden im Naturpark wiederbelebt! - Naturpark Stechlin-Ruppiner Land\",\"isPartOf\":{\"@id\":\"https:\/\/www.naturparkmagazin.de\/stechlin\/#website\"},\"datePublished\":\"2018-08-18T07:52:19+00:00\",\"dateModified\":\"2018-08-23T15:53:36+00:00\",\"author\":{\"@id\":\"https:\/\/www.naturparkmagazin.de\/stechlin\/#\/schema\/person\/3f0d93203df21c806dd63c76d9bb28bc\"},\"breadcrumb\":{\"@id\":\"https:\/\/www.naturparkmagazin.de\/stechlin\/seltene-ackerwildkraut-arten-werden-im-naturpark-wiederbelebt\/#breadcrumb\"},\"inLanguage\":\"de\",\"potentialAction\":[{\"@type\":\"ReadAction\",\"target\":[\"https:\/\/www.naturparkmagazin.de\/stechlin\/seltene-ackerwildkraut-arten-werden-im-naturpark-wiederbelebt\/\"]}]},{\"@type\":\"BreadcrumbList\",\"@id\":\"https:\/\/www.naturparkmagazin.de\/stechlin\/seltene-ackerwildkraut-arten-werden-im-naturpark-wiederbelebt\/#breadcrumb\",\"itemListElement\":[{\"@type\":\"ListItem\",\"position\":1,\"name\":\"Home\",\"item\":\"https:\/\/www.naturparkmagazin.de\/stechlin\/\"},{\"@type\":\"ListItem\",\"position\":2,\"name\":\"Seltene Ackerwildkraut-Arten werden im Naturpark wiederbelebt!\"}]},{\"@type\":\"WebSite\",\"@id\":\"https:\/\/www.naturparkmagazin.de\/stechlin\/#website\",\"url\":\"https:\/\/www.naturparkmagazin.de\/stechlin\/\",\"name\":\"Naturpark Stechlin-Ruppiner Land\",\"description\":\"\",\"potentialAction\":[{\"@type\":\"SearchAction\",\"target\":{\"@type\":\"EntryPoint\",\"urlTemplate\":\"https:\/\/www.naturparkmagazin.de\/stechlin\/?s={search_term_string}\"},\"query-input\":\"required name=search_term_string\"}],\"inLanguage\":\"de\"},{\"@type\":\"Person\",\"@id\":\"https:\/\/www.naturparkmagazin.de\/stechlin\/#\/schema\/person\/3f0d93203df21c806dd63c76d9bb28bc\",\"name\":\"marioschrumpf\",\"url\":\"https:\/\/www.naturparkmagazin.de\/stechlin\/author\/marioschrumpf\/\"}]}<\/script>\n<!-- \/ Yoast SEO plugin. -->","yoast_head_json":{"title":"Seltene Ackerwildkraut-Arten werden im Naturpark wiederbelebt! - Naturpark Stechlin-Ruppiner Land","robots":{"index":"index","follow":"follow","max-snippet":"max-snippet:-1","max-image-preview":"max-image-preview:large","max-video-preview":"max-video-preview:-1"},"canonical":"https:\/\/www.naturparkmagazin.de\/stechlin\/seltene-ackerwildkraut-arten-werden-im-naturpark-wiederbelebt\/","og_locale":"de_DE","og_type":"article","og_title":"Seltene Ackerwildkraut-Arten werden im Naturpark wiederbelebt! - Naturpark Stechlin-Ruppiner Land","og_description":"Das Ackerwildkrautprojekt der Stiftung Rheinische Kulturlandschaft \u201eUnkraut vergeht nicht \u2013 stimmt nicht!\u201c wurde nach Brandenburg in den Naturpark Stechlin-Ruppiner Land \u00fcbertragen.","og_url":"https:\/\/www.naturparkmagazin.de\/stechlin\/seltene-ackerwildkraut-arten-werden-im-naturpark-wiederbelebt\/","og_site_name":"Naturpark Stechlin-Ruppiner Land","article_published_time":"2018-08-18T07:52:19+00:00","article_modified_time":"2018-08-23T15:53:36+00:00","og_image":[{"width":200,"height":200,"url":"https:\/\/www.naturparkmagazin.de\/stechlin\/wp-content\/uploads\/sites\/38\/Samen-entnehmen_200x200.jpg","type":"image\/jpeg"}],"author":"marioschrumpf","twitter_misc":{"Verfasst von":"marioschrumpf","Gesch\u00e4tzte Lesezeit":"1\u00a0Minute"},"schema":{"@context":"https:\/\/schema.org","@graph":[{"@type":"WebPage","@id":"https:\/\/www.naturparkmagazin.de\/stechlin\/seltene-ackerwildkraut-arten-werden-im-naturpark-wiederbelebt\/","url":"https:\/\/www.naturparkmagazin.de\/stechlin\/seltene-ackerwildkraut-arten-werden-im-naturpark-wiederbelebt\/","name":"Seltene Ackerwildkraut-Arten werden im Naturpark wiederbelebt! - Naturpark Stechlin-Ruppiner Land","isPartOf":{"@id":"https:\/\/www.naturparkmagazin.de\/stechlin\/#website"},"datePublished":"2018-08-18T07:52:19+00:00","dateModified":"2018-08-23T15:53:36+00:00","author":{"@id":"https:\/\/www.naturparkmagazin.de\/stechlin\/#\/schema\/person\/3f0d93203df21c806dd63c76d9bb28bc"},"breadcrumb":{"@id":"https:\/\/www.naturparkmagazin.de\/stechlin\/seltene-ackerwildkraut-arten-werden-im-naturpark-wiederbelebt\/#breadcrumb"},"inLanguage":"de","potentialAction":[{"@type":"ReadAction","target":["https:\/\/www.naturparkmagazin.de\/stechlin\/seltene-ackerwildkraut-arten-werden-im-naturpark-wiederbelebt\/"]}]},{"@type":"BreadcrumbList","@id":"https:\/\/www.naturparkmagazin.de\/stechlin\/seltene-ackerwildkraut-arten-werden-im-naturpark-wiederbelebt\/#breadcrumb","itemListElement":[{"@type":"ListItem","position":1,"name":"Home","item":"https:\/\/www.naturparkmagazin.de\/stechlin\/"},{"@type":"ListItem","position":2,"name":"Seltene Ackerwildkraut-Arten werden im Naturpark wiederbelebt!"}]},{"@type":"WebSite","@id":"https:\/\/www.naturparkmagazin.de\/stechlin\/#website","url":"https:\/\/www.naturparkmagazin.de\/stechlin\/","name":"Naturpark Stechlin-Ruppiner Land","description":"","potentialAction":[{"@type":"SearchAction","target":{"@type":"EntryPoint","urlTemplate":"https:\/\/www.naturparkmagazin.de\/stechlin\/?s={search_term_string}"},"query-input":"required name=search_term_string"}],"inLanguage":"de"},{"@type":"Person","@id":"https:\/\/www.naturparkmagazin.de\/stechlin\/#\/schema\/person\/3f0d93203df21c806dd63c76d9bb28bc","name":"marioschrumpf","url":"https:\/\/www.naturparkmagazin.de\/stechlin\/author\/marioschrumpf\/"}]}},"_links":{"self":[{"href":"https:\/\/www.naturparkmagazin.de\/stechlin\/wp-json\/wp\/v2\/posts\/7344"}],"collection":[{"href":"https:\/\/www.naturparkmagazin.de\/stechlin\/wp-json\/wp\/v2\/posts"}],"about":[{"href":"https:\/\/www.naturparkmagazin.de\/stechlin\/wp-json\/wp\/v2\/types\/post"}],"author":[{"embeddable":true,"href":"https:\/\/www.naturparkmagazin.de\/stechlin\/wp-json\/wp\/v2\/users\/39"}],"replies":[{"embeddable":true,"href":"https:\/\/www.naturparkmagazin.de\/stechlin\/wp-json\/wp\/v2\/comments?post=7344"}],"version-history":[{"count":3,"href":"https:\/\/www.naturparkmagazin.de\/stechlin\/wp-json\/wp\/v2\/posts\/7344\/revisions"}],"predecessor-version":[{"id":7448,"href":"https:\/\/www.naturparkmagazin.de\/stechlin\/wp-json\/wp\/v2\/posts\/7344\/revisions\/7448"}],"wp:featuredmedia":[{"embeddable":true,"href":"https:\/\/www.naturparkmagazin.de\/stechlin\/wp-json\/wp\/v2\/media\/7348"}],"wp:attachment":[{"href":"https:\/\/www.naturparkmagazin.de\/stechlin\/wp-json\/wp\/v2\/media?parent=7344"}],"wp:term":[{"taxonomy":"category","embeddable":true,"href":"https:\/\/www.naturparkmagazin.de\/stechlin\/wp-json\/wp\/v2\/categories?post=7344"},{"taxonomy":"post_tag","embeddable":true,"href":"https:\/\/www.naturparkmagazin.de\/stechlin\/wp-json\/wp\/v2\/tags?post=7344"}],"curies":[{"name":"wp","href":"https:\/\/api.w.org\/{rel}","templated":true}]}}