{"id":7359,"date":"2018-08-18T10:19:45","date_gmt":"2018-08-18T08:19:45","guid":{"rendered":"https:\/\/www.naturparkmagazin.de\/stechlin\/?p=7359"},"modified":"2018-08-23T17:46:31","modified_gmt":"2018-08-23T15:46:31","slug":"naturpark-kita-geht-baden","status":"publish","type":"post","link":"https:\/\/www.naturparkmagazin.de\/stechlin\/naturpark-kita-geht-baden\/","title":{"rendered":"Naturpark-Kita geht baden"},"content":{"rendered":"<p>Am Donnerstag, 15. Aug. 2018 feierten die gro\u00dfen Kinder der <strong>Naturpark-Kita Lindow<\/strong> mit ihren Erziehern und Naturpark-Rangern den Abschied aus dem Kindergarten in die Schule.<\/p>\n<div id=\"attachment_7362\" style=\"width: 310px\" class=\"wp-caption aligncenter\"><a href=\"https:\/\/www.naturparkmagazin.de\/stechlin\/wp-content\/uploads\/sites\/38\/Kita-Lindow_NPH.jpg\"><img aria-describedby=\"caption-attachment-7362\" decoding=\"async\" loading=\"lazy\" class=\"size-thumbnail wp-image-7362\" src=\"https:\/\/www.naturparkmagazin.de\/stechlin\/wp-content\/uploads\/sites\/38\/Kita-Lindow_NPH-300x180.jpg\" alt=\"Kinder der Naturpark-Kita Lindow entdecken das NaturParkHaus\" width=\"300\" height=\"180\" srcset=\"https:\/\/www.naturparkmagazin.de\/stechlin\/wp-content\/uploads\/sites\/38\/Kita-Lindow_NPH-300x180.jpg 300w, https:\/\/www.naturparkmagazin.de\/stechlin\/wp-content\/uploads\/sites\/38\/Kita-Lindow_NPH.jpg 500w, https:\/\/www.naturparkmagazin.de\/stechlin\/wp-content\/uploads\/sites\/38\/Kita-Lindow_NPH-200x120.jpg 200w\" sizes=\"(max-width: 300px) 100vw, 300px\" \/><\/a><p id=\"caption-attachment-7362\" class=\"wp-caption-text\">Kinder der Naturpark-Kita Lindow entdecken das NaturParkHaus<\/p><\/div>\n<p>Erst haben alle gemeinsam die Geheimnisse des NaturParkHauses entdeckt, den Kr\u00e4utergarten verkostet und barfu\u00df den gleichnamigen Pfad erkundet. Als besondere Belohnung nach einem Jahr Naturerforschung durfte sich jedes Kind eine gut best\u00fcckte <strong>Naturpark-Entdeckerweste<\/strong> \u00fcberstreifen und kann in Zukunft auf eigene Faust die Natur erkunden. An den Spielger\u00e4ten auf dem Friedensplatz, vor dem NaturParkHaus konnten die Kinder ihrem Bewegungsdrang freien Lauf lassen. Nach einer kurzen Wanderung um den Wallberg erreichten alle den Badestrand des Roofensees. Erzieherin Susanne Grigo hatte f\u00fcr ein \u00fcppiges Picknick gesorgt und anschlie\u00dfend ging es in das klare, flache Wasser des Sees. Nach R\u00fcckwanderung und \u2013fahrt zur Kita war den Kindern wieder warm.<\/p>\n<div id=\"attachment_7361\" style=\"width: 310px\" class=\"wp-caption aligncenter\"><a href=\"https:\/\/www.naturparkmagazin.de\/stechlin\/wp-content\/uploads\/sites\/38\/Kita-Lindow_NPH-12.jpg\"><img aria-describedby=\"caption-attachment-7361\" decoding=\"async\" loading=\"lazy\" class=\"size-thumbnail wp-image-7361\" src=\"https:\/\/www.naturparkmagazin.de\/stechlin\/wp-content\/uploads\/sites\/38\/Kita-Lindow_NPH-12-300x180.jpg\" alt=\"Im Sinnesgarten des NaturParkHauses Stechlin gibt es viel zu entdecken.\" width=\"300\" height=\"180\" srcset=\"https:\/\/www.naturparkmagazin.de\/stechlin\/wp-content\/uploads\/sites\/38\/Kita-Lindow_NPH-12-300x180.jpg 300w, https:\/\/www.naturparkmagazin.de\/stechlin\/wp-content\/uploads\/sites\/38\/Kita-Lindow_NPH-12.jpg 500w, https:\/\/www.naturparkmagazin.de\/stechlin\/wp-content\/uploads\/sites\/38\/Kita-Lindow_NPH-12-200x120.jpg 200w\" sizes=\"(max-width: 300px) 100vw, 300px\" \/><\/a><p id=\"caption-attachment-7361\" class=\"wp-caption-text\">Im Sinnesgarten des NaturParkHauses Stechlin gibt es viel zu entdecken.<\/p><\/div>\n<p>Die angehenden Schulkinder verabschiedeten sich herzlich von ihren Rangern, die die n\u00e4chsten Vorschulkinder ein Jahr lang zum Entdecken anregen wollen.<\/p>\n","protected":false},"excerpt":{"rendered":"<p>Am Donnerstag, 15. Aug. 2018 feierten die gro\u00dfen Kinder der Naturpark-Kita Lindow mit ihren Erziehern und Naturpark-Rangern den Abschied aus dem Kindergarten in die Schule.<\/p>\n","protected":false},"author":39,"featured_media":7360,"comment_status":"open","ping_status":"open","sticky":false,"template":"","format":"standard","meta":[],"categories":[7],"tags":[],"yoast_head":"<!-- This site is optimized with the Yoast SEO plugin v19.10 - https:\/\/yoast.com\/wordpress\/plugins\/seo\/ -->\n<title>Naturpark-Kita geht baden - Naturpark Stechlin-Ruppiner Land<\/title>\n<meta name=\"robots\" content=\"index, follow, max-snippet:-1, max-image-preview:large, max-video-preview:-1\" \/>\n<link rel=\"canonical\" href=\"https:\/\/www.naturparkmagazin.de\/stechlin\/naturpark-kita-geht-baden\/\" \/>\n<meta property=\"og:locale\" content=\"de_DE\" \/>\n<meta property=\"og:type\" content=\"article\" \/>\n<meta property=\"og:title\" content=\"Naturpark-Kita geht baden - Naturpark Stechlin-Ruppiner Land\" \/>\n<meta property=\"og:description\" content=\"Am Donnerstag, 15. Aug. 2018 feierten die gro\u00dfen Kinder der Naturpark-Kita Lindow mit ihren Erziehern und Naturpark-Rangern den Abschied aus dem Kindergarten in die Schule.\" \/>\n<meta property=\"og:url\" content=\"https:\/\/www.naturparkmagazin.de\/stechlin\/naturpark-kita-geht-baden\/\" \/>\n<meta property=\"og:site_name\" content=\"Naturpark Stechlin-Ruppiner Land\" \/>\n<meta property=\"article:published_time\" content=\"2018-08-18T08:19:45+00:00\" \/>\n<meta property=\"article:modified_time\" content=\"2018-08-23T15:46:31+00:00\" \/>\n<meta property=\"og:image\" content=\"https:\/\/www.naturparkmagazin.de\/stechlin\/wp-content\/uploads\/sites\/38\/Im-Roofensee_Jutta-Kaiser.jpg\" \/>\n\t<meta property=\"og:image:width\" content=\"200\" \/>\n\t<meta property=\"og:image:height\" content=\"200\" \/>\n\t<meta property=\"og:image:type\" content=\"image\/jpeg\" \/>\n<meta name=\"author\" content=\"marioschrumpf\" \/>\n<meta name=\"twitter:label1\" content=\"Verfasst von\" \/>\n\t<meta name=\"twitter:data1\" content=\"marioschrumpf\" \/>\n\t<meta name=\"twitter:label2\" content=\"Gesch\u00e4tzte Lesezeit\" \/>\n\t<meta name=\"twitter:data2\" content=\"1\u00a0Minute\" \/>\n<script type=\"application\/ld+json\" class=\"yoast-schema-graph\">{\"@context\":\"https:\/\/schema.org\",\"@graph\":[{\"@type\":\"WebPage\",\"@id\":\"https:\/\/www.naturparkmagazin.de\/stechlin\/naturpark-kita-geht-baden\/\",\"url\":\"https:\/\/www.naturparkmagazin.de\/stechlin\/naturpark-kita-geht-baden\/\",\"name\":\"Naturpark-Kita geht baden - Naturpark Stechlin-Ruppiner Land\",\"isPartOf\":{\"@id\":\"https:\/\/www.naturparkmagazin.de\/stechlin\/#website\"},\"datePublished\":\"2018-08-18T08:19:45+00:00\",\"dateModified\":\"2018-08-23T15:46:31+00:00\",\"author\":{\"@id\":\"https:\/\/www.naturparkmagazin.de\/stechlin\/#\/schema\/person\/3f0d93203df21c806dd63c76d9bb28bc\"},\"breadcrumb\":{\"@id\":\"https:\/\/www.naturparkmagazin.de\/stechlin\/naturpark-kita-geht-baden\/#breadcrumb\"},\"inLanguage\":\"de\",\"potentialAction\":[{\"@type\":\"ReadAction\",\"target\":[\"https:\/\/www.naturparkmagazin.de\/stechlin\/naturpark-kita-geht-baden\/\"]}]},{\"@type\":\"BreadcrumbList\",\"@id\":\"https:\/\/www.naturparkmagazin.de\/stechlin\/naturpark-kita-geht-baden\/#breadcrumb\",\"itemListElement\":[{\"@type\":\"ListItem\",\"position\":1,\"name\":\"Home\",\"item\":\"https:\/\/www.naturparkmagazin.de\/stechlin\/\"},{\"@type\":\"ListItem\",\"position\":2,\"name\":\"Naturpark-Kita geht baden\"}]},{\"@type\":\"WebSite\",\"@id\":\"https:\/\/www.naturparkmagazin.de\/stechlin\/#website\",\"url\":\"https:\/\/www.naturparkmagazin.de\/stechlin\/\",\"name\":\"Naturpark Stechlin-Ruppiner Land\",\"description\":\"\",\"potentialAction\":[{\"@type\":\"SearchAction\",\"target\":{\"@type\":\"EntryPoint\",\"urlTemplate\":\"https:\/\/www.naturparkmagazin.de\/stechlin\/?s={search_term_string}\"},\"query-input\":\"required name=search_term_string\"}],\"inLanguage\":\"de\"},{\"@type\":\"Person\",\"@id\":\"https:\/\/www.naturparkmagazin.de\/stechlin\/#\/schema\/person\/3f0d93203df21c806dd63c76d9bb28bc\",\"name\":\"marioschrumpf\",\"url\":\"https:\/\/www.naturparkmagazin.de\/stechlin\/author\/marioschrumpf\/\"}]}<\/script>\n<!-- \/ Yoast SEO plugin. -->","yoast_head_json":{"title":"Naturpark-Kita geht baden - Naturpark Stechlin-Ruppiner Land","robots":{"index":"index","follow":"follow","max-snippet":"max-snippet:-1","max-image-preview":"max-image-preview:large","max-video-preview":"max-video-preview:-1"},"canonical":"https:\/\/www.naturparkmagazin.de\/stechlin\/naturpark-kita-geht-baden\/","og_locale":"de_DE","og_type":"article","og_title":"Naturpark-Kita geht baden - Naturpark Stechlin-Ruppiner Land","og_description":"Am Donnerstag, 15. Aug. 2018 feierten die gro\u00dfen Kinder der Naturpark-Kita Lindow mit ihren Erziehern und Naturpark-Rangern den Abschied aus dem Kindergarten in die Schule.","og_url":"https:\/\/www.naturparkmagazin.de\/stechlin\/naturpark-kita-geht-baden\/","og_site_name":"Naturpark Stechlin-Ruppiner Land","article_published_time":"2018-08-18T08:19:45+00:00","article_modified_time":"2018-08-23T15:46:31+00:00","og_image":[{"width":200,"height":200,"url":"https:\/\/www.naturparkmagazin.de\/stechlin\/wp-content\/uploads\/sites\/38\/Im-Roofensee_Jutta-Kaiser.jpg","type":"image\/jpeg"}],"author":"marioschrumpf","twitter_misc":{"Verfasst von":"marioschrumpf","Gesch\u00e4tzte Lesezeit":"1\u00a0Minute"},"schema":{"@context":"https:\/\/schema.org","@graph":[{"@type":"WebPage","@id":"https:\/\/www.naturparkmagazin.de\/stechlin\/naturpark-kita-geht-baden\/","url":"https:\/\/www.naturparkmagazin.de\/stechlin\/naturpark-kita-geht-baden\/","name":"Naturpark-Kita geht baden - Naturpark Stechlin-Ruppiner Land","isPartOf":{"@id":"https:\/\/www.naturparkmagazin.de\/stechlin\/#website"},"datePublished":"2018-08-18T08:19:45+00:00","dateModified":"2018-08-23T15:46:31+00:00","author":{"@id":"https:\/\/www.naturparkmagazin.de\/stechlin\/#\/schema\/person\/3f0d93203df21c806dd63c76d9bb28bc"},"breadcrumb":{"@id":"https:\/\/www.naturparkmagazin.de\/stechlin\/naturpark-kita-geht-baden\/#breadcrumb"},"inLanguage":"de","potentialAction":[{"@type":"ReadAction","target":["https:\/\/www.naturparkmagazin.de\/stechlin\/naturpark-kita-geht-baden\/"]}]},{"@type":"BreadcrumbList","@id":"https:\/\/www.naturparkmagazin.de\/stechlin\/naturpark-kita-geht-baden\/#breadcrumb","itemListElement":[{"@type":"ListItem","position":1,"name":"Home","item":"https:\/\/www.naturparkmagazin.de\/stechlin\/"},{"@type":"ListItem","position":2,"name":"Naturpark-Kita geht baden"}]},{"@type":"WebSite","@id":"https:\/\/www.naturparkmagazin.de\/stechlin\/#website","url":"https:\/\/www.naturparkmagazin.de\/stechlin\/","name":"Naturpark Stechlin-Ruppiner Land","description":"","potentialAction":[{"@type":"SearchAction","target":{"@type":"EntryPoint","urlTemplate":"https:\/\/www.naturparkmagazin.de\/stechlin\/?s={search_term_string}"},"query-input":"required name=search_term_string"}],"inLanguage":"de"},{"@type":"Person","@id":"https:\/\/www.naturparkmagazin.de\/stechlin\/#\/schema\/person\/3f0d93203df21c806dd63c76d9bb28bc","name":"marioschrumpf","url":"https:\/\/www.naturparkmagazin.de\/stechlin\/author\/marioschrumpf\/"}]}},"_links":{"self":[{"href":"https:\/\/www.naturparkmagazin.de\/stechlin\/wp-json\/wp\/v2\/posts\/7359"}],"collection":[{"href":"https:\/\/www.naturparkmagazin.de\/stechlin\/wp-json\/wp\/v2\/posts"}],"about":[{"href":"https:\/\/www.naturparkmagazin.de\/stechlin\/wp-json\/wp\/v2\/types\/post"}],"author":[{"embeddable":true,"href":"https:\/\/www.naturparkmagazin.de\/stechlin\/wp-json\/wp\/v2\/users\/39"}],"replies":[{"embeddable":true,"href":"https:\/\/www.naturparkmagazin.de\/stechlin\/wp-json\/wp\/v2\/comments?post=7359"}],"version-history":[{"count":3,"href":"https:\/\/www.naturparkmagazin.de\/stechlin\/wp-json\/wp\/v2\/posts\/7359\/revisions"}],"predecessor-version":[{"id":7443,"href":"https:\/\/www.naturparkmagazin.de\/stechlin\/wp-json\/wp\/v2\/posts\/7359\/revisions\/7443"}],"wp:featuredmedia":[{"embeddable":true,"href":"https:\/\/www.naturparkmagazin.de\/stechlin\/wp-json\/wp\/v2\/media\/7360"}],"wp:attachment":[{"href":"https:\/\/www.naturparkmagazin.de\/stechlin\/wp-json\/wp\/v2\/media?parent=7359"}],"wp:term":[{"taxonomy":"category","embeddable":true,"href":"https:\/\/www.naturparkmagazin.de\/stechlin\/wp-json\/wp\/v2\/categories?post=7359"},{"taxonomy":"post_tag","embeddable":true,"href":"https:\/\/www.naturparkmagazin.de\/stechlin\/wp-json\/wp\/v2\/tags?post=7359"}],"curies":[{"name":"wp","href":"https:\/\/api.w.org\/{rel}","templated":true}]}}