{"id":7364,"date":"2018-08-20T09:06:45","date_gmt":"2018-08-20T07:06:45","guid":{"rendered":"https:\/\/www.naturparkmagazin.de\/stechlin\/?p=7364"},"modified":"2018-08-23T17:12:34","modified_gmt":"2018-08-23T15:12:34","slug":"3-kunstsalon-im-muehlenhaupt-museum-bergsdorf","status":"publish","type":"post","link":"https:\/\/www.naturparkmagazin.de\/stechlin\/3-kunstsalon-im-muehlenhaupt-museum-bergsdorf\/","title":{"rendered":"3. Kunstsalon im M\u00fchlenhaupt-Museum Bergsdorf"},"content":{"rendered":"<p><a href=\"https:\/\/www.naturparkmagazin.de\/stechlin\/wp-content\/uploads\/sites\/38\/Flyer.jpg\"><img decoding=\"async\" loading=\"lazy\" class=\" size-thumbnail wp-image-7367 aligncenter\" src=\"https:\/\/www.naturparkmagazin.de\/stechlin\/wp-content\/uploads\/sites\/38\/Flyer-300x424.jpg\" alt=\"NP SRL\/Mario Schrumpf\" width=\"300\" height=\"424\" srcset=\"https:\/\/www.naturparkmagazin.de\/stechlin\/wp-content\/uploads\/sites\/38\/Flyer-300x424.jpg 300w, https:\/\/www.naturparkmagazin.de\/stechlin\/wp-content\/uploads\/sites\/38\/Flyer-620x877.jpg 620w, https:\/\/www.naturparkmagazin.de\/stechlin\/wp-content\/uploads\/sites\/38\/Flyer-940x1330.jpg 940w, https:\/\/www.naturparkmagazin.de\/stechlin\/wp-content\/uploads\/sites\/38\/Flyer-670x948.jpg 670w, https:\/\/www.naturparkmagazin.de\/stechlin\/wp-content\/uploads\/sites\/38\/Flyer-200x283.jpg 200w, https:\/\/www.naturparkmagazin.de\/stechlin\/wp-content\/uploads\/sites\/38\/Flyer.jpg 1240w\" sizes=\"(max-width: 300px) 100vw, 300px\" \/><\/a>Das Kulturnetz Nord Brandenburg (KuNO e. V.) l\u00e4dt j\u00e4hrlich zum Kunstsalon an wechselnden Orten im Norden Brandenburgs ein. In diesem Jahr findet der 3. Kunstsalon vom 21.-23. September im Kurt-M\u00fchlenhaupt-Museum in Bergsdorf statt.<\/p>\n<p>Bildende K\u00fcnstler, Autoren, Schauspieler und Musiker pr\u00e4sentieren drei Tage Kunstgenuss f\u00fcr alle Sinne.<\/p>\n<p>Malerei, Skulptur, Keramik, Fotografie, Literatur, Musik, Theater und Gespr\u00e4che mit Prominenten.<\/p>\n<p>F\u00fcr passende \u201eEsskultur\u201c sorgt das Team des M\u00fchlenhauptmuseums.<\/p>\n<p>Das detaillierte Programm steht unter <a href=\"http:\/\/www.KunoKultur.wordpress.com\/Kunstsalon\">www.KunoKultur.wordpress.com\/Kunstsalon<\/a>.<\/p>\n<p>&nbsp;<\/p>\n<div id=\"attachment_7366\" style=\"width: 310px\" class=\"wp-caption aligncenter\"><a href=\"https:\/\/www.naturparkmagazin.de\/stechlin\/wp-content\/uploads\/sites\/38\/Auszeichnung-IHK_017.jpg\"><img aria-describedby=\"caption-attachment-7366\" decoding=\"async\" loading=\"lazy\" class=\"size-thumbnail wp-image-7366\" src=\"https:\/\/www.naturparkmagazin.de\/stechlin\/wp-content\/uploads\/sites\/38\/Auszeichnung-IHK_017-300x180.jpg\" alt=\"Gudrun Lomas (re) nimmt f\u00fcr KuNO e. V. die Auszeichnung im IHK-Wettbewerb Region Zukunft entgegen.\" width=\"300\" height=\"180\" srcset=\"https:\/\/www.naturparkmagazin.de\/stechlin\/wp-content\/uploads\/sites\/38\/Auszeichnung-IHK_017-300x180.jpg 300w, https:\/\/www.naturparkmagazin.de\/stechlin\/wp-content\/uploads\/sites\/38\/Auszeichnung-IHK_017.jpg 500w, https:\/\/www.naturparkmagazin.de\/stechlin\/wp-content\/uploads\/sites\/38\/Auszeichnung-IHK_017-200x120.jpg 200w\" sizes=\"(max-width: 300px) 100vw, 300px\" \/><\/a><p id=\"caption-attachment-7366\" class=\"wp-caption-text\">Gudrun Lomas (re) nimmt f\u00fcr KuNO e. V. die Auszeichnung im IHK-Wettbewerb Region Zukunft entgegen.<\/p><\/div>\n","protected":false},"excerpt":{"rendered":"<p>Das Kulturnetz Nord Brandenburg (KuNO e. V.) l\u00e4dt j\u00e4hrlich zum Kunstsalon an wechselnden Orten im Norden Brandenburgs ein. In diesem Jahr vom 21.-23. September ins Kurt-M\u00fchlenhaupt-Museum in Bergsdorf.<\/p>\n","protected":false},"author":39,"featured_media":7365,"comment_status":"open","ping_status":"open","sticky":false,"template":"","format":"standard","meta":[],"categories":[11],"tags":[],"yoast_head":"<!-- This site is optimized with the Yoast SEO plugin v19.10 - https:\/\/yoast.com\/wordpress\/plugins\/seo\/ -->\n<title>3. Kunstsalon im M\u00fchlenhaupt-Museum Bergsdorf - Naturpark Stechlin-Ruppiner Land<\/title>\n<meta name=\"robots\" content=\"index, follow, max-snippet:-1, max-image-preview:large, max-video-preview:-1\" \/>\n<link rel=\"canonical\" href=\"https:\/\/www.naturparkmagazin.de\/stechlin\/3-kunstsalon-im-muehlenhaupt-museum-bergsdorf\/\" \/>\n<meta property=\"og:locale\" content=\"de_DE\" \/>\n<meta property=\"og:type\" content=\"article\" \/>\n<meta property=\"og:title\" content=\"3. Kunstsalon im M\u00fchlenhaupt-Museum Bergsdorf - Naturpark Stechlin-Ruppiner Land\" \/>\n<meta property=\"og:description\" content=\"Das Kulturnetz Nord Brandenburg (KuNO e. V.) l\u00e4dt j\u00e4hrlich zum Kunstsalon an wechselnden Orten im Norden Brandenburgs ein. In diesem Jahr vom 21.-23. September ins Kurt-M\u00fchlenhaupt-Museum in Bergsdorf.\" \/>\n<meta property=\"og:url\" content=\"https:\/\/www.naturparkmagazin.de\/stechlin\/3-kunstsalon-im-muehlenhaupt-museum-bergsdorf\/\" \/>\n<meta property=\"og:site_name\" content=\"Naturpark Stechlin-Ruppiner Land\" \/>\n<meta property=\"article:published_time\" content=\"2018-08-20T07:06:45+00:00\" \/>\n<meta property=\"article:modified_time\" content=\"2018-08-23T15:12:34+00:00\" \/>\n<meta property=\"og:image\" content=\"https:\/\/www.naturparkmagazin.de\/stechlin\/wp-content\/uploads\/sites\/38\/Kunstsalon.jpg\" \/>\n\t<meta property=\"og:image:width\" content=\"200\" \/>\n\t<meta property=\"og:image:height\" content=\"200\" \/>\n\t<meta property=\"og:image:type\" content=\"image\/jpeg\" \/>\n<meta name=\"author\" content=\"marioschrumpf\" \/>\n<meta name=\"twitter:label1\" content=\"Verfasst von\" \/>\n\t<meta name=\"twitter:data1\" content=\"marioschrumpf\" \/>\n\t<meta name=\"twitter:label2\" content=\"Gesch\u00e4tzte Lesezeit\" \/>\n\t<meta name=\"twitter:data2\" content=\"1\u00a0Minute\" \/>\n<script type=\"application\/ld+json\" class=\"yoast-schema-graph\">{\"@context\":\"https:\/\/schema.org\",\"@graph\":[{\"@type\":\"WebPage\",\"@id\":\"https:\/\/www.naturparkmagazin.de\/stechlin\/3-kunstsalon-im-muehlenhaupt-museum-bergsdorf\/\",\"url\":\"https:\/\/www.naturparkmagazin.de\/stechlin\/3-kunstsalon-im-muehlenhaupt-museum-bergsdorf\/\",\"name\":\"3. Kunstsalon im M\u00fchlenhaupt-Museum Bergsdorf - Naturpark Stechlin-Ruppiner Land\",\"isPartOf\":{\"@id\":\"https:\/\/www.naturparkmagazin.de\/stechlin\/#website\"},\"datePublished\":\"2018-08-20T07:06:45+00:00\",\"dateModified\":\"2018-08-23T15:12:34+00:00\",\"author\":{\"@id\":\"https:\/\/www.naturparkmagazin.de\/stechlin\/#\/schema\/person\/3f0d93203df21c806dd63c76d9bb28bc\"},\"breadcrumb\":{\"@id\":\"https:\/\/www.naturparkmagazin.de\/stechlin\/3-kunstsalon-im-muehlenhaupt-museum-bergsdorf\/#breadcrumb\"},\"inLanguage\":\"de\",\"potentialAction\":[{\"@type\":\"ReadAction\",\"target\":[\"https:\/\/www.naturparkmagazin.de\/stechlin\/3-kunstsalon-im-muehlenhaupt-museum-bergsdorf\/\"]}]},{\"@type\":\"BreadcrumbList\",\"@id\":\"https:\/\/www.naturparkmagazin.de\/stechlin\/3-kunstsalon-im-muehlenhaupt-museum-bergsdorf\/#breadcrumb\",\"itemListElement\":[{\"@type\":\"ListItem\",\"position\":1,\"name\":\"Home\",\"item\":\"https:\/\/www.naturparkmagazin.de\/stechlin\/\"},{\"@type\":\"ListItem\",\"position\":2,\"name\":\"3. Kunstsalon im M\u00fchlenhaupt-Museum Bergsdorf\"}]},{\"@type\":\"WebSite\",\"@id\":\"https:\/\/www.naturparkmagazin.de\/stechlin\/#website\",\"url\":\"https:\/\/www.naturparkmagazin.de\/stechlin\/\",\"name\":\"Naturpark Stechlin-Ruppiner Land\",\"description\":\"\",\"potentialAction\":[{\"@type\":\"SearchAction\",\"target\":{\"@type\":\"EntryPoint\",\"urlTemplate\":\"https:\/\/www.naturparkmagazin.de\/stechlin\/?s={search_term_string}\"},\"query-input\":\"required name=search_term_string\"}],\"inLanguage\":\"de\"},{\"@type\":\"Person\",\"@id\":\"https:\/\/www.naturparkmagazin.de\/stechlin\/#\/schema\/person\/3f0d93203df21c806dd63c76d9bb28bc\",\"name\":\"marioschrumpf\",\"url\":\"https:\/\/www.naturparkmagazin.de\/stechlin\/author\/marioschrumpf\/\"}]}<\/script>\n<!-- \/ Yoast SEO plugin. -->","yoast_head_json":{"title":"3. Kunstsalon im M\u00fchlenhaupt-Museum Bergsdorf - Naturpark Stechlin-Ruppiner Land","robots":{"index":"index","follow":"follow","max-snippet":"max-snippet:-1","max-image-preview":"max-image-preview:large","max-video-preview":"max-video-preview:-1"},"canonical":"https:\/\/www.naturparkmagazin.de\/stechlin\/3-kunstsalon-im-muehlenhaupt-museum-bergsdorf\/","og_locale":"de_DE","og_type":"article","og_title":"3. Kunstsalon im M\u00fchlenhaupt-Museum Bergsdorf - Naturpark Stechlin-Ruppiner Land","og_description":"Das Kulturnetz Nord Brandenburg (KuNO e. V.) l\u00e4dt j\u00e4hrlich zum Kunstsalon an wechselnden Orten im Norden Brandenburgs ein. In diesem Jahr vom 21.-23. September ins Kurt-M\u00fchlenhaupt-Museum in Bergsdorf.","og_url":"https:\/\/www.naturparkmagazin.de\/stechlin\/3-kunstsalon-im-muehlenhaupt-museum-bergsdorf\/","og_site_name":"Naturpark Stechlin-Ruppiner Land","article_published_time":"2018-08-20T07:06:45+00:00","article_modified_time":"2018-08-23T15:12:34+00:00","og_image":[{"width":200,"height":200,"url":"https:\/\/www.naturparkmagazin.de\/stechlin\/wp-content\/uploads\/sites\/38\/Kunstsalon.jpg","type":"image\/jpeg"}],"author":"marioschrumpf","twitter_misc":{"Verfasst von":"marioschrumpf","Gesch\u00e4tzte Lesezeit":"1\u00a0Minute"},"schema":{"@context":"https:\/\/schema.org","@graph":[{"@type":"WebPage","@id":"https:\/\/www.naturparkmagazin.de\/stechlin\/3-kunstsalon-im-muehlenhaupt-museum-bergsdorf\/","url":"https:\/\/www.naturparkmagazin.de\/stechlin\/3-kunstsalon-im-muehlenhaupt-museum-bergsdorf\/","name":"3. Kunstsalon im M\u00fchlenhaupt-Museum Bergsdorf - Naturpark Stechlin-Ruppiner Land","isPartOf":{"@id":"https:\/\/www.naturparkmagazin.de\/stechlin\/#website"},"datePublished":"2018-08-20T07:06:45+00:00","dateModified":"2018-08-23T15:12:34+00:00","author":{"@id":"https:\/\/www.naturparkmagazin.de\/stechlin\/#\/schema\/person\/3f0d93203df21c806dd63c76d9bb28bc"},"breadcrumb":{"@id":"https:\/\/www.naturparkmagazin.de\/stechlin\/3-kunstsalon-im-muehlenhaupt-museum-bergsdorf\/#breadcrumb"},"inLanguage":"de","potentialAction":[{"@type":"ReadAction","target":["https:\/\/www.naturparkmagazin.de\/stechlin\/3-kunstsalon-im-muehlenhaupt-museum-bergsdorf\/"]}]},{"@type":"BreadcrumbList","@id":"https:\/\/www.naturparkmagazin.de\/stechlin\/3-kunstsalon-im-muehlenhaupt-museum-bergsdorf\/#breadcrumb","itemListElement":[{"@type":"ListItem","position":1,"name":"Home","item":"https:\/\/www.naturparkmagazin.de\/stechlin\/"},{"@type":"ListItem","position":2,"name":"3. Kunstsalon im M\u00fchlenhaupt-Museum Bergsdorf"}]},{"@type":"WebSite","@id":"https:\/\/www.naturparkmagazin.de\/stechlin\/#website","url":"https:\/\/www.naturparkmagazin.de\/stechlin\/","name":"Naturpark Stechlin-Ruppiner Land","description":"","potentialAction":[{"@type":"SearchAction","target":{"@type":"EntryPoint","urlTemplate":"https:\/\/www.naturparkmagazin.de\/stechlin\/?s={search_term_string}"},"query-input":"required name=search_term_string"}],"inLanguage":"de"},{"@type":"Person","@id":"https:\/\/www.naturparkmagazin.de\/stechlin\/#\/schema\/person\/3f0d93203df21c806dd63c76d9bb28bc","name":"marioschrumpf","url":"https:\/\/www.naturparkmagazin.de\/stechlin\/author\/marioschrumpf\/"}]}},"_links":{"self":[{"href":"https:\/\/www.naturparkmagazin.de\/stechlin\/wp-json\/wp\/v2\/posts\/7364"}],"collection":[{"href":"https:\/\/www.naturparkmagazin.de\/stechlin\/wp-json\/wp\/v2\/posts"}],"about":[{"href":"https:\/\/www.naturparkmagazin.de\/stechlin\/wp-json\/wp\/v2\/types\/post"}],"author":[{"embeddable":true,"href":"https:\/\/www.naturparkmagazin.de\/stechlin\/wp-json\/wp\/v2\/users\/39"}],"replies":[{"embeddable":true,"href":"https:\/\/www.naturparkmagazin.de\/stechlin\/wp-json\/wp\/v2\/comments?post=7364"}],"version-history":[{"count":4,"href":"https:\/\/www.naturparkmagazin.de\/stechlin\/wp-json\/wp\/v2\/posts\/7364\/revisions"}],"predecessor-version":[{"id":7428,"href":"https:\/\/www.naturparkmagazin.de\/stechlin\/wp-json\/wp\/v2\/posts\/7364\/revisions\/7428"}],"wp:featuredmedia":[{"embeddable":true,"href":"https:\/\/www.naturparkmagazin.de\/stechlin\/wp-json\/wp\/v2\/media\/7365"}],"wp:attachment":[{"href":"https:\/\/www.naturparkmagazin.de\/stechlin\/wp-json\/wp\/v2\/media?parent=7364"}],"wp:term":[{"taxonomy":"category","embeddable":true,"href":"https:\/\/www.naturparkmagazin.de\/stechlin\/wp-json\/wp\/v2\/categories?post=7364"},{"taxonomy":"post_tag","embeddable":true,"href":"https:\/\/www.naturparkmagazin.de\/stechlin\/wp-json\/wp\/v2\/tags?post=7364"}],"curies":[{"name":"wp","href":"https:\/\/api.w.org\/{rel}","templated":true}]}}