{"id":7380,"date":"2018-08-18T14:05:56","date_gmt":"2018-08-18T12:05:56","guid":{"rendered":"https:\/\/www.naturparkmagazin.de\/stechlin\/?p=7380"},"modified":"2018-08-23T17:27:17","modified_gmt":"2018-08-23T15:27:17","slug":"3-nachhaltigkeitstag-in-der-rheinsberger-preussenquelle","status":"publish","type":"post","link":"https:\/\/www.naturparkmagazin.de\/stechlin\/3-nachhaltigkeitstag-in-der-rheinsberger-preussenquelle\/","title":{"rendered":"3. Nachhaltigkeitstag der Rheinsberger Preussenquelle"},"content":{"rendered":"<p><a href=\"https:\/\/www.naturparkmagazin.de\/stechlin\/wp-content\/uploads\/sites\/38\/ank\u00fcndigung2018.jpg\"><img decoding=\"async\" loading=\"lazy\" class=\" size-thumbnail wp-image-7383 aligncenter\" src=\"https:\/\/www.naturparkmagazin.de\/stechlin\/wp-content\/uploads\/sites\/38\/ank\u00fcndigung2018-300x192.jpg\" alt=\"NP SRL\/Preussenquelle\" width=\"300\" height=\"192\" srcset=\"https:\/\/www.naturparkmagazin.de\/stechlin\/wp-content\/uploads\/sites\/38\/ank\u00fcndigung2018-300x192.jpg 300w, https:\/\/www.naturparkmagazin.de\/stechlin\/wp-content\/uploads\/sites\/38\/ank\u00fcndigung2018.jpg 500w, https:\/\/www.naturparkmagazin.de\/stechlin\/wp-content\/uploads\/sites\/38\/ank\u00fcndigung2018-200x128.jpg 200w\" sizes=\"(max-width: 300px) 100vw, 300px\" \/><\/a>Auf geht\u2019s zum 3. Nachhaltigkeitstag der Rheinsberger Preussenquelle am <strong>22.9.2018<\/strong>. Lernen Sie unser Bio-Mineralwasser aus der Region kennen und erleben Sie, was wir und viele Gleichgesinnte aus der Region und dem Naturpark Stechlin-Ruppiner Land alles daf\u00fcr tun.<\/p>\n<p>Unter dem Motto \u201e<em>Offen f\u00fcr das Wesentliche<\/em>\u201c bieten wir f\u00fcr die ganze Familie eine bunte Angebotspalette. Lassen Sie sich \u00fcberraschen.<\/p>\n<p>Erfahren Sie auf dem dritten Nachhaltigkeitstag der Rheinsberger Preussenquelle, wie sich ein Bio-Mineralwasser von einem herk\u00f6mmlichen Mineralwasser unterscheidet. Entdecken Sie die Rheinsberger Preussenquelle und unser bestes Wasser f\u00fcr die Region, das aus dieser unverf\u00e4lscht reinen Quelle entspringt.<\/p>\n<p>Finden Sie heraus, was die Rheinsberger Preussenquelle mit Freunden und Partnern aktiv f\u00fcr eine gesunde Umwelt tut und wie sie sich bewusst f\u00fcr sie einsetzen. Lassen Sie sich auch dar\u00fcber informieren, an welchen \u00d6kologie- und Umweltprojekten die Rheinsberger Preussenquelle als Partner des Naturparks Stechlin-Ruppiner Land teilnimmt und wie sie diese Projekte f\u00f6rdert.<\/p>\n<p><a href=\"https:\/\/www.naturparkmagazin.de\/stechlin\/wp-content\/uploads\/sites\/38\/Nachhaltigkeit_35.jpg\"><img decoding=\"async\" loading=\"lazy\" class=\" size-thumbnail wp-image-7384 aligncenter\" src=\"https:\/\/www.naturparkmagazin.de\/stechlin\/wp-content\/uploads\/sites\/38\/Nachhaltigkeit_35-300x180.jpg\" alt=\"NP SRL\/Heiko Strobel\" width=\"300\" height=\"180\" srcset=\"https:\/\/www.naturparkmagazin.de\/stechlin\/wp-content\/uploads\/sites\/38\/Nachhaltigkeit_35-300x180.jpg 300w, https:\/\/www.naturparkmagazin.de\/stechlin\/wp-content\/uploads\/sites\/38\/Nachhaltigkeit_35.jpg 500w, https:\/\/www.naturparkmagazin.de\/stechlin\/wp-content\/uploads\/sites\/38\/Nachhaltigkeit_35-200x120.jpg 200w\" sizes=\"(max-width: 300px) 100vw, 300px\" \/><\/a>Auch auf dem\u00a03. Nachhaltigkeitstag der Rheinsberger Preussenquelle m\u00f6chte diese Ihnen zeigen, wie sie Nachhaltigkeit versteht, lebt und vorantreibt. Erleben Sie vor Ort, wie sich Partner und Freunde aus zahlreichen Bereichen regional und nachhaltig engagieren. Unternehmen, Institutionen, Vereine und Dienstleister hei\u00dfen Sie an Themen- und Verkaufsst\u00e4nden herzlich willkommen und kl\u00e4ren gerne \u00fcber das eigene regionale und \u00f6kologische Engagement auf.<\/p>\n<p>&nbsp;<\/p>\n<p><a href=\"https:\/\/www.preussenquelle.de\/\">Hier geht\u00b4s zur Webseite <\/a>(klick auf &#8222;Offen f\u00fcr das Wesentliche&#8220;)!<\/p>\n<p><a href=\"https:\/\/www.stechlin-ruppiner-land-naturpark.de\/fileadmin\/user_upload\/PDF\/Stechlin-Ruppin\/Aktuelles\/Nachhaltigkeitstag_Plakat_k.pdf\">Hier geht\u00b4s zum download des Flyers <\/a>(pdf &#8211; 1,4 MB)!<\/p>\n","protected":false},"excerpt":{"rendered":"<p>Auf geht\u2019s zum 3. Nachhaltigkeitstag der Rheinsberger Preussenquelle. Lernen Sie unser Bio-Mineralwasser aus der Region kennen und erleben Sie, was wir und viele Gleichgesinnte aus der Region und dem Naturpark Stechlin-Ruppiner Land alles daf\u00fcr tun.<\/p>\n","protected":false},"author":39,"featured_media":7385,"comment_status":"open","ping_status":"open","sticky":false,"template":"","format":"standard","meta":[],"categories":[11],"tags":[],"yoast_head":"<!-- This site is optimized with the Yoast SEO plugin v19.10 - https:\/\/yoast.com\/wordpress\/plugins\/seo\/ -->\n<title>3. Nachhaltigkeitstag der Rheinsberger Preussenquelle - Naturpark Stechlin-Ruppiner Land<\/title>\n<meta name=\"robots\" content=\"index, follow, max-snippet:-1, max-image-preview:large, max-video-preview:-1\" \/>\n<link rel=\"canonical\" href=\"https:\/\/www.naturparkmagazin.de\/stechlin\/3-nachhaltigkeitstag-in-der-rheinsberger-preussenquelle\/\" \/>\n<meta property=\"og:locale\" content=\"de_DE\" \/>\n<meta property=\"og:type\" content=\"article\" \/>\n<meta property=\"og:title\" content=\"3. Nachhaltigkeitstag der Rheinsberger Preussenquelle - Naturpark Stechlin-Ruppiner Land\" \/>\n<meta property=\"og:description\" content=\"Auf geht\u2019s zum 3. Nachhaltigkeitstag der Rheinsberger Preussenquelle. Lernen Sie unser Bio-Mineralwasser aus der Region kennen und erleben Sie, was wir und viele Gleichgesinnte aus der Region und dem Naturpark Stechlin-Ruppiner Land alles daf\u00fcr tun.\" \/>\n<meta property=\"og:url\" content=\"https:\/\/www.naturparkmagazin.de\/stechlin\/3-nachhaltigkeitstag-in-der-rheinsberger-preussenquelle\/\" \/>\n<meta property=\"og:site_name\" content=\"Naturpark Stechlin-Ruppiner Land\" \/>\n<meta property=\"article:published_time\" content=\"2018-08-18T12:05:56+00:00\" \/>\n<meta property=\"article:modified_time\" content=\"2018-08-23T15:27:17+00:00\" \/>\n<meta property=\"og:image\" content=\"https:\/\/www.naturparkmagazin.de\/stechlin\/wp-content\/uploads\/sites\/38\/Nachhaltigkeit_031.jpg\" \/>\n\t<meta property=\"og:image:width\" content=\"200\" \/>\n\t<meta property=\"og:image:height\" content=\"200\" \/>\n\t<meta property=\"og:image:type\" content=\"image\/jpeg\" \/>\n<meta name=\"author\" content=\"marioschrumpf\" \/>\n<meta name=\"twitter:label1\" content=\"Verfasst von\" \/>\n\t<meta name=\"twitter:data1\" content=\"marioschrumpf\" \/>\n\t<meta name=\"twitter:label2\" content=\"Gesch\u00e4tzte Lesezeit\" \/>\n\t<meta name=\"twitter:data2\" content=\"1\u00a0Minute\" \/>\n<script type=\"application\/ld+json\" class=\"yoast-schema-graph\">{\"@context\":\"https:\/\/schema.org\",\"@graph\":[{\"@type\":\"WebPage\",\"@id\":\"https:\/\/www.naturparkmagazin.de\/stechlin\/3-nachhaltigkeitstag-in-der-rheinsberger-preussenquelle\/\",\"url\":\"https:\/\/www.naturparkmagazin.de\/stechlin\/3-nachhaltigkeitstag-in-der-rheinsberger-preussenquelle\/\",\"name\":\"3. Nachhaltigkeitstag der Rheinsberger Preussenquelle - Naturpark Stechlin-Ruppiner Land\",\"isPartOf\":{\"@id\":\"https:\/\/www.naturparkmagazin.de\/stechlin\/#website\"},\"datePublished\":\"2018-08-18T12:05:56+00:00\",\"dateModified\":\"2018-08-23T15:27:17+00:00\",\"author\":{\"@id\":\"https:\/\/www.naturparkmagazin.de\/stechlin\/#\/schema\/person\/3f0d93203df21c806dd63c76d9bb28bc\"},\"breadcrumb\":{\"@id\":\"https:\/\/www.naturparkmagazin.de\/stechlin\/3-nachhaltigkeitstag-in-der-rheinsberger-preussenquelle\/#breadcrumb\"},\"inLanguage\":\"de\",\"potentialAction\":[{\"@type\":\"ReadAction\",\"target\":[\"https:\/\/www.naturparkmagazin.de\/stechlin\/3-nachhaltigkeitstag-in-der-rheinsberger-preussenquelle\/\"]}]},{\"@type\":\"BreadcrumbList\",\"@id\":\"https:\/\/www.naturparkmagazin.de\/stechlin\/3-nachhaltigkeitstag-in-der-rheinsberger-preussenquelle\/#breadcrumb\",\"itemListElement\":[{\"@type\":\"ListItem\",\"position\":1,\"name\":\"Home\",\"item\":\"https:\/\/www.naturparkmagazin.de\/stechlin\/\"},{\"@type\":\"ListItem\",\"position\":2,\"name\":\"3. Nachhaltigkeitstag der Rheinsberger Preussenquelle\"}]},{\"@type\":\"WebSite\",\"@id\":\"https:\/\/www.naturparkmagazin.de\/stechlin\/#website\",\"url\":\"https:\/\/www.naturparkmagazin.de\/stechlin\/\",\"name\":\"Naturpark Stechlin-Ruppiner Land\",\"description\":\"\",\"potentialAction\":[{\"@type\":\"SearchAction\",\"target\":{\"@type\":\"EntryPoint\",\"urlTemplate\":\"https:\/\/www.naturparkmagazin.de\/stechlin\/?s={search_term_string}\"},\"query-input\":\"required name=search_term_string\"}],\"inLanguage\":\"de\"},{\"@type\":\"Person\",\"@id\":\"https:\/\/www.naturparkmagazin.de\/stechlin\/#\/schema\/person\/3f0d93203df21c806dd63c76d9bb28bc\",\"name\":\"marioschrumpf\",\"url\":\"https:\/\/www.naturparkmagazin.de\/stechlin\/author\/marioschrumpf\/\"}]}<\/script>\n<!-- \/ Yoast SEO plugin. -->","yoast_head_json":{"title":"3. Nachhaltigkeitstag der Rheinsberger Preussenquelle - Naturpark Stechlin-Ruppiner Land","robots":{"index":"index","follow":"follow","max-snippet":"max-snippet:-1","max-image-preview":"max-image-preview:large","max-video-preview":"max-video-preview:-1"},"canonical":"https:\/\/www.naturparkmagazin.de\/stechlin\/3-nachhaltigkeitstag-in-der-rheinsberger-preussenquelle\/","og_locale":"de_DE","og_type":"article","og_title":"3. Nachhaltigkeitstag der Rheinsberger Preussenquelle - Naturpark Stechlin-Ruppiner Land","og_description":"Auf geht\u2019s zum 3. Nachhaltigkeitstag der Rheinsberger Preussenquelle. Lernen Sie unser Bio-Mineralwasser aus der Region kennen und erleben Sie, was wir und viele Gleichgesinnte aus der Region und dem Naturpark Stechlin-Ruppiner Land alles daf\u00fcr tun.","og_url":"https:\/\/www.naturparkmagazin.de\/stechlin\/3-nachhaltigkeitstag-in-der-rheinsberger-preussenquelle\/","og_site_name":"Naturpark Stechlin-Ruppiner Land","article_published_time":"2018-08-18T12:05:56+00:00","article_modified_time":"2018-08-23T15:27:17+00:00","og_image":[{"width":200,"height":200,"url":"https:\/\/www.naturparkmagazin.de\/stechlin\/wp-content\/uploads\/sites\/38\/Nachhaltigkeit_031.jpg","type":"image\/jpeg"}],"author":"marioschrumpf","twitter_misc":{"Verfasst von":"marioschrumpf","Gesch\u00e4tzte Lesezeit":"1\u00a0Minute"},"schema":{"@context":"https:\/\/schema.org","@graph":[{"@type":"WebPage","@id":"https:\/\/www.naturparkmagazin.de\/stechlin\/3-nachhaltigkeitstag-in-der-rheinsberger-preussenquelle\/","url":"https:\/\/www.naturparkmagazin.de\/stechlin\/3-nachhaltigkeitstag-in-der-rheinsberger-preussenquelle\/","name":"3. Nachhaltigkeitstag der Rheinsberger Preussenquelle - Naturpark Stechlin-Ruppiner Land","isPartOf":{"@id":"https:\/\/www.naturparkmagazin.de\/stechlin\/#website"},"datePublished":"2018-08-18T12:05:56+00:00","dateModified":"2018-08-23T15:27:17+00:00","author":{"@id":"https:\/\/www.naturparkmagazin.de\/stechlin\/#\/schema\/person\/3f0d93203df21c806dd63c76d9bb28bc"},"breadcrumb":{"@id":"https:\/\/www.naturparkmagazin.de\/stechlin\/3-nachhaltigkeitstag-in-der-rheinsberger-preussenquelle\/#breadcrumb"},"inLanguage":"de","potentialAction":[{"@type":"ReadAction","target":["https:\/\/www.naturparkmagazin.de\/stechlin\/3-nachhaltigkeitstag-in-der-rheinsberger-preussenquelle\/"]}]},{"@type":"BreadcrumbList","@id":"https:\/\/www.naturparkmagazin.de\/stechlin\/3-nachhaltigkeitstag-in-der-rheinsberger-preussenquelle\/#breadcrumb","itemListElement":[{"@type":"ListItem","position":1,"name":"Home","item":"https:\/\/www.naturparkmagazin.de\/stechlin\/"},{"@type":"ListItem","position":2,"name":"3. Nachhaltigkeitstag der Rheinsberger Preussenquelle"}]},{"@type":"WebSite","@id":"https:\/\/www.naturparkmagazin.de\/stechlin\/#website","url":"https:\/\/www.naturparkmagazin.de\/stechlin\/","name":"Naturpark Stechlin-Ruppiner Land","description":"","potentialAction":[{"@type":"SearchAction","target":{"@type":"EntryPoint","urlTemplate":"https:\/\/www.naturparkmagazin.de\/stechlin\/?s={search_term_string}"},"query-input":"required name=search_term_string"}],"inLanguage":"de"},{"@type":"Person","@id":"https:\/\/www.naturparkmagazin.de\/stechlin\/#\/schema\/person\/3f0d93203df21c806dd63c76d9bb28bc","name":"marioschrumpf","url":"https:\/\/www.naturparkmagazin.de\/stechlin\/author\/marioschrumpf\/"}]}},"_links":{"self":[{"href":"https:\/\/www.naturparkmagazin.de\/stechlin\/wp-json\/wp\/v2\/posts\/7380"}],"collection":[{"href":"https:\/\/www.naturparkmagazin.de\/stechlin\/wp-json\/wp\/v2\/posts"}],"about":[{"href":"https:\/\/www.naturparkmagazin.de\/stechlin\/wp-json\/wp\/v2\/types\/post"}],"author":[{"embeddable":true,"href":"https:\/\/www.naturparkmagazin.de\/stechlin\/wp-json\/wp\/v2\/users\/39"}],"replies":[{"embeddable":true,"href":"https:\/\/www.naturparkmagazin.de\/stechlin\/wp-json\/wp\/v2\/comments?post=7380"}],"version-history":[{"count":4,"href":"https:\/\/www.naturparkmagazin.de\/stechlin\/wp-json\/wp\/v2\/posts\/7380\/revisions"}],"predecessor-version":[{"id":7433,"href":"https:\/\/www.naturparkmagazin.de\/stechlin\/wp-json\/wp\/v2\/posts\/7380\/revisions\/7433"}],"wp:featuredmedia":[{"embeddable":true,"href":"https:\/\/www.naturparkmagazin.de\/stechlin\/wp-json\/wp\/v2\/media\/7385"}],"wp:attachment":[{"href":"https:\/\/www.naturparkmagazin.de\/stechlin\/wp-json\/wp\/v2\/media?parent=7380"}],"wp:term":[{"taxonomy":"category","embeddable":true,"href":"https:\/\/www.naturparkmagazin.de\/stechlin\/wp-json\/wp\/v2\/categories?post=7380"},{"taxonomy":"post_tag","embeddable":true,"href":"https:\/\/www.naturparkmagazin.de\/stechlin\/wp-json\/wp\/v2\/tags?post=7380"}],"curies":[{"name":"wp","href":"https:\/\/api.w.org\/{rel}","templated":true}]}}