{"id":7389,"date":"2018-08-18T07:29:08","date_gmt":"2018-08-18T05:29:08","guid":{"rendered":"https:\/\/www.naturparkmagazin.de\/stechlin\/?p=7389"},"modified":"2018-08-24T08:03:52","modified_gmt":"2018-08-24T06:03:52","slug":"bernhard-drixler","status":"publish","type":"post","link":"https:\/\/www.naturparkmagazin.de\/stechlin\/bernhard-drixler\/","title":{"rendered":"Bernhard Drixler"},"content":{"rendered":"<div id=\"attachment_7390\" style=\"width: 210px\" class=\"wp-caption aligncenter\"><a href=\"https:\/\/www.naturparkmagazin.de\/stechlin\/wp-content\/uploads\/sites\/38\/Bernhard-Drixler_Stefanie-Fedders.jpg\"><img aria-describedby=\"caption-attachment-7390\" decoding=\"async\" loading=\"lazy\" class=\"size-full wp-image-7390\" src=\"https:\/\/www.naturparkmagazin.de\/stechlin\/wp-content\/uploads\/sites\/38\/Bernhard-Drixler_Stefanie-Fedders.jpg\" alt=\"Bernhard Drixler  (Foto: Stefanie Fedders)\" width=\"200\" height=\"200\" srcset=\"https:\/\/www.naturparkmagazin.de\/stechlin\/wp-content\/uploads\/sites\/38\/Bernhard-Drixler_Stefanie-Fedders.jpg 200w, https:\/\/www.naturparkmagazin.de\/stechlin\/wp-content\/uploads\/sites\/38\/Bernhard-Drixler_Stefanie-Fedders-30x30.jpg 30w\" sizes=\"(max-width: 200px) 100vw, 200px\" \/><\/a><p id=\"caption-attachment-7390\" class=\"wp-caption-text\">Bernhard Drixler(Foto: Stefanie Fedders)<\/p><\/div>\n<p>Der Gesch\u00e4ftsf\u00fchrer des Naturparks Schw\u00e4bisch-Fr\u00e4nkischer Wald war im August f\u00fcr drei Tage zu Gast im Naturpark Stechlin-Ruppiner Land. Als Qualit\u00e4ts-Scout evaluierte er im Auftrag des Verbandes Deutscher Naturparke unseren Naturpark. Auf dem Programm standen u.a. eine F\u00fchrung durch das Besucherzentrum NaturParkHaus Stechlin und den Sinnesgarten, eine gemeinsame Gebietskontrolle mit der Naturwacht im NSG Wumm- und Twernsee, die Pressevorstellung des Ackerflorenprojektes in F\u00fcrstenberg\/Havel und eine Exkursion in die Kyritz-Ruppiner Heide.<\/p>\n<p>In einem Gespr\u00e4ch mit dem Vorsitzenden des F\u00f6rdervereins Naturlandschaft Stechlin und Menzer Heide e. V., Dr. Wolfgang Henkel, dem Vizelandrat des Landkreises Ostprignitz-Ruppin, Werner N\u00fcse und\u00a0Naturparkleiter Mario Schrumpf machte der Baden-W\u00fcrtenberger auf die St\u00e4rken und Schw\u00e4chen unseres Naturparks aufmerksam. Im anschlie\u00dfenden Pressegespr\u00e4ch informierte Drixler, dass der Naturpark erfolgreich evaluiert und im September zum Deutschen Naturparktag in Eisenach die Auszeichnung als Qualit\u00e4ts-Naturpark erneut entgegen nehmen kann.<\/p>\n<p>Als Scout brachte er aber auch seine Sorge zum Ausdruck, dass die Naturparkarbeit auf diesem hohen Niveau massiv gef\u00e4hrdet ist, wenn im Zuge der Personalbedarfsplanung 2020 des Landes Brandenburg die Mitarbeiterzahl von 4 auf 3 reduziert wird.<\/p>\n<p>&nbsp;<\/p>\n","protected":false},"excerpt":{"rendered":"<p>Der Gesch\u00e4ftsf\u00fchrer des Naturparks Schw\u00e4bisch-Fr\u00e4nkischer Wald war im August f\u00fcr drei Tage zu Gast im Naturpark Stechlin-Ruppiner Land. Als Qualit\u00e4ts-Scout evaluierte er im Auftrag des Verbandes Deutscher Naturparke unseren Naturpark. Auf dem Programm standen u.a. eine F\u00fchrung durch das Besucherzentrum NaturParkHaus Stechlin und den Sinnesgarten, eine gemeinsame Gebietskontrolle mit der Naturwacht im NSG Wumm- und<\/p>\n","protected":false},"author":39,"featured_media":7390,"comment_status":"open","ping_status":"open","sticky":false,"template":"","format":"standard","meta":[],"categories":[8],"tags":[],"yoast_head":"<!-- This site is optimized with the Yoast SEO plugin v19.10 - https:\/\/yoast.com\/wordpress\/plugins\/seo\/ -->\n<title>Bernhard Drixler - Naturpark Stechlin-Ruppiner Land<\/title>\n<meta name=\"robots\" content=\"index, follow, max-snippet:-1, max-image-preview:large, max-video-preview:-1\" \/>\n<link rel=\"canonical\" href=\"https:\/\/www.naturparkmagazin.de\/stechlin\/bernhard-drixler\/\" \/>\n<meta property=\"og:locale\" content=\"de_DE\" \/>\n<meta property=\"og:type\" content=\"article\" \/>\n<meta property=\"og:title\" content=\"Bernhard Drixler - Naturpark Stechlin-Ruppiner Land\" \/>\n<meta property=\"og:description\" content=\"Der Gesch\u00e4ftsf\u00fchrer des Naturparks Schw\u00e4bisch-Fr\u00e4nkischer Wald war im August f\u00fcr drei Tage zu Gast im Naturpark Stechlin-Ruppiner Land. Als Qualit\u00e4ts-Scout evaluierte er im Auftrag des Verbandes Deutscher Naturparke unseren Naturpark. Auf dem Programm standen u.a. eine F\u00fchrung durch das Besucherzentrum NaturParkHaus Stechlin und den Sinnesgarten, eine gemeinsame Gebietskontrolle mit der Naturwacht im NSG Wumm- und\" \/>\n<meta property=\"og:url\" content=\"https:\/\/www.naturparkmagazin.de\/stechlin\/bernhard-drixler\/\" \/>\n<meta property=\"og:site_name\" content=\"Naturpark Stechlin-Ruppiner Land\" \/>\n<meta property=\"article:published_time\" content=\"2018-08-18T05:29:08+00:00\" \/>\n<meta property=\"article:modified_time\" content=\"2018-08-24T06:03:52+00:00\" \/>\n<meta property=\"og:image\" content=\"https:\/\/www.naturparkmagazin.de\/stechlin\/wp-content\/uploads\/sites\/38\/Bernhard-Drixler_Stefanie-Fedders.jpg\" \/>\n\t<meta property=\"og:image:width\" content=\"200\" \/>\n\t<meta property=\"og:image:height\" content=\"200\" \/>\n\t<meta property=\"og:image:type\" content=\"image\/jpeg\" \/>\n<meta name=\"author\" content=\"marioschrumpf\" \/>\n<meta name=\"twitter:label1\" content=\"Verfasst von\" \/>\n\t<meta name=\"twitter:data1\" content=\"marioschrumpf\" \/>\n\t<meta name=\"twitter:label2\" content=\"Gesch\u00e4tzte Lesezeit\" \/>\n\t<meta name=\"twitter:data2\" content=\"1\u00a0Minute\" \/>\n<script type=\"application\/ld+json\" class=\"yoast-schema-graph\">{\"@context\":\"https:\/\/schema.org\",\"@graph\":[{\"@type\":\"WebPage\",\"@id\":\"https:\/\/www.naturparkmagazin.de\/stechlin\/bernhard-drixler\/\",\"url\":\"https:\/\/www.naturparkmagazin.de\/stechlin\/bernhard-drixler\/\",\"name\":\"Bernhard Drixler - Naturpark Stechlin-Ruppiner Land\",\"isPartOf\":{\"@id\":\"https:\/\/www.naturparkmagazin.de\/stechlin\/#website\"},\"datePublished\":\"2018-08-18T05:29:08+00:00\",\"dateModified\":\"2018-08-24T06:03:52+00:00\",\"author\":{\"@id\":\"https:\/\/www.naturparkmagazin.de\/stechlin\/#\/schema\/person\/3f0d93203df21c806dd63c76d9bb28bc\"},\"breadcrumb\":{\"@id\":\"https:\/\/www.naturparkmagazin.de\/stechlin\/bernhard-drixler\/#breadcrumb\"},\"inLanguage\":\"de\",\"potentialAction\":[{\"@type\":\"ReadAction\",\"target\":[\"https:\/\/www.naturparkmagazin.de\/stechlin\/bernhard-drixler\/\"]}]},{\"@type\":\"BreadcrumbList\",\"@id\":\"https:\/\/www.naturparkmagazin.de\/stechlin\/bernhard-drixler\/#breadcrumb\",\"itemListElement\":[{\"@type\":\"ListItem\",\"position\":1,\"name\":\"Home\",\"item\":\"https:\/\/www.naturparkmagazin.de\/stechlin\/\"},{\"@type\":\"ListItem\",\"position\":2,\"name\":\"Bernhard Drixler\"}]},{\"@type\":\"WebSite\",\"@id\":\"https:\/\/www.naturparkmagazin.de\/stechlin\/#website\",\"url\":\"https:\/\/www.naturparkmagazin.de\/stechlin\/\",\"name\":\"Naturpark Stechlin-Ruppiner Land\",\"description\":\"\",\"potentialAction\":[{\"@type\":\"SearchAction\",\"target\":{\"@type\":\"EntryPoint\",\"urlTemplate\":\"https:\/\/www.naturparkmagazin.de\/stechlin\/?s={search_term_string}\"},\"query-input\":\"required name=search_term_string\"}],\"inLanguage\":\"de\"},{\"@type\":\"Person\",\"@id\":\"https:\/\/www.naturparkmagazin.de\/stechlin\/#\/schema\/person\/3f0d93203df21c806dd63c76d9bb28bc\",\"name\":\"marioschrumpf\",\"url\":\"https:\/\/www.naturparkmagazin.de\/stechlin\/author\/marioschrumpf\/\"}]}<\/script>\n<!-- \/ Yoast SEO plugin. -->","yoast_head_json":{"title":"Bernhard Drixler - Naturpark Stechlin-Ruppiner Land","robots":{"index":"index","follow":"follow","max-snippet":"max-snippet:-1","max-image-preview":"max-image-preview:large","max-video-preview":"max-video-preview:-1"},"canonical":"https:\/\/www.naturparkmagazin.de\/stechlin\/bernhard-drixler\/","og_locale":"de_DE","og_type":"article","og_title":"Bernhard Drixler - Naturpark Stechlin-Ruppiner Land","og_description":"Der Gesch\u00e4ftsf\u00fchrer des Naturparks Schw\u00e4bisch-Fr\u00e4nkischer Wald war im August f\u00fcr drei Tage zu Gast im Naturpark Stechlin-Ruppiner Land. Als Qualit\u00e4ts-Scout evaluierte er im Auftrag des Verbandes Deutscher Naturparke unseren Naturpark. Auf dem Programm standen u.a. eine F\u00fchrung durch das Besucherzentrum NaturParkHaus Stechlin und den Sinnesgarten, eine gemeinsame Gebietskontrolle mit der Naturwacht im NSG Wumm- und","og_url":"https:\/\/www.naturparkmagazin.de\/stechlin\/bernhard-drixler\/","og_site_name":"Naturpark Stechlin-Ruppiner Land","article_published_time":"2018-08-18T05:29:08+00:00","article_modified_time":"2018-08-24T06:03:52+00:00","og_image":[{"width":200,"height":200,"url":"https:\/\/www.naturparkmagazin.de\/stechlin\/wp-content\/uploads\/sites\/38\/Bernhard-Drixler_Stefanie-Fedders.jpg","type":"image\/jpeg"}],"author":"marioschrumpf","twitter_misc":{"Verfasst von":"marioschrumpf","Gesch\u00e4tzte Lesezeit":"1\u00a0Minute"},"schema":{"@context":"https:\/\/schema.org","@graph":[{"@type":"WebPage","@id":"https:\/\/www.naturparkmagazin.de\/stechlin\/bernhard-drixler\/","url":"https:\/\/www.naturparkmagazin.de\/stechlin\/bernhard-drixler\/","name":"Bernhard Drixler - Naturpark Stechlin-Ruppiner Land","isPartOf":{"@id":"https:\/\/www.naturparkmagazin.de\/stechlin\/#website"},"datePublished":"2018-08-18T05:29:08+00:00","dateModified":"2018-08-24T06:03:52+00:00","author":{"@id":"https:\/\/www.naturparkmagazin.de\/stechlin\/#\/schema\/person\/3f0d93203df21c806dd63c76d9bb28bc"},"breadcrumb":{"@id":"https:\/\/www.naturparkmagazin.de\/stechlin\/bernhard-drixler\/#breadcrumb"},"inLanguage":"de","potentialAction":[{"@type":"ReadAction","target":["https:\/\/www.naturparkmagazin.de\/stechlin\/bernhard-drixler\/"]}]},{"@type":"BreadcrumbList","@id":"https:\/\/www.naturparkmagazin.de\/stechlin\/bernhard-drixler\/#breadcrumb","itemListElement":[{"@type":"ListItem","position":1,"name":"Home","item":"https:\/\/www.naturparkmagazin.de\/stechlin\/"},{"@type":"ListItem","position":2,"name":"Bernhard Drixler"}]},{"@type":"WebSite","@id":"https:\/\/www.naturparkmagazin.de\/stechlin\/#website","url":"https:\/\/www.naturparkmagazin.de\/stechlin\/","name":"Naturpark Stechlin-Ruppiner Land","description":"","potentialAction":[{"@type":"SearchAction","target":{"@type":"EntryPoint","urlTemplate":"https:\/\/www.naturparkmagazin.de\/stechlin\/?s={search_term_string}"},"query-input":"required name=search_term_string"}],"inLanguage":"de"},{"@type":"Person","@id":"https:\/\/www.naturparkmagazin.de\/stechlin\/#\/schema\/person\/3f0d93203df21c806dd63c76d9bb28bc","name":"marioschrumpf","url":"https:\/\/www.naturparkmagazin.de\/stechlin\/author\/marioschrumpf\/"}]}},"_links":{"self":[{"href":"https:\/\/www.naturparkmagazin.de\/stechlin\/wp-json\/wp\/v2\/posts\/7389"}],"collection":[{"href":"https:\/\/www.naturparkmagazin.de\/stechlin\/wp-json\/wp\/v2\/posts"}],"about":[{"href":"https:\/\/www.naturparkmagazin.de\/stechlin\/wp-json\/wp\/v2\/types\/post"}],"author":[{"embeddable":true,"href":"https:\/\/www.naturparkmagazin.de\/stechlin\/wp-json\/wp\/v2\/users\/39"}],"replies":[{"embeddable":true,"href":"https:\/\/www.naturparkmagazin.de\/stechlin\/wp-json\/wp\/v2\/comments?post=7389"}],"version-history":[{"count":5,"href":"https:\/\/www.naturparkmagazin.de\/stechlin\/wp-json\/wp\/v2\/posts\/7389\/revisions"}],"predecessor-version":[{"id":7474,"href":"https:\/\/www.naturparkmagazin.de\/stechlin\/wp-json\/wp\/v2\/posts\/7389\/revisions\/7474"}],"wp:featuredmedia":[{"embeddable":true,"href":"https:\/\/www.naturparkmagazin.de\/stechlin\/wp-json\/wp\/v2\/media\/7390"}],"wp:attachment":[{"href":"https:\/\/www.naturparkmagazin.de\/stechlin\/wp-json\/wp\/v2\/media?parent=7389"}],"wp:term":[{"taxonomy":"category","embeddable":true,"href":"https:\/\/www.naturparkmagazin.de\/stechlin\/wp-json\/wp\/v2\/categories?post=7389"},{"taxonomy":"post_tag","embeddable":true,"href":"https:\/\/www.naturparkmagazin.de\/stechlin\/wp-json\/wp\/v2\/tags?post=7389"}],"curies":[{"name":"wp","href":"https:\/\/api.w.org\/{rel}","templated":true}]}}