{"id":7395,"date":"2018-08-18T22:00:22","date_gmt":"2018-08-18T20:00:22","guid":{"rendered":"https:\/\/www.naturparkmagazin.de\/stechlin\/?p=7395"},"modified":"2018-08-24T14:40:04","modified_gmt":"2018-08-24T12:40:04","slug":"naturpark-erfolgreich-als-qualitaets-naturpark-evaluiert","status":"publish","type":"post","link":"https:\/\/www.naturparkmagazin.de\/stechlin\/naturpark-erfolgreich-als-qualitaets-naturpark-evaluiert\/","title":{"rendered":"Naturpark erfolgreich als Qualit\u00e4ts-Naturpark evaluiert"},"content":{"rendered":"<div id=\"attachment_7397\" style=\"width: 310px\" class=\"wp-caption aligncenter\"><a href=\"https:\/\/www.naturparkmagazin.de\/stechlin\/wp-content\/uploads\/sites\/38\/menz_evaluierung_naturpark_Stefanie-Fedders.jpg\"><img aria-describedby=\"caption-attachment-7397\" decoding=\"async\" loading=\"lazy\" class=\"wp-image-7397 size-thumbnail\" src=\"https:\/\/www.naturparkmagazin.de\/stechlin\/wp-content\/uploads\/sites\/38\/menz_evaluierung_naturpark_Stefanie-Fedders-300x180.jpg\" alt=\"Qualit\u00e4ts-Scout Bernhard Drixler, Naturparkleiter Mario Schrumpf und Vorstandsmitglied im Kuratorium Werner N\u00fcse stellte sich den Fragen der Presse.\" width=\"300\" height=\"180\" srcset=\"https:\/\/www.naturparkmagazin.de\/stechlin\/wp-content\/uploads\/sites\/38\/menz_evaluierung_naturpark_Stefanie-Fedders-300x180.jpg 300w, https:\/\/www.naturparkmagazin.de\/stechlin\/wp-content\/uploads\/sites\/38\/menz_evaluierung_naturpark_Stefanie-Fedders.jpg 500w, https:\/\/www.naturparkmagazin.de\/stechlin\/wp-content\/uploads\/sites\/38\/menz_evaluierung_naturpark_Stefanie-Fedders-200x120.jpg 200w\" sizes=\"(max-width: 300px) 100vw, 300px\" \/><\/a><p id=\"caption-attachment-7397\" class=\"wp-caption-text\">Qualit\u00e4ts-Scout Bernhard Drixler, Naturparkleiter Mario Schrumpf und Vorstandsmitglied im Kuratorium Werner N\u00fcse stellten sich den Fragen der Presse. (Foto: Stefanie Fedders)<\/p><\/div>\n<p>2008 wurde der <strong>Naturpark Stechlin-Ruppiner Land<\/strong> vom Verband Deutscher Naturparke (VDN) nach einem umfangreichen Zertifizierungsverfahren erstmalig als <strong>Qualit\u00e4ts-Naturpark<\/strong> ausgezeichnet.<\/p>\n<p>Alle 5 Jahre wird durch einen unabh\u00e4ngigen Qualit\u00e4ts-Scout \u00fcberpr\u00fcft, ob der Naturpark noch die Voraussetzungen erf\u00fcllt.<\/p>\n<p>Nach der ersten erfolgreichen Evaluierung 2013 stand im August die erneute \u00dcberpr\u00fcfung an.<\/p>\n<p>Zun\u00e4chst musste daf\u00fcr ein 115 Seiten umfassender Kriterienkatalog mit 98 Fragen beantwortet werden. Abgefragt wurden die Themenfelder Management und Organisation, Naturschutz und Landschaftspflege, Erholung und nachhaltiger Tourismus sowie Umweltbildung und Kommunikation.<\/p>\n<div id=\"attachment_7399\" style=\"width: 310px\" class=\"wp-caption aligncenter\"><a href=\"https:\/\/www.naturparkmagazin.de\/stechlin\/wp-content\/uploads\/sites\/38\/menz_evaluierung_naturpark_090818_Stefanie-Fedders.jpg\"><img aria-describedby=\"caption-attachment-7399\" decoding=\"async\" loading=\"lazy\" class=\"wp-image-7399 size-thumbnail\" src=\"https:\/\/www.naturparkmagazin.de\/stechlin\/wp-content\/uploads\/sites\/38\/menz_evaluierung_naturpark_090818_Stefanie-Fedders-300x180.jpg\" alt=\"Qualit\u00e4ts-Scout Bernhard Drixler (r.) im Gespr\u00e4ch mit Vizelandrat Ostprignitz-Ruppin, Werner N\u00fcse\" width=\"300\" height=\"180\" srcset=\"https:\/\/www.naturparkmagazin.de\/stechlin\/wp-content\/uploads\/sites\/38\/menz_evaluierung_naturpark_090818_Stefanie-Fedders-300x180.jpg 300w, https:\/\/www.naturparkmagazin.de\/stechlin\/wp-content\/uploads\/sites\/38\/menz_evaluierung_naturpark_090818_Stefanie-Fedders.jpg 500w, https:\/\/www.naturparkmagazin.de\/stechlin\/wp-content\/uploads\/sites\/38\/menz_evaluierung_naturpark_090818_Stefanie-Fedders-200x120.jpg 200w\" sizes=\"(max-width: 300px) 100vw, 300px\" \/><\/a><p id=\"caption-attachment-7399\" class=\"wp-caption-text\">Qualit\u00e4ts-Scout Bernhard Drixler (r.) im Gespr\u00e4ch mit Vizelandrat Ostprignitz-Ruppin, Werner N\u00fcse (Foto: Stefanie Fedders)<\/p><\/div>\n<p>W\u00e4hrend einer dreit\u00e4gigen Bereisung pr\u00fcfte im Auftrag des VDN ein speziell ausgebildeter Qualit\u00e4ts-Scout den Naturpark &#8222;auf Herz und Nieren&#8220;. Im Ergebnis teilte der Pr\u00fcfer im anschlie\u00dfenden Pressegespr\u00e4ch mit, dass der Naturpark erfolgreich evaluiert wurde und f\u00fcr die n\u00e4chsten 5 Jahre den Titel Qualit\u00e4ts-Naturpark tragen darf.<\/p>\n<div id=\"attachment_7398\" style=\"width: 310px\" class=\"wp-caption aligncenter\"><a href=\"https:\/\/www.naturparkmagazin.de\/stechlin\/wp-content\/uploads\/sites\/38\/menz_evaluierung3_naturpark_Stefanie-Fedders.jpg\"><img aria-describedby=\"caption-attachment-7398\" decoding=\"async\" loading=\"lazy\" class=\"wp-image-7398 size-thumbnail\" src=\"https:\/\/www.naturparkmagazin.de\/stechlin\/wp-content\/uploads\/sites\/38\/menz_evaluierung3_naturpark_Stefanie-Fedders-300x180.jpg\" alt=\"Ein Besuch im Besucherzentrum NaturParkHaus Stechlin geh\u00f6rt mit zum Bereisungsprogramm.\" width=\"300\" height=\"180\" srcset=\"https:\/\/www.naturparkmagazin.de\/stechlin\/wp-content\/uploads\/sites\/38\/menz_evaluierung3_naturpark_Stefanie-Fedders-300x180.jpg 300w, https:\/\/www.naturparkmagazin.de\/stechlin\/wp-content\/uploads\/sites\/38\/menz_evaluierung3_naturpark_Stefanie-Fedders.jpg 500w, https:\/\/www.naturparkmagazin.de\/stechlin\/wp-content\/uploads\/sites\/38\/menz_evaluierung3_naturpark_Stefanie-Fedders-200x120.jpg 200w\" sizes=\"(max-width: 300px) 100vw, 300px\" \/><\/a><p id=\"caption-attachment-7398\" class=\"wp-caption-text\">Ein Besuch im Besucherzentrum NaturParkHaus Stechlin geh\u00f6rt mit zum Bereisungsprogramm. (Foto: Stefanie Fedders)<\/p><\/div>\n<p>&nbsp;<\/p>\n","protected":false},"excerpt":{"rendered":"<p>2008 wurde der Naturpark Stechlin-Ruppiner Land vom Verband Deutscher Naturparke (VDN) nach einem umfangreichen Zertifizierungsverfahren erstmalig als Qualit\u00e4ts-Naturpark ausgezeichnet.<\/p>\n","protected":false},"author":39,"featured_media":7396,"comment_status":"open","ping_status":"open","sticky":false,"template":"","format":"standard","meta":[],"categories":[7],"tags":[],"yoast_head":"<!-- This site is optimized with the Yoast SEO plugin v19.10 - https:\/\/yoast.com\/wordpress\/plugins\/seo\/ -->\n<title>Naturpark erfolgreich als Qualit\u00e4ts-Naturpark evaluiert - Naturpark Stechlin-Ruppiner Land<\/title>\n<meta name=\"robots\" content=\"index, follow, max-snippet:-1, max-image-preview:large, max-video-preview:-1\" \/>\n<link rel=\"canonical\" href=\"https:\/\/www.naturparkmagazin.de\/stechlin\/naturpark-erfolgreich-als-qualitaets-naturpark-evaluiert\/\" \/>\n<meta property=\"og:locale\" content=\"de_DE\" \/>\n<meta property=\"og:type\" content=\"article\" \/>\n<meta property=\"og:title\" content=\"Naturpark erfolgreich als Qualit\u00e4ts-Naturpark evaluiert - Naturpark Stechlin-Ruppiner Land\" \/>\n<meta property=\"og:description\" content=\"2008 wurde der Naturpark Stechlin-Ruppiner Land vom Verband Deutscher Naturparke (VDN) nach einem umfangreichen Zertifizierungsverfahren erstmalig als Qualit\u00e4ts-Naturpark ausgezeichnet.\" \/>\n<meta property=\"og:url\" content=\"https:\/\/www.naturparkmagazin.de\/stechlin\/naturpark-erfolgreich-als-qualitaets-naturpark-evaluiert\/\" \/>\n<meta property=\"og:site_name\" content=\"Naturpark Stechlin-Ruppiner Land\" \/>\n<meta property=\"article:published_time\" content=\"2018-08-18T20:00:22+00:00\" \/>\n<meta property=\"article:modified_time\" content=\"2018-08-24T12:40:04+00:00\" \/>\n<meta property=\"og:image\" content=\"https:\/\/www.naturparkmagazin.de\/stechlin\/wp-content\/uploads\/sites\/38\/LogoQN_4c_gr.jpg\" \/>\n\t<meta property=\"og:image:width\" content=\"200\" \/>\n\t<meta property=\"og:image:height\" content=\"200\" \/>\n\t<meta property=\"og:image:type\" content=\"image\/jpeg\" \/>\n<meta name=\"author\" content=\"marioschrumpf\" \/>\n<meta name=\"twitter:label1\" content=\"Verfasst von\" \/>\n\t<meta name=\"twitter:data1\" content=\"marioschrumpf\" \/>\n\t<meta name=\"twitter:label2\" content=\"Gesch\u00e4tzte Lesezeit\" \/>\n\t<meta name=\"twitter:data2\" content=\"1\u00a0Minute\" \/>\n<script type=\"application\/ld+json\" class=\"yoast-schema-graph\">{\"@context\":\"https:\/\/schema.org\",\"@graph\":[{\"@type\":\"WebPage\",\"@id\":\"https:\/\/www.naturparkmagazin.de\/stechlin\/naturpark-erfolgreich-als-qualitaets-naturpark-evaluiert\/\",\"url\":\"https:\/\/www.naturparkmagazin.de\/stechlin\/naturpark-erfolgreich-als-qualitaets-naturpark-evaluiert\/\",\"name\":\"Naturpark erfolgreich als Qualit\u00e4ts-Naturpark evaluiert - Naturpark Stechlin-Ruppiner Land\",\"isPartOf\":{\"@id\":\"https:\/\/www.naturparkmagazin.de\/stechlin\/#website\"},\"datePublished\":\"2018-08-18T20:00:22+00:00\",\"dateModified\":\"2018-08-24T12:40:04+00:00\",\"author\":{\"@id\":\"https:\/\/www.naturparkmagazin.de\/stechlin\/#\/schema\/person\/3f0d93203df21c806dd63c76d9bb28bc\"},\"breadcrumb\":{\"@id\":\"https:\/\/www.naturparkmagazin.de\/stechlin\/naturpark-erfolgreich-als-qualitaets-naturpark-evaluiert\/#breadcrumb\"},\"inLanguage\":\"de\",\"potentialAction\":[{\"@type\":\"ReadAction\",\"target\":[\"https:\/\/www.naturparkmagazin.de\/stechlin\/naturpark-erfolgreich-als-qualitaets-naturpark-evaluiert\/\"]}]},{\"@type\":\"BreadcrumbList\",\"@id\":\"https:\/\/www.naturparkmagazin.de\/stechlin\/naturpark-erfolgreich-als-qualitaets-naturpark-evaluiert\/#breadcrumb\",\"itemListElement\":[{\"@type\":\"ListItem\",\"position\":1,\"name\":\"Home\",\"item\":\"https:\/\/www.naturparkmagazin.de\/stechlin\/\"},{\"@type\":\"ListItem\",\"position\":2,\"name\":\"Naturpark erfolgreich als Qualit\u00e4ts-Naturpark evaluiert\"}]},{\"@type\":\"WebSite\",\"@id\":\"https:\/\/www.naturparkmagazin.de\/stechlin\/#website\",\"url\":\"https:\/\/www.naturparkmagazin.de\/stechlin\/\",\"name\":\"Naturpark Stechlin-Ruppiner Land\",\"description\":\"\",\"potentialAction\":[{\"@type\":\"SearchAction\",\"target\":{\"@type\":\"EntryPoint\",\"urlTemplate\":\"https:\/\/www.naturparkmagazin.de\/stechlin\/?s={search_term_string}\"},\"query-input\":\"required name=search_term_string\"}],\"inLanguage\":\"de\"},{\"@type\":\"Person\",\"@id\":\"https:\/\/www.naturparkmagazin.de\/stechlin\/#\/schema\/person\/3f0d93203df21c806dd63c76d9bb28bc\",\"name\":\"marioschrumpf\",\"url\":\"https:\/\/www.naturparkmagazin.de\/stechlin\/author\/marioschrumpf\/\"}]}<\/script>\n<!-- \/ Yoast SEO plugin. -->","yoast_head_json":{"title":"Naturpark erfolgreich als Qualit\u00e4ts-Naturpark evaluiert - Naturpark Stechlin-Ruppiner Land","robots":{"index":"index","follow":"follow","max-snippet":"max-snippet:-1","max-image-preview":"max-image-preview:large","max-video-preview":"max-video-preview:-1"},"canonical":"https:\/\/www.naturparkmagazin.de\/stechlin\/naturpark-erfolgreich-als-qualitaets-naturpark-evaluiert\/","og_locale":"de_DE","og_type":"article","og_title":"Naturpark erfolgreich als Qualit\u00e4ts-Naturpark evaluiert - Naturpark Stechlin-Ruppiner Land","og_description":"2008 wurde der Naturpark Stechlin-Ruppiner Land vom Verband Deutscher Naturparke (VDN) nach einem umfangreichen Zertifizierungsverfahren erstmalig als Qualit\u00e4ts-Naturpark ausgezeichnet.","og_url":"https:\/\/www.naturparkmagazin.de\/stechlin\/naturpark-erfolgreich-als-qualitaets-naturpark-evaluiert\/","og_site_name":"Naturpark Stechlin-Ruppiner Land","article_published_time":"2018-08-18T20:00:22+00:00","article_modified_time":"2018-08-24T12:40:04+00:00","og_image":[{"width":200,"height":200,"url":"https:\/\/www.naturparkmagazin.de\/stechlin\/wp-content\/uploads\/sites\/38\/LogoQN_4c_gr.jpg","type":"image\/jpeg"}],"author":"marioschrumpf","twitter_misc":{"Verfasst von":"marioschrumpf","Gesch\u00e4tzte Lesezeit":"1\u00a0Minute"},"schema":{"@context":"https:\/\/schema.org","@graph":[{"@type":"WebPage","@id":"https:\/\/www.naturparkmagazin.de\/stechlin\/naturpark-erfolgreich-als-qualitaets-naturpark-evaluiert\/","url":"https:\/\/www.naturparkmagazin.de\/stechlin\/naturpark-erfolgreich-als-qualitaets-naturpark-evaluiert\/","name":"Naturpark erfolgreich als Qualit\u00e4ts-Naturpark evaluiert - Naturpark Stechlin-Ruppiner Land","isPartOf":{"@id":"https:\/\/www.naturparkmagazin.de\/stechlin\/#website"},"datePublished":"2018-08-18T20:00:22+00:00","dateModified":"2018-08-24T12:40:04+00:00","author":{"@id":"https:\/\/www.naturparkmagazin.de\/stechlin\/#\/schema\/person\/3f0d93203df21c806dd63c76d9bb28bc"},"breadcrumb":{"@id":"https:\/\/www.naturparkmagazin.de\/stechlin\/naturpark-erfolgreich-als-qualitaets-naturpark-evaluiert\/#breadcrumb"},"inLanguage":"de","potentialAction":[{"@type":"ReadAction","target":["https:\/\/www.naturparkmagazin.de\/stechlin\/naturpark-erfolgreich-als-qualitaets-naturpark-evaluiert\/"]}]},{"@type":"BreadcrumbList","@id":"https:\/\/www.naturparkmagazin.de\/stechlin\/naturpark-erfolgreich-als-qualitaets-naturpark-evaluiert\/#breadcrumb","itemListElement":[{"@type":"ListItem","position":1,"name":"Home","item":"https:\/\/www.naturparkmagazin.de\/stechlin\/"},{"@type":"ListItem","position":2,"name":"Naturpark erfolgreich als Qualit\u00e4ts-Naturpark evaluiert"}]},{"@type":"WebSite","@id":"https:\/\/www.naturparkmagazin.de\/stechlin\/#website","url":"https:\/\/www.naturparkmagazin.de\/stechlin\/","name":"Naturpark Stechlin-Ruppiner Land","description":"","potentialAction":[{"@type":"SearchAction","target":{"@type":"EntryPoint","urlTemplate":"https:\/\/www.naturparkmagazin.de\/stechlin\/?s={search_term_string}"},"query-input":"required name=search_term_string"}],"inLanguage":"de"},{"@type":"Person","@id":"https:\/\/www.naturparkmagazin.de\/stechlin\/#\/schema\/person\/3f0d93203df21c806dd63c76d9bb28bc","name":"marioschrumpf","url":"https:\/\/www.naturparkmagazin.de\/stechlin\/author\/marioschrumpf\/"}]}},"_links":{"self":[{"href":"https:\/\/www.naturparkmagazin.de\/stechlin\/wp-json\/wp\/v2\/posts\/7395"}],"collection":[{"href":"https:\/\/www.naturparkmagazin.de\/stechlin\/wp-json\/wp\/v2\/posts"}],"about":[{"href":"https:\/\/www.naturparkmagazin.de\/stechlin\/wp-json\/wp\/v2\/types\/post"}],"author":[{"embeddable":true,"href":"https:\/\/www.naturparkmagazin.de\/stechlin\/wp-json\/wp\/v2\/users\/39"}],"replies":[{"embeddable":true,"href":"https:\/\/www.naturparkmagazin.de\/stechlin\/wp-json\/wp\/v2\/comments?post=7395"}],"version-history":[{"count":4,"href":"https:\/\/www.naturparkmagazin.de\/stechlin\/wp-json\/wp\/v2\/posts\/7395\/revisions"}],"predecessor-version":[{"id":7477,"href":"https:\/\/www.naturparkmagazin.de\/stechlin\/wp-json\/wp\/v2\/posts\/7395\/revisions\/7477"}],"wp:featuredmedia":[{"embeddable":true,"href":"https:\/\/www.naturparkmagazin.de\/stechlin\/wp-json\/wp\/v2\/media\/7396"}],"wp:attachment":[{"href":"https:\/\/www.naturparkmagazin.de\/stechlin\/wp-json\/wp\/v2\/media?parent=7395"}],"wp:term":[{"taxonomy":"category","embeddable":true,"href":"https:\/\/www.naturparkmagazin.de\/stechlin\/wp-json\/wp\/v2\/categories?post=7395"},{"taxonomy":"post_tag","embeddable":true,"href":"https:\/\/www.naturparkmagazin.de\/stechlin\/wp-json\/wp\/v2\/tags?post=7395"}],"curies":[{"name":"wp","href":"https:\/\/api.w.org\/{rel}","templated":true}]}}