{"id":7414,"date":"2018-08-18T13:38:36","date_gmt":"2018-08-18T11:38:36","guid":{"rendered":"https:\/\/www.naturparkmagazin.de\/stechlin\/?p=7414"},"modified":"2018-08-24T15:09:14","modified_gmt":"2018-08-24T13:09:14","slug":"18-internationales-kunstsymposium-in-der-waldarbeitsschule-kunsterspring","status":"publish","type":"post","link":"https:\/\/www.naturparkmagazin.de\/stechlin\/18-internationales-kunstsymposium-in-der-waldarbeitsschule-kunsterspring\/","title":{"rendered":"18. Internationales Kunstsymposium in der Waldarbeitsschule Kunsterspring"},"content":{"rendered":"<p><a href=\"https:\/\/www.naturparkmagazin.de\/stechlin\/wp-content\/uploads\/sites\/38\/Plakatentwurf2_.jpg\"><img decoding=\"async\" loading=\"lazy\" class=\" size-full wp-image-7417 aligncenter\" src=\"https:\/\/www.naturparkmagazin.de\/stechlin\/wp-content\/uploads\/sites\/38\/Plakatentwurf2_.jpg\" alt=\"NP SRL\/Gudrun Lomas\" width=\"220\" height=\"270\" srcset=\"https:\/\/www.naturparkmagazin.de\/stechlin\/wp-content\/uploads\/sites\/38\/Plakatentwurf2_.jpg 220w, https:\/\/www.naturparkmagazin.de\/stechlin\/wp-content\/uploads\/sites\/38\/Plakatentwurf2_-200x245.jpg 200w\" sizes=\"(max-width: 220px) 100vw, 220px\" \/><\/a>Acht K\u00fcnstler aus \u00c4thiopien, den Niederlanden und Deutschland arbeiten vom <strong>28. August bis 8. September 2018<\/strong> beim <strong>18. Internationalen Kunstsymposium im Naturpark Stechlin-Ruppiner Land<\/strong> gemeinsam zum Thema &#8222;<em>PANTA RHEI-alles flie\u00dft, alles bewegt sich<\/em>&#8222;. Gastgeber des diesj\u00e4hrigen Symposiums sind der Kunstverein Zehdenick e.V., der Naturpark Stechlin-Ruppiner Land, die Stiftung NaturSchutzFonds Brandenburg und die Waldarbeitsschule Kunsterspring.<\/p>\n<div id=\"attachment_7415\" style=\"width: 210px\" class=\"wp-caption aligncenter\"><a href=\"https:\/\/www.naturparkmagazin.de\/stechlin\/wp-content\/uploads\/sites\/38\/Jens-Kanitz_Quellennymphe_.jpg\"><img aria-describedby=\"caption-attachment-7415\" decoding=\"async\" loading=\"lazy\" class=\"size-full wp-image-7415\" src=\"https:\/\/www.naturparkmagazin.de\/stechlin\/wp-content\/uploads\/sites\/38\/Jens-Kanitz_Quellennymphe_.jpg\" alt=\"&quot;Quellennymphe - 2016 von Jens Kanitz erschaffen&quot;\" width=\"200\" height=\"350\" \/><\/a><p id=\"caption-attachment-7415\" class=\"wp-caption-text\">&#8222;Quellennymphe &#8211; 2016 von Jens Kanitz erschaffen&#8220;<\/p><\/div>\n<p>Entstehen werden wie schon vor zwei Jahren Skulpturen aus Eichenholz und Stahl. Ort des k\u00fcnstlerischen Schaffens ist neben der Landschaft des Naturparks Stechlin-Ruppiner Land in diesem Jahr auch wieder das Gel\u00e4nde der <strong>Waldarbeitsschule des Landesbetriebs Forst Brandenburg (LFB)<\/strong> in der Ruppiner Schweiz. Diese stellt auch das f\u00fcr die Skulpturen geeignete Eichenholz und Maschinenpower zur Verf\u00fcgung.<\/p>\n<p>Die h\u00f6lzernen Kunstwerke werden zuk\u00fcnftig auf einem zweiten, \u00a0im Naturpark gelegenen familienfreundlichen internationalen Kunstwanderweg rund um Rheinsberg zu sehen sein.<\/p>\n<p>2017 konnte bereits ein Skulpturen-Wanderweg rund um den Dagowsee in Neuglobsow mit einer L\u00e4nge von 4,5 km er\u00f6ffnet werden.<\/p>\n<div id=\"attachment_7416\" style=\"width: 230px\" class=\"wp-caption aligncenter\"><a href=\"https:\/\/www.naturparkmagazin.de\/stechlin\/wp-content\/uploads\/sites\/38\/GudrunLomas_Charon.jpg\"><img aria-describedby=\"caption-attachment-7416\" decoding=\"async\" loading=\"lazy\" class=\"size-full wp-image-7416\" src=\"https:\/\/www.naturparkmagazin.de\/stechlin\/wp-content\/uploads\/sites\/38\/GudrunLomas_Charon.jpg\" alt=\"&quot;2016 entstandene Arbeit von Gudrun Lomas - Charon&quot;\" width=\"220\" height=\"300\" srcset=\"https:\/\/www.naturparkmagazin.de\/stechlin\/wp-content\/uploads\/sites\/38\/GudrunLomas_Charon.jpg 220w, https:\/\/www.naturparkmagazin.de\/stechlin\/wp-content\/uploads\/sites\/38\/GudrunLomas_Charon-53x71.jpg 53w, https:\/\/www.naturparkmagazin.de\/stechlin\/wp-content\/uploads\/sites\/38\/GudrunLomas_Charon-200x273.jpg 200w\" sizes=\"(max-width: 220px) 100vw, 220px\" \/><\/a><p id=\"caption-attachment-7416\" class=\"wp-caption-text\">&#8222;2016 entstandene Arbeit von Gudrun Lomas &#8211; Charon&#8220;<\/p><\/div>\n<p>Bereits zum dritten Mal unterst\u00fctzt das <strong>EU LIFE-Projekt Feuchtw\u00e4lder<\/strong> der Stiftung NaturSchutzFonds Brandenburg das k\u00fcnstlerische Arbeitstreffen. So sollen Kunstinteressierte f\u00fcr die Besonderheiten, Verg\u00e4nglichkeit und Einzigartigkeit der Flora und Fauna zwischen Land und Wasser sensibilisiert und damit die Akzeptanz f\u00fcr Auen- und Feuchtw\u00e4lder als gesch\u00fctzte Lebensr\u00e4ume innerhalb des europaweiten Schutzgebietsnetzwerkes NATURA 2000 erh\u00f6ht werden.<\/p>\n<p>In einer <strong>Finissage am 8. September 2018 (Samstag) um 16:00 Uhr<\/strong> in der Waldarbeitsschule Kunsterspring pr\u00e4sentieren die K\u00fcnstler zum Abschluss des Kunstsymposiums ihre Arbeiten der \u00d6ffentlichkeit.<\/p>\n","protected":false},"excerpt":{"rendered":"<p>Acht K\u00fcnstler aus \u00c4thiopien, den Niederlanden und Deutschland arbeiten vom 28. August bis 8. September 2018 beim 18. Internationalen Kunstsymposium im Naturpark Stechlin-Ruppiner Land gemeinsam zum Thema &#8222;PANTA RHEI&#8220;. <\/p>\n","protected":false},"author":39,"featured_media":7418,"comment_status":"open","ping_status":"open","sticky":false,"template":"","format":"standard","meta":[],"categories":[7],"tags":[],"yoast_head":"<!-- This site is optimized with the Yoast SEO plugin v19.10 - https:\/\/yoast.com\/wordpress\/plugins\/seo\/ -->\n<title>18. Internationales Kunstsymposium in der Waldarbeitsschule Kunsterspring - Naturpark Stechlin-Ruppiner Land<\/title>\n<meta name=\"robots\" content=\"index, follow, max-snippet:-1, max-image-preview:large, max-video-preview:-1\" \/>\n<link rel=\"canonical\" href=\"https:\/\/www.naturparkmagazin.de\/stechlin\/18-internationales-kunstsymposium-in-der-waldarbeitsschule-kunsterspring\/\" \/>\n<meta property=\"og:locale\" content=\"de_DE\" \/>\n<meta property=\"og:type\" content=\"article\" \/>\n<meta property=\"og:title\" content=\"18. Internationales Kunstsymposium in der Waldarbeitsschule Kunsterspring - Naturpark Stechlin-Ruppiner Land\" \/>\n<meta property=\"og:description\" content=\"Acht K\u00fcnstler aus \u00c4thiopien, den Niederlanden und Deutschland arbeiten vom 28. August bis 8. September 2018 beim 18. Internationalen Kunstsymposium im Naturpark Stechlin-Ruppiner Land gemeinsam zum Thema &quot;PANTA RHEI&quot;.\" \/>\n<meta property=\"og:url\" content=\"https:\/\/www.naturparkmagazin.de\/stechlin\/18-internationales-kunstsymposium-in-der-waldarbeitsschule-kunsterspring\/\" \/>\n<meta property=\"og:site_name\" content=\"Naturpark Stechlin-Ruppiner Land\" \/>\n<meta property=\"article:published_time\" content=\"2018-08-18T11:38:36+00:00\" \/>\n<meta property=\"article:modified_time\" content=\"2018-08-24T13:09:14+00:00\" \/>\n<meta property=\"og:image\" content=\"https:\/\/www.naturparkmagazin.de\/stechlin\/wp-content\/uploads\/sites\/38\/Einladung-Finissage_2018.jpg\" \/>\n\t<meta property=\"og:image:width\" content=\"200\" \/>\n\t<meta property=\"og:image:height\" content=\"200\" \/>\n\t<meta property=\"og:image:type\" content=\"image\/jpeg\" \/>\n<meta name=\"author\" content=\"marioschrumpf\" \/>\n<meta name=\"twitter:label1\" content=\"Verfasst von\" \/>\n\t<meta name=\"twitter:data1\" content=\"marioschrumpf\" \/>\n\t<meta name=\"twitter:label2\" content=\"Gesch\u00e4tzte Lesezeit\" \/>\n\t<meta name=\"twitter:data2\" content=\"1\u00a0Minute\" \/>\n<script type=\"application\/ld+json\" class=\"yoast-schema-graph\">{\"@context\":\"https:\/\/schema.org\",\"@graph\":[{\"@type\":\"WebPage\",\"@id\":\"https:\/\/www.naturparkmagazin.de\/stechlin\/18-internationales-kunstsymposium-in-der-waldarbeitsschule-kunsterspring\/\",\"url\":\"https:\/\/www.naturparkmagazin.de\/stechlin\/18-internationales-kunstsymposium-in-der-waldarbeitsschule-kunsterspring\/\",\"name\":\"18. Internationales Kunstsymposium in der Waldarbeitsschule Kunsterspring - Naturpark Stechlin-Ruppiner Land\",\"isPartOf\":{\"@id\":\"https:\/\/www.naturparkmagazin.de\/stechlin\/#website\"},\"datePublished\":\"2018-08-18T11:38:36+00:00\",\"dateModified\":\"2018-08-24T13:09:14+00:00\",\"author\":{\"@id\":\"https:\/\/www.naturparkmagazin.de\/stechlin\/#\/schema\/person\/3f0d93203df21c806dd63c76d9bb28bc\"},\"breadcrumb\":{\"@id\":\"https:\/\/www.naturparkmagazin.de\/stechlin\/18-internationales-kunstsymposium-in-der-waldarbeitsschule-kunsterspring\/#breadcrumb\"},\"inLanguage\":\"de\",\"potentialAction\":[{\"@type\":\"ReadAction\",\"target\":[\"https:\/\/www.naturparkmagazin.de\/stechlin\/18-internationales-kunstsymposium-in-der-waldarbeitsschule-kunsterspring\/\"]}]},{\"@type\":\"BreadcrumbList\",\"@id\":\"https:\/\/www.naturparkmagazin.de\/stechlin\/18-internationales-kunstsymposium-in-der-waldarbeitsschule-kunsterspring\/#breadcrumb\",\"itemListElement\":[{\"@type\":\"ListItem\",\"position\":1,\"name\":\"Home\",\"item\":\"https:\/\/www.naturparkmagazin.de\/stechlin\/\"},{\"@type\":\"ListItem\",\"position\":2,\"name\":\"18. Internationales Kunstsymposium in der Waldarbeitsschule Kunsterspring\"}]},{\"@type\":\"WebSite\",\"@id\":\"https:\/\/www.naturparkmagazin.de\/stechlin\/#website\",\"url\":\"https:\/\/www.naturparkmagazin.de\/stechlin\/\",\"name\":\"Naturpark Stechlin-Ruppiner Land\",\"description\":\"\",\"potentialAction\":[{\"@type\":\"SearchAction\",\"target\":{\"@type\":\"EntryPoint\",\"urlTemplate\":\"https:\/\/www.naturparkmagazin.de\/stechlin\/?s={search_term_string}\"},\"query-input\":\"required name=search_term_string\"}],\"inLanguage\":\"de\"},{\"@type\":\"Person\",\"@id\":\"https:\/\/www.naturparkmagazin.de\/stechlin\/#\/schema\/person\/3f0d93203df21c806dd63c76d9bb28bc\",\"name\":\"marioschrumpf\",\"url\":\"https:\/\/www.naturparkmagazin.de\/stechlin\/author\/marioschrumpf\/\"}]}<\/script>\n<!-- \/ Yoast SEO plugin. -->","yoast_head_json":{"title":"18. Internationales Kunstsymposium in der Waldarbeitsschule Kunsterspring - Naturpark Stechlin-Ruppiner Land","robots":{"index":"index","follow":"follow","max-snippet":"max-snippet:-1","max-image-preview":"max-image-preview:large","max-video-preview":"max-video-preview:-1"},"canonical":"https:\/\/www.naturparkmagazin.de\/stechlin\/18-internationales-kunstsymposium-in-der-waldarbeitsschule-kunsterspring\/","og_locale":"de_DE","og_type":"article","og_title":"18. Internationales Kunstsymposium in der Waldarbeitsschule Kunsterspring - Naturpark Stechlin-Ruppiner Land","og_description":"Acht K\u00fcnstler aus \u00c4thiopien, den Niederlanden und Deutschland arbeiten vom 28. August bis 8. September 2018 beim 18. Internationalen Kunstsymposium im Naturpark Stechlin-Ruppiner Land gemeinsam zum Thema \"PANTA RHEI\".","og_url":"https:\/\/www.naturparkmagazin.de\/stechlin\/18-internationales-kunstsymposium-in-der-waldarbeitsschule-kunsterspring\/","og_site_name":"Naturpark Stechlin-Ruppiner Land","article_published_time":"2018-08-18T11:38:36+00:00","article_modified_time":"2018-08-24T13:09:14+00:00","og_image":[{"width":200,"height":200,"url":"https:\/\/www.naturparkmagazin.de\/stechlin\/wp-content\/uploads\/sites\/38\/Einladung-Finissage_2018.jpg","type":"image\/jpeg"}],"author":"marioschrumpf","twitter_misc":{"Verfasst von":"marioschrumpf","Gesch\u00e4tzte Lesezeit":"1\u00a0Minute"},"schema":{"@context":"https:\/\/schema.org","@graph":[{"@type":"WebPage","@id":"https:\/\/www.naturparkmagazin.de\/stechlin\/18-internationales-kunstsymposium-in-der-waldarbeitsschule-kunsterspring\/","url":"https:\/\/www.naturparkmagazin.de\/stechlin\/18-internationales-kunstsymposium-in-der-waldarbeitsschule-kunsterspring\/","name":"18. Internationales Kunstsymposium in der Waldarbeitsschule Kunsterspring - Naturpark Stechlin-Ruppiner Land","isPartOf":{"@id":"https:\/\/www.naturparkmagazin.de\/stechlin\/#website"},"datePublished":"2018-08-18T11:38:36+00:00","dateModified":"2018-08-24T13:09:14+00:00","author":{"@id":"https:\/\/www.naturparkmagazin.de\/stechlin\/#\/schema\/person\/3f0d93203df21c806dd63c76d9bb28bc"},"breadcrumb":{"@id":"https:\/\/www.naturparkmagazin.de\/stechlin\/18-internationales-kunstsymposium-in-der-waldarbeitsschule-kunsterspring\/#breadcrumb"},"inLanguage":"de","potentialAction":[{"@type":"ReadAction","target":["https:\/\/www.naturparkmagazin.de\/stechlin\/18-internationales-kunstsymposium-in-der-waldarbeitsschule-kunsterspring\/"]}]},{"@type":"BreadcrumbList","@id":"https:\/\/www.naturparkmagazin.de\/stechlin\/18-internationales-kunstsymposium-in-der-waldarbeitsschule-kunsterspring\/#breadcrumb","itemListElement":[{"@type":"ListItem","position":1,"name":"Home","item":"https:\/\/www.naturparkmagazin.de\/stechlin\/"},{"@type":"ListItem","position":2,"name":"18. Internationales Kunstsymposium in der Waldarbeitsschule Kunsterspring"}]},{"@type":"WebSite","@id":"https:\/\/www.naturparkmagazin.de\/stechlin\/#website","url":"https:\/\/www.naturparkmagazin.de\/stechlin\/","name":"Naturpark Stechlin-Ruppiner Land","description":"","potentialAction":[{"@type":"SearchAction","target":{"@type":"EntryPoint","urlTemplate":"https:\/\/www.naturparkmagazin.de\/stechlin\/?s={search_term_string}"},"query-input":"required name=search_term_string"}],"inLanguage":"de"},{"@type":"Person","@id":"https:\/\/www.naturparkmagazin.de\/stechlin\/#\/schema\/person\/3f0d93203df21c806dd63c76d9bb28bc","name":"marioschrumpf","url":"https:\/\/www.naturparkmagazin.de\/stechlin\/author\/marioschrumpf\/"}]}},"_links":{"self":[{"href":"https:\/\/www.naturparkmagazin.de\/stechlin\/wp-json\/wp\/v2\/posts\/7414"}],"collection":[{"href":"https:\/\/www.naturparkmagazin.de\/stechlin\/wp-json\/wp\/v2\/posts"}],"about":[{"href":"https:\/\/www.naturparkmagazin.de\/stechlin\/wp-json\/wp\/v2\/types\/post"}],"author":[{"embeddable":true,"href":"https:\/\/www.naturparkmagazin.de\/stechlin\/wp-json\/wp\/v2\/users\/39"}],"replies":[{"embeddable":true,"href":"https:\/\/www.naturparkmagazin.de\/stechlin\/wp-json\/wp\/v2\/comments?post=7414"}],"version-history":[{"count":4,"href":"https:\/\/www.naturparkmagazin.de\/stechlin\/wp-json\/wp\/v2\/posts\/7414\/revisions"}],"predecessor-version":[{"id":7484,"href":"https:\/\/www.naturparkmagazin.de\/stechlin\/wp-json\/wp\/v2\/posts\/7414\/revisions\/7484"}],"wp:featuredmedia":[{"embeddable":true,"href":"https:\/\/www.naturparkmagazin.de\/stechlin\/wp-json\/wp\/v2\/media\/7418"}],"wp:attachment":[{"href":"https:\/\/www.naturparkmagazin.de\/stechlin\/wp-json\/wp\/v2\/media?parent=7414"}],"wp:term":[{"taxonomy":"category","embeddable":true,"href":"https:\/\/www.naturparkmagazin.de\/stechlin\/wp-json\/wp\/v2\/categories?post=7414"},{"taxonomy":"post_tag","embeddable":true,"href":"https:\/\/www.naturparkmagazin.de\/stechlin\/wp-json\/wp\/v2\/tags?post=7414"}],"curies":[{"name":"wp","href":"https:\/\/api.w.org\/{rel}","templated":true}]}}