{"id":7508,"date":"2018-09-17T21:22:34","date_gmt":"2018-09-17T19:22:34","guid":{"rendered":"https:\/\/www.naturparkmagazin.de\/stechlin\/?p=7508"},"modified":"2018-09-25T15:09:07","modified_gmt":"2018-09-25T13:09:07","slug":"urkunde-zur-auszeichnung-als-qualitaetsnaturpark-in-eisenach-bekommen","status":"publish","type":"post","link":"https:\/\/www.naturparkmagazin.de\/stechlin\/urkunde-zur-auszeichnung-als-qualitaetsnaturpark-in-eisenach-bekommen\/","title":{"rendered":"Urkunde zur Auszeichnung als Qualit\u00e4tsnaturpark in Eisenach bekommen"},"content":{"rendered":"<p>Naturparkleiter Dr. Mario Schrumpf hat aus den H\u00e4nden von VDN-Pr\u00e4sident Dr. Arndt auf dem <strong>Deutschen Naturparktag in Eisenach<\/strong> am 18. September die Urkunde als<strong> Qualit\u00e4tsnaturpark<\/strong> erhalten.<\/p>\n<p>Nach der Erstzertifizierung 2008 wurde unser Naturpark im Sommer bereits zum zweiten Mal erfolgreich evaluiert. Damit darf der Naturpark auch in den n\u00e4chsten 5 Jahren den Titel Qualit\u00e4tsnaturpark tragen.<\/p>\n<p>Dar\u00fcberhinaus vertritt <strong>Dr. Mario Schrumpf<\/strong> nach erfolgreicher Wiederwahl in den n\u00e4chsten 5 Jahren die 11 Brandenburger Naturparke <strong>im Vorstand des Verbandes Deutscher Naturparke<\/strong>.<\/p>\n<div id=\"attachment_7566\" style=\"width: 310px\" class=\"wp-caption aligncenter\"><a href=\"https:\/\/www.naturparkmagazin.de\/stechlin\/wp-content\/uploads\/sites\/38\/Stechli_Ruppiner_Land_b.jpg\"><img aria-describedby=\"caption-attachment-7566\" decoding=\"async\" loading=\"lazy\" class=\"wp-image-7566 size-thumbnail\" src=\"https:\/\/www.naturparkmagazin.de\/stechlin\/wp-content\/uploads\/sites\/38\/Stechli_Ruppiner_Land_b-300x180.jpg\" alt=\"\" width=\"300\" height=\"180\" srcset=\"https:\/\/www.naturparkmagazin.de\/stechlin\/wp-content\/uploads\/sites\/38\/Stechli_Ruppiner_Land_b-300x180.jpg 300w, https:\/\/www.naturparkmagazin.de\/stechlin\/wp-content\/uploads\/sites\/38\/Stechli_Ruppiner_Land_b.jpg 500w, https:\/\/www.naturparkmagazin.de\/stechlin\/wp-content\/uploads\/sites\/38\/Stechli_Ruppiner_Land_b-200x120.jpg 200w\" sizes=\"(max-width: 300px) 100vw, 300px\" \/><\/a><p id=\"caption-attachment-7566\" class=\"wp-caption-text\">VDN-Pr\u00e4sident Dr. Arndt \u00fcbergibt die Urkunde an Naturparkleiter Dr. Mario Schrumpf<\/p><\/div>\n<div id=\"attachment_7565\" style=\"width: 310px\" class=\"wp-caption aligncenter\"><a href=\"https:\/\/www.naturparkmagazin.de\/stechlin\/wp-content\/uploads\/sites\/38\/Qualit\u00e4tsoffensive-VDN_Gruppenfoto2.jpg\"><img aria-describedby=\"caption-attachment-7565\" decoding=\"async\" loading=\"lazy\" class=\"wp-image-7565 size-thumbnail\" src=\"https:\/\/www.naturparkmagazin.de\/stechlin\/wp-content\/uploads\/sites\/38\/Qualit\u00e4tsoffensive-VDN_Gruppenfoto2-300x180.jpg\" alt=\"\" width=\"300\" height=\"180\" srcset=\"https:\/\/www.naturparkmagazin.de\/stechlin\/wp-content\/uploads\/sites\/38\/Qualit\u00e4tsoffensive-VDN_Gruppenfoto2-300x180.jpg 300w, https:\/\/www.naturparkmagazin.de\/stechlin\/wp-content\/uploads\/sites\/38\/Qualit\u00e4tsoffensive-VDN_Gruppenfoto2.jpg 500w, https:\/\/www.naturparkmagazin.de\/stechlin\/wp-content\/uploads\/sites\/38\/Qualit\u00e4tsoffensive-VDN_Gruppenfoto2-200x120.jpg 200w\" sizes=\"(max-width: 300px) 100vw, 300px\" \/><\/a><p id=\"caption-attachment-7565\" class=\"wp-caption-text\">Gruppenfoto der ausgezeichneten Naturparke<\/p><\/div>\n<p>&nbsp;<\/p>\n","protected":false},"excerpt":{"rendered":"<p>Naturparkleiter Dr. Mario Schrumpf hat aus den H\u00e4nden vom VDN-Pr\u00e4sident Dr. Arndt auf dem Deutschen Naturparktag in Eisenach am 18. September die Urkunde als Qualit\u00e4tsnaturpark erhalten.<\/p>\n","protected":false},"author":39,"featured_media":7396,"comment_status":"open","ping_status":"open","sticky":false,"template":"","format":"standard","meta":[],"categories":[7],"tags":[],"yoast_head":"<!-- This site is optimized with the Yoast SEO plugin v19.10 - https:\/\/yoast.com\/wordpress\/plugins\/seo\/ -->\n<title>Urkunde zur Auszeichnung als Qualit\u00e4tsnaturpark in Eisenach bekommen - Naturpark Stechlin-Ruppiner Land<\/title>\n<meta name=\"robots\" content=\"index, follow, max-snippet:-1, max-image-preview:large, max-video-preview:-1\" \/>\n<link rel=\"canonical\" href=\"https:\/\/www.naturparkmagazin.de\/stechlin\/urkunde-zur-auszeichnung-als-qualitaetsnaturpark-in-eisenach-bekommen\/\" \/>\n<meta property=\"og:locale\" content=\"de_DE\" \/>\n<meta property=\"og:type\" content=\"article\" \/>\n<meta property=\"og:title\" content=\"Urkunde zur Auszeichnung als Qualit\u00e4tsnaturpark in Eisenach bekommen - Naturpark Stechlin-Ruppiner Land\" \/>\n<meta property=\"og:description\" content=\"Naturparkleiter Dr. Mario Schrumpf hat aus den H\u00e4nden vom VDN-Pr\u00e4sident Dr. Arndt auf dem Deutschen Naturparktag in Eisenach am 18. September die Urkunde als Qualit\u00e4tsnaturpark erhalten.\" \/>\n<meta property=\"og:url\" content=\"https:\/\/www.naturparkmagazin.de\/stechlin\/urkunde-zur-auszeichnung-als-qualitaetsnaturpark-in-eisenach-bekommen\/\" \/>\n<meta property=\"og:site_name\" content=\"Naturpark Stechlin-Ruppiner Land\" \/>\n<meta property=\"article:published_time\" content=\"2018-09-17T19:22:34+00:00\" \/>\n<meta property=\"article:modified_time\" content=\"2018-09-25T13:09:07+00:00\" \/>\n<meta property=\"og:image\" content=\"https:\/\/www.naturparkmagazin.de\/stechlin\/wp-content\/uploads\/sites\/38\/LogoQN_4c_gr.jpg\" \/>\n\t<meta property=\"og:image:width\" content=\"200\" \/>\n\t<meta property=\"og:image:height\" content=\"200\" \/>\n\t<meta property=\"og:image:type\" content=\"image\/jpeg\" \/>\n<meta name=\"author\" content=\"marioschrumpf\" \/>\n<meta name=\"twitter:label1\" content=\"Verfasst von\" \/>\n\t<meta name=\"twitter:data1\" content=\"marioschrumpf\" \/>\n\t<meta name=\"twitter:label2\" content=\"Gesch\u00e4tzte Lesezeit\" \/>\n\t<meta name=\"twitter:data2\" content=\"1\u00a0Minute\" \/>\n<script type=\"application\/ld+json\" class=\"yoast-schema-graph\">{\"@context\":\"https:\/\/schema.org\",\"@graph\":[{\"@type\":\"WebPage\",\"@id\":\"https:\/\/www.naturparkmagazin.de\/stechlin\/urkunde-zur-auszeichnung-als-qualitaetsnaturpark-in-eisenach-bekommen\/\",\"url\":\"https:\/\/www.naturparkmagazin.de\/stechlin\/urkunde-zur-auszeichnung-als-qualitaetsnaturpark-in-eisenach-bekommen\/\",\"name\":\"Urkunde zur Auszeichnung als Qualit\u00e4tsnaturpark in Eisenach bekommen - Naturpark Stechlin-Ruppiner Land\",\"isPartOf\":{\"@id\":\"https:\/\/www.naturparkmagazin.de\/stechlin\/#website\"},\"datePublished\":\"2018-09-17T19:22:34+00:00\",\"dateModified\":\"2018-09-25T13:09:07+00:00\",\"author\":{\"@id\":\"https:\/\/www.naturparkmagazin.de\/stechlin\/#\/schema\/person\/3f0d93203df21c806dd63c76d9bb28bc\"},\"breadcrumb\":{\"@id\":\"https:\/\/www.naturparkmagazin.de\/stechlin\/urkunde-zur-auszeichnung-als-qualitaetsnaturpark-in-eisenach-bekommen\/#breadcrumb\"},\"inLanguage\":\"de\",\"potentialAction\":[{\"@type\":\"ReadAction\",\"target\":[\"https:\/\/www.naturparkmagazin.de\/stechlin\/urkunde-zur-auszeichnung-als-qualitaetsnaturpark-in-eisenach-bekommen\/\"]}]},{\"@type\":\"BreadcrumbList\",\"@id\":\"https:\/\/www.naturparkmagazin.de\/stechlin\/urkunde-zur-auszeichnung-als-qualitaetsnaturpark-in-eisenach-bekommen\/#breadcrumb\",\"itemListElement\":[{\"@type\":\"ListItem\",\"position\":1,\"name\":\"Home\",\"item\":\"https:\/\/www.naturparkmagazin.de\/stechlin\/\"},{\"@type\":\"ListItem\",\"position\":2,\"name\":\"Urkunde zur Auszeichnung als Qualit\u00e4tsnaturpark in Eisenach bekommen\"}]},{\"@type\":\"WebSite\",\"@id\":\"https:\/\/www.naturparkmagazin.de\/stechlin\/#website\",\"url\":\"https:\/\/www.naturparkmagazin.de\/stechlin\/\",\"name\":\"Naturpark Stechlin-Ruppiner Land\",\"description\":\"\",\"potentialAction\":[{\"@type\":\"SearchAction\",\"target\":{\"@type\":\"EntryPoint\",\"urlTemplate\":\"https:\/\/www.naturparkmagazin.de\/stechlin\/?s={search_term_string}\"},\"query-input\":\"required name=search_term_string\"}],\"inLanguage\":\"de\"},{\"@type\":\"Person\",\"@id\":\"https:\/\/www.naturparkmagazin.de\/stechlin\/#\/schema\/person\/3f0d93203df21c806dd63c76d9bb28bc\",\"name\":\"marioschrumpf\",\"url\":\"https:\/\/www.naturparkmagazin.de\/stechlin\/author\/marioschrumpf\/\"}]}<\/script>\n<!-- \/ Yoast SEO plugin. -->","yoast_head_json":{"title":"Urkunde zur Auszeichnung als Qualit\u00e4tsnaturpark in Eisenach bekommen - Naturpark Stechlin-Ruppiner Land","robots":{"index":"index","follow":"follow","max-snippet":"max-snippet:-1","max-image-preview":"max-image-preview:large","max-video-preview":"max-video-preview:-1"},"canonical":"https:\/\/www.naturparkmagazin.de\/stechlin\/urkunde-zur-auszeichnung-als-qualitaetsnaturpark-in-eisenach-bekommen\/","og_locale":"de_DE","og_type":"article","og_title":"Urkunde zur Auszeichnung als Qualit\u00e4tsnaturpark in Eisenach bekommen - Naturpark Stechlin-Ruppiner Land","og_description":"Naturparkleiter Dr. Mario Schrumpf hat aus den H\u00e4nden vom VDN-Pr\u00e4sident Dr. Arndt auf dem Deutschen Naturparktag in Eisenach am 18. September die Urkunde als Qualit\u00e4tsnaturpark erhalten.","og_url":"https:\/\/www.naturparkmagazin.de\/stechlin\/urkunde-zur-auszeichnung-als-qualitaetsnaturpark-in-eisenach-bekommen\/","og_site_name":"Naturpark Stechlin-Ruppiner Land","article_published_time":"2018-09-17T19:22:34+00:00","article_modified_time":"2018-09-25T13:09:07+00:00","og_image":[{"width":200,"height":200,"url":"https:\/\/www.naturparkmagazin.de\/stechlin\/wp-content\/uploads\/sites\/38\/LogoQN_4c_gr.jpg","type":"image\/jpeg"}],"author":"marioschrumpf","twitter_misc":{"Verfasst von":"marioschrumpf","Gesch\u00e4tzte Lesezeit":"1\u00a0Minute"},"schema":{"@context":"https:\/\/schema.org","@graph":[{"@type":"WebPage","@id":"https:\/\/www.naturparkmagazin.de\/stechlin\/urkunde-zur-auszeichnung-als-qualitaetsnaturpark-in-eisenach-bekommen\/","url":"https:\/\/www.naturparkmagazin.de\/stechlin\/urkunde-zur-auszeichnung-als-qualitaetsnaturpark-in-eisenach-bekommen\/","name":"Urkunde zur Auszeichnung als Qualit\u00e4tsnaturpark in Eisenach bekommen - Naturpark Stechlin-Ruppiner Land","isPartOf":{"@id":"https:\/\/www.naturparkmagazin.de\/stechlin\/#website"},"datePublished":"2018-09-17T19:22:34+00:00","dateModified":"2018-09-25T13:09:07+00:00","author":{"@id":"https:\/\/www.naturparkmagazin.de\/stechlin\/#\/schema\/person\/3f0d93203df21c806dd63c76d9bb28bc"},"breadcrumb":{"@id":"https:\/\/www.naturparkmagazin.de\/stechlin\/urkunde-zur-auszeichnung-als-qualitaetsnaturpark-in-eisenach-bekommen\/#breadcrumb"},"inLanguage":"de","potentialAction":[{"@type":"ReadAction","target":["https:\/\/www.naturparkmagazin.de\/stechlin\/urkunde-zur-auszeichnung-als-qualitaetsnaturpark-in-eisenach-bekommen\/"]}]},{"@type":"BreadcrumbList","@id":"https:\/\/www.naturparkmagazin.de\/stechlin\/urkunde-zur-auszeichnung-als-qualitaetsnaturpark-in-eisenach-bekommen\/#breadcrumb","itemListElement":[{"@type":"ListItem","position":1,"name":"Home","item":"https:\/\/www.naturparkmagazin.de\/stechlin\/"},{"@type":"ListItem","position":2,"name":"Urkunde zur Auszeichnung als Qualit\u00e4tsnaturpark in Eisenach bekommen"}]},{"@type":"WebSite","@id":"https:\/\/www.naturparkmagazin.de\/stechlin\/#website","url":"https:\/\/www.naturparkmagazin.de\/stechlin\/","name":"Naturpark Stechlin-Ruppiner Land","description":"","potentialAction":[{"@type":"SearchAction","target":{"@type":"EntryPoint","urlTemplate":"https:\/\/www.naturparkmagazin.de\/stechlin\/?s={search_term_string}"},"query-input":"required name=search_term_string"}],"inLanguage":"de"},{"@type":"Person","@id":"https:\/\/www.naturparkmagazin.de\/stechlin\/#\/schema\/person\/3f0d93203df21c806dd63c76d9bb28bc","name":"marioschrumpf","url":"https:\/\/www.naturparkmagazin.de\/stechlin\/author\/marioschrumpf\/"}]}},"_links":{"self":[{"href":"https:\/\/www.naturparkmagazin.de\/stechlin\/wp-json\/wp\/v2\/posts\/7508"}],"collection":[{"href":"https:\/\/www.naturparkmagazin.de\/stechlin\/wp-json\/wp\/v2\/posts"}],"about":[{"href":"https:\/\/www.naturparkmagazin.de\/stechlin\/wp-json\/wp\/v2\/types\/post"}],"author":[{"embeddable":true,"href":"https:\/\/www.naturparkmagazin.de\/stechlin\/wp-json\/wp\/v2\/users\/39"}],"replies":[{"embeddable":true,"href":"https:\/\/www.naturparkmagazin.de\/stechlin\/wp-json\/wp\/v2\/comments?post=7508"}],"version-history":[{"count":5,"href":"https:\/\/www.naturparkmagazin.de\/stechlin\/wp-json\/wp\/v2\/posts\/7508\/revisions"}],"predecessor-version":[{"id":7555,"href":"https:\/\/www.naturparkmagazin.de\/stechlin\/wp-json\/wp\/v2\/posts\/7508\/revisions\/7555"}],"wp:featuredmedia":[{"embeddable":true,"href":"https:\/\/www.naturparkmagazin.de\/stechlin\/wp-json\/wp\/v2\/media\/7396"}],"wp:attachment":[{"href":"https:\/\/www.naturparkmagazin.de\/stechlin\/wp-json\/wp\/v2\/media?parent=7508"}],"wp:term":[{"taxonomy":"category","embeddable":true,"href":"https:\/\/www.naturparkmagazin.de\/stechlin\/wp-json\/wp\/v2\/categories?post=7508"},{"taxonomy":"post_tag","embeddable":true,"href":"https:\/\/www.naturparkmagazin.de\/stechlin\/wp-json\/wp\/v2\/tags?post=7508"}],"curies":[{"name":"wp","href":"https:\/\/api.w.org\/{rel}","templated":true}]}}