{"id":7514,"date":"2018-09-17T11:49:01","date_gmt":"2018-09-17T09:49:01","guid":{"rendered":"https:\/\/www.naturparkmagazin.de\/stechlin\/?p=7514"},"modified":"2018-09-25T15:16:25","modified_gmt":"2018-09-25T13:16:25","slug":"erfolgreiches-kunstsymposium-in-der-waldarbeitsschule-kunsterspring","status":"publish","type":"post","link":"https:\/\/www.naturparkmagazin.de\/stechlin\/erfolgreiches-kunstsymposium-in-der-waldarbeitsschule-kunsterspring\/","title":{"rendered":"Erfolgreiches Kunstsymposium in der Waldarbeitsschule Kunsterspring"},"content":{"rendered":"<div id=\"attachment_7516\" style=\"width: 310px\" class=\"wp-caption aligncenter\"><a href=\"https:\/\/www.naturparkmagazin.de\/stechlin\/wp-content\/uploads\/sites\/38\/Kunstsymposium_2018-7218.jpg\"><img aria-describedby=\"caption-attachment-7516\" decoding=\"async\" loading=\"lazy\" class=\"size-thumbnail wp-image-7516\" src=\"https:\/\/www.naturparkmagazin.de\/stechlin\/wp-content\/uploads\/sites\/38\/Kunstsymposium_2018-7218-300x180.jpg\" alt=\"Die K\u00fcnstler bei der Auswahl der Eichenst\u00e4mme zu Beginn des Symposiums.\" width=\"300\" height=\"180\" srcset=\"https:\/\/www.naturparkmagazin.de\/stechlin\/wp-content\/uploads\/sites\/38\/Kunstsymposium_2018-7218-300x180.jpg 300w, https:\/\/www.naturparkmagazin.de\/stechlin\/wp-content\/uploads\/sites\/38\/Kunstsymposium_2018-7218.jpg 500w, https:\/\/www.naturparkmagazin.de\/stechlin\/wp-content\/uploads\/sites\/38\/Kunstsymposium_2018-7218-200x120.jpg 200w\" sizes=\"(max-width: 300px) 100vw, 300px\" \/><\/a><p id=\"caption-attachment-7516\" class=\"wp-caption-text\">Die K\u00fcnstler bei der Auswahl der Eichenst\u00e4mme zu Beginn des Symposiums.<\/p><\/div>\n<p>&nbsp;<\/p>\n<p>8 K\u00fcnstler aus Deutschland, den Niederlanden und \u00c4thiopien haben am 18. Internationalen Kunstsymposium des Naturparks Stechlin-Ruppiner Land teilgenommen.<\/p>\n<div id=\"attachment_7517\" style=\"width: 190px\" class=\"wp-caption aligncenter\"><a href=\"https:\/\/www.naturparkmagazin.de\/stechlin\/wp-content\/uploads\/sites\/38\/Kunstsymposium_MT-16.jpg\"><img aria-describedby=\"caption-attachment-7517\" decoding=\"async\" loading=\"lazy\" class=\"size-full wp-image-7517\" src=\"https:\/\/www.naturparkmagazin.de\/stechlin\/wp-content\/uploads\/sites\/38\/Kunstsymposium_MT-16.jpg\" alt=\"Georg Janthur bei der Arbeit.\" width=\"180\" height=\"300\" \/><\/a><p id=\"caption-attachment-7517\" class=\"wp-caption-text\">Georg Janthur bei der Arbeit.<\/p><\/div>\n<p>Gemeinsam haben sie in der Waldarbeitsschule Kunsterspring zum Thema &#8222;<em>Panta-rhei-Alles flie\u00dft, alles ist in Bewegung<\/em>&#8220; gearbeitet. So sind innerhalb von 11 Tagen aus dem von der Waldarbeitsschule bereitgestellten Eichenst\u00e4mmen 9 Holzskulpturen entstanden. Dar\u00fcber hinaus wurden eine Metallskulptur geschaffen und mehrere Bilder gemalt. Die Arbeiten wurden der \u00d6ffentlichkeit zur Finissage am Ende des Symposiums pr\u00e4sentiert. Die Skulpturen werden in den n\u00e4chsten Monaten entlang des geplanten Kunstwanderweges im S\u00fcden von Rheinsberg aufgestellt.<\/p>\n<div id=\"attachment_7519\" style=\"width: 190px\" class=\"wp-caption aligncenter\"><a href=\"https:\/\/www.naturparkmagazin.de\/stechlin\/wp-content\/uploads\/sites\/38\/Kunstsymposium-2018_45.jpg\"><img aria-describedby=\"caption-attachment-7519\" decoding=\"async\" loading=\"lazy\" class=\"size-full wp-image-7519\" src=\"https:\/\/www.naturparkmagazin.de\/stechlin\/wp-content\/uploads\/sites\/38\/Kunstsymposium-2018_45.jpg\" alt=\"PANTA RHEI von Uwe Thamm\" width=\"180\" height=\"350\" \/><\/a><p id=\"caption-attachment-7519\" class=\"wp-caption-text\">PANTA RHEI von Uwe Thamm<\/p><\/div>\n<div id=\"attachment_7518\" style=\"width: 310px\" class=\"wp-caption aligncenter\"><a href=\"https:\/\/www.naturparkmagazin.de\/stechlin\/wp-content\/uploads\/sites\/38\/Fotoshooting.jpg\"><img aria-describedby=\"caption-attachment-7518\" decoding=\"async\" loading=\"lazy\" class=\"size-thumbnail wp-image-7518\" src=\"https:\/\/www.naturparkmagazin.de\/stechlin\/wp-content\/uploads\/sites\/38\/Fotoshooting-300x180.jpg\" alt=\"Nicole Bischoff und Martin Smith beim Fototermin mit der &quot;Stromdame&quot;\" width=\"300\" height=\"180\" srcset=\"https:\/\/www.naturparkmagazin.de\/stechlin\/wp-content\/uploads\/sites\/38\/Fotoshooting-300x180.jpg 300w, https:\/\/www.naturparkmagazin.de\/stechlin\/wp-content\/uploads\/sites\/38\/Fotoshooting.jpg 500w, https:\/\/www.naturparkmagazin.de\/stechlin\/wp-content\/uploads\/sites\/38\/Fotoshooting-200x120.jpg 200w\" sizes=\"(max-width: 300px) 100vw, 300px\" \/><\/a><p id=\"caption-attachment-7518\" class=\"wp-caption-text\">Nicole Bischoff und Martin Smith beim Fototermin mit der von Martin Smith erschaffenen\u00a0&#8222;Stromdame&#8220;<\/p><\/div>\n<p>&nbsp;<\/p>\n<p>Ein herzliches Dankesch\u00f6n an die Waldarbeitsschule Kunsterspring f\u00fcr die Gastfreundschaft sowie an das EU-Life-Projekt Feuchtw\u00e4lder beim NaturSchutzFonds Brandenburg und das Landesamt f\u00fcr Umwelt f\u00fcr die Finanzierung.<\/p>\n","protected":false},"excerpt":{"rendered":"<p>8 K\u00fcnstler aus Deutschland, den Niederlanden und \u00c4thiopien haben am 18. Internationalen Kunstsymposium des Naturparks Stechlin-Ruppiner Land teilgenommen.<\/p>\n","protected":false},"author":39,"featured_media":7515,"comment_status":"open","ping_status":"open","sticky":false,"template":"","format":"standard","meta":[],"categories":[7],"tags":[],"yoast_head":"<!-- This site is optimized with the Yoast SEO plugin v19.10 - https:\/\/yoast.com\/wordpress\/plugins\/seo\/ -->\n<title>Erfolgreiches Kunstsymposium in der Waldarbeitsschule Kunsterspring - Naturpark Stechlin-Ruppiner Land<\/title>\n<meta name=\"robots\" content=\"index, follow, max-snippet:-1, max-image-preview:large, max-video-preview:-1\" \/>\n<link rel=\"canonical\" href=\"https:\/\/www.naturparkmagazin.de\/stechlin\/erfolgreiches-kunstsymposium-in-der-waldarbeitsschule-kunsterspring\/\" \/>\n<meta property=\"og:locale\" content=\"de_DE\" \/>\n<meta property=\"og:type\" content=\"article\" \/>\n<meta property=\"og:title\" content=\"Erfolgreiches Kunstsymposium in der Waldarbeitsschule Kunsterspring - Naturpark Stechlin-Ruppiner Land\" \/>\n<meta property=\"og:description\" content=\"8 K\u00fcnstler aus Deutschland, den Niederlanden und \u00c4thiopien haben am 18. Internationalen Kunstsymposium des Naturparks Stechlin-Ruppiner Land teilgenommen.\" \/>\n<meta property=\"og:url\" content=\"https:\/\/www.naturparkmagazin.de\/stechlin\/erfolgreiches-kunstsymposium-in-der-waldarbeitsschule-kunsterspring\/\" \/>\n<meta property=\"og:site_name\" content=\"Naturpark Stechlin-Ruppiner Land\" \/>\n<meta property=\"article:published_time\" content=\"2018-09-17T09:49:01+00:00\" \/>\n<meta property=\"article:modified_time\" content=\"2018-09-25T13:16:25+00:00\" \/>\n<meta property=\"og:image\" content=\"https:\/\/www.naturparkmagazin.de\/stechlin\/wp-content\/uploads\/sites\/38\/Kunstsymposium-2018_33.jpg\" \/>\n\t<meta property=\"og:image:width\" content=\"200\" \/>\n\t<meta property=\"og:image:height\" content=\"200\" \/>\n\t<meta property=\"og:image:type\" content=\"image\/jpeg\" \/>\n<meta name=\"author\" content=\"marioschrumpf\" \/>\n<meta name=\"twitter:label1\" content=\"Verfasst von\" \/>\n\t<meta name=\"twitter:data1\" content=\"marioschrumpf\" \/>\n\t<meta name=\"twitter:label2\" content=\"Gesch\u00e4tzte Lesezeit\" \/>\n\t<meta name=\"twitter:data2\" content=\"1\u00a0Minute\" \/>\n<script type=\"application\/ld+json\" class=\"yoast-schema-graph\">{\"@context\":\"https:\/\/schema.org\",\"@graph\":[{\"@type\":\"WebPage\",\"@id\":\"https:\/\/www.naturparkmagazin.de\/stechlin\/erfolgreiches-kunstsymposium-in-der-waldarbeitsschule-kunsterspring\/\",\"url\":\"https:\/\/www.naturparkmagazin.de\/stechlin\/erfolgreiches-kunstsymposium-in-der-waldarbeitsschule-kunsterspring\/\",\"name\":\"Erfolgreiches Kunstsymposium in der Waldarbeitsschule Kunsterspring - Naturpark Stechlin-Ruppiner Land\",\"isPartOf\":{\"@id\":\"https:\/\/www.naturparkmagazin.de\/stechlin\/#website\"},\"datePublished\":\"2018-09-17T09:49:01+00:00\",\"dateModified\":\"2018-09-25T13:16:25+00:00\",\"author\":{\"@id\":\"https:\/\/www.naturparkmagazin.de\/stechlin\/#\/schema\/person\/3f0d93203df21c806dd63c76d9bb28bc\"},\"breadcrumb\":{\"@id\":\"https:\/\/www.naturparkmagazin.de\/stechlin\/erfolgreiches-kunstsymposium-in-der-waldarbeitsschule-kunsterspring\/#breadcrumb\"},\"inLanguage\":\"de\",\"potentialAction\":[{\"@type\":\"ReadAction\",\"target\":[\"https:\/\/www.naturparkmagazin.de\/stechlin\/erfolgreiches-kunstsymposium-in-der-waldarbeitsschule-kunsterspring\/\"]}]},{\"@type\":\"BreadcrumbList\",\"@id\":\"https:\/\/www.naturparkmagazin.de\/stechlin\/erfolgreiches-kunstsymposium-in-der-waldarbeitsschule-kunsterspring\/#breadcrumb\",\"itemListElement\":[{\"@type\":\"ListItem\",\"position\":1,\"name\":\"Home\",\"item\":\"https:\/\/www.naturparkmagazin.de\/stechlin\/\"},{\"@type\":\"ListItem\",\"position\":2,\"name\":\"Erfolgreiches Kunstsymposium in der Waldarbeitsschule Kunsterspring\"}]},{\"@type\":\"WebSite\",\"@id\":\"https:\/\/www.naturparkmagazin.de\/stechlin\/#website\",\"url\":\"https:\/\/www.naturparkmagazin.de\/stechlin\/\",\"name\":\"Naturpark Stechlin-Ruppiner Land\",\"description\":\"\",\"potentialAction\":[{\"@type\":\"SearchAction\",\"target\":{\"@type\":\"EntryPoint\",\"urlTemplate\":\"https:\/\/www.naturparkmagazin.de\/stechlin\/?s={search_term_string}\"},\"query-input\":\"required name=search_term_string\"}],\"inLanguage\":\"de\"},{\"@type\":\"Person\",\"@id\":\"https:\/\/www.naturparkmagazin.de\/stechlin\/#\/schema\/person\/3f0d93203df21c806dd63c76d9bb28bc\",\"name\":\"marioschrumpf\",\"url\":\"https:\/\/www.naturparkmagazin.de\/stechlin\/author\/marioschrumpf\/\"}]}<\/script>\n<!-- \/ Yoast SEO plugin. -->","yoast_head_json":{"title":"Erfolgreiches Kunstsymposium in der Waldarbeitsschule Kunsterspring - Naturpark Stechlin-Ruppiner Land","robots":{"index":"index","follow":"follow","max-snippet":"max-snippet:-1","max-image-preview":"max-image-preview:large","max-video-preview":"max-video-preview:-1"},"canonical":"https:\/\/www.naturparkmagazin.de\/stechlin\/erfolgreiches-kunstsymposium-in-der-waldarbeitsschule-kunsterspring\/","og_locale":"de_DE","og_type":"article","og_title":"Erfolgreiches Kunstsymposium in der Waldarbeitsschule Kunsterspring - Naturpark Stechlin-Ruppiner Land","og_description":"8 K\u00fcnstler aus Deutschland, den Niederlanden und \u00c4thiopien haben am 18. Internationalen Kunstsymposium des Naturparks Stechlin-Ruppiner Land teilgenommen.","og_url":"https:\/\/www.naturparkmagazin.de\/stechlin\/erfolgreiches-kunstsymposium-in-der-waldarbeitsschule-kunsterspring\/","og_site_name":"Naturpark Stechlin-Ruppiner Land","article_published_time":"2018-09-17T09:49:01+00:00","article_modified_time":"2018-09-25T13:16:25+00:00","og_image":[{"width":200,"height":200,"url":"https:\/\/www.naturparkmagazin.de\/stechlin\/wp-content\/uploads\/sites\/38\/Kunstsymposium-2018_33.jpg","type":"image\/jpeg"}],"author":"marioschrumpf","twitter_misc":{"Verfasst von":"marioschrumpf","Gesch\u00e4tzte Lesezeit":"1\u00a0Minute"},"schema":{"@context":"https:\/\/schema.org","@graph":[{"@type":"WebPage","@id":"https:\/\/www.naturparkmagazin.de\/stechlin\/erfolgreiches-kunstsymposium-in-der-waldarbeitsschule-kunsterspring\/","url":"https:\/\/www.naturparkmagazin.de\/stechlin\/erfolgreiches-kunstsymposium-in-der-waldarbeitsschule-kunsterspring\/","name":"Erfolgreiches Kunstsymposium in der Waldarbeitsschule Kunsterspring - Naturpark Stechlin-Ruppiner Land","isPartOf":{"@id":"https:\/\/www.naturparkmagazin.de\/stechlin\/#website"},"datePublished":"2018-09-17T09:49:01+00:00","dateModified":"2018-09-25T13:16:25+00:00","author":{"@id":"https:\/\/www.naturparkmagazin.de\/stechlin\/#\/schema\/person\/3f0d93203df21c806dd63c76d9bb28bc"},"breadcrumb":{"@id":"https:\/\/www.naturparkmagazin.de\/stechlin\/erfolgreiches-kunstsymposium-in-der-waldarbeitsschule-kunsterspring\/#breadcrumb"},"inLanguage":"de","potentialAction":[{"@type":"ReadAction","target":["https:\/\/www.naturparkmagazin.de\/stechlin\/erfolgreiches-kunstsymposium-in-der-waldarbeitsschule-kunsterspring\/"]}]},{"@type":"BreadcrumbList","@id":"https:\/\/www.naturparkmagazin.de\/stechlin\/erfolgreiches-kunstsymposium-in-der-waldarbeitsschule-kunsterspring\/#breadcrumb","itemListElement":[{"@type":"ListItem","position":1,"name":"Home","item":"https:\/\/www.naturparkmagazin.de\/stechlin\/"},{"@type":"ListItem","position":2,"name":"Erfolgreiches Kunstsymposium in der Waldarbeitsschule Kunsterspring"}]},{"@type":"WebSite","@id":"https:\/\/www.naturparkmagazin.de\/stechlin\/#website","url":"https:\/\/www.naturparkmagazin.de\/stechlin\/","name":"Naturpark Stechlin-Ruppiner Land","description":"","potentialAction":[{"@type":"SearchAction","target":{"@type":"EntryPoint","urlTemplate":"https:\/\/www.naturparkmagazin.de\/stechlin\/?s={search_term_string}"},"query-input":"required name=search_term_string"}],"inLanguage":"de"},{"@type":"Person","@id":"https:\/\/www.naturparkmagazin.de\/stechlin\/#\/schema\/person\/3f0d93203df21c806dd63c76d9bb28bc","name":"marioschrumpf","url":"https:\/\/www.naturparkmagazin.de\/stechlin\/author\/marioschrumpf\/"}]}},"_links":{"self":[{"href":"https:\/\/www.naturparkmagazin.de\/stechlin\/wp-json\/wp\/v2\/posts\/7514"}],"collection":[{"href":"https:\/\/www.naturparkmagazin.de\/stechlin\/wp-json\/wp\/v2\/posts"}],"about":[{"href":"https:\/\/www.naturparkmagazin.de\/stechlin\/wp-json\/wp\/v2\/types\/post"}],"author":[{"embeddable":true,"href":"https:\/\/www.naturparkmagazin.de\/stechlin\/wp-json\/wp\/v2\/users\/39"}],"replies":[{"embeddable":true,"href":"https:\/\/www.naturparkmagazin.de\/stechlin\/wp-json\/wp\/v2\/comments?post=7514"}],"version-history":[{"count":3,"href":"https:\/\/www.naturparkmagazin.de\/stechlin\/wp-json\/wp\/v2\/posts\/7514\/revisions"}],"predecessor-version":[{"id":7571,"href":"https:\/\/www.naturparkmagazin.de\/stechlin\/wp-json\/wp\/v2\/posts\/7514\/revisions\/7571"}],"wp:featuredmedia":[{"embeddable":true,"href":"https:\/\/www.naturparkmagazin.de\/stechlin\/wp-json\/wp\/v2\/media\/7515"}],"wp:attachment":[{"href":"https:\/\/www.naturparkmagazin.de\/stechlin\/wp-json\/wp\/v2\/media?parent=7514"}],"wp:term":[{"taxonomy":"category","embeddable":true,"href":"https:\/\/www.naturparkmagazin.de\/stechlin\/wp-json\/wp\/v2\/categories?post=7514"},{"taxonomy":"post_tag","embeddable":true,"href":"https:\/\/www.naturparkmagazin.de\/stechlin\/wp-json\/wp\/v2\/tags?post=7514"}],"curies":[{"name":"wp","href":"https:\/\/api.w.org\/{rel}","templated":true}]}}