{"id":7521,"date":"2018-09-17T14:30:00","date_gmt":"2018-09-17T12:30:00","guid":{"rendered":"https:\/\/www.naturparkmagazin.de\/stechlin\/?p=7521"},"modified":"2018-09-24T16:45:49","modified_gmt":"2018-09-24T14:45:49","slug":"20-jahre-foerderverein-kulturgutshaus-koepernitz","status":"publish","type":"post","link":"https:\/\/www.naturparkmagazin.de\/stechlin\/20-jahre-foerderverein-kulturgutshaus-koepernitz\/","title":{"rendered":"20 Jahre F\u00f6rderverein KulturGutshaus K\u00f6pernitz"},"content":{"rendered":"<div id=\"attachment_7523\" style=\"width: 310px\" class=\"wp-caption aligncenter\"><a href=\"https:\/\/www.naturparkmagazin.de\/stechlin\/wp-content\/uploads\/sites\/38\/K\u00f6pernitz_126.jpg\"><img aria-describedby=\"caption-attachment-7523\" decoding=\"async\" loading=\"lazy\" class=\"size-thumbnail wp-image-7523\" src=\"https:\/\/www.naturparkmagazin.de\/stechlin\/wp-content\/uploads\/sites\/38\/K\u00f6pernitz_126-300x180.jpg\" alt=\"Besucher im Gespr\u00e4ch mit dem Vereinsvorsitzenden Bernd Donner.\" width=\"300\" height=\"180\" srcset=\"https:\/\/www.naturparkmagazin.de\/stechlin\/wp-content\/uploads\/sites\/38\/K\u00f6pernitz_126-300x180.jpg 300w, https:\/\/www.naturparkmagazin.de\/stechlin\/wp-content\/uploads\/sites\/38\/K\u00f6pernitz_126.jpg 500w, https:\/\/www.naturparkmagazin.de\/stechlin\/wp-content\/uploads\/sites\/38\/K\u00f6pernitz_126-200x120.jpg 200w\" sizes=\"(max-width: 300px) 100vw, 300px\" \/><\/a><p id=\"caption-attachment-7523\" class=\"wp-caption-text\">Besucher im Gespr\u00e4ch mit dem Vereinsvorsitzenden Bernd Donner.<\/p><\/div>\n<p>Anl\u00e4sslich des Tages des Offenen Denkmals am 9. September feierte im KulturGutshaus K\u00f6pernitz der gleichnamige Verein sein Jubil\u00e4um.<\/p>\n<p>Zum 20. Geburtstag wurde die Ausstellung &#8222;<em>20 Jahre F\u00f6rderverein &#8211; 20 Fundst\u00fccke<\/em>&#8220; er\u00f6ffnet. Bei den 20 Fundst\u00fccken handelt es sich um z.T. erstmalig ausgestellte Dokumente, Ansichten, Fotos, Karten und Originalb\u00fccher sowie Zusammenstellungen von Materialien, die zur 20j\u00e4hrigen Geschichte des F\u00f6rdervereins geh\u00f6ren. So waren u.a. die gemeinsam mit dem Naturpark erarbeitete Infotafel zum Historischen Friedhof K\u00f6pernitz und zum Spritzenhaus Heinrichsdorf Inhalt der Ausstellung.<\/p>\n<div id=\"attachment_7524\" style=\"width: 310px\" class=\"wp-caption aligncenter\"><a href=\"https:\/\/www.naturparkmagazin.de\/stechlin\/wp-content\/uploads\/sites\/38\/K\u00f6pernitz_120.jpg\"><img aria-describedby=\"caption-attachment-7524\" decoding=\"async\" loading=\"lazy\" class=\"size-thumbnail wp-image-7524\" src=\"https:\/\/www.naturparkmagazin.de\/stechlin\/wp-content\/uploads\/sites\/38\/K\u00f6pernitz_120-300x180.jpg\" alt=\"Der neu entstandene Rundweg vom Gutshaus zum Friedhof im Luftbild.\" width=\"300\" height=\"180\" srcset=\"https:\/\/www.naturparkmagazin.de\/stechlin\/wp-content\/uploads\/sites\/38\/K\u00f6pernitz_120-300x180.jpg 300w, https:\/\/www.naturparkmagazin.de\/stechlin\/wp-content\/uploads\/sites\/38\/K\u00f6pernitz_120.jpg 500w, https:\/\/www.naturparkmagazin.de\/stechlin\/wp-content\/uploads\/sites\/38\/K\u00f6pernitz_120-200x120.jpg 200w\" sizes=\"(max-width: 300px) 100vw, 300px\" \/><\/a><p id=\"caption-attachment-7524\" class=\"wp-caption-text\">Der neu entstandene Rundweg vom Gutshaus zum Friedhof im Luftbild.<\/p><\/div>\n<div id=\"attachment_7522\" style=\"width: 310px\" class=\"wp-caption aligncenter\"><a href=\"https:\/\/www.naturparkmagazin.de\/stechlin\/wp-content\/uploads\/sites\/38\/K\u00f6pernitz_122.jpg\"><img aria-describedby=\"caption-attachment-7522\" decoding=\"async\" loading=\"lazy\" class=\"size-thumbnail wp-image-7522\" src=\"https:\/\/www.naturparkmagazin.de\/stechlin\/wp-content\/uploads\/sites\/38\/K\u00f6pernitz_122-300x180.jpg\" alt=\"Bernd Donner im Presseinterview.\" width=\"300\" height=\"180\" srcset=\"https:\/\/www.naturparkmagazin.de\/stechlin\/wp-content\/uploads\/sites\/38\/K\u00f6pernitz_122-300x180.jpg 300w, https:\/\/www.naturparkmagazin.de\/stechlin\/wp-content\/uploads\/sites\/38\/K\u00f6pernitz_122.jpg 500w, https:\/\/www.naturparkmagazin.de\/stechlin\/wp-content\/uploads\/sites\/38\/K\u00f6pernitz_122-200x120.jpg 200w\" sizes=\"(max-width: 300px) 100vw, 300px\" \/><\/a><p id=\"caption-attachment-7522\" class=\"wp-caption-text\">Bernd Donner im Presseinterview.<\/p><\/div>\n<p><strong>Herzlichen Gl\u00fcckwunsch unserem Netzwerkpartner in K\u00f6pernitz!<\/strong><\/p>\n<p>&nbsp;<\/p>\n","protected":false},"excerpt":{"rendered":"<p>Anl\u00e4sslich des Tages des Offenen Denkmals am 9. September feierte im KulturGutshaus K\u00f6pernitz der gleichnamige Verein sein Jubil\u00e4um.<\/p>\n","protected":false},"author":39,"featured_media":7525,"comment_status":"open","ping_status":"open","sticky":false,"template":"","format":"standard","meta":[],"categories":[7],"tags":[],"yoast_head":"<!-- This site is optimized with the Yoast SEO plugin v19.10 - https:\/\/yoast.com\/wordpress\/plugins\/seo\/ -->\n<title>20 Jahre F\u00f6rderverein KulturGutshaus K\u00f6pernitz - Naturpark Stechlin-Ruppiner Land<\/title>\n<meta name=\"robots\" content=\"index, follow, max-snippet:-1, max-image-preview:large, max-video-preview:-1\" \/>\n<link rel=\"canonical\" href=\"https:\/\/www.naturparkmagazin.de\/stechlin\/20-jahre-foerderverein-kulturgutshaus-koepernitz\/\" \/>\n<meta property=\"og:locale\" content=\"de_DE\" \/>\n<meta property=\"og:type\" content=\"article\" \/>\n<meta property=\"og:title\" content=\"20 Jahre F\u00f6rderverein KulturGutshaus K\u00f6pernitz - Naturpark Stechlin-Ruppiner Land\" \/>\n<meta property=\"og:description\" content=\"Anl\u00e4sslich des Tages des Offenen Denkmals am 9. September feierte im KulturGutshaus K\u00f6pernitz der gleichnamige Verein sein Jubil\u00e4um.\" \/>\n<meta property=\"og:url\" content=\"https:\/\/www.naturparkmagazin.de\/stechlin\/20-jahre-foerderverein-kulturgutshaus-koepernitz\/\" \/>\n<meta property=\"og:site_name\" content=\"Naturpark Stechlin-Ruppiner Land\" \/>\n<meta property=\"article:published_time\" content=\"2018-09-17T12:30:00+00:00\" \/>\n<meta property=\"article:modified_time\" content=\"2018-09-24T14:45:49+00:00\" \/>\n<meta property=\"og:image\" content=\"https:\/\/www.naturparkmagazin.de\/stechlin\/wp-content\/uploads\/sites\/38\/K\u00f6pernitz_114.jpg\" \/>\n\t<meta property=\"og:image:width\" content=\"200\" \/>\n\t<meta property=\"og:image:height\" content=\"200\" \/>\n\t<meta property=\"og:image:type\" content=\"image\/jpeg\" \/>\n<meta name=\"author\" content=\"marioschrumpf\" \/>\n<meta name=\"twitter:label1\" content=\"Verfasst von\" \/>\n\t<meta name=\"twitter:data1\" content=\"marioschrumpf\" \/>\n\t<meta name=\"twitter:label2\" content=\"Gesch\u00e4tzte Lesezeit\" \/>\n\t<meta name=\"twitter:data2\" content=\"1\u00a0Minute\" \/>\n<script type=\"application\/ld+json\" class=\"yoast-schema-graph\">{\"@context\":\"https:\/\/schema.org\",\"@graph\":[{\"@type\":\"WebPage\",\"@id\":\"https:\/\/www.naturparkmagazin.de\/stechlin\/20-jahre-foerderverein-kulturgutshaus-koepernitz\/\",\"url\":\"https:\/\/www.naturparkmagazin.de\/stechlin\/20-jahre-foerderverein-kulturgutshaus-koepernitz\/\",\"name\":\"20 Jahre F\u00f6rderverein KulturGutshaus K\u00f6pernitz - Naturpark Stechlin-Ruppiner Land\",\"isPartOf\":{\"@id\":\"https:\/\/www.naturparkmagazin.de\/stechlin\/#website\"},\"datePublished\":\"2018-09-17T12:30:00+00:00\",\"dateModified\":\"2018-09-24T14:45:49+00:00\",\"author\":{\"@id\":\"https:\/\/www.naturparkmagazin.de\/stechlin\/#\/schema\/person\/3f0d93203df21c806dd63c76d9bb28bc\"},\"breadcrumb\":{\"@id\":\"https:\/\/www.naturparkmagazin.de\/stechlin\/20-jahre-foerderverein-kulturgutshaus-koepernitz\/#breadcrumb\"},\"inLanguage\":\"de\",\"potentialAction\":[{\"@type\":\"ReadAction\",\"target\":[\"https:\/\/www.naturparkmagazin.de\/stechlin\/20-jahre-foerderverein-kulturgutshaus-koepernitz\/\"]}]},{\"@type\":\"BreadcrumbList\",\"@id\":\"https:\/\/www.naturparkmagazin.de\/stechlin\/20-jahre-foerderverein-kulturgutshaus-koepernitz\/#breadcrumb\",\"itemListElement\":[{\"@type\":\"ListItem\",\"position\":1,\"name\":\"Home\",\"item\":\"https:\/\/www.naturparkmagazin.de\/stechlin\/\"},{\"@type\":\"ListItem\",\"position\":2,\"name\":\"20 Jahre F\u00f6rderverein KulturGutshaus K\u00f6pernitz\"}]},{\"@type\":\"WebSite\",\"@id\":\"https:\/\/www.naturparkmagazin.de\/stechlin\/#website\",\"url\":\"https:\/\/www.naturparkmagazin.de\/stechlin\/\",\"name\":\"Naturpark Stechlin-Ruppiner Land\",\"description\":\"\",\"potentialAction\":[{\"@type\":\"SearchAction\",\"target\":{\"@type\":\"EntryPoint\",\"urlTemplate\":\"https:\/\/www.naturparkmagazin.de\/stechlin\/?s={search_term_string}\"},\"query-input\":\"required name=search_term_string\"}],\"inLanguage\":\"de\"},{\"@type\":\"Person\",\"@id\":\"https:\/\/www.naturparkmagazin.de\/stechlin\/#\/schema\/person\/3f0d93203df21c806dd63c76d9bb28bc\",\"name\":\"marioschrumpf\",\"url\":\"https:\/\/www.naturparkmagazin.de\/stechlin\/author\/marioschrumpf\/\"}]}<\/script>\n<!-- \/ Yoast SEO plugin. -->","yoast_head_json":{"title":"20 Jahre F\u00f6rderverein KulturGutshaus K\u00f6pernitz - Naturpark Stechlin-Ruppiner Land","robots":{"index":"index","follow":"follow","max-snippet":"max-snippet:-1","max-image-preview":"max-image-preview:large","max-video-preview":"max-video-preview:-1"},"canonical":"https:\/\/www.naturparkmagazin.de\/stechlin\/20-jahre-foerderverein-kulturgutshaus-koepernitz\/","og_locale":"de_DE","og_type":"article","og_title":"20 Jahre F\u00f6rderverein KulturGutshaus K\u00f6pernitz - Naturpark Stechlin-Ruppiner Land","og_description":"Anl\u00e4sslich des Tages des Offenen Denkmals am 9. September feierte im KulturGutshaus K\u00f6pernitz der gleichnamige Verein sein Jubil\u00e4um.","og_url":"https:\/\/www.naturparkmagazin.de\/stechlin\/20-jahre-foerderverein-kulturgutshaus-koepernitz\/","og_site_name":"Naturpark Stechlin-Ruppiner Land","article_published_time":"2018-09-17T12:30:00+00:00","article_modified_time":"2018-09-24T14:45:49+00:00","og_image":[{"width":200,"height":200,"url":"https:\/\/www.naturparkmagazin.de\/stechlin\/wp-content\/uploads\/sites\/38\/K\u00f6pernitz_114.jpg","type":"image\/jpeg"}],"author":"marioschrumpf","twitter_misc":{"Verfasst von":"marioschrumpf","Gesch\u00e4tzte Lesezeit":"1\u00a0Minute"},"schema":{"@context":"https:\/\/schema.org","@graph":[{"@type":"WebPage","@id":"https:\/\/www.naturparkmagazin.de\/stechlin\/20-jahre-foerderverein-kulturgutshaus-koepernitz\/","url":"https:\/\/www.naturparkmagazin.de\/stechlin\/20-jahre-foerderverein-kulturgutshaus-koepernitz\/","name":"20 Jahre F\u00f6rderverein KulturGutshaus K\u00f6pernitz - Naturpark Stechlin-Ruppiner Land","isPartOf":{"@id":"https:\/\/www.naturparkmagazin.de\/stechlin\/#website"},"datePublished":"2018-09-17T12:30:00+00:00","dateModified":"2018-09-24T14:45:49+00:00","author":{"@id":"https:\/\/www.naturparkmagazin.de\/stechlin\/#\/schema\/person\/3f0d93203df21c806dd63c76d9bb28bc"},"breadcrumb":{"@id":"https:\/\/www.naturparkmagazin.de\/stechlin\/20-jahre-foerderverein-kulturgutshaus-koepernitz\/#breadcrumb"},"inLanguage":"de","potentialAction":[{"@type":"ReadAction","target":["https:\/\/www.naturparkmagazin.de\/stechlin\/20-jahre-foerderverein-kulturgutshaus-koepernitz\/"]}]},{"@type":"BreadcrumbList","@id":"https:\/\/www.naturparkmagazin.de\/stechlin\/20-jahre-foerderverein-kulturgutshaus-koepernitz\/#breadcrumb","itemListElement":[{"@type":"ListItem","position":1,"name":"Home","item":"https:\/\/www.naturparkmagazin.de\/stechlin\/"},{"@type":"ListItem","position":2,"name":"20 Jahre F\u00f6rderverein KulturGutshaus K\u00f6pernitz"}]},{"@type":"WebSite","@id":"https:\/\/www.naturparkmagazin.de\/stechlin\/#website","url":"https:\/\/www.naturparkmagazin.de\/stechlin\/","name":"Naturpark Stechlin-Ruppiner Land","description":"","potentialAction":[{"@type":"SearchAction","target":{"@type":"EntryPoint","urlTemplate":"https:\/\/www.naturparkmagazin.de\/stechlin\/?s={search_term_string}"},"query-input":"required name=search_term_string"}],"inLanguage":"de"},{"@type":"Person","@id":"https:\/\/www.naturparkmagazin.de\/stechlin\/#\/schema\/person\/3f0d93203df21c806dd63c76d9bb28bc","name":"marioschrumpf","url":"https:\/\/www.naturparkmagazin.de\/stechlin\/author\/marioschrumpf\/"}]}},"_links":{"self":[{"href":"https:\/\/www.naturparkmagazin.de\/stechlin\/wp-json\/wp\/v2\/posts\/7521"}],"collection":[{"href":"https:\/\/www.naturparkmagazin.de\/stechlin\/wp-json\/wp\/v2\/posts"}],"about":[{"href":"https:\/\/www.naturparkmagazin.de\/stechlin\/wp-json\/wp\/v2\/types\/post"}],"author":[{"embeddable":true,"href":"https:\/\/www.naturparkmagazin.de\/stechlin\/wp-json\/wp\/v2\/users\/39"}],"replies":[{"embeddable":true,"href":"https:\/\/www.naturparkmagazin.de\/stechlin\/wp-json\/wp\/v2\/comments?post=7521"}],"version-history":[{"count":3,"href":"https:\/\/www.naturparkmagazin.de\/stechlin\/wp-json\/wp\/v2\/posts\/7521\/revisions"}],"predecessor-version":[{"id":7559,"href":"https:\/\/www.naturparkmagazin.de\/stechlin\/wp-json\/wp\/v2\/posts\/7521\/revisions\/7559"}],"wp:featuredmedia":[{"embeddable":true,"href":"https:\/\/www.naturparkmagazin.de\/stechlin\/wp-json\/wp\/v2\/media\/7525"}],"wp:attachment":[{"href":"https:\/\/www.naturparkmagazin.de\/stechlin\/wp-json\/wp\/v2\/media?parent=7521"}],"wp:term":[{"taxonomy":"category","embeddable":true,"href":"https:\/\/www.naturparkmagazin.de\/stechlin\/wp-json\/wp\/v2\/categories?post=7521"},{"taxonomy":"post_tag","embeddable":true,"href":"https:\/\/www.naturparkmagazin.de\/stechlin\/wp-json\/wp\/v2\/tags?post=7521"}],"curies":[{"name":"wp","href":"https:\/\/api.w.org\/{rel}","templated":true}]}}