{"id":7533,"date":"2018-09-17T15:15:47","date_gmt":"2018-09-17T13:15:47","guid":{"rendered":"https:\/\/www.naturparkmagazin.de\/stechlin\/?p=7533"},"modified":"2018-09-24T16:39:23","modified_gmt":"2018-09-24T14:39:23","slug":"einsam-fuer-den-erhalt-der-artenvielfalt","status":"publish","type":"post","link":"https:\/\/www.naturparkmagazin.de\/stechlin\/einsam-fuer-den-erhalt-der-artenvielfalt\/","title":{"rendered":"Gemeinsam f\u00fcr den Erhalt der Artenvielfalt"},"content":{"rendered":"<p>Vom 4. bis zum 6. September veranstaltete die Piepenbrock Unternehmensgruppe im Naturpark Stechlin-Ruppiner Land die Azubi-Projekttage. Im unternehmenseigenen Forst Rheinshagen standen bereits zum siebten Mal die Themen Nachhaltigkeit und Umweltschutz im Mittelpunkt. Zehn Auszubildende aus den Fachgebieten Geb\u00e4udereinigung und Sicherheit waren in Fahrgemeinschaften aus dem gesamten Bundesgebiet angereist.<\/p>\n<div id=\"attachment_7535\" style=\"width: 310px\" class=\"wp-caption aligncenter\"><a href=\"https:\/\/www.naturparkmagazin.de\/stechlin\/wp-content\/uploads\/sites\/38\/Azubi-2018_72.jpg\"><img aria-describedby=\"caption-attachment-7535\" decoding=\"async\" loading=\"lazy\" class=\"size-thumbnail wp-image-7535\" src=\"https:\/\/www.naturparkmagazin.de\/stechlin\/wp-content\/uploads\/sites\/38\/Azubi-2018_72-300x180.jpg\" alt=\"Die Teilnehmer der 7. Azubi-Projekttage im Naturpark.\" width=\"300\" height=\"180\" srcset=\"https:\/\/www.naturparkmagazin.de\/stechlin\/wp-content\/uploads\/sites\/38\/Azubi-2018_72-300x180.jpg 300w, https:\/\/www.naturparkmagazin.de\/stechlin\/wp-content\/uploads\/sites\/38\/Azubi-2018_72.jpg 500w, https:\/\/www.naturparkmagazin.de\/stechlin\/wp-content\/uploads\/sites\/38\/Azubi-2018_72-200x120.jpg 200w\" sizes=\"(max-width: 300px) 100vw, 300px\" \/><\/a><p id=\"caption-attachment-7535\" class=\"wp-caption-text\">Die Teilnehmer der 7. Azubi-Projekttage im Naturpark.<\/p><\/div>\n<p>Nach einer gemeinsamen Vorstellungsrunde erhielten die Auszubildenden die M\u00f6glichkeit, sich in einem Workshop die vielf\u00e4ltigen nachhaltigen Engagements der Piepenbrock Unternehmensgruppe wie regelm\u00e4\u00dfige Pflanzaktionen oder Kinderpatenschaften in Vietnam zu erarbeiten. Auf eine kurze Pr\u00e4sentation der Ergebnisse folgte ein Rundgang durch den Unternehmensforst. In dessen Verlauf wurden den Auszubildenden umfangreiche Informationen zu den heimischen Baum- und Pflanzenarten vermittelt.<\/p>\n<p>\u201e<em>Unsere Projekttage sollen den Auszubildenden das Thema Nachhaltigkeit n\u00e4her bringen und gleichzeitig das gegenseitige Kennenlernen f\u00f6rdern. Wir m\u00f6chten auf diese Weise auch die Identifikation mit Piepenbrock als Ausbildungsbetrieb st\u00e4rken und ein wertsch\u00e4tzendes Zeichen gegen\u00fcber unseren Azubis setzen<\/em>\u201c, sagt Claudia Schopf, Leiterin Personalentwicklung und Recruiting bei Piepenbrock.<\/p>\n<div id=\"attachment_7536\" style=\"width: 310px\" class=\"wp-caption aligncenter\"><a href=\"https:\/\/www.naturparkmagazin.de\/stechlin\/wp-content\/uploads\/sites\/38\/Azubi-2018_028.jpg\"><img aria-describedby=\"caption-attachment-7536\" decoding=\"async\" loading=\"lazy\" class=\"size-thumbnail wp-image-7536\" src=\"https:\/\/www.naturparkmagazin.de\/stechlin\/wp-content\/uploads\/sites\/38\/Azubi-2018_028-300x180.jpg\" alt=\"Gemeinsamer Arbeitseinsatz als teambildende Ma\u00dfnahme. \" width=\"300\" height=\"180\" srcset=\"https:\/\/www.naturparkmagazin.de\/stechlin\/wp-content\/uploads\/sites\/38\/Azubi-2018_028-300x180.jpg 300w, https:\/\/www.naturparkmagazin.de\/stechlin\/wp-content\/uploads\/sites\/38\/Azubi-2018_028.jpg 500w, https:\/\/www.naturparkmagazin.de\/stechlin\/wp-content\/uploads\/sites\/38\/Azubi-2018_028-200x120.jpg 200w\" sizes=\"(max-width: 300px) 100vw, 300px\" \/><\/a><p id=\"caption-attachment-7536\" class=\"wp-caption-text\">Gemeinsamer Arbeitseinsatz als teambildende Ma\u00dfnahme.<\/p><\/div>\n<p>Am zweiten Tag leisteten die Auszubildenden einen praktischen Beitrag zum Naturschutz. Zun\u00e4chst wurden aufkeimende Kiefern von einer Heidefl\u00e4che am Zechower Berg entfernt. \u201e<em>Auf diese Weise erhalten wir die typische Tier- und Pflanzenwelt dieses gesch\u00fctzten Lebensraums<\/em>\u201c, erkl\u00e4rte Piepenbrock-Wildmeister R\u00fcdiger Cours. Die Heidefl\u00e4che ist das Zuhause bedrohter Tierarten wie der Blaufl\u00fcgligen \u00d6dlandschrecke sowie\u00a0von Wald- und Zauneidechse. Daher sei es von besonderer Bedeutung, diese Fl\u00e4chen von Baumbewuchs freizuhalten, so Cours. Im Anschluss machten sich die Azubis daran, sogenannte Insektenhotels zu bauen. Da in der freien Natur der Lebensraum von Insekten immer mehr zur\u00fcckgeht, leisten Insektenhotels einen wesentlichen Beitrag zum Erhalt des \u00f6kologischen Gleichgewichts, indem sie Hummeln, Bienen und Florfliegen einen Unterschlupf bieten.<\/p>\n<div id=\"attachment_7534\" style=\"width: 310px\" class=\"wp-caption aligncenter\"><a href=\"https:\/\/www.naturparkmagazin.de\/stechlin\/wp-content\/uploads\/sites\/38\/Azubi-2018_86.jpg\"><img aria-describedby=\"caption-attachment-7534\" decoding=\"async\" loading=\"lazy\" class=\"size-thumbnail wp-image-7534\" src=\"https:\/\/www.naturparkmagazin.de\/stechlin\/wp-content\/uploads\/sites\/38\/Azubi-2018_86-300x180.jpg\" alt=\"Beim Bau der Insektenhotels wurde gemeinsam Hand angelegt.\" width=\"300\" height=\"180\" srcset=\"https:\/\/www.naturparkmagazin.de\/stechlin\/wp-content\/uploads\/sites\/38\/Azubi-2018_86-300x180.jpg 300w, https:\/\/www.naturparkmagazin.de\/stechlin\/wp-content\/uploads\/sites\/38\/Azubi-2018_86.jpg 500w, https:\/\/www.naturparkmagazin.de\/stechlin\/wp-content\/uploads\/sites\/38\/Azubi-2018_86-200x120.jpg 200w\" sizes=\"(max-width: 300px) 100vw, 300px\" \/><\/a><p id=\"caption-attachment-7534\" class=\"wp-caption-text\">Beim Bau der Insektenhotels wurde gemeinsam Hand angelegt.<\/p><\/div>\n<p>F\u00fcr das Familienunternehmen haben die Azubi-Projekttage bereits Tradition. Im Jahr 2012 lud Piepenbrock erstmals Auszubildende in den Unternehmensforst ein, um die Bestrebungen auf dem Gebiet der Nachhaltigkeit des Geb\u00e4udedienstleisters kennenzulernen. Das Engagement des Dienstleisters in Kooperation mit dem Naturpark wurde bereits <strong>dreimal als \u201eProjekt der UN-Dekade Biologische Vielfalt\u201c ausgezeichnet<\/strong>.<\/p>\n<p>Der Piepenbrock-Forst Rheinshagen ist Bestandteil des <strong>Naturschutzgebietes Rheinsberger Rhin und Hellberge<\/strong>, das zum europ\u00e4ischen Schutzgebietsnetzwerk Natura 2000 geh\u00f6rt. Das Familienunternehmen bewirtschaftet den 2\u2009200 Hektar gro\u00dfen Forst im Naturpark Stechlin-Ruppiner Land <strong>in enger Abstimmung mit der Naturparkverwaltung<\/strong>.<\/p>\n","protected":false},"excerpt":{"rendered":"<p>Vom 4. bis zum 6. September veranstaltete die Piepenbrock Unternehmensgruppe im Naturpark Stechlin-Ruppiner Land bereits zum siebenten mal die Azubi-Projekttage. <\/p>\n","protected":false},"author":39,"featured_media":7537,"comment_status":"open","ping_status":"open","sticky":false,"template":"","format":"standard","meta":[],"categories":[7],"tags":[],"yoast_head":"<!-- This site is optimized with the Yoast SEO plugin v19.10 - https:\/\/yoast.com\/wordpress\/plugins\/seo\/ -->\n<title>Gemeinsam f\u00fcr den Erhalt der Artenvielfalt - Naturpark Stechlin-Ruppiner Land<\/title>\n<meta name=\"robots\" content=\"index, follow, max-snippet:-1, max-image-preview:large, max-video-preview:-1\" \/>\n<link rel=\"canonical\" href=\"https:\/\/www.naturparkmagazin.de\/stechlin\/einsam-fuer-den-erhalt-der-artenvielfalt\/\" \/>\n<meta property=\"og:locale\" content=\"de_DE\" \/>\n<meta property=\"og:type\" content=\"article\" \/>\n<meta property=\"og:title\" content=\"Gemeinsam f\u00fcr den Erhalt der Artenvielfalt - Naturpark Stechlin-Ruppiner Land\" \/>\n<meta property=\"og:description\" content=\"Vom 4. bis zum 6. September veranstaltete die Piepenbrock Unternehmensgruppe im Naturpark Stechlin-Ruppiner Land bereits zum siebenten mal die Azubi-Projekttage.\" \/>\n<meta property=\"og:url\" content=\"https:\/\/www.naturparkmagazin.de\/stechlin\/einsam-fuer-den-erhalt-der-artenvielfalt\/\" \/>\n<meta property=\"og:site_name\" content=\"Naturpark Stechlin-Ruppiner Land\" \/>\n<meta property=\"article:published_time\" content=\"2018-09-17T13:15:47+00:00\" \/>\n<meta property=\"article:modified_time\" content=\"2018-09-24T14:39:23+00:00\" \/>\n<meta property=\"og:image\" content=\"https:\/\/www.naturparkmagazin.de\/stechlin\/wp-content\/uploads\/sites\/38\/Azubi-2018_06.jpg\" \/>\n\t<meta property=\"og:image:width\" content=\"200\" \/>\n\t<meta property=\"og:image:height\" content=\"200\" \/>\n\t<meta property=\"og:image:type\" content=\"image\/jpeg\" \/>\n<meta name=\"author\" content=\"marioschrumpf\" \/>\n<meta name=\"twitter:label1\" content=\"Verfasst von\" \/>\n\t<meta name=\"twitter:data1\" content=\"marioschrumpf\" \/>\n\t<meta name=\"twitter:label2\" content=\"Gesch\u00e4tzte Lesezeit\" \/>\n\t<meta name=\"twitter:data2\" content=\"2\u00a0Minuten\" \/>\n<script type=\"application\/ld+json\" class=\"yoast-schema-graph\">{\"@context\":\"https:\/\/schema.org\",\"@graph\":[{\"@type\":\"WebPage\",\"@id\":\"https:\/\/www.naturparkmagazin.de\/stechlin\/einsam-fuer-den-erhalt-der-artenvielfalt\/\",\"url\":\"https:\/\/www.naturparkmagazin.de\/stechlin\/einsam-fuer-den-erhalt-der-artenvielfalt\/\",\"name\":\"Gemeinsam f\u00fcr den Erhalt der Artenvielfalt - Naturpark Stechlin-Ruppiner Land\",\"isPartOf\":{\"@id\":\"https:\/\/www.naturparkmagazin.de\/stechlin\/#website\"},\"datePublished\":\"2018-09-17T13:15:47+00:00\",\"dateModified\":\"2018-09-24T14:39:23+00:00\",\"author\":{\"@id\":\"https:\/\/www.naturparkmagazin.de\/stechlin\/#\/schema\/person\/3f0d93203df21c806dd63c76d9bb28bc\"},\"breadcrumb\":{\"@id\":\"https:\/\/www.naturparkmagazin.de\/stechlin\/einsam-fuer-den-erhalt-der-artenvielfalt\/#breadcrumb\"},\"inLanguage\":\"de\",\"potentialAction\":[{\"@type\":\"ReadAction\",\"target\":[\"https:\/\/www.naturparkmagazin.de\/stechlin\/einsam-fuer-den-erhalt-der-artenvielfalt\/\"]}]},{\"@type\":\"BreadcrumbList\",\"@id\":\"https:\/\/www.naturparkmagazin.de\/stechlin\/einsam-fuer-den-erhalt-der-artenvielfalt\/#breadcrumb\",\"itemListElement\":[{\"@type\":\"ListItem\",\"position\":1,\"name\":\"Home\",\"item\":\"https:\/\/www.naturparkmagazin.de\/stechlin\/\"},{\"@type\":\"ListItem\",\"position\":2,\"name\":\"Gemeinsam f\u00fcr den Erhalt der Artenvielfalt\"}]},{\"@type\":\"WebSite\",\"@id\":\"https:\/\/www.naturparkmagazin.de\/stechlin\/#website\",\"url\":\"https:\/\/www.naturparkmagazin.de\/stechlin\/\",\"name\":\"Naturpark Stechlin-Ruppiner Land\",\"description\":\"\",\"potentialAction\":[{\"@type\":\"SearchAction\",\"target\":{\"@type\":\"EntryPoint\",\"urlTemplate\":\"https:\/\/www.naturparkmagazin.de\/stechlin\/?s={search_term_string}\"},\"query-input\":\"required name=search_term_string\"}],\"inLanguage\":\"de\"},{\"@type\":\"Person\",\"@id\":\"https:\/\/www.naturparkmagazin.de\/stechlin\/#\/schema\/person\/3f0d93203df21c806dd63c76d9bb28bc\",\"name\":\"marioschrumpf\",\"url\":\"https:\/\/www.naturparkmagazin.de\/stechlin\/author\/marioschrumpf\/\"}]}<\/script>\n<!-- \/ Yoast SEO plugin. -->","yoast_head_json":{"title":"Gemeinsam f\u00fcr den Erhalt der Artenvielfalt - Naturpark Stechlin-Ruppiner Land","robots":{"index":"index","follow":"follow","max-snippet":"max-snippet:-1","max-image-preview":"max-image-preview:large","max-video-preview":"max-video-preview:-1"},"canonical":"https:\/\/www.naturparkmagazin.de\/stechlin\/einsam-fuer-den-erhalt-der-artenvielfalt\/","og_locale":"de_DE","og_type":"article","og_title":"Gemeinsam f\u00fcr den Erhalt der Artenvielfalt - Naturpark Stechlin-Ruppiner Land","og_description":"Vom 4. bis zum 6. September veranstaltete die Piepenbrock Unternehmensgruppe im Naturpark Stechlin-Ruppiner Land bereits zum siebenten mal die Azubi-Projekttage.","og_url":"https:\/\/www.naturparkmagazin.de\/stechlin\/einsam-fuer-den-erhalt-der-artenvielfalt\/","og_site_name":"Naturpark Stechlin-Ruppiner Land","article_published_time":"2018-09-17T13:15:47+00:00","article_modified_time":"2018-09-24T14:39:23+00:00","og_image":[{"width":200,"height":200,"url":"https:\/\/www.naturparkmagazin.de\/stechlin\/wp-content\/uploads\/sites\/38\/Azubi-2018_06.jpg","type":"image\/jpeg"}],"author":"marioschrumpf","twitter_misc":{"Verfasst von":"marioschrumpf","Gesch\u00e4tzte Lesezeit":"2\u00a0Minuten"},"schema":{"@context":"https:\/\/schema.org","@graph":[{"@type":"WebPage","@id":"https:\/\/www.naturparkmagazin.de\/stechlin\/einsam-fuer-den-erhalt-der-artenvielfalt\/","url":"https:\/\/www.naturparkmagazin.de\/stechlin\/einsam-fuer-den-erhalt-der-artenvielfalt\/","name":"Gemeinsam f\u00fcr den Erhalt der Artenvielfalt - Naturpark Stechlin-Ruppiner Land","isPartOf":{"@id":"https:\/\/www.naturparkmagazin.de\/stechlin\/#website"},"datePublished":"2018-09-17T13:15:47+00:00","dateModified":"2018-09-24T14:39:23+00:00","author":{"@id":"https:\/\/www.naturparkmagazin.de\/stechlin\/#\/schema\/person\/3f0d93203df21c806dd63c76d9bb28bc"},"breadcrumb":{"@id":"https:\/\/www.naturparkmagazin.de\/stechlin\/einsam-fuer-den-erhalt-der-artenvielfalt\/#breadcrumb"},"inLanguage":"de","potentialAction":[{"@type":"ReadAction","target":["https:\/\/www.naturparkmagazin.de\/stechlin\/einsam-fuer-den-erhalt-der-artenvielfalt\/"]}]},{"@type":"BreadcrumbList","@id":"https:\/\/www.naturparkmagazin.de\/stechlin\/einsam-fuer-den-erhalt-der-artenvielfalt\/#breadcrumb","itemListElement":[{"@type":"ListItem","position":1,"name":"Home","item":"https:\/\/www.naturparkmagazin.de\/stechlin\/"},{"@type":"ListItem","position":2,"name":"Gemeinsam f\u00fcr den Erhalt der Artenvielfalt"}]},{"@type":"WebSite","@id":"https:\/\/www.naturparkmagazin.de\/stechlin\/#website","url":"https:\/\/www.naturparkmagazin.de\/stechlin\/","name":"Naturpark Stechlin-Ruppiner Land","description":"","potentialAction":[{"@type":"SearchAction","target":{"@type":"EntryPoint","urlTemplate":"https:\/\/www.naturparkmagazin.de\/stechlin\/?s={search_term_string}"},"query-input":"required name=search_term_string"}],"inLanguage":"de"},{"@type":"Person","@id":"https:\/\/www.naturparkmagazin.de\/stechlin\/#\/schema\/person\/3f0d93203df21c806dd63c76d9bb28bc","name":"marioschrumpf","url":"https:\/\/www.naturparkmagazin.de\/stechlin\/author\/marioschrumpf\/"}]}},"_links":{"self":[{"href":"https:\/\/www.naturparkmagazin.de\/stechlin\/wp-json\/wp\/v2\/posts\/7533"}],"collection":[{"href":"https:\/\/www.naturparkmagazin.de\/stechlin\/wp-json\/wp\/v2\/posts"}],"about":[{"href":"https:\/\/www.naturparkmagazin.de\/stechlin\/wp-json\/wp\/v2\/types\/post"}],"author":[{"embeddable":true,"href":"https:\/\/www.naturparkmagazin.de\/stechlin\/wp-json\/wp\/v2\/users\/39"}],"replies":[{"embeddable":true,"href":"https:\/\/www.naturparkmagazin.de\/stechlin\/wp-json\/wp\/v2\/comments?post=7533"}],"version-history":[{"count":5,"href":"https:\/\/www.naturparkmagazin.de\/stechlin\/wp-json\/wp\/v2\/posts\/7533\/revisions"}],"predecessor-version":[{"id":7554,"href":"https:\/\/www.naturparkmagazin.de\/stechlin\/wp-json\/wp\/v2\/posts\/7533\/revisions\/7554"}],"wp:featuredmedia":[{"embeddable":true,"href":"https:\/\/www.naturparkmagazin.de\/stechlin\/wp-json\/wp\/v2\/media\/7537"}],"wp:attachment":[{"href":"https:\/\/www.naturparkmagazin.de\/stechlin\/wp-json\/wp\/v2\/media?parent=7533"}],"wp:term":[{"taxonomy":"category","embeddable":true,"href":"https:\/\/www.naturparkmagazin.de\/stechlin\/wp-json\/wp\/v2\/categories?post=7533"},{"taxonomy":"post_tag","embeddable":true,"href":"https:\/\/www.naturparkmagazin.de\/stechlin\/wp-json\/wp\/v2\/tags?post=7533"}],"curies":[{"name":"wp","href":"https:\/\/api.w.org\/{rel}","templated":true}]}}