{"id":7601,"date":"2018-10-17T13:49:38","date_gmt":"2018-10-17T11:49:38","guid":{"rendered":"https:\/\/www.naturparkmagazin.de\/stechlin\/?p=7601"},"modified":"2025-01-24T10:31:23","modified_gmt":"2025-01-24T09:31:23","slug":"winterschulung-natur-und-landschaftsfuehrer","status":"publish","type":"post","link":"https:\/\/www.naturparkmagazin.de\/stechlin\/winterschulung-natur-und-landschaftsfuehrer\/","title":{"rendered":"Winterschulung der Natur- und Landschaftsf\u00fchrer (2018)"},"content":{"rendered":"<p><a href=\"https:\/\/www.naturparkmagazin.de\/stechlin\/wp-content\/uploads\/sites\/38\/Winterschulung_07.jpg\"><img decoding=\"async\" loading=\"lazy\" class=\" size-full wp-image-7621 aligncenter\" src=\"https:\/\/www.naturparkmagazin.de\/stechlin\/wp-content\/uploads\/sites\/38\/Winterschulung_07.jpg\" alt=\"NP SRL\/Mario Schrumpf\" width=\"200\" height=\"250\" \/><\/a>Die Natur\u2013 und Landschaftsf\u00fchrer des Naturparks Stechlin-Ruppiner Land trafen sich am 17. Oktober zur 2. Weiterbildungsveranstaltung in 2018\u00a0im <strong>Kurt Tucholsky Museum im Rheinsberger Schloss<\/strong>.<\/p>\n<p>Die Veranstaltungen sind ein wichtiger Bestandteil und eine Bereicherung f\u00fcr die t\u00e4gliche Arbeit der\u00a0 zertifizierten Natur- und Landschaftsf\u00fchrer\u00a0in unserem Naturpark.<\/p>\n<p><a href=\"https:\/\/www.naturparkmagazin.de\/stechlin\/wp-content\/uploads\/sites\/38\/Winterschulung-2018_02.jpg\"><img decoding=\"async\" loading=\"lazy\" class=\" size-thumbnail wp-image-7623 aligncenter\" src=\"https:\/\/www.naturparkmagazin.de\/stechlin\/wp-content\/uploads\/sites\/38\/Winterschulung-2018_02-300x180.jpg\" alt=\"NP SRL\/Mario Schrumpf\" width=\"300\" height=\"180\" srcset=\"https:\/\/www.naturparkmagazin.de\/stechlin\/wp-content\/uploads\/sites\/38\/Winterschulung-2018_02-300x180.jpg 300w, https:\/\/www.naturparkmagazin.de\/stechlin\/wp-content\/uploads\/sites\/38\/Winterschulung-2018_02.jpg 500w, https:\/\/www.naturparkmagazin.de\/stechlin\/wp-content\/uploads\/sites\/38\/Winterschulung-2018_02-200x120.jpg 200w\" sizes=\"(max-width: 300px) 100vw, 300px\" \/><\/a>Der Leiter der kommunalen Einrichtung Dr. Peter B\u00f6thig informierte am Vormittag auf sehr spannende Weise \u00fcber die Gr\u00fcndungsgeschichte der Einrichtung . Die bereits geleistete Forschungsarbeit von Dr. P. B\u00f6thig, seinen Mitarbeitern und Unterst\u00fctzern wurde eindrucksvoll vermittelt.<\/p>\n<p>Einzigartige Exponate wie die Erstausgabe\u00a0von Kurt Tucholsky \u201e<em>Rheinsberg ein Bilderbuch f\u00fcr Verliebte<\/em>&#8220;\u00a0 wurden f\u00fcr die Natur- und Landschaftsf\u00fchrer\u00a0extra aus dem Tresor\u00a0geholt und konnten\u00a0 betrachtet werden.<\/p>\n<p>Dr. P. B\u00f6thigs Schilderungen zum Lebens\u2013 und Schaffensweg von Kurt Tucholsky, Familiengeschichten\u00a0und die Verbindung zu Rheinsberg wurden\u00a0 \u00e4u\u00dferst kompetent und sehr\u00a0spannend vermittelt.<\/p>\n<p>Nach der gemeinsamen Mittagspause im Gasthaus Endler wurde in den R\u00e4umen des Marstalls die Veranstaltung fortgesetzt. Der Leiter des Naturparks Stechlin-Ruppiner Land,\u00a0Dr. Mario Schrumpf, informierte \u00fcber Neuigkeiten aus dem Naturpark. Unter anderem zum Ergebnis des 18. Internationalen Kunstsymposiums 2018. Die dort entstandenen Arbeiten werden 2019\u00a0aufgestellt. Entstehen soll ein Kunstpfad im Rheinsberger Gemeindegebiet.<\/p>\n<p>Laufende F\u00f6rderprojekte\u00a0 u. a.\u00a0 das Verbundprojekt \u201eBl\u00fchstreifen\u201c, bl\u00fchende Stra\u00dfengr\u00e4ben, Heckenpflanzprojekte und\u00a0 Informationen zum Thema \u201e<em>Kommunen mit biologische Vielfalt<\/em>\u201c wurden vorgestellt und erkl\u00e4rt.<\/p>\n<p><a href=\"https:\/\/www.naturparkmagazin.de\/stechlin\/wp-content\/uploads\/sites\/38\/Winterschulung_10.jpg\"><img decoding=\"async\" loading=\"lazy\" class=\" size-thumbnail wp-image-7627 aligncenter\" src=\"https:\/\/www.naturparkmagazin.de\/stechlin\/wp-content\/uploads\/sites\/38\/Winterschulung_10-300x180.jpg\" alt=\"Winterschulung_10\" width=\"300\" height=\"180\" srcset=\"https:\/\/www.naturparkmagazin.de\/stechlin\/wp-content\/uploads\/sites\/38\/Winterschulung_10-300x180.jpg 300w, https:\/\/www.naturparkmagazin.de\/stechlin\/wp-content\/uploads\/sites\/38\/Winterschulung_10.jpg 500w, https:\/\/www.naturparkmagazin.de\/stechlin\/wp-content\/uploads\/sites\/38\/Winterschulung_10-200x120.jpg 200w\" sizes=\"(max-width: 300px) 100vw, 300px\" \/><\/a>Herr Dr. M. Schrumpf informierte die\u00a0Natur- und Landschaftsf\u00fchrer\u00a0\u00fcber Weiterbildungsm\u00f6glichkeiten in Wittstock zur LAGA 2019. Weitere Informationen zum 15. Apfeltag in Menz, den Newsletter Naturpark und neue Flyer wurden gegeben.<\/p>\n<p>Die Winterschulung endete in gem\u00fctlicher Runde mit einem regen Austausch der Natur- und Landschaftsf\u00fchrer\u00a0und war ein voller Erfolg.<\/p>\n<p>&nbsp;<\/p>\n<p>Ute Boehm<\/p>\n<p>&nbsp;<\/p>\n<p>&nbsp;<\/p>\n","protected":false},"excerpt":{"rendered":"<p>Die Natur\u2013 und Landschaftsf\u00fchrer des Naturparks Stechlin-Ruppiner Land trafen sich am 17. Oktober zur 2. Weiterbildungsveranstaltung in 2018 im Kurt Tucholsky Museum im Rheinsberger Schloss.<\/p>\n","protected":false},"author":39,"featured_media":7624,"comment_status":"open","ping_status":"open","sticky":false,"template":"","format":"standard","meta":[],"categories":[7],"tags":[],"yoast_head":"<!-- This site is optimized with the Yoast SEO plugin v19.10 - https:\/\/yoast.com\/wordpress\/plugins\/seo\/ -->\n<title>Winterschulung der Natur- und Landschaftsf\u00fchrer (2018) - Naturpark Stechlin-Ruppiner Land<\/title>\n<meta name=\"robots\" content=\"index, follow, max-snippet:-1, max-image-preview:large, max-video-preview:-1\" \/>\n<link rel=\"canonical\" href=\"https:\/\/www.naturparkmagazin.de\/stechlin\/winterschulung-natur-und-landschaftsfuehrer\/\" \/>\n<meta property=\"og:locale\" content=\"de_DE\" \/>\n<meta property=\"og:type\" content=\"article\" \/>\n<meta property=\"og:title\" content=\"Winterschulung der Natur- und Landschaftsf\u00fchrer (2018) - Naturpark Stechlin-Ruppiner Land\" \/>\n<meta property=\"og:description\" content=\"Die Natur\u2013 und Landschaftsf\u00fchrer des Naturparks Stechlin-Ruppiner Land trafen sich am 17. Oktober zur 2. Weiterbildungsveranstaltung in 2018 im Kurt Tucholsky Museum im Rheinsberger Schloss.\" \/>\n<meta property=\"og:url\" content=\"https:\/\/www.naturparkmagazin.de\/stechlin\/winterschulung-natur-und-landschaftsfuehrer\/\" \/>\n<meta property=\"og:site_name\" content=\"Naturpark Stechlin-Ruppiner Land\" \/>\n<meta property=\"article:published_time\" content=\"2018-10-17T11:49:38+00:00\" \/>\n<meta property=\"article:modified_time\" content=\"2025-01-24T09:31:23+00:00\" \/>\n<meta property=\"og:image\" content=\"https:\/\/www.naturparkmagazin.de\/stechlin\/wp-content\/uploads\/sites\/38\/Winterschulung-2018_10.jpg\" \/>\n\t<meta property=\"og:image:width\" content=\"200\" \/>\n\t<meta property=\"og:image:height\" content=\"200\" \/>\n\t<meta property=\"og:image:type\" content=\"image\/jpeg\" \/>\n<meta name=\"author\" content=\"marioschrumpf\" \/>\n<meta name=\"twitter:label1\" content=\"Verfasst von\" \/>\n\t<meta name=\"twitter:data1\" content=\"marioschrumpf\" \/>\n\t<meta name=\"twitter:label2\" content=\"Gesch\u00e4tzte Lesezeit\" \/>\n\t<meta name=\"twitter:data2\" content=\"3\u00a0Minuten\" \/>\n<script type=\"application\/ld+json\" class=\"yoast-schema-graph\">{\"@context\":\"https:\/\/schema.org\",\"@graph\":[{\"@type\":\"WebPage\",\"@id\":\"https:\/\/www.naturparkmagazin.de\/stechlin\/winterschulung-natur-und-landschaftsfuehrer\/\",\"url\":\"https:\/\/www.naturparkmagazin.de\/stechlin\/winterschulung-natur-und-landschaftsfuehrer\/\",\"name\":\"Winterschulung der Natur- und Landschaftsf\u00fchrer (2018) - Naturpark Stechlin-Ruppiner Land\",\"isPartOf\":{\"@id\":\"https:\/\/www.naturparkmagazin.de\/stechlin\/#website\"},\"datePublished\":\"2018-10-17T11:49:38+00:00\",\"dateModified\":\"2025-01-24T09:31:23+00:00\",\"author\":{\"@id\":\"https:\/\/www.naturparkmagazin.de\/stechlin\/#\/schema\/person\/3f0d93203df21c806dd63c76d9bb28bc\"},\"breadcrumb\":{\"@id\":\"https:\/\/www.naturparkmagazin.de\/stechlin\/winterschulung-natur-und-landschaftsfuehrer\/#breadcrumb\"},\"inLanguage\":\"de\",\"potentialAction\":[{\"@type\":\"ReadAction\",\"target\":[\"https:\/\/www.naturparkmagazin.de\/stechlin\/winterschulung-natur-und-landschaftsfuehrer\/\"]}]},{\"@type\":\"BreadcrumbList\",\"@id\":\"https:\/\/www.naturparkmagazin.de\/stechlin\/winterschulung-natur-und-landschaftsfuehrer\/#breadcrumb\",\"itemListElement\":[{\"@type\":\"ListItem\",\"position\":1,\"name\":\"Home\",\"item\":\"https:\/\/www.naturparkmagazin.de\/stechlin\/\"},{\"@type\":\"ListItem\",\"position\":2,\"name\":\"Winterschulung der Natur- und Landschaftsf\u00fchrer (2018)\"}]},{\"@type\":\"WebSite\",\"@id\":\"https:\/\/www.naturparkmagazin.de\/stechlin\/#website\",\"url\":\"https:\/\/www.naturparkmagazin.de\/stechlin\/\",\"name\":\"Naturpark Stechlin-Ruppiner Land\",\"description\":\"\",\"potentialAction\":[{\"@type\":\"SearchAction\",\"target\":{\"@type\":\"EntryPoint\",\"urlTemplate\":\"https:\/\/www.naturparkmagazin.de\/stechlin\/?s={search_term_string}\"},\"query-input\":\"required name=search_term_string\"}],\"inLanguage\":\"de\"},{\"@type\":\"Person\",\"@id\":\"https:\/\/www.naturparkmagazin.de\/stechlin\/#\/schema\/person\/3f0d93203df21c806dd63c76d9bb28bc\",\"name\":\"marioschrumpf\",\"url\":\"https:\/\/www.naturparkmagazin.de\/stechlin\/author\/marioschrumpf\/\"}]}<\/script>\n<!-- \/ Yoast SEO plugin. -->","yoast_head_json":{"title":"Winterschulung der Natur- und Landschaftsf\u00fchrer (2018) - Naturpark Stechlin-Ruppiner Land","robots":{"index":"index","follow":"follow","max-snippet":"max-snippet:-1","max-image-preview":"max-image-preview:large","max-video-preview":"max-video-preview:-1"},"canonical":"https:\/\/www.naturparkmagazin.de\/stechlin\/winterschulung-natur-und-landschaftsfuehrer\/","og_locale":"de_DE","og_type":"article","og_title":"Winterschulung der Natur- und Landschaftsf\u00fchrer (2018) - Naturpark Stechlin-Ruppiner Land","og_description":"Die Natur\u2013 und Landschaftsf\u00fchrer des Naturparks Stechlin-Ruppiner Land trafen sich am 17. Oktober zur 2. Weiterbildungsveranstaltung in 2018 im Kurt Tucholsky Museum im Rheinsberger Schloss.","og_url":"https:\/\/www.naturparkmagazin.de\/stechlin\/winterschulung-natur-und-landschaftsfuehrer\/","og_site_name":"Naturpark Stechlin-Ruppiner Land","article_published_time":"2018-10-17T11:49:38+00:00","article_modified_time":"2025-01-24T09:31:23+00:00","og_image":[{"width":200,"height":200,"url":"https:\/\/www.naturparkmagazin.de\/stechlin\/wp-content\/uploads\/sites\/38\/Winterschulung-2018_10.jpg","type":"image\/jpeg"}],"author":"marioschrumpf","twitter_misc":{"Verfasst von":"marioschrumpf","Gesch\u00e4tzte Lesezeit":"3\u00a0Minuten"},"schema":{"@context":"https:\/\/schema.org","@graph":[{"@type":"WebPage","@id":"https:\/\/www.naturparkmagazin.de\/stechlin\/winterschulung-natur-und-landschaftsfuehrer\/","url":"https:\/\/www.naturparkmagazin.de\/stechlin\/winterschulung-natur-und-landschaftsfuehrer\/","name":"Winterschulung der Natur- und Landschaftsf\u00fchrer (2018) - Naturpark Stechlin-Ruppiner Land","isPartOf":{"@id":"https:\/\/www.naturparkmagazin.de\/stechlin\/#website"},"datePublished":"2018-10-17T11:49:38+00:00","dateModified":"2025-01-24T09:31:23+00:00","author":{"@id":"https:\/\/www.naturparkmagazin.de\/stechlin\/#\/schema\/person\/3f0d93203df21c806dd63c76d9bb28bc"},"breadcrumb":{"@id":"https:\/\/www.naturparkmagazin.de\/stechlin\/winterschulung-natur-und-landschaftsfuehrer\/#breadcrumb"},"inLanguage":"de","potentialAction":[{"@type":"ReadAction","target":["https:\/\/www.naturparkmagazin.de\/stechlin\/winterschulung-natur-und-landschaftsfuehrer\/"]}]},{"@type":"BreadcrumbList","@id":"https:\/\/www.naturparkmagazin.de\/stechlin\/winterschulung-natur-und-landschaftsfuehrer\/#breadcrumb","itemListElement":[{"@type":"ListItem","position":1,"name":"Home","item":"https:\/\/www.naturparkmagazin.de\/stechlin\/"},{"@type":"ListItem","position":2,"name":"Winterschulung der Natur- und Landschaftsf\u00fchrer (2018)"}]},{"@type":"WebSite","@id":"https:\/\/www.naturparkmagazin.de\/stechlin\/#website","url":"https:\/\/www.naturparkmagazin.de\/stechlin\/","name":"Naturpark Stechlin-Ruppiner Land","description":"","potentialAction":[{"@type":"SearchAction","target":{"@type":"EntryPoint","urlTemplate":"https:\/\/www.naturparkmagazin.de\/stechlin\/?s={search_term_string}"},"query-input":"required name=search_term_string"}],"inLanguage":"de"},{"@type":"Person","@id":"https:\/\/www.naturparkmagazin.de\/stechlin\/#\/schema\/person\/3f0d93203df21c806dd63c76d9bb28bc","name":"marioschrumpf","url":"https:\/\/www.naturparkmagazin.de\/stechlin\/author\/marioschrumpf\/"}]}},"_links":{"self":[{"href":"https:\/\/www.naturparkmagazin.de\/stechlin\/wp-json\/wp\/v2\/posts\/7601"}],"collection":[{"href":"https:\/\/www.naturparkmagazin.de\/stechlin\/wp-json\/wp\/v2\/posts"}],"about":[{"href":"https:\/\/www.naturparkmagazin.de\/stechlin\/wp-json\/wp\/v2\/types\/post"}],"author":[{"embeddable":true,"href":"https:\/\/www.naturparkmagazin.de\/stechlin\/wp-json\/wp\/v2\/users\/39"}],"replies":[{"embeddable":true,"href":"https:\/\/www.naturparkmagazin.de\/stechlin\/wp-json\/wp\/v2\/comments?post=7601"}],"version-history":[{"count":6,"href":"https:\/\/www.naturparkmagazin.de\/stechlin\/wp-json\/wp\/v2\/posts\/7601\/revisions"}],"predecessor-version":[{"id":16620,"href":"https:\/\/www.naturparkmagazin.de\/stechlin\/wp-json\/wp\/v2\/posts\/7601\/revisions\/16620"}],"wp:featuredmedia":[{"embeddable":true,"href":"https:\/\/www.naturparkmagazin.de\/stechlin\/wp-json\/wp\/v2\/media\/7624"}],"wp:attachment":[{"href":"https:\/\/www.naturparkmagazin.de\/stechlin\/wp-json\/wp\/v2\/media?parent=7601"}],"wp:term":[{"taxonomy":"category","embeddable":true,"href":"https:\/\/www.naturparkmagazin.de\/stechlin\/wp-json\/wp\/v2\/categories?post=7601"},{"taxonomy":"post_tag","embeddable":true,"href":"https:\/\/www.naturparkmagazin.de\/stechlin\/wp-json\/wp\/v2\/tags?post=7601"}],"curies":[{"name":"wp","href":"https:\/\/api.w.org\/{rel}","templated":true}]}}