{"id":7675,"date":"2018-11-19T08:12:08","date_gmt":"2018-11-19T07:12:08","guid":{"rendered":"https:\/\/www.naturparkmagazin.de\/stechlin\/?p=7675"},"modified":"2018-11-26T13:54:34","modified_gmt":"2018-11-26T12:54:34","slug":"19-neb-wander-express-im-naturpark-stechlin-ruppiner-land","status":"publish","type":"post","link":"https:\/\/www.naturparkmagazin.de\/stechlin\/19-neb-wander-express-im-naturpark-stechlin-ruppiner-land\/","title":{"rendered":"19. NEB-Wander Express im Naturpark Stechlin-Ruppiner Land"},"content":{"rendered":"<p><a href=\"https:\/\/www.naturparkmagazin.de\/stechlin\/wp-content\/uploads\/sites\/38\/Fontanetour_Olaf-Wolff500x300.jpg\"><img decoding=\"async\" loading=\"lazy\" class=\" size-thumbnail wp-image-7676 aligncenter\" src=\"https:\/\/www.naturparkmagazin.de\/stechlin\/wp-content\/uploads\/sites\/38\/Fontanetour_Olaf-Wolff500x300-300x180.jpg\" alt=\"NP SRL\/Olaff Wolff\" width=\"300\" height=\"180\" srcset=\"https:\/\/www.naturparkmagazin.de\/stechlin\/wp-content\/uploads\/sites\/38\/Fontanetour_Olaf-Wolff500x300-300x180.jpg 300w, https:\/\/www.naturparkmagazin.de\/stechlin\/wp-content\/uploads\/sites\/38\/Fontanetour_Olaf-Wolff500x300.jpg 500w, https:\/\/www.naturparkmagazin.de\/stechlin\/wp-content\/uploads\/sites\/38\/Fontanetour_Olaf-Wolff500x300-200x120.jpg 200w\" sizes=\"(max-width: 300px) 100vw, 300px\" \/><\/a><\/p>\n<p>Am Sonnabend, den 27.10.2018 f\u00fchrte Olaf Wolff 16 Fahrg\u00e4ste der Niederbarnimer Eisenbahn Betriebsgesellschaft (NEB) w\u00e4hrend einer Tour um den landschaftlich reizvollen Wutzsee.<\/p>\n<p>16 Wanderlustige starteten unter dem Motto &#8222;Fontanes Geheimtipp &#8211; rund um den Wutzsee&#8220; am Bahnhof von Lindow\/Mark. An der Ruine des Klosters Lindow zitierte Natur- und Landschaftsf\u00fchrer Olaf Wolff aus Theodor Fontanes &#8222;Wanderungen durch die Mark Brandenburg&#8220;. Weiter ging es durch das dem Klostergarten angrenzende Sumpfgebiet, an der Sportschule Lindow vorbei zum &#8222;Hexentanzplatz&#8220; mit sch\u00f6nem Blick auf den See.<\/p>\n<p>Viel interessante Fragen und Gespr\u00e4che lie\u00dfen den weiteren Weg bis zur Schutzh\u00fctte an der Baumgartenbr\u00fccke (Verbindung zwischen Huwenow- und Wutzsee) nicht lang werden.<\/p>\n<p>Nach kurzer Rast ging es entlang des Hochufers im Schatten von Kiefern und Eichen im flotten Wanderschritt vorbei an der Natur-Badestelle zur &#8222;Elefantenbucht&#8220; und zum &#8222;Hechtbogen&#8220;.<\/p>\n<p>Kurz nach Klosterm\u00fchle empfing wieder die Lindower Stadtmitte die Wanderteilnehmer bei fantastischem Herbstwetter.<\/p>\n<p>Nach 3 Stunden endete die Tour am Bahnhof. Die G\u00e4ste waren tief beeindruckt von den landschaftlichen Reizen des sp\u00e4therbstlichen Wutzsees.<\/p>\n<p><a href=\"https:\/\/www.naturparkmagazin.de\/stechlin\/wp-content\/uploads\/sites\/38\/PA270001_Olaf-Wolff500x300.jpg\"><img decoding=\"async\" loading=\"lazy\" class=\" size-thumbnail wp-image-7678 aligncenter\" src=\"https:\/\/www.naturparkmagazin.de\/stechlin\/wp-content\/uploads\/sites\/38\/PA270001_Olaf-Wolff500x300-300x180.jpg\" alt=\"NP SRL\/Olaf Wolff\" width=\"300\" height=\"180\" srcset=\"https:\/\/www.naturparkmagazin.de\/stechlin\/wp-content\/uploads\/sites\/38\/PA270001_Olaf-Wolff500x300-300x180.jpg 300w, https:\/\/www.naturparkmagazin.de\/stechlin\/wp-content\/uploads\/sites\/38\/PA270001_Olaf-Wolff500x300.jpg 500w, https:\/\/www.naturparkmagazin.de\/stechlin\/wp-content\/uploads\/sites\/38\/PA270001_Olaf-Wolff500x300-200x120.jpg 200w\" sizes=\"(max-width: 300px) 100vw, 300px\" \/><\/a><\/p>\n","protected":false},"excerpt":{"rendered":"<p>Am Sonnabend, den 27.10.2018 f\u00fchrte Olaf Wolff 16 Fahrg\u00e4ste der Niederbarnimer Eisenbahn Betriebsgesellschaft (NEB) w\u00e4hrend einer Tour um den landschaftlich reizvollen Wutzsee. <\/p>\n","protected":false},"author":39,"featured_media":7677,"comment_status":"open","ping_status":"open","sticky":false,"template":"","format":"standard","meta":[],"categories":[7],"tags":[],"yoast_head":"<!-- This site is optimized with the Yoast SEO plugin v19.10 - https:\/\/yoast.com\/wordpress\/plugins\/seo\/ -->\n<title>19. NEB-Wander Express im Naturpark Stechlin-Ruppiner Land - Naturpark Stechlin-Ruppiner Land<\/title>\n<meta name=\"robots\" content=\"index, follow, max-snippet:-1, max-image-preview:large, max-video-preview:-1\" \/>\n<link rel=\"canonical\" href=\"https:\/\/www.naturparkmagazin.de\/stechlin\/19-neb-wander-express-im-naturpark-stechlin-ruppiner-land\/\" \/>\n<meta property=\"og:locale\" content=\"de_DE\" \/>\n<meta property=\"og:type\" content=\"article\" \/>\n<meta property=\"og:title\" content=\"19. NEB-Wander Express im Naturpark Stechlin-Ruppiner Land - Naturpark Stechlin-Ruppiner Land\" \/>\n<meta property=\"og:description\" content=\"Am Sonnabend, den 27.10.2018 f\u00fchrte Olaf Wolff 16 Fahrg\u00e4ste der Niederbarnimer Eisenbahn Betriebsgesellschaft (NEB) w\u00e4hrend einer Tour um den landschaftlich reizvollen Wutzsee.\" \/>\n<meta property=\"og:url\" content=\"https:\/\/www.naturparkmagazin.de\/stechlin\/19-neb-wander-express-im-naturpark-stechlin-ruppiner-land\/\" \/>\n<meta property=\"og:site_name\" content=\"Naturpark Stechlin-Ruppiner Land\" \/>\n<meta property=\"article:published_time\" content=\"2018-11-19T07:12:08+00:00\" \/>\n<meta property=\"article:modified_time\" content=\"2018-11-26T12:54:34+00:00\" \/>\n<meta property=\"og:image\" content=\"https:\/\/www.naturparkmagazin.de\/stechlin\/wp-content\/uploads\/sites\/38\/PA270001_Olaf-Wolff200x200.jpg\" \/>\n\t<meta property=\"og:image:width\" content=\"200\" \/>\n\t<meta property=\"og:image:height\" content=\"200\" \/>\n\t<meta property=\"og:image:type\" content=\"image\/jpeg\" \/>\n<meta name=\"author\" content=\"marioschrumpf\" \/>\n<meta name=\"twitter:label1\" content=\"Verfasst von\" \/>\n\t<meta name=\"twitter:data1\" content=\"marioschrumpf\" \/>\n\t<meta name=\"twitter:label2\" content=\"Gesch\u00e4tzte Lesezeit\" \/>\n\t<meta name=\"twitter:data2\" content=\"1\u00a0Minute\" \/>\n<script type=\"application\/ld+json\" class=\"yoast-schema-graph\">{\"@context\":\"https:\/\/schema.org\",\"@graph\":[{\"@type\":\"WebPage\",\"@id\":\"https:\/\/www.naturparkmagazin.de\/stechlin\/19-neb-wander-express-im-naturpark-stechlin-ruppiner-land\/\",\"url\":\"https:\/\/www.naturparkmagazin.de\/stechlin\/19-neb-wander-express-im-naturpark-stechlin-ruppiner-land\/\",\"name\":\"19. NEB-Wander Express im Naturpark Stechlin-Ruppiner Land - Naturpark Stechlin-Ruppiner Land\",\"isPartOf\":{\"@id\":\"https:\/\/www.naturparkmagazin.de\/stechlin\/#website\"},\"datePublished\":\"2018-11-19T07:12:08+00:00\",\"dateModified\":\"2018-11-26T12:54:34+00:00\",\"author\":{\"@id\":\"https:\/\/www.naturparkmagazin.de\/stechlin\/#\/schema\/person\/3f0d93203df21c806dd63c76d9bb28bc\"},\"breadcrumb\":{\"@id\":\"https:\/\/www.naturparkmagazin.de\/stechlin\/19-neb-wander-express-im-naturpark-stechlin-ruppiner-land\/#breadcrumb\"},\"inLanguage\":\"de\",\"potentialAction\":[{\"@type\":\"ReadAction\",\"target\":[\"https:\/\/www.naturparkmagazin.de\/stechlin\/19-neb-wander-express-im-naturpark-stechlin-ruppiner-land\/\"]}]},{\"@type\":\"BreadcrumbList\",\"@id\":\"https:\/\/www.naturparkmagazin.de\/stechlin\/19-neb-wander-express-im-naturpark-stechlin-ruppiner-land\/#breadcrumb\",\"itemListElement\":[{\"@type\":\"ListItem\",\"position\":1,\"name\":\"Home\",\"item\":\"https:\/\/www.naturparkmagazin.de\/stechlin\/\"},{\"@type\":\"ListItem\",\"position\":2,\"name\":\"19. NEB-Wander Express im Naturpark Stechlin-Ruppiner Land\"}]},{\"@type\":\"WebSite\",\"@id\":\"https:\/\/www.naturparkmagazin.de\/stechlin\/#website\",\"url\":\"https:\/\/www.naturparkmagazin.de\/stechlin\/\",\"name\":\"Naturpark Stechlin-Ruppiner Land\",\"description\":\"\",\"potentialAction\":[{\"@type\":\"SearchAction\",\"target\":{\"@type\":\"EntryPoint\",\"urlTemplate\":\"https:\/\/www.naturparkmagazin.de\/stechlin\/?s={search_term_string}\"},\"query-input\":\"required name=search_term_string\"}],\"inLanguage\":\"de\"},{\"@type\":\"Person\",\"@id\":\"https:\/\/www.naturparkmagazin.de\/stechlin\/#\/schema\/person\/3f0d93203df21c806dd63c76d9bb28bc\",\"name\":\"marioschrumpf\",\"url\":\"https:\/\/www.naturparkmagazin.de\/stechlin\/author\/marioschrumpf\/\"}]}<\/script>\n<!-- \/ Yoast SEO plugin. -->","yoast_head_json":{"title":"19. NEB-Wander Express im Naturpark Stechlin-Ruppiner Land - Naturpark Stechlin-Ruppiner Land","robots":{"index":"index","follow":"follow","max-snippet":"max-snippet:-1","max-image-preview":"max-image-preview:large","max-video-preview":"max-video-preview:-1"},"canonical":"https:\/\/www.naturparkmagazin.de\/stechlin\/19-neb-wander-express-im-naturpark-stechlin-ruppiner-land\/","og_locale":"de_DE","og_type":"article","og_title":"19. NEB-Wander Express im Naturpark Stechlin-Ruppiner Land - Naturpark Stechlin-Ruppiner Land","og_description":"Am Sonnabend, den 27.10.2018 f\u00fchrte Olaf Wolff 16 Fahrg\u00e4ste der Niederbarnimer Eisenbahn Betriebsgesellschaft (NEB) w\u00e4hrend einer Tour um den landschaftlich reizvollen Wutzsee.","og_url":"https:\/\/www.naturparkmagazin.de\/stechlin\/19-neb-wander-express-im-naturpark-stechlin-ruppiner-land\/","og_site_name":"Naturpark Stechlin-Ruppiner Land","article_published_time":"2018-11-19T07:12:08+00:00","article_modified_time":"2018-11-26T12:54:34+00:00","og_image":[{"width":200,"height":200,"url":"https:\/\/www.naturparkmagazin.de\/stechlin\/wp-content\/uploads\/sites\/38\/PA270001_Olaf-Wolff200x200.jpg","type":"image\/jpeg"}],"author":"marioschrumpf","twitter_misc":{"Verfasst von":"marioschrumpf","Gesch\u00e4tzte Lesezeit":"1\u00a0Minute"},"schema":{"@context":"https:\/\/schema.org","@graph":[{"@type":"WebPage","@id":"https:\/\/www.naturparkmagazin.de\/stechlin\/19-neb-wander-express-im-naturpark-stechlin-ruppiner-land\/","url":"https:\/\/www.naturparkmagazin.de\/stechlin\/19-neb-wander-express-im-naturpark-stechlin-ruppiner-land\/","name":"19. NEB-Wander Express im Naturpark Stechlin-Ruppiner Land - Naturpark Stechlin-Ruppiner Land","isPartOf":{"@id":"https:\/\/www.naturparkmagazin.de\/stechlin\/#website"},"datePublished":"2018-11-19T07:12:08+00:00","dateModified":"2018-11-26T12:54:34+00:00","author":{"@id":"https:\/\/www.naturparkmagazin.de\/stechlin\/#\/schema\/person\/3f0d93203df21c806dd63c76d9bb28bc"},"breadcrumb":{"@id":"https:\/\/www.naturparkmagazin.de\/stechlin\/19-neb-wander-express-im-naturpark-stechlin-ruppiner-land\/#breadcrumb"},"inLanguage":"de","potentialAction":[{"@type":"ReadAction","target":["https:\/\/www.naturparkmagazin.de\/stechlin\/19-neb-wander-express-im-naturpark-stechlin-ruppiner-land\/"]}]},{"@type":"BreadcrumbList","@id":"https:\/\/www.naturparkmagazin.de\/stechlin\/19-neb-wander-express-im-naturpark-stechlin-ruppiner-land\/#breadcrumb","itemListElement":[{"@type":"ListItem","position":1,"name":"Home","item":"https:\/\/www.naturparkmagazin.de\/stechlin\/"},{"@type":"ListItem","position":2,"name":"19. NEB-Wander Express im Naturpark Stechlin-Ruppiner Land"}]},{"@type":"WebSite","@id":"https:\/\/www.naturparkmagazin.de\/stechlin\/#website","url":"https:\/\/www.naturparkmagazin.de\/stechlin\/","name":"Naturpark Stechlin-Ruppiner Land","description":"","potentialAction":[{"@type":"SearchAction","target":{"@type":"EntryPoint","urlTemplate":"https:\/\/www.naturparkmagazin.de\/stechlin\/?s={search_term_string}"},"query-input":"required name=search_term_string"}],"inLanguage":"de"},{"@type":"Person","@id":"https:\/\/www.naturparkmagazin.de\/stechlin\/#\/schema\/person\/3f0d93203df21c806dd63c76d9bb28bc","name":"marioschrumpf","url":"https:\/\/www.naturparkmagazin.de\/stechlin\/author\/marioschrumpf\/"}]}},"_links":{"self":[{"href":"https:\/\/www.naturparkmagazin.de\/stechlin\/wp-json\/wp\/v2\/posts\/7675"}],"collection":[{"href":"https:\/\/www.naturparkmagazin.de\/stechlin\/wp-json\/wp\/v2\/posts"}],"about":[{"href":"https:\/\/www.naturparkmagazin.de\/stechlin\/wp-json\/wp\/v2\/types\/post"}],"author":[{"embeddable":true,"href":"https:\/\/www.naturparkmagazin.de\/stechlin\/wp-json\/wp\/v2\/users\/39"}],"replies":[{"embeddable":true,"href":"https:\/\/www.naturparkmagazin.de\/stechlin\/wp-json\/wp\/v2\/comments?post=7675"}],"version-history":[{"count":2,"href":"https:\/\/www.naturparkmagazin.de\/stechlin\/wp-json\/wp\/v2\/posts\/7675\/revisions"}],"predecessor-version":[{"id":7713,"href":"https:\/\/www.naturparkmagazin.de\/stechlin\/wp-json\/wp\/v2\/posts\/7675\/revisions\/7713"}],"wp:featuredmedia":[{"embeddable":true,"href":"https:\/\/www.naturparkmagazin.de\/stechlin\/wp-json\/wp\/v2\/media\/7677"}],"wp:attachment":[{"href":"https:\/\/www.naturparkmagazin.de\/stechlin\/wp-json\/wp\/v2\/media?parent=7675"}],"wp:term":[{"taxonomy":"category","embeddable":true,"href":"https:\/\/www.naturparkmagazin.de\/stechlin\/wp-json\/wp\/v2\/categories?post=7675"},{"taxonomy":"post_tag","embeddable":true,"href":"https:\/\/www.naturparkmagazin.de\/stechlin\/wp-json\/wp\/v2\/tags?post=7675"}],"curies":[{"name":"wp","href":"https:\/\/api.w.org\/{rel}","templated":true}]}}