{"id":7684,"date":"2018-11-19T11:24:42","date_gmt":"2018-11-19T10:24:42","guid":{"rendered":"https:\/\/www.naturparkmagazin.de\/stechlin\/?p=7684"},"modified":"2018-11-26T13:53:40","modified_gmt":"2018-11-26T12:53:40","slug":"2-landwirtschaftstag-im-naturpark-war-ein-grosser-erfolg","status":"publish","type":"post","link":"https:\/\/www.naturparkmagazin.de\/stechlin\/2-landwirtschaftstag-im-naturpark-war-ein-grosser-erfolg\/","title":{"rendered":"2. Landwirtschaftstag im Naturpark war ein gro\u00dfer Erfolg"},"content":{"rendered":"<div id=\"attachment_7689\" style=\"width: 310px\" class=\"wp-caption aligncenter\"><a href=\"https:\/\/www.naturparkmagazin.de\/stechlin\/wp-content\/uploads\/sites\/38\/LaWi-2018_19.jpg\"><img aria-describedby=\"caption-attachment-7689\" decoding=\"async\" loading=\"lazy\" class=\"size-thumbnail wp-image-7689\" src=\"https:\/\/www.naturparkmagazin.de\/stechlin\/wp-content\/uploads\/sites\/38\/LaWi-2018_19-300x180.jpg\" alt=\"Mehr als 60 Teilnehmer folgten der Einladung.\" width=\"300\" height=\"180\" srcset=\"https:\/\/www.naturparkmagazin.de\/stechlin\/wp-content\/uploads\/sites\/38\/LaWi-2018_19-300x180.jpg 300w, https:\/\/www.naturparkmagazin.de\/stechlin\/wp-content\/uploads\/sites\/38\/LaWi-2018_19.jpg 500w, https:\/\/www.naturparkmagazin.de\/stechlin\/wp-content\/uploads\/sites\/38\/LaWi-2018_19-200x120.jpg 200w\" sizes=\"(max-width: 300px) 100vw, 300px\" \/><\/a><p id=\"caption-attachment-7689\" class=\"wp-caption-text\">Mehr als 60 Teilnehmer folgten der Einladung.<\/p><\/div>\n<p>Mehr als 60 Teilnehmer folgten der Einladung der Rheinsberger Preussenquelle und des Naturparks Stechlin-Ruppiner Land.<\/p>\n<p>Im Mittelpunkt der Veranstaltung stand die Frage, welche Chancen die Umstellung von konventioneller auf biologische Landwirtschaft mit sich bringt.<\/p>\n<p>Frank Stieldorf (Gesch\u00e4ftsf\u00fchrer Rheinsberger PreussenQuelle GmbH, Rheinsberg) beantwortete in seinem Vortrag die Frage: &#8222;Warum wir heute \u00fcber Bio-Mineralwasser sprechen m\u00fcssen?&#8220;<\/p>\n<p>Meinhard Schmitt (Gesch\u00e4ftsf\u00fchrer Terra Natur Handels KG, Berlin) gab einen \u00dcberblick zu aktuellen Situationen des Berliner Biomarktes.<\/p>\n<div id=\"attachment_7686\" style=\"width: 310px\" class=\"wp-caption aligncenter\"><a href=\"https:\/\/www.naturparkmagazin.de\/stechlin\/wp-content\/uploads\/sites\/38\/LaWi-2018_09.jpg\"><img aria-describedby=\"caption-attachment-7686\" decoding=\"async\" loading=\"lazy\" class=\"size-thumbnail wp-image-7686\" src=\"https:\/\/www.naturparkmagazin.de\/stechlin\/wp-content\/uploads\/sites\/38\/LaWi-2018_09-300x180.jpg\" alt=\"Molkereiexperte Hubert B\u00f6hmann baut in Velten einen milchverarbeitenden Betrieb auf.\" width=\"300\" height=\"180\" srcset=\"https:\/\/www.naturparkmagazin.de\/stechlin\/wp-content\/uploads\/sites\/38\/LaWi-2018_09-300x180.jpg 300w, https:\/\/www.naturparkmagazin.de\/stechlin\/wp-content\/uploads\/sites\/38\/LaWi-2018_09.jpg 500w, https:\/\/www.naturparkmagazin.de\/stechlin\/wp-content\/uploads\/sites\/38\/LaWi-2018_09-200x120.jpg 200w\" sizes=\"(max-width: 300px) 100vw, 300px\" \/><\/a><p id=\"caption-attachment-7686\" class=\"wp-caption-text\">Molkereiexperte Hubert B\u00f6hmann baut in Velten einen milchverarbeitenden Betrieb auf.<\/p><\/div>\n<p>Hubert B\u00f6hmann (Berliner Milch&amp;K\u00e4se Manufaktur GmbH, Velten) beleuchtete Herausforderungen und Chancen der Milchverarbeitung in Brandenburg. Der Gr\u00fcnder der Gl\u00e4sernen Molkerei in M\u00fcnchehof und Dechow baut derzeit in Velten einen milchverarbeitenden Betrieb auf.<\/p>\n<p>Katrin Lehmann (Marktgesellschaft der Naturland Bauern AG, Hohenkammer\/Berlin), berichtete zum Stand und den Perspektiven der Vermarktung \u00f6kologischer Produkte.<\/p>\n<p>Michael Wimmer (F\u00d6L &#8211; F\u00f6rdergemeinschaft \u00d6kologischer Landbau Berlin-Brandenburg e. V.) referierte \u00fcber das Engagement der F\u00d6L f\u00fcr den verst\u00e4rkten Einsatz von Bioprodukten in Berliner Gro\u00dfverbraucherm\u00e4rkten. Er beleuchtete, welche Anforderungen dabei einem Landwirt gestellt werden und welche Chancen sich ergeben.<\/p>\n<div id=\"attachment_7688\" style=\"width: 310px\" class=\"wp-caption aligncenter\"><a href=\"https:\/\/www.naturparkmagazin.de\/stechlin\/wp-content\/uploads\/sites\/38\/LaWi-2018_23.jpg\"><img aria-describedby=\"caption-attachment-7688\" decoding=\"async\" loading=\"lazy\" class=\"size-thumbnail wp-image-7688\" src=\"https:\/\/www.naturparkmagazin.de\/stechlin\/wp-content\/uploads\/sites\/38\/LaWi-2018_23-300x180.jpg\" alt=\"Umweltpfarrer Reinhard Dalchow moderierte den Landwirtschaftstag.\" width=\"300\" height=\"180\" srcset=\"https:\/\/www.naturparkmagazin.de\/stechlin\/wp-content\/uploads\/sites\/38\/LaWi-2018_23-300x180.jpg 300w, https:\/\/www.naturparkmagazin.de\/stechlin\/wp-content\/uploads\/sites\/38\/LaWi-2018_23.jpg 500w, https:\/\/www.naturparkmagazin.de\/stechlin\/wp-content\/uploads\/sites\/38\/LaWi-2018_23-200x120.jpg 200w\" sizes=\"(max-width: 300px) 100vw, 300px\" \/><\/a><p id=\"caption-attachment-7688\" class=\"wp-caption-text\">Umweltpfarrer a.D.\u00a0Reinhard Dalchow moderierte den Landwirtschaftstag.<\/p><\/div>\n<p>Biobauer Carlo Horn informierte in einem emotionalen Vortrag am pers\u00f6nlichen Beispiel welche Probleme sich durch Landgrabbing in Brandenburg f\u00fcr Landwirte ergeben.<\/p>\n<p>Wasser ist das verbindende Element zwischen Naturpark und der Rheinsberger Preussenquelle. Mit seinen 180 Seen, darunter die H\u00e4lfte der Klarwasserseenfl\u00e4che Brandenburgs, bietet die Naturparkregion beste Voraussetzungen f\u00fcr die F\u00f6rderung von Bio-Mineralwasser. Damit die wertvolle Ressource dauerhaft in hoher Qualit\u00e4t verf\u00fcgbar bleibt, engagieren sich beide Partner f\u00fcr eine nachhaltige Landwirtschaft. Bereits vor 3 Jahren haben sie zu diesem Zweck eine Kooperationsvereinbarung geschlossen und freuen sich, dass sie f\u00fcr die Veranstaltung &#8222;kompetente Referenten mit interessanten Vortr\u00e4gen gewinnen konnten&#8220;, so Naturparkleiter Mario Schrumpf.<\/p>\n<p>Am Ende der Veranstaltung waren sich die Teilnehmer einig, dass sie einen interessanten Landwirtschaftstag erlebt haben. So soll in 2019 der Landwirtschaftstag seine 3. Auflage erleben. Die Teilnehmer w\u00fcnschten sich daf\u00fcr noch mehr Themen mit regionalem Bezug.<\/p>\n<div id=\"attachment_7687\" style=\"width: 310px\" class=\"wp-caption aligncenter\"><a href=\"https:\/\/www.naturparkmagazin.de\/stechlin\/wp-content\/uploads\/sites\/38\/LaWi-2018_39.jpg\"><img aria-describedby=\"caption-attachment-7687\" decoding=\"async\" loading=\"lazy\" class=\"size-thumbnail wp-image-7687\" src=\"https:\/\/www.naturparkmagazin.de\/stechlin\/wp-content\/uploads\/sites\/38\/LaWi-2018_39-300x180.jpg\" alt=\"Angeregte Pausendiskussion zwischen Landwirt und Naturland-Beraterin.\" width=\"300\" height=\"180\" srcset=\"https:\/\/www.naturparkmagazin.de\/stechlin\/wp-content\/uploads\/sites\/38\/LaWi-2018_39-300x180.jpg 300w, https:\/\/www.naturparkmagazin.de\/stechlin\/wp-content\/uploads\/sites\/38\/LaWi-2018_39.jpg 500w, https:\/\/www.naturparkmagazin.de\/stechlin\/wp-content\/uploads\/sites\/38\/LaWi-2018_39-200x120.jpg 200w\" sizes=\"(max-width: 300px) 100vw, 300px\" \/><\/a><p id=\"caption-attachment-7687\" class=\"wp-caption-text\">Angeregte Pausendiskussion zwischen Landwirt und Naturland-Beraterin.<\/p><\/div>\n","protected":false},"excerpt":{"rendered":"<p>Mehr als 60 Teilnehmer folgten der Einladung der Rheinsberger Preussenquelle und des Naturparks Stechlin-Ruppiner Land.<\/p>\n","protected":false},"author":39,"featured_media":7685,"comment_status":"open","ping_status":"open","sticky":false,"template":"","format":"standard","meta":[],"categories":[7],"tags":[],"yoast_head":"<!-- This site is optimized with the Yoast SEO plugin v19.10 - https:\/\/yoast.com\/wordpress\/plugins\/seo\/ -->\n<title>2. Landwirtschaftstag im Naturpark war ein gro\u00dfer Erfolg - Naturpark Stechlin-Ruppiner Land<\/title>\n<meta name=\"robots\" content=\"index, follow, max-snippet:-1, max-image-preview:large, max-video-preview:-1\" \/>\n<link rel=\"canonical\" href=\"https:\/\/www.naturparkmagazin.de\/stechlin\/2-landwirtschaftstag-im-naturpark-war-ein-grosser-erfolg\/\" \/>\n<meta property=\"og:locale\" content=\"de_DE\" \/>\n<meta property=\"og:type\" content=\"article\" \/>\n<meta property=\"og:title\" content=\"2. Landwirtschaftstag im Naturpark war ein gro\u00dfer Erfolg - Naturpark Stechlin-Ruppiner Land\" \/>\n<meta property=\"og:description\" content=\"Mehr als 60 Teilnehmer folgten der Einladung der Rheinsberger Preussenquelle und des Naturparks Stechlin-Ruppiner Land.\" \/>\n<meta property=\"og:url\" content=\"https:\/\/www.naturparkmagazin.de\/stechlin\/2-landwirtschaftstag-im-naturpark-war-ein-grosser-erfolg\/\" \/>\n<meta property=\"og:site_name\" content=\"Naturpark Stechlin-Ruppiner Land\" \/>\n<meta property=\"article:published_time\" content=\"2018-11-19T10:24:42+00:00\" \/>\n<meta property=\"article:modified_time\" content=\"2018-11-26T12:53:40+00:00\" \/>\n<meta property=\"og:image\" content=\"https:\/\/www.naturparkmagazin.de\/stechlin\/wp-content\/uploads\/sites\/38\/LaWi-2018_20.jpg\" \/>\n\t<meta property=\"og:image:width\" content=\"200\" \/>\n\t<meta property=\"og:image:height\" content=\"200\" \/>\n\t<meta property=\"og:image:type\" content=\"image\/jpeg\" \/>\n<meta name=\"author\" content=\"marioschrumpf\" \/>\n<meta name=\"twitter:label1\" content=\"Verfasst von\" \/>\n\t<meta name=\"twitter:data1\" content=\"marioschrumpf\" \/>\n\t<meta name=\"twitter:label2\" content=\"Gesch\u00e4tzte Lesezeit\" \/>\n\t<meta name=\"twitter:data2\" content=\"2\u00a0Minuten\" \/>\n<script type=\"application\/ld+json\" class=\"yoast-schema-graph\">{\"@context\":\"https:\/\/schema.org\",\"@graph\":[{\"@type\":\"WebPage\",\"@id\":\"https:\/\/www.naturparkmagazin.de\/stechlin\/2-landwirtschaftstag-im-naturpark-war-ein-grosser-erfolg\/\",\"url\":\"https:\/\/www.naturparkmagazin.de\/stechlin\/2-landwirtschaftstag-im-naturpark-war-ein-grosser-erfolg\/\",\"name\":\"2. Landwirtschaftstag im Naturpark war ein gro\u00dfer Erfolg - Naturpark Stechlin-Ruppiner Land\",\"isPartOf\":{\"@id\":\"https:\/\/www.naturparkmagazin.de\/stechlin\/#website\"},\"datePublished\":\"2018-11-19T10:24:42+00:00\",\"dateModified\":\"2018-11-26T12:53:40+00:00\",\"author\":{\"@id\":\"https:\/\/www.naturparkmagazin.de\/stechlin\/#\/schema\/person\/3f0d93203df21c806dd63c76d9bb28bc\"},\"breadcrumb\":{\"@id\":\"https:\/\/www.naturparkmagazin.de\/stechlin\/2-landwirtschaftstag-im-naturpark-war-ein-grosser-erfolg\/#breadcrumb\"},\"inLanguage\":\"de\",\"potentialAction\":[{\"@type\":\"ReadAction\",\"target\":[\"https:\/\/www.naturparkmagazin.de\/stechlin\/2-landwirtschaftstag-im-naturpark-war-ein-grosser-erfolg\/\"]}]},{\"@type\":\"BreadcrumbList\",\"@id\":\"https:\/\/www.naturparkmagazin.de\/stechlin\/2-landwirtschaftstag-im-naturpark-war-ein-grosser-erfolg\/#breadcrumb\",\"itemListElement\":[{\"@type\":\"ListItem\",\"position\":1,\"name\":\"Home\",\"item\":\"https:\/\/www.naturparkmagazin.de\/stechlin\/\"},{\"@type\":\"ListItem\",\"position\":2,\"name\":\"2. Landwirtschaftstag im Naturpark war ein gro\u00dfer Erfolg\"}]},{\"@type\":\"WebSite\",\"@id\":\"https:\/\/www.naturparkmagazin.de\/stechlin\/#website\",\"url\":\"https:\/\/www.naturparkmagazin.de\/stechlin\/\",\"name\":\"Naturpark Stechlin-Ruppiner Land\",\"description\":\"\",\"potentialAction\":[{\"@type\":\"SearchAction\",\"target\":{\"@type\":\"EntryPoint\",\"urlTemplate\":\"https:\/\/www.naturparkmagazin.de\/stechlin\/?s={search_term_string}\"},\"query-input\":\"required name=search_term_string\"}],\"inLanguage\":\"de\"},{\"@type\":\"Person\",\"@id\":\"https:\/\/www.naturparkmagazin.de\/stechlin\/#\/schema\/person\/3f0d93203df21c806dd63c76d9bb28bc\",\"name\":\"marioschrumpf\",\"url\":\"https:\/\/www.naturparkmagazin.de\/stechlin\/author\/marioschrumpf\/\"}]}<\/script>\n<!-- \/ Yoast SEO plugin. -->","yoast_head_json":{"title":"2. Landwirtschaftstag im Naturpark war ein gro\u00dfer Erfolg - Naturpark Stechlin-Ruppiner Land","robots":{"index":"index","follow":"follow","max-snippet":"max-snippet:-1","max-image-preview":"max-image-preview:large","max-video-preview":"max-video-preview:-1"},"canonical":"https:\/\/www.naturparkmagazin.de\/stechlin\/2-landwirtschaftstag-im-naturpark-war-ein-grosser-erfolg\/","og_locale":"de_DE","og_type":"article","og_title":"2. Landwirtschaftstag im Naturpark war ein gro\u00dfer Erfolg - Naturpark Stechlin-Ruppiner Land","og_description":"Mehr als 60 Teilnehmer folgten der Einladung der Rheinsberger Preussenquelle und des Naturparks Stechlin-Ruppiner Land.","og_url":"https:\/\/www.naturparkmagazin.de\/stechlin\/2-landwirtschaftstag-im-naturpark-war-ein-grosser-erfolg\/","og_site_name":"Naturpark Stechlin-Ruppiner Land","article_published_time":"2018-11-19T10:24:42+00:00","article_modified_time":"2018-11-26T12:53:40+00:00","og_image":[{"width":200,"height":200,"url":"https:\/\/www.naturparkmagazin.de\/stechlin\/wp-content\/uploads\/sites\/38\/LaWi-2018_20.jpg","type":"image\/jpeg"}],"author":"marioschrumpf","twitter_misc":{"Verfasst von":"marioschrumpf","Gesch\u00e4tzte Lesezeit":"2\u00a0Minuten"},"schema":{"@context":"https:\/\/schema.org","@graph":[{"@type":"WebPage","@id":"https:\/\/www.naturparkmagazin.de\/stechlin\/2-landwirtschaftstag-im-naturpark-war-ein-grosser-erfolg\/","url":"https:\/\/www.naturparkmagazin.de\/stechlin\/2-landwirtschaftstag-im-naturpark-war-ein-grosser-erfolg\/","name":"2. Landwirtschaftstag im Naturpark war ein gro\u00dfer Erfolg - Naturpark Stechlin-Ruppiner Land","isPartOf":{"@id":"https:\/\/www.naturparkmagazin.de\/stechlin\/#website"},"datePublished":"2018-11-19T10:24:42+00:00","dateModified":"2018-11-26T12:53:40+00:00","author":{"@id":"https:\/\/www.naturparkmagazin.de\/stechlin\/#\/schema\/person\/3f0d93203df21c806dd63c76d9bb28bc"},"breadcrumb":{"@id":"https:\/\/www.naturparkmagazin.de\/stechlin\/2-landwirtschaftstag-im-naturpark-war-ein-grosser-erfolg\/#breadcrumb"},"inLanguage":"de","potentialAction":[{"@type":"ReadAction","target":["https:\/\/www.naturparkmagazin.de\/stechlin\/2-landwirtschaftstag-im-naturpark-war-ein-grosser-erfolg\/"]}]},{"@type":"BreadcrumbList","@id":"https:\/\/www.naturparkmagazin.de\/stechlin\/2-landwirtschaftstag-im-naturpark-war-ein-grosser-erfolg\/#breadcrumb","itemListElement":[{"@type":"ListItem","position":1,"name":"Home","item":"https:\/\/www.naturparkmagazin.de\/stechlin\/"},{"@type":"ListItem","position":2,"name":"2. Landwirtschaftstag im Naturpark war ein gro\u00dfer Erfolg"}]},{"@type":"WebSite","@id":"https:\/\/www.naturparkmagazin.de\/stechlin\/#website","url":"https:\/\/www.naturparkmagazin.de\/stechlin\/","name":"Naturpark Stechlin-Ruppiner Land","description":"","potentialAction":[{"@type":"SearchAction","target":{"@type":"EntryPoint","urlTemplate":"https:\/\/www.naturparkmagazin.de\/stechlin\/?s={search_term_string}"},"query-input":"required name=search_term_string"}],"inLanguage":"de"},{"@type":"Person","@id":"https:\/\/www.naturparkmagazin.de\/stechlin\/#\/schema\/person\/3f0d93203df21c806dd63c76d9bb28bc","name":"marioschrumpf","url":"https:\/\/www.naturparkmagazin.de\/stechlin\/author\/marioschrumpf\/"}]}},"_links":{"self":[{"href":"https:\/\/www.naturparkmagazin.de\/stechlin\/wp-json\/wp\/v2\/posts\/7684"}],"collection":[{"href":"https:\/\/www.naturparkmagazin.de\/stechlin\/wp-json\/wp\/v2\/posts"}],"about":[{"href":"https:\/\/www.naturparkmagazin.de\/stechlin\/wp-json\/wp\/v2\/types\/post"}],"author":[{"embeddable":true,"href":"https:\/\/www.naturparkmagazin.de\/stechlin\/wp-json\/wp\/v2\/users\/39"}],"replies":[{"embeddable":true,"href":"https:\/\/www.naturparkmagazin.de\/stechlin\/wp-json\/wp\/v2\/comments?post=7684"}],"version-history":[{"count":2,"href":"https:\/\/www.naturparkmagazin.de\/stechlin\/wp-json\/wp\/v2\/posts\/7684\/revisions"}],"predecessor-version":[{"id":7712,"href":"https:\/\/www.naturparkmagazin.de\/stechlin\/wp-json\/wp\/v2\/posts\/7684\/revisions\/7712"}],"wp:featuredmedia":[{"embeddable":true,"href":"https:\/\/www.naturparkmagazin.de\/stechlin\/wp-json\/wp\/v2\/media\/7685"}],"wp:attachment":[{"href":"https:\/\/www.naturparkmagazin.de\/stechlin\/wp-json\/wp\/v2\/media?parent=7684"}],"wp:term":[{"taxonomy":"category","embeddable":true,"href":"https:\/\/www.naturparkmagazin.de\/stechlin\/wp-json\/wp\/v2\/categories?post=7684"},{"taxonomy":"post_tag","embeddable":true,"href":"https:\/\/www.naturparkmagazin.de\/stechlin\/wp-json\/wp\/v2\/tags?post=7684"}],"curies":[{"name":"wp","href":"https:\/\/api.w.org\/{rel}","templated":true}]}}