{"id":7697,"date":"2018-11-19T06:45:24","date_gmt":"2018-11-19T05:45:24","guid":{"rendered":"https:\/\/www.naturparkmagazin.de\/stechlin\/?p=7697"},"modified":"2018-11-16T07:26:56","modified_gmt":"2018-11-16T06:26:56","slug":"rheinsberger-preussenquelle-mit-emas-preis-ausgezeichnet","status":"publish","type":"post","link":"https:\/\/www.naturparkmagazin.de\/stechlin\/rheinsberger-preussenquelle-mit-emas-preis-ausgezeichnet\/","title":{"rendered":"Rheinsberger Preussenquelle mit EMAS-Preis ausgezeichnet"},"content":{"rendered":"<p>Am 9.11.18 wurde unser Kooperationspartner die Rheinsberger Preussenquelle im Bundesumweltministeriums in Berlin ausgezeichnet.<\/p>\n<p>&nbsp;<\/p>\n<div id=\"attachment_7700\" style=\"width: 310px\" class=\"wp-caption aligncenter\"><a href=\"https:\/\/www.naturparkmagazin.de\/stechlin\/wp-content\/uploads\/sites\/38\/EMAS-5.jpg\"><img aria-describedby=\"caption-attachment-7700\" decoding=\"async\" loading=\"lazy\" class=\"size-thumbnail wp-image-7700\" src=\"https:\/\/www.naturparkmagazin.de\/stechlin\/wp-content\/uploads\/sites\/38\/EMAS-5-300x180.jpg\" alt=\"Frank Stieldorf und Enrico Przibylla nahmen die Auszeichnung aus den H\u00e4nden des Parlamentarischen Staatssekret\u00e4rs Florian Pronold entgegen. (Foto: BMU Sascha Hilgers)\" width=\"300\" height=\"180\" srcset=\"https:\/\/www.naturparkmagazin.de\/stechlin\/wp-content\/uploads\/sites\/38\/EMAS-5-300x180.jpg 300w, https:\/\/www.naturparkmagazin.de\/stechlin\/wp-content\/uploads\/sites\/38\/EMAS-5.jpg 500w, https:\/\/www.naturparkmagazin.de\/stechlin\/wp-content\/uploads\/sites\/38\/EMAS-5-200x120.jpg 200w\" sizes=\"(max-width: 300px) 100vw, 300px\" \/><\/a><p id=\"caption-attachment-7700\" class=\"wp-caption-text\">Frank Stieldorf und Enrico Przibylla nahmen die Auszeichnung aus den H\u00e4nden des Parlamentarischen Staatssekret\u00e4rs Florian Pronold entgegen. (Foto: BMU Sascha Hilgers)<\/p><\/div>\n<p>&nbsp;<\/p>\n<p>Gesch\u00e4ftsf\u00fchrer Frank Stieldorf nahm aus den H\u00e4nden des Parlamentarischen Staatssekret\u00e4r Florian Pronold die Auszeichnung entgegen. F\u00fcr ihr vorbildliches und innovatives Engagement im Rahmen des europ\u00e4ischen Umweltmanagement- und Auditsystems EMAS wurden in diesem Jahr drei Unternehmen und eine Universit\u00e4t gew\u00fcrdigt.<\/p>\n<div id=\"attachment_7699\" style=\"width: 310px\" class=\"wp-caption aligncenter\"><a href=\"https:\/\/www.naturparkmagazin.de\/stechlin\/wp-content\/uploads\/sites\/38\/EMAS-2.jpg\"><img aria-describedby=\"caption-attachment-7699\" decoding=\"async\" loading=\"lazy\" class=\"size-thumbnail wp-image-7699\" src=\"https:\/\/www.naturparkmagazin.de\/stechlin\/wp-content\/uploads\/sites\/38\/EMAS-2-300x180.jpg\" alt=\"In seiner Rede w\u00fcrdigt Florian Pronold das Engegement der ausgezeichneten Unternehmen. (Foto: BMU Sascha Hilgers)\" width=\"300\" height=\"180\" srcset=\"https:\/\/www.naturparkmagazin.de\/stechlin\/wp-content\/uploads\/sites\/38\/EMAS-2-300x180.jpg 300w, https:\/\/www.naturparkmagazin.de\/stechlin\/wp-content\/uploads\/sites\/38\/EMAS-2.jpg 500w, https:\/\/www.naturparkmagazin.de\/stechlin\/wp-content\/uploads\/sites\/38\/EMAS-2-200x120.jpg 200w\" sizes=\"(max-width: 300px) 100vw, 300px\" \/><\/a><p id=\"caption-attachment-7699\" class=\"wp-caption-text\">In seiner Rede w\u00fcrdigt Florian Pronold das Engagement der ausgezeichneten Unternehmen. (Foto: BMU Sascha Hilgers)<\/p><\/div>\n<p>Unter den vielen eingegangenen Bewerbungen w\u00e4hlte die Jury aus Fachleuten des Bundesumweltministeriums, des Umweltbundesamtes, des Umweltgutachterausschusses, der Deutschen Akkreditierungs- und Zulassungsgesellschaft f\u00fcr Umweltgutachter und des DIHK in der Kategorie &#8222;Kleine Unternehmen&#8220; Ostdeutschlands ersten Bio-Mineralbrunnen aus.<\/p>\n<p>Die Rheinsberger Preussenquelle ist seit 2016 EMAS-registriert. EMAS steht f\u00fcr einen systematischen betrieblichen Umweltschutz aud hohem Niveau und ist mit dem Anspruch verbunden, die eigene Umweltleistung stetig zu verbessern.<\/p>\n<p>Frank Stieldorf, Gesch\u00e4ftsf\u00fchrer der Rheinsberger Preussenquelle: &#8222;Wir freuen uns sehr \u00fcber die Auszeichnung, da sie eine Anerkennung unseres Einsatzes ist. Ein Umweltmanagement pflegen ist kein Add-On, sondern die Dokumentation eines Selbstverst\u00e4ndnisses, wie wir unser Unternehmen sehen und entwickeln. \u00d6kologie, Nachhaltigkeit und Wirtschaft sind drei gleichwertige S\u00e4ulen f\u00fcr unser Handeln.&#8220;<\/p>\n<div id=\"attachment_7698\" style=\"width: 310px\" class=\"wp-caption aligncenter\"><a href=\"https:\/\/www.naturparkmagazin.de\/stechlin\/wp-content\/uploads\/sites\/38\/EMAS-20.jpg\"><img aria-describedby=\"caption-attachment-7698\" decoding=\"async\" loading=\"lazy\" class=\"size-thumbnail wp-image-7698\" src=\"https:\/\/www.naturparkmagazin.de\/stechlin\/wp-content\/uploads\/sites\/38\/EMAS-20-300x180.jpg\" alt=\"Gruppenfoto der Preistr\u00e4ger (Foto: BMU Sascha Hilgers)\" width=\"300\" height=\"180\" srcset=\"https:\/\/www.naturparkmagazin.de\/stechlin\/wp-content\/uploads\/sites\/38\/EMAS-20-300x180.jpg 300w, https:\/\/www.naturparkmagazin.de\/stechlin\/wp-content\/uploads\/sites\/38\/EMAS-20.jpg 500w, https:\/\/www.naturparkmagazin.de\/stechlin\/wp-content\/uploads\/sites\/38\/EMAS-20-200x120.jpg 200w\" sizes=\"(max-width: 300px) 100vw, 300px\" \/><\/a><p id=\"caption-attachment-7698\" class=\"wp-caption-text\">Gruppenfoto der Preistr\u00e4ger (Foto: BMU Sascha Hilgers)<\/p><\/div>\n","protected":false},"excerpt":{"rendered":"<p>Am 9.11.18 wurde unser Kooperationspartner die Rheinsberger Preussenquelle im Bundesumweltministeriums in Berlin ausgezeichnet.<\/p>\n","protected":false},"author":39,"featured_media":3928,"comment_status":"open","ping_status":"open","sticky":false,"template":"","format":"standard","meta":[],"categories":[7],"tags":[],"yoast_head":"<!-- This site is optimized with the Yoast SEO plugin v19.10 - https:\/\/yoast.com\/wordpress\/plugins\/seo\/ -->\n<title>Rheinsberger Preussenquelle mit EMAS-Preis ausgezeichnet - Naturpark Stechlin-Ruppiner Land<\/title>\n<meta name=\"robots\" content=\"index, follow, max-snippet:-1, max-image-preview:large, max-video-preview:-1\" \/>\n<link rel=\"canonical\" href=\"https:\/\/www.naturparkmagazin.de\/stechlin\/rheinsberger-preussenquelle-mit-emas-preis-ausgezeichnet\/\" \/>\n<meta property=\"og:locale\" content=\"de_DE\" \/>\n<meta property=\"og:type\" content=\"article\" \/>\n<meta property=\"og:title\" content=\"Rheinsberger Preussenquelle mit EMAS-Preis ausgezeichnet - Naturpark Stechlin-Ruppiner Land\" \/>\n<meta property=\"og:description\" content=\"Am 9.11.18 wurde unser Kooperationspartner die Rheinsberger Preussenquelle im Bundesumweltministeriums in Berlin ausgezeichnet.\" \/>\n<meta property=\"og:url\" content=\"https:\/\/www.naturparkmagazin.de\/stechlin\/rheinsberger-preussenquelle-mit-emas-preis-ausgezeichnet\/\" \/>\n<meta property=\"og:site_name\" content=\"Naturpark Stechlin-Ruppiner Land\" \/>\n<meta property=\"article:published_time\" content=\"2018-11-19T05:45:24+00:00\" \/>\n<meta property=\"article:modified_time\" content=\"2018-11-16T06:26:56+00:00\" \/>\n<meta property=\"og:image\" content=\"https:\/\/www.naturparkmagazin.de\/stechlin\/wp-content\/uploads\/sites\/38\/EMAS-Logo15.jpg\" \/>\n\t<meta property=\"og:image:width\" content=\"200\" \/>\n\t<meta property=\"og:image:height\" content=\"200\" \/>\n\t<meta property=\"og:image:type\" content=\"image\/jpeg\" \/>\n<meta name=\"author\" content=\"marioschrumpf\" \/>\n<meta name=\"twitter:label1\" content=\"Verfasst von\" \/>\n\t<meta name=\"twitter:data1\" content=\"marioschrumpf\" \/>\n\t<meta name=\"twitter:label2\" content=\"Gesch\u00e4tzte Lesezeit\" \/>\n\t<meta name=\"twitter:data2\" content=\"1\u00a0Minute\" \/>\n<script type=\"application\/ld+json\" class=\"yoast-schema-graph\">{\"@context\":\"https:\/\/schema.org\",\"@graph\":[{\"@type\":\"WebPage\",\"@id\":\"https:\/\/www.naturparkmagazin.de\/stechlin\/rheinsberger-preussenquelle-mit-emas-preis-ausgezeichnet\/\",\"url\":\"https:\/\/www.naturparkmagazin.de\/stechlin\/rheinsberger-preussenquelle-mit-emas-preis-ausgezeichnet\/\",\"name\":\"Rheinsberger Preussenquelle mit EMAS-Preis ausgezeichnet - Naturpark Stechlin-Ruppiner Land\",\"isPartOf\":{\"@id\":\"https:\/\/www.naturparkmagazin.de\/stechlin\/#website\"},\"datePublished\":\"2018-11-19T05:45:24+00:00\",\"dateModified\":\"2018-11-16T06:26:56+00:00\",\"author\":{\"@id\":\"https:\/\/www.naturparkmagazin.de\/stechlin\/#\/schema\/person\/3f0d93203df21c806dd63c76d9bb28bc\"},\"breadcrumb\":{\"@id\":\"https:\/\/www.naturparkmagazin.de\/stechlin\/rheinsberger-preussenquelle-mit-emas-preis-ausgezeichnet\/#breadcrumb\"},\"inLanguage\":\"de\",\"potentialAction\":[{\"@type\":\"ReadAction\",\"target\":[\"https:\/\/www.naturparkmagazin.de\/stechlin\/rheinsberger-preussenquelle-mit-emas-preis-ausgezeichnet\/\"]}]},{\"@type\":\"BreadcrumbList\",\"@id\":\"https:\/\/www.naturparkmagazin.de\/stechlin\/rheinsberger-preussenquelle-mit-emas-preis-ausgezeichnet\/#breadcrumb\",\"itemListElement\":[{\"@type\":\"ListItem\",\"position\":1,\"name\":\"Home\",\"item\":\"https:\/\/www.naturparkmagazin.de\/stechlin\/\"},{\"@type\":\"ListItem\",\"position\":2,\"name\":\"Rheinsberger Preussenquelle mit EMAS-Preis ausgezeichnet\"}]},{\"@type\":\"WebSite\",\"@id\":\"https:\/\/www.naturparkmagazin.de\/stechlin\/#website\",\"url\":\"https:\/\/www.naturparkmagazin.de\/stechlin\/\",\"name\":\"Naturpark Stechlin-Ruppiner Land\",\"description\":\"\",\"potentialAction\":[{\"@type\":\"SearchAction\",\"target\":{\"@type\":\"EntryPoint\",\"urlTemplate\":\"https:\/\/www.naturparkmagazin.de\/stechlin\/?s={search_term_string}\"},\"query-input\":\"required name=search_term_string\"}],\"inLanguage\":\"de\"},{\"@type\":\"Person\",\"@id\":\"https:\/\/www.naturparkmagazin.de\/stechlin\/#\/schema\/person\/3f0d93203df21c806dd63c76d9bb28bc\",\"name\":\"marioschrumpf\",\"url\":\"https:\/\/www.naturparkmagazin.de\/stechlin\/author\/marioschrumpf\/\"}]}<\/script>\n<!-- \/ Yoast SEO plugin. -->","yoast_head_json":{"title":"Rheinsberger Preussenquelle mit EMAS-Preis ausgezeichnet - Naturpark Stechlin-Ruppiner Land","robots":{"index":"index","follow":"follow","max-snippet":"max-snippet:-1","max-image-preview":"max-image-preview:large","max-video-preview":"max-video-preview:-1"},"canonical":"https:\/\/www.naturparkmagazin.de\/stechlin\/rheinsberger-preussenquelle-mit-emas-preis-ausgezeichnet\/","og_locale":"de_DE","og_type":"article","og_title":"Rheinsberger Preussenquelle mit EMAS-Preis ausgezeichnet - Naturpark Stechlin-Ruppiner Land","og_description":"Am 9.11.18 wurde unser Kooperationspartner die Rheinsberger Preussenquelle im Bundesumweltministeriums in Berlin ausgezeichnet.","og_url":"https:\/\/www.naturparkmagazin.de\/stechlin\/rheinsberger-preussenquelle-mit-emas-preis-ausgezeichnet\/","og_site_name":"Naturpark Stechlin-Ruppiner Land","article_published_time":"2018-11-19T05:45:24+00:00","article_modified_time":"2018-11-16T06:26:56+00:00","og_image":[{"width":200,"height":200,"url":"https:\/\/www.naturparkmagazin.de\/stechlin\/wp-content\/uploads\/sites\/38\/EMAS-Logo15.jpg","type":"image\/jpeg"}],"author":"marioschrumpf","twitter_misc":{"Verfasst von":"marioschrumpf","Gesch\u00e4tzte Lesezeit":"1\u00a0Minute"},"schema":{"@context":"https:\/\/schema.org","@graph":[{"@type":"WebPage","@id":"https:\/\/www.naturparkmagazin.de\/stechlin\/rheinsberger-preussenquelle-mit-emas-preis-ausgezeichnet\/","url":"https:\/\/www.naturparkmagazin.de\/stechlin\/rheinsberger-preussenquelle-mit-emas-preis-ausgezeichnet\/","name":"Rheinsberger Preussenquelle mit EMAS-Preis ausgezeichnet - Naturpark Stechlin-Ruppiner Land","isPartOf":{"@id":"https:\/\/www.naturparkmagazin.de\/stechlin\/#website"},"datePublished":"2018-11-19T05:45:24+00:00","dateModified":"2018-11-16T06:26:56+00:00","author":{"@id":"https:\/\/www.naturparkmagazin.de\/stechlin\/#\/schema\/person\/3f0d93203df21c806dd63c76d9bb28bc"},"breadcrumb":{"@id":"https:\/\/www.naturparkmagazin.de\/stechlin\/rheinsberger-preussenquelle-mit-emas-preis-ausgezeichnet\/#breadcrumb"},"inLanguage":"de","potentialAction":[{"@type":"ReadAction","target":["https:\/\/www.naturparkmagazin.de\/stechlin\/rheinsberger-preussenquelle-mit-emas-preis-ausgezeichnet\/"]}]},{"@type":"BreadcrumbList","@id":"https:\/\/www.naturparkmagazin.de\/stechlin\/rheinsberger-preussenquelle-mit-emas-preis-ausgezeichnet\/#breadcrumb","itemListElement":[{"@type":"ListItem","position":1,"name":"Home","item":"https:\/\/www.naturparkmagazin.de\/stechlin\/"},{"@type":"ListItem","position":2,"name":"Rheinsberger Preussenquelle mit EMAS-Preis ausgezeichnet"}]},{"@type":"WebSite","@id":"https:\/\/www.naturparkmagazin.de\/stechlin\/#website","url":"https:\/\/www.naturparkmagazin.de\/stechlin\/","name":"Naturpark Stechlin-Ruppiner Land","description":"","potentialAction":[{"@type":"SearchAction","target":{"@type":"EntryPoint","urlTemplate":"https:\/\/www.naturparkmagazin.de\/stechlin\/?s={search_term_string}"},"query-input":"required name=search_term_string"}],"inLanguage":"de"},{"@type":"Person","@id":"https:\/\/www.naturparkmagazin.de\/stechlin\/#\/schema\/person\/3f0d93203df21c806dd63c76d9bb28bc","name":"marioschrumpf","url":"https:\/\/www.naturparkmagazin.de\/stechlin\/author\/marioschrumpf\/"}]}},"_links":{"self":[{"href":"https:\/\/www.naturparkmagazin.de\/stechlin\/wp-json\/wp\/v2\/posts\/7697"}],"collection":[{"href":"https:\/\/www.naturparkmagazin.de\/stechlin\/wp-json\/wp\/v2\/posts"}],"about":[{"href":"https:\/\/www.naturparkmagazin.de\/stechlin\/wp-json\/wp\/v2\/types\/post"}],"author":[{"embeddable":true,"href":"https:\/\/www.naturparkmagazin.de\/stechlin\/wp-json\/wp\/v2\/users\/39"}],"replies":[{"embeddable":true,"href":"https:\/\/www.naturparkmagazin.de\/stechlin\/wp-json\/wp\/v2\/comments?post=7697"}],"version-history":[{"count":1,"href":"https:\/\/www.naturparkmagazin.de\/stechlin\/wp-json\/wp\/v2\/posts\/7697\/revisions"}],"predecessor-version":[{"id":7701,"href":"https:\/\/www.naturparkmagazin.de\/stechlin\/wp-json\/wp\/v2\/posts\/7697\/revisions\/7701"}],"wp:featuredmedia":[{"embeddable":true,"href":"https:\/\/www.naturparkmagazin.de\/stechlin\/wp-json\/wp\/v2\/media\/3928"}],"wp:attachment":[{"href":"https:\/\/www.naturparkmagazin.de\/stechlin\/wp-json\/wp\/v2\/media?parent=7697"}],"wp:term":[{"taxonomy":"category","embeddable":true,"href":"https:\/\/www.naturparkmagazin.de\/stechlin\/wp-json\/wp\/v2\/categories?post=7697"},{"taxonomy":"post_tag","embeddable":true,"href":"https:\/\/www.naturparkmagazin.de\/stechlin\/wp-json\/wp\/v2\/tags?post=7697"}],"curies":[{"name":"wp","href":"https:\/\/api.w.org\/{rel}","templated":true}]}}