{"id":7702,"date":"2018-11-19T09:51:40","date_gmt":"2018-11-19T08:51:40","guid":{"rendered":"https:\/\/www.naturparkmagazin.de\/stechlin\/?p=7702"},"modified":"2018-11-16T09:52:37","modified_gmt":"2018-11-16T08:52:37","slug":"zwei-weitere-schritte-zur-vielfalt-seltene-ackerkraeuter-wurden-gesammelt-und-vermehrt","status":"publish","type":"post","link":"https:\/\/www.naturparkmagazin.de\/stechlin\/zwei-weitere-schritte-zur-vielfalt-seltene-ackerkraeuter-wurden-gesammelt-und-vermehrt\/","title":{"rendered":"Zwei weitere Schritte zur Vielfalt \u2013 seltene Ackerkr\u00e4uter wurden gesammelt und vermehrt"},"content":{"rendered":"<p>Es war nicht einfach Spenderfl\u00e4chen im Naturpark f\u00fcr seltene Ackerkr\u00e4uter zu finden. Die bekannten Vorkommen, z.B. vom L\u00e4mmersalat und dem Feldrittersporn bei Zempow und des\u00a0 Quirl-T\u00e4nnel bei Neuruppin waren erloschen. Frank Rumpe und sein Team unterst\u00fctzt der Biologin Susan Wittwer erweiterten den Suchradius um 20 km und wurden in \u00f6stlicher Richtung bei Bredereiche f\u00fcndig.<\/p>\n<p>Die k\u00fcnftigen Genressourcen\u00e4cker im Naturpark wurden im Sommer kartiert. Es sollen nur Arten ausgebracht werden, wenn sie nicht mehr vorhanden sind.<\/p>\n<p><a href=\"https:\/\/www.naturparkmagazin.de\/stechlin\/wp-content\/uploads\/sites\/38\/Caro180x250.jpg\"><img decoding=\"async\" loading=\"lazy\" class=\" size-full wp-image-7703 aligncenter\" src=\"https:\/\/www.naturparkmagazin.de\/stechlin\/wp-content\/uploads\/sites\/38\/Caro180x250.jpg\" alt=\"NP SRL\/Silke Oldorff\" width=\"180\" height=\"249\" \/><\/a>So konnten im Herbst 10 Arten in der G\u00e4rtnerei Kepos in Altglobsow ausges\u00e4t und vereinzelt werden. Es gilt das wenige Saatgut zu mehren. Keiner hat Erfahrungen mit dem Vermehren von \u201eUnkraut\u201c. Nehmen wir jetzt Anzuchterde oder Ackerkrume f\u00fcr die Aussaat? Das Saatgut wurde f\u00fcr eine Herbst \u2013 und Fr\u00fchjahrsaussaat geteilt und in Aussaatschalen gebracht. Alle Arten sind erfolgreich aufgelaufen und wurden vereinzelt. Der Winter kann kommen!<\/p>\n<p><a href=\"https:\/\/www.naturparkmagazin.de\/stechlin\/wp-content\/uploads\/sites\/38\/Beet200x250.jpg\"><img decoding=\"async\" loading=\"lazy\" class=\" size-full wp-image-7704 aligncenter\" src=\"https:\/\/www.naturparkmagazin.de\/stechlin\/wp-content\/uploads\/sites\/38\/Beet200x250.jpg\" alt=\"NP SRL\/Silke Oldorff\" width=\"200\" height=\"250\" \/><\/a>Beteiligte Ackerkr\u00e4uter: L\u00e4mmersalat (Arnoseris minima), Gro\u00dfer Knorpellattich (Chondrilla juncea), Feld-Rittersporn (Consolida regalis), Dolden-Spurre (Holosteum umbellatum), Gew\u00f6hnliche Ferkelkraut (Hypochaeris radicata), Berg-Sandgl\u00f6ckchen (Jasione montana), Sand-Hornkraut (Cerastium semidecandrum), Einj\u00e4hrige Kn\u00e4uel (Scleranthus annuus), Ausdauernde Kn\u00e4uel (Scleranthus perennis), Breitbl\u00e4ttrige Lichtnelke (Silene latifolia), Acker-Lichtnelke (Silene noctiflora) Acker-Spark (Spergula arvensis), Fr\u00fchlings-Spark (Spergula morisonii), Kahler Bauernsenf (Teesdalia nudicaulis), Gl\u00e4nzende Ehrenpreis (Veronica polita), Acker-Stiefm\u00fctterchen (Viola arvensis), Acker-Krummhals (Anchusa arvensis), Grannen-Ruchgras (Anthoxanthum aristatum), Gew\u00f6hnliche Ackerfrauenmantel (Aphanes arvensis)<\/p>\n<p>Partner:\u00a0Rheinische Kulturlandschaft, Dr. Patrick Lind, Biohof Kepos, Frank Rumpe und Caro Badecke, Naturparkverwaltung Stechlin-Ruppiner Land, Silke Oldorff<\/p>\n","protected":false},"excerpt":{"rendered":"<p>Es war nicht einfach Spenderfl\u00e4chen im Naturpark f\u00fcr seltene Ackerkr\u00e4uter zu finden. Die bekannten Vorkommen, z.B. vom L\u00e4mmersalat und dem Feldrittersporn bei Zempow und des\u00a0 Quirl-T\u00e4nnel bei Neuruppin waren erloschen. Frank Rumpe und sein Team unterst\u00fctzt der Biologin Susan Wittwer erweiterten den Suchradius um 20 km und wurden in \u00f6stlicher Richtung bei Bredereiche f\u00fcndig. Die<\/p>\n","protected":false},"author":39,"featured_media":7707,"comment_status":"open","ping_status":"open","sticky":false,"template":"","format":"standard","meta":[],"categories":[7],"tags":[],"yoast_head":"<!-- This site is optimized with the Yoast SEO plugin v19.10 - https:\/\/yoast.com\/wordpress\/plugins\/seo\/ -->\n<title>Zwei weitere Schritte zur Vielfalt \u2013 seltene Ackerkr\u00e4uter wurden gesammelt und vermehrt - Naturpark Stechlin-Ruppiner Land<\/title>\n<meta name=\"robots\" content=\"index, follow, max-snippet:-1, max-image-preview:large, max-video-preview:-1\" \/>\n<link rel=\"canonical\" href=\"https:\/\/www.naturparkmagazin.de\/stechlin\/zwei-weitere-schritte-zur-vielfalt-seltene-ackerkraeuter-wurden-gesammelt-und-vermehrt\/\" \/>\n<meta property=\"og:locale\" content=\"de_DE\" \/>\n<meta property=\"og:type\" content=\"article\" \/>\n<meta property=\"og:title\" content=\"Zwei weitere Schritte zur Vielfalt \u2013 seltene Ackerkr\u00e4uter wurden gesammelt und vermehrt - Naturpark Stechlin-Ruppiner Land\" \/>\n<meta property=\"og:description\" content=\"Es war nicht einfach Spenderfl\u00e4chen im Naturpark f\u00fcr seltene Ackerkr\u00e4uter zu finden. Die bekannten Vorkommen, z.B. vom L\u00e4mmersalat und dem Feldrittersporn bei Zempow und des\u00a0 Quirl-T\u00e4nnel bei Neuruppin waren erloschen. Frank Rumpe und sein Team unterst\u00fctzt der Biologin Susan Wittwer erweiterten den Suchradius um 20 km und wurden in \u00f6stlicher Richtung bei Bredereiche f\u00fcndig. Die\" \/>\n<meta property=\"og:url\" content=\"https:\/\/www.naturparkmagazin.de\/stechlin\/zwei-weitere-schritte-zur-vielfalt-seltene-ackerkraeuter-wurden-gesammelt-und-vermehrt\/\" \/>\n<meta property=\"og:site_name\" content=\"Naturpark Stechlin-Ruppiner Land\" \/>\n<meta property=\"article:published_time\" content=\"2018-11-19T08:51:40+00:00\" \/>\n<meta property=\"article:modified_time\" content=\"2018-11-16T08:52:37+00:00\" \/>\n<meta property=\"og:image\" content=\"https:\/\/www.naturparkmagazin.de\/stechlin\/wp-content\/uploads\/sites\/38\/Saatschalen200x200.jpg\" \/>\n\t<meta property=\"og:image:width\" content=\"200\" \/>\n\t<meta property=\"og:image:height\" content=\"200\" \/>\n\t<meta property=\"og:image:type\" content=\"image\/jpeg\" \/>\n<meta name=\"author\" content=\"marioschrumpf\" \/>\n<meta name=\"twitter:label1\" content=\"Verfasst von\" \/>\n\t<meta name=\"twitter:data1\" content=\"marioschrumpf\" \/>\n\t<meta name=\"twitter:label2\" content=\"Gesch\u00e4tzte Lesezeit\" \/>\n\t<meta name=\"twitter:data2\" content=\"1\u00a0Minute\" \/>\n<script type=\"application\/ld+json\" class=\"yoast-schema-graph\">{\"@context\":\"https:\/\/schema.org\",\"@graph\":[{\"@type\":\"WebPage\",\"@id\":\"https:\/\/www.naturparkmagazin.de\/stechlin\/zwei-weitere-schritte-zur-vielfalt-seltene-ackerkraeuter-wurden-gesammelt-und-vermehrt\/\",\"url\":\"https:\/\/www.naturparkmagazin.de\/stechlin\/zwei-weitere-schritte-zur-vielfalt-seltene-ackerkraeuter-wurden-gesammelt-und-vermehrt\/\",\"name\":\"Zwei weitere Schritte zur Vielfalt \u2013 seltene Ackerkr\u00e4uter wurden gesammelt und vermehrt - Naturpark Stechlin-Ruppiner Land\",\"isPartOf\":{\"@id\":\"https:\/\/www.naturparkmagazin.de\/stechlin\/#website\"},\"datePublished\":\"2018-11-19T08:51:40+00:00\",\"dateModified\":\"2018-11-16T08:52:37+00:00\",\"author\":{\"@id\":\"https:\/\/www.naturparkmagazin.de\/stechlin\/#\/schema\/person\/3f0d93203df21c806dd63c76d9bb28bc\"},\"breadcrumb\":{\"@id\":\"https:\/\/www.naturparkmagazin.de\/stechlin\/zwei-weitere-schritte-zur-vielfalt-seltene-ackerkraeuter-wurden-gesammelt-und-vermehrt\/#breadcrumb\"},\"inLanguage\":\"de\",\"potentialAction\":[{\"@type\":\"ReadAction\",\"target\":[\"https:\/\/www.naturparkmagazin.de\/stechlin\/zwei-weitere-schritte-zur-vielfalt-seltene-ackerkraeuter-wurden-gesammelt-und-vermehrt\/\"]}]},{\"@type\":\"BreadcrumbList\",\"@id\":\"https:\/\/www.naturparkmagazin.de\/stechlin\/zwei-weitere-schritte-zur-vielfalt-seltene-ackerkraeuter-wurden-gesammelt-und-vermehrt\/#breadcrumb\",\"itemListElement\":[{\"@type\":\"ListItem\",\"position\":1,\"name\":\"Home\",\"item\":\"https:\/\/www.naturparkmagazin.de\/stechlin\/\"},{\"@type\":\"ListItem\",\"position\":2,\"name\":\"Zwei weitere Schritte zur Vielfalt \u2013 seltene Ackerkr\u00e4uter wurden gesammelt und vermehrt\"}]},{\"@type\":\"WebSite\",\"@id\":\"https:\/\/www.naturparkmagazin.de\/stechlin\/#website\",\"url\":\"https:\/\/www.naturparkmagazin.de\/stechlin\/\",\"name\":\"Naturpark Stechlin-Ruppiner Land\",\"description\":\"\",\"potentialAction\":[{\"@type\":\"SearchAction\",\"target\":{\"@type\":\"EntryPoint\",\"urlTemplate\":\"https:\/\/www.naturparkmagazin.de\/stechlin\/?s={search_term_string}\"},\"query-input\":\"required name=search_term_string\"}],\"inLanguage\":\"de\"},{\"@type\":\"Person\",\"@id\":\"https:\/\/www.naturparkmagazin.de\/stechlin\/#\/schema\/person\/3f0d93203df21c806dd63c76d9bb28bc\",\"name\":\"marioschrumpf\",\"url\":\"https:\/\/www.naturparkmagazin.de\/stechlin\/author\/marioschrumpf\/\"}]}<\/script>\n<!-- \/ Yoast SEO plugin. -->","yoast_head_json":{"title":"Zwei weitere Schritte zur Vielfalt \u2013 seltene Ackerkr\u00e4uter wurden gesammelt und vermehrt - Naturpark Stechlin-Ruppiner Land","robots":{"index":"index","follow":"follow","max-snippet":"max-snippet:-1","max-image-preview":"max-image-preview:large","max-video-preview":"max-video-preview:-1"},"canonical":"https:\/\/www.naturparkmagazin.de\/stechlin\/zwei-weitere-schritte-zur-vielfalt-seltene-ackerkraeuter-wurden-gesammelt-und-vermehrt\/","og_locale":"de_DE","og_type":"article","og_title":"Zwei weitere Schritte zur Vielfalt \u2013 seltene Ackerkr\u00e4uter wurden gesammelt und vermehrt - Naturpark Stechlin-Ruppiner Land","og_description":"Es war nicht einfach Spenderfl\u00e4chen im Naturpark f\u00fcr seltene Ackerkr\u00e4uter zu finden. Die bekannten Vorkommen, z.B. vom L\u00e4mmersalat und dem Feldrittersporn bei Zempow und des\u00a0 Quirl-T\u00e4nnel bei Neuruppin waren erloschen. Frank Rumpe und sein Team unterst\u00fctzt der Biologin Susan Wittwer erweiterten den Suchradius um 20 km und wurden in \u00f6stlicher Richtung bei Bredereiche f\u00fcndig. Die","og_url":"https:\/\/www.naturparkmagazin.de\/stechlin\/zwei-weitere-schritte-zur-vielfalt-seltene-ackerkraeuter-wurden-gesammelt-und-vermehrt\/","og_site_name":"Naturpark Stechlin-Ruppiner Land","article_published_time":"2018-11-19T08:51:40+00:00","article_modified_time":"2018-11-16T08:52:37+00:00","og_image":[{"width":200,"height":200,"url":"https:\/\/www.naturparkmagazin.de\/stechlin\/wp-content\/uploads\/sites\/38\/Saatschalen200x200.jpg","type":"image\/jpeg"}],"author":"marioschrumpf","twitter_misc":{"Verfasst von":"marioschrumpf","Gesch\u00e4tzte Lesezeit":"1\u00a0Minute"},"schema":{"@context":"https:\/\/schema.org","@graph":[{"@type":"WebPage","@id":"https:\/\/www.naturparkmagazin.de\/stechlin\/zwei-weitere-schritte-zur-vielfalt-seltene-ackerkraeuter-wurden-gesammelt-und-vermehrt\/","url":"https:\/\/www.naturparkmagazin.de\/stechlin\/zwei-weitere-schritte-zur-vielfalt-seltene-ackerkraeuter-wurden-gesammelt-und-vermehrt\/","name":"Zwei weitere Schritte zur Vielfalt \u2013 seltene Ackerkr\u00e4uter wurden gesammelt und vermehrt - Naturpark Stechlin-Ruppiner Land","isPartOf":{"@id":"https:\/\/www.naturparkmagazin.de\/stechlin\/#website"},"datePublished":"2018-11-19T08:51:40+00:00","dateModified":"2018-11-16T08:52:37+00:00","author":{"@id":"https:\/\/www.naturparkmagazin.de\/stechlin\/#\/schema\/person\/3f0d93203df21c806dd63c76d9bb28bc"},"breadcrumb":{"@id":"https:\/\/www.naturparkmagazin.de\/stechlin\/zwei-weitere-schritte-zur-vielfalt-seltene-ackerkraeuter-wurden-gesammelt-und-vermehrt\/#breadcrumb"},"inLanguage":"de","potentialAction":[{"@type":"ReadAction","target":["https:\/\/www.naturparkmagazin.de\/stechlin\/zwei-weitere-schritte-zur-vielfalt-seltene-ackerkraeuter-wurden-gesammelt-und-vermehrt\/"]}]},{"@type":"BreadcrumbList","@id":"https:\/\/www.naturparkmagazin.de\/stechlin\/zwei-weitere-schritte-zur-vielfalt-seltene-ackerkraeuter-wurden-gesammelt-und-vermehrt\/#breadcrumb","itemListElement":[{"@type":"ListItem","position":1,"name":"Home","item":"https:\/\/www.naturparkmagazin.de\/stechlin\/"},{"@type":"ListItem","position":2,"name":"Zwei weitere Schritte zur Vielfalt \u2013 seltene Ackerkr\u00e4uter wurden gesammelt und vermehrt"}]},{"@type":"WebSite","@id":"https:\/\/www.naturparkmagazin.de\/stechlin\/#website","url":"https:\/\/www.naturparkmagazin.de\/stechlin\/","name":"Naturpark Stechlin-Ruppiner Land","description":"","potentialAction":[{"@type":"SearchAction","target":{"@type":"EntryPoint","urlTemplate":"https:\/\/www.naturparkmagazin.de\/stechlin\/?s={search_term_string}"},"query-input":"required name=search_term_string"}],"inLanguage":"de"},{"@type":"Person","@id":"https:\/\/www.naturparkmagazin.de\/stechlin\/#\/schema\/person\/3f0d93203df21c806dd63c76d9bb28bc","name":"marioschrumpf","url":"https:\/\/www.naturparkmagazin.de\/stechlin\/author\/marioschrumpf\/"}]}},"_links":{"self":[{"href":"https:\/\/www.naturparkmagazin.de\/stechlin\/wp-json\/wp\/v2\/posts\/7702"}],"collection":[{"href":"https:\/\/www.naturparkmagazin.de\/stechlin\/wp-json\/wp\/v2\/posts"}],"about":[{"href":"https:\/\/www.naturparkmagazin.de\/stechlin\/wp-json\/wp\/v2\/types\/post"}],"author":[{"embeddable":true,"href":"https:\/\/www.naturparkmagazin.de\/stechlin\/wp-json\/wp\/v2\/users\/39"}],"replies":[{"embeddable":true,"href":"https:\/\/www.naturparkmagazin.de\/stechlin\/wp-json\/wp\/v2\/comments?post=7702"}],"version-history":[{"count":1,"href":"https:\/\/www.naturparkmagazin.de\/stechlin\/wp-json\/wp\/v2\/posts\/7702\/revisions"}],"predecessor-version":[{"id":7705,"href":"https:\/\/www.naturparkmagazin.de\/stechlin\/wp-json\/wp\/v2\/posts\/7702\/revisions\/7705"}],"wp:featuredmedia":[{"embeddable":true,"href":"https:\/\/www.naturparkmagazin.de\/stechlin\/wp-json\/wp\/v2\/media\/7707"}],"wp:attachment":[{"href":"https:\/\/www.naturparkmagazin.de\/stechlin\/wp-json\/wp\/v2\/media?parent=7702"}],"wp:term":[{"taxonomy":"category","embeddable":true,"href":"https:\/\/www.naturparkmagazin.de\/stechlin\/wp-json\/wp\/v2\/categories?post=7702"},{"taxonomy":"post_tag","embeddable":true,"href":"https:\/\/www.naturparkmagazin.de\/stechlin\/wp-json\/wp\/v2\/tags?post=7702"}],"curies":[{"name":"wp","href":"https:\/\/api.w.org\/{rel}","templated":true}]}}