{"id":7720,"date":"2018-12-12T08:26:51","date_gmt":"2018-12-12T07:26:51","guid":{"rendered":"https:\/\/www.naturparkmagazin.de\/stechlin\/?p=7720"},"modified":"2018-12-12T12:12:52","modified_gmt":"2018-12-12T11:12:52","slug":"baeume-schneiden-in-der-naturpark-kita-lindower-kinderland","status":"publish","type":"post","link":"https:\/\/www.naturparkmagazin.de\/stechlin\/baeume-schneiden-in-der-naturpark-kita-lindower-kinderland\/","title":{"rendered":"Lindower Kita-Knirpse schneiden B\u00e4ume mit dem Zehdenicker Apfelmann"},"content":{"rendered":"<p><a href=\"https:\/\/www.naturparkmagazin.de\/stechlin\/wp-content\/uploads\/sites\/38\/Kaiser_500x300_DSC04091.jpg\"><img decoding=\"async\" loading=\"lazy\" class=\" size-thumbnail wp-image-7723 aligncenter\" src=\"https:\/\/www.naturparkmagazin.de\/stechlin\/wp-content\/uploads\/sites\/38\/Kaiser_500x300_DSC04091-300x180.jpg\" alt=\"NP SRL\/Nadine Heim\" width=\"300\" height=\"180\" srcset=\"https:\/\/www.naturparkmagazin.de\/stechlin\/wp-content\/uploads\/sites\/38\/Kaiser_500x300_DSC04091-300x180.jpg 300w, https:\/\/www.naturparkmagazin.de\/stechlin\/wp-content\/uploads\/sites\/38\/Kaiser_500x300_DSC04091.jpg 500w, https:\/\/www.naturparkmagazin.de\/stechlin\/wp-content\/uploads\/sites\/38\/Kaiser_500x300_DSC04091-200x120.jpg 200w\" sizes=\"(max-width: 300px) 100vw, 300px\" \/><\/a><\/p>\n<p>Am 5.12. besuchte der Zehdenicker Apfelmann, J\u00fcrgen Sinnecker, zum zweiten Mal in diesem Jahr unsere Naturpark-Kita.<\/p>\n<p>Unsere Apfelb\u00e4ume waren bereit, sie wollten geschnitten werden. Aber zuerst wurde ge\u00fcbt. J\u00fcrgen Sinnecker hatte f\u00fcr jedes Kind der L\u00f6wenzahngruppe einen Zweig zum Probeschneiden mitgebracht. Vorsicht war geboten, denn die Astschere war scharf. Nat\u00fcrlich wollte jedes Kind einmal einen Ast abknipsen.<\/p>\n<p>Dann war der Apfelmann dran. Die B\u00e4ume, ein\u00a0<em>Hasenkopf<\/em> und ein\u00a0<em>Gravensteiner,<\/em> waren gut gewachsen. \u00dcbersch\u00fcssige \u00c4ste und noch kleine verbliebenen \u00c4pfel wurden entfernt.<\/p>\n<p>Mit einem Weihnachtslied und einem sch\u00f6nen Gruppenfoto bedanken sich die 25 Kinder und Ihre Erzieher.<\/p>\n<p>&nbsp;<\/p>\n<p>Nadine Heim<\/p>\n<p>Gruppenerzieherin<\/p>\n<p><a href=\"https:\/\/www.naturparkmagazin.de\/stechlin\/wp-content\/uploads\/sites\/38\/Kaiser_500x300_DSC04089-2.jpg\"><img decoding=\"async\" loading=\"lazy\" class=\" size-thumbnail wp-image-7722 aligncenter\" src=\"https:\/\/www.naturparkmagazin.de\/stechlin\/wp-content\/uploads\/sites\/38\/Kaiser_500x300_DSC04089-2-300x180.jpg\" alt=\"NP SRL\/Nadine Heim\" width=\"300\" height=\"180\" srcset=\"https:\/\/www.naturparkmagazin.de\/stechlin\/wp-content\/uploads\/sites\/38\/Kaiser_500x300_DSC04089-2-300x180.jpg 300w, https:\/\/www.naturparkmagazin.de\/stechlin\/wp-content\/uploads\/sites\/38\/Kaiser_500x300_DSC04089-2.jpg 500w, https:\/\/www.naturparkmagazin.de\/stechlin\/wp-content\/uploads\/sites\/38\/Kaiser_500x300_DSC04089-2-200x120.jpg 200w\" sizes=\"(max-width: 300px) 100vw, 300px\" \/><\/a><\/p>\n<p><a href=\"https:\/\/www.naturparkmagazin.de\/stechlin\/wp-content\/uploads\/sites\/38\/Kaiser_200x200_DSC04089-2.jpg\">\u00a0<\/a><\/p>\n","protected":false},"excerpt":{"rendered":"<p>Am 5.12. besuchte der Zehdenicker Apfelmann, J\u00fcrgen Sinnecker, zum zweiten Mal in diesem Jahr unsere Naturpark-Kita.<\/p>\n","protected":false},"author":39,"featured_media":7721,"comment_status":"open","ping_status":"open","sticky":false,"template":"","format":"standard","meta":[],"categories":[7],"tags":[],"yoast_head":"<!-- This site is optimized with the Yoast SEO plugin v19.10 - https:\/\/yoast.com\/wordpress\/plugins\/seo\/ -->\n<title>Lindower Kita-Knirpse schneiden B\u00e4ume mit dem Zehdenicker Apfelmann - Naturpark Stechlin-Ruppiner Land<\/title>\n<meta name=\"robots\" content=\"index, follow, max-snippet:-1, max-image-preview:large, max-video-preview:-1\" \/>\n<link rel=\"canonical\" href=\"https:\/\/www.naturparkmagazin.de\/stechlin\/baeume-schneiden-in-der-naturpark-kita-lindower-kinderland\/\" \/>\n<meta property=\"og:locale\" content=\"de_DE\" \/>\n<meta property=\"og:type\" content=\"article\" \/>\n<meta property=\"og:title\" content=\"Lindower Kita-Knirpse schneiden B\u00e4ume mit dem Zehdenicker Apfelmann - Naturpark Stechlin-Ruppiner Land\" \/>\n<meta property=\"og:description\" content=\"Am 5.12. besuchte der Zehdenicker Apfelmann, J\u00fcrgen Sinnecker, zum zweiten Mal in diesem Jahr unsere Naturpark-Kita.\" \/>\n<meta property=\"og:url\" content=\"https:\/\/www.naturparkmagazin.de\/stechlin\/baeume-schneiden-in-der-naturpark-kita-lindower-kinderland\/\" \/>\n<meta property=\"og:site_name\" content=\"Naturpark Stechlin-Ruppiner Land\" \/>\n<meta property=\"article:published_time\" content=\"2018-12-12T07:26:51+00:00\" \/>\n<meta property=\"article:modified_time\" content=\"2018-12-12T11:12:52+00:00\" \/>\n<meta property=\"og:image\" content=\"https:\/\/www.naturparkmagazin.de\/stechlin\/wp-content\/uploads\/sites\/38\/Kaiser_200x200_DSC04089-2.jpg\" \/>\n\t<meta property=\"og:image:width\" content=\"200\" \/>\n\t<meta property=\"og:image:height\" content=\"200\" \/>\n\t<meta property=\"og:image:type\" content=\"image\/jpeg\" \/>\n<meta name=\"author\" content=\"marioschrumpf\" \/>\n<meta name=\"twitter:label1\" content=\"Verfasst von\" \/>\n\t<meta name=\"twitter:data1\" content=\"marioschrumpf\" \/>\n\t<meta name=\"twitter:label2\" content=\"Gesch\u00e4tzte Lesezeit\" \/>\n\t<meta name=\"twitter:data2\" content=\"1\u00a0Minute\" \/>\n<script type=\"application\/ld+json\" class=\"yoast-schema-graph\">{\"@context\":\"https:\/\/schema.org\",\"@graph\":[{\"@type\":\"WebPage\",\"@id\":\"https:\/\/www.naturparkmagazin.de\/stechlin\/baeume-schneiden-in-der-naturpark-kita-lindower-kinderland\/\",\"url\":\"https:\/\/www.naturparkmagazin.de\/stechlin\/baeume-schneiden-in-der-naturpark-kita-lindower-kinderland\/\",\"name\":\"Lindower Kita-Knirpse schneiden B\u00e4ume mit dem Zehdenicker Apfelmann - Naturpark Stechlin-Ruppiner Land\",\"isPartOf\":{\"@id\":\"https:\/\/www.naturparkmagazin.de\/stechlin\/#website\"},\"datePublished\":\"2018-12-12T07:26:51+00:00\",\"dateModified\":\"2018-12-12T11:12:52+00:00\",\"author\":{\"@id\":\"https:\/\/www.naturparkmagazin.de\/stechlin\/#\/schema\/person\/3f0d93203df21c806dd63c76d9bb28bc\"},\"breadcrumb\":{\"@id\":\"https:\/\/www.naturparkmagazin.de\/stechlin\/baeume-schneiden-in-der-naturpark-kita-lindower-kinderland\/#breadcrumb\"},\"inLanguage\":\"de\",\"potentialAction\":[{\"@type\":\"ReadAction\",\"target\":[\"https:\/\/www.naturparkmagazin.de\/stechlin\/baeume-schneiden-in-der-naturpark-kita-lindower-kinderland\/\"]}]},{\"@type\":\"BreadcrumbList\",\"@id\":\"https:\/\/www.naturparkmagazin.de\/stechlin\/baeume-schneiden-in-der-naturpark-kita-lindower-kinderland\/#breadcrumb\",\"itemListElement\":[{\"@type\":\"ListItem\",\"position\":1,\"name\":\"Home\",\"item\":\"https:\/\/www.naturparkmagazin.de\/stechlin\/\"},{\"@type\":\"ListItem\",\"position\":2,\"name\":\"Lindower Kita-Knirpse schneiden B\u00e4ume mit dem Zehdenicker Apfelmann\"}]},{\"@type\":\"WebSite\",\"@id\":\"https:\/\/www.naturparkmagazin.de\/stechlin\/#website\",\"url\":\"https:\/\/www.naturparkmagazin.de\/stechlin\/\",\"name\":\"Naturpark Stechlin-Ruppiner Land\",\"description\":\"\",\"potentialAction\":[{\"@type\":\"SearchAction\",\"target\":{\"@type\":\"EntryPoint\",\"urlTemplate\":\"https:\/\/www.naturparkmagazin.de\/stechlin\/?s={search_term_string}\"},\"query-input\":\"required name=search_term_string\"}],\"inLanguage\":\"de\"},{\"@type\":\"Person\",\"@id\":\"https:\/\/www.naturparkmagazin.de\/stechlin\/#\/schema\/person\/3f0d93203df21c806dd63c76d9bb28bc\",\"name\":\"marioschrumpf\",\"url\":\"https:\/\/www.naturparkmagazin.de\/stechlin\/author\/marioschrumpf\/\"}]}<\/script>\n<!-- \/ Yoast SEO plugin. -->","yoast_head_json":{"title":"Lindower Kita-Knirpse schneiden B\u00e4ume mit dem Zehdenicker Apfelmann - Naturpark Stechlin-Ruppiner Land","robots":{"index":"index","follow":"follow","max-snippet":"max-snippet:-1","max-image-preview":"max-image-preview:large","max-video-preview":"max-video-preview:-1"},"canonical":"https:\/\/www.naturparkmagazin.de\/stechlin\/baeume-schneiden-in-der-naturpark-kita-lindower-kinderland\/","og_locale":"de_DE","og_type":"article","og_title":"Lindower Kita-Knirpse schneiden B\u00e4ume mit dem Zehdenicker Apfelmann - Naturpark Stechlin-Ruppiner Land","og_description":"Am 5.12. besuchte der Zehdenicker Apfelmann, J\u00fcrgen Sinnecker, zum zweiten Mal in diesem Jahr unsere Naturpark-Kita.","og_url":"https:\/\/www.naturparkmagazin.de\/stechlin\/baeume-schneiden-in-der-naturpark-kita-lindower-kinderland\/","og_site_name":"Naturpark Stechlin-Ruppiner Land","article_published_time":"2018-12-12T07:26:51+00:00","article_modified_time":"2018-12-12T11:12:52+00:00","og_image":[{"width":200,"height":200,"url":"https:\/\/www.naturparkmagazin.de\/stechlin\/wp-content\/uploads\/sites\/38\/Kaiser_200x200_DSC04089-2.jpg","type":"image\/jpeg"}],"author":"marioschrumpf","twitter_misc":{"Verfasst von":"marioschrumpf","Gesch\u00e4tzte Lesezeit":"1\u00a0Minute"},"schema":{"@context":"https:\/\/schema.org","@graph":[{"@type":"WebPage","@id":"https:\/\/www.naturparkmagazin.de\/stechlin\/baeume-schneiden-in-der-naturpark-kita-lindower-kinderland\/","url":"https:\/\/www.naturparkmagazin.de\/stechlin\/baeume-schneiden-in-der-naturpark-kita-lindower-kinderland\/","name":"Lindower Kita-Knirpse schneiden B\u00e4ume mit dem Zehdenicker Apfelmann - Naturpark Stechlin-Ruppiner Land","isPartOf":{"@id":"https:\/\/www.naturparkmagazin.de\/stechlin\/#website"},"datePublished":"2018-12-12T07:26:51+00:00","dateModified":"2018-12-12T11:12:52+00:00","author":{"@id":"https:\/\/www.naturparkmagazin.de\/stechlin\/#\/schema\/person\/3f0d93203df21c806dd63c76d9bb28bc"},"breadcrumb":{"@id":"https:\/\/www.naturparkmagazin.de\/stechlin\/baeume-schneiden-in-der-naturpark-kita-lindower-kinderland\/#breadcrumb"},"inLanguage":"de","potentialAction":[{"@type":"ReadAction","target":["https:\/\/www.naturparkmagazin.de\/stechlin\/baeume-schneiden-in-der-naturpark-kita-lindower-kinderland\/"]}]},{"@type":"BreadcrumbList","@id":"https:\/\/www.naturparkmagazin.de\/stechlin\/baeume-schneiden-in-der-naturpark-kita-lindower-kinderland\/#breadcrumb","itemListElement":[{"@type":"ListItem","position":1,"name":"Home","item":"https:\/\/www.naturparkmagazin.de\/stechlin\/"},{"@type":"ListItem","position":2,"name":"Lindower Kita-Knirpse schneiden B\u00e4ume mit dem Zehdenicker Apfelmann"}]},{"@type":"WebSite","@id":"https:\/\/www.naturparkmagazin.de\/stechlin\/#website","url":"https:\/\/www.naturparkmagazin.de\/stechlin\/","name":"Naturpark Stechlin-Ruppiner Land","description":"","potentialAction":[{"@type":"SearchAction","target":{"@type":"EntryPoint","urlTemplate":"https:\/\/www.naturparkmagazin.de\/stechlin\/?s={search_term_string}"},"query-input":"required name=search_term_string"}],"inLanguage":"de"},{"@type":"Person","@id":"https:\/\/www.naturparkmagazin.de\/stechlin\/#\/schema\/person\/3f0d93203df21c806dd63c76d9bb28bc","name":"marioschrumpf","url":"https:\/\/www.naturparkmagazin.de\/stechlin\/author\/marioschrumpf\/"}]}},"_links":{"self":[{"href":"https:\/\/www.naturparkmagazin.de\/stechlin\/wp-json\/wp\/v2\/posts\/7720"}],"collection":[{"href":"https:\/\/www.naturparkmagazin.de\/stechlin\/wp-json\/wp\/v2\/posts"}],"about":[{"href":"https:\/\/www.naturparkmagazin.de\/stechlin\/wp-json\/wp\/v2\/types\/post"}],"author":[{"embeddable":true,"href":"https:\/\/www.naturparkmagazin.de\/stechlin\/wp-json\/wp\/v2\/users\/39"}],"replies":[{"embeddable":true,"href":"https:\/\/www.naturparkmagazin.de\/stechlin\/wp-json\/wp\/v2\/comments?post=7720"}],"version-history":[{"count":3,"href":"https:\/\/www.naturparkmagazin.de\/stechlin\/wp-json\/wp\/v2\/posts\/7720\/revisions"}],"predecessor-version":[{"id":7829,"href":"https:\/\/www.naturparkmagazin.de\/stechlin\/wp-json\/wp\/v2\/posts\/7720\/revisions\/7829"}],"wp:featuredmedia":[{"embeddable":true,"href":"https:\/\/www.naturparkmagazin.de\/stechlin\/wp-json\/wp\/v2\/media\/7721"}],"wp:attachment":[{"href":"https:\/\/www.naturparkmagazin.de\/stechlin\/wp-json\/wp\/v2\/media?parent=7720"}],"wp:term":[{"taxonomy":"category","embeddable":true,"href":"https:\/\/www.naturparkmagazin.de\/stechlin\/wp-json\/wp\/v2\/categories?post=7720"},{"taxonomy":"post_tag","embeddable":true,"href":"https:\/\/www.naturparkmagazin.de\/stechlin\/wp-json\/wp\/v2\/tags?post=7720"}],"curies":[{"name":"wp","href":"https:\/\/api.w.org\/{rel}","templated":true}]}}