{"id":7725,"date":"2018-12-12T08:38:15","date_gmt":"2018-12-12T07:38:15","guid":{"rendered":"https:\/\/www.naturparkmagazin.de\/stechlin\/?p=7725"},"modified":"2018-12-13T14:28:18","modified_gmt":"2018-12-13T13:28:18","slug":"neujahrs-tour-gefuehrte-nordic-walking-und-wander-tour","status":"publish","type":"post","link":"https:\/\/www.naturparkmagazin.de\/stechlin\/neujahrs-tour-gefuehrte-nordic-walking-und-wander-tour\/","title":{"rendered":"Neujahr in die  Kyritz-Ruppiner Heide &#8211; gef\u00fchrte Nordic Walking- und Wander-Tour"},"content":{"rendered":"<p>&nbsp;<\/p>\n<p><strong><a href=\"https:\/\/www.naturparkmagazin.de\/stechlin\/wp-content\/uploads\/sites\/38\/IMG_3866_500x300.jpg\"><img decoding=\"async\" loading=\"lazy\" class=\" size-thumbnail wp-image-7727 aligncenter\" src=\"https:\/\/www.naturparkmagazin.de\/stechlin\/wp-content\/uploads\/sites\/38\/IMG_3866_500x300-300x180.jpg\" alt=\"NP SRL\/Olaf Wolff\" width=\"300\" height=\"180\" srcset=\"https:\/\/www.naturparkmagazin.de\/stechlin\/wp-content\/uploads\/sites\/38\/IMG_3866_500x300-300x180.jpg 300w, https:\/\/www.naturparkmagazin.de\/stechlin\/wp-content\/uploads\/sites\/38\/IMG_3866_500x300.jpg 500w, https:\/\/www.naturparkmagazin.de\/stechlin\/wp-content\/uploads\/sites\/38\/IMG_3866_500x300-200x120.jpg 200w\" sizes=\"(max-width: 300px) 100vw, 300px\" \/><\/a>Haben Sie gute Vors\u00e4tze f\u00fcr mehr Sport im neuen Jahr gefasst? Dann sollten Sie gleich am Neujahrstag mit der Umsetzung Ihrer guten Vors\u00e4tze starten und der Einladung von Olaf Wolff zum Wandern oder Nordic Walking folgen!<\/strong><\/p>\n<p>Im Norden Brandenburgs, zwischen den historischen St\u00e4dten F\u00fcrstenberg\/Havel, Zehdenick, Lindow, Neuruppin und Wittstock finden Nordic Walker und Wanderer ein deutschlandweit einmaliges Angebot vor \u2013 eine Kombination aus sportlichen M\u00f6glichkeiten und reizvoller Landschaft.<\/p>\n<p>Ob im Naturpark Stechlin-Ruppiner Land mit seinen Buchenw\u00e4ldern und Klarwasserseen (www.stechlin-ruppiner-land-naturpark.de), in der Kyritz-Ruppiner Heide als eine der gr\u00f6\u00dften zusammenh\u00e4ngenden Heidelandschaft Europas (www.kyritz-ruppiner-heide.de) oder auf dem \u00fcber 534 Kilometer umfassenden bundesweiten einzigartigen Streckennetz des Laufparks Stechlin (www.laufpark-stechlin.de), &#8211; mit einer gef\u00fchrten Nordic Walking oder Wander-Tour erleben Sie die wundersch\u00f6nen Landschaften und betreiben dabei Sport \u2013 eine gewinnbringende Kombination!<\/p>\n<p>W\u00e4hrend unserer ca. 2 &#8211; 3 st\u00fcndigen Tour zeige ich Ihnen lokale Sehensw\u00fcrdigkeiten und erz\u00e4hle Ihnen Wissenswertes aus der Region sowie ihrer Historie, und geben Ihnen sehr gern Tipps und Hilfestellung zur Optimierung Ihrer pers\u00f6nlichen Nordic Walking Technik.<\/p>\n<p>Wir haben ausreichend Zeit f\u00fcr Verschnaufpausen und zum Fotografieren, gern k\u00f6nnen wir auch eine Rast machen, schlie\u00dflich m\u00f6chten wir die Natur und die herrliche Landschaft genie\u00dfen. Nach diesem gef\u00fchrten Lauf haben Sie etwas f\u00fcr Ihre Gesundheit getan und Interessantes erfahren!<\/p>\n<p>Sie brauchen sich um nichts als Ihre Sportkleidung zu k\u00fcmmern. Bitte wetterangepasste Kleidung tragen und ausreichend Trinkfl\u00fcssigkeit mitbringen.<\/p>\n<p>Die Nordic Walking St\u00f6cke k\u00f6nnen bei mir ausgeliehen werden.<\/p>\n<p>Das Motto meiner Touren: Landschaftlich reizvoll \u2013 Sportlich angenehm!<\/p>\n<p>&nbsp;<\/p>\n<p><strong>Treff:<\/strong> 1. Januar, 13:30 Uhr, Parkplatz Pfalzheim<\/p>\n<p><strong>Kosten:<\/strong> 5 \u20ac\/Person ab 7 Personen<\/p>\n<p><strong>Anmeldung\/Info:<\/strong> Natur- und Landschaftsf\u00fchrer Olaf Wolff, Tel.: 03391 512672, www.fitness-studio-natur.de<\/p>\n<p><a href=\"https:\/\/www.naturparkmagazin.de\/stechlin\/wp-content\/uploads\/sites\/38\/IMG_4346_500x300.jpg\"><img decoding=\"async\" loading=\"lazy\" class=\" size-thumbnail wp-image-7728 aligncenter\" src=\"https:\/\/www.naturparkmagazin.de\/stechlin\/wp-content\/uploads\/sites\/38\/IMG_4346_500x300-300x180.jpg\" alt=\"NP SRL\/Olaf Wolff\" width=\"300\" height=\"180\" srcset=\"https:\/\/www.naturparkmagazin.de\/stechlin\/wp-content\/uploads\/sites\/38\/IMG_4346_500x300-300x180.jpg 300w, https:\/\/www.naturparkmagazin.de\/stechlin\/wp-content\/uploads\/sites\/38\/IMG_4346_500x300.jpg 500w, https:\/\/www.naturparkmagazin.de\/stechlin\/wp-content\/uploads\/sites\/38\/IMG_4346_500x300-200x120.jpg 200w\" sizes=\"(max-width: 300px) 100vw, 300px\" \/><\/a><\/p>\n<p>&nbsp;<\/p>\n","protected":false},"excerpt":{"rendered":"<p>Haben Sie gute Vors\u00e4tze f\u00fcr mehr Sport im neuen Jahr gefasst? Dann sollten Sie gleich am Neujahrstag mit der Umsetzung starten und der Einladung von Olaf Wolff zum Wandern oder Nordic Walking in die Kyritz-Ruppiner Heide folgen!<\/p>\n","protected":false},"author":39,"featured_media":7726,"comment_status":"open","ping_status":"open","sticky":false,"template":"","format":"standard","meta":[],"categories":[11],"tags":[],"yoast_head":"<!-- This site is optimized with the Yoast SEO plugin v19.10 - https:\/\/yoast.com\/wordpress\/plugins\/seo\/ -->\n<title>Neujahr in die Kyritz-Ruppiner Heide - gef\u00fchrte Nordic Walking- und Wander-Tour - Naturpark Stechlin-Ruppiner Land<\/title>\n<meta name=\"robots\" content=\"index, follow, max-snippet:-1, max-image-preview:large, max-video-preview:-1\" \/>\n<link rel=\"canonical\" href=\"https:\/\/www.naturparkmagazin.de\/stechlin\/neujahrs-tour-gefuehrte-nordic-walking-und-wander-tour\/\" \/>\n<meta property=\"og:locale\" content=\"de_DE\" \/>\n<meta property=\"og:type\" content=\"article\" \/>\n<meta property=\"og:title\" content=\"Neujahr in die Kyritz-Ruppiner Heide - gef\u00fchrte Nordic Walking- und Wander-Tour - Naturpark Stechlin-Ruppiner Land\" \/>\n<meta property=\"og:description\" content=\"Haben Sie gute Vors\u00e4tze f\u00fcr mehr Sport im neuen Jahr gefasst? Dann sollten Sie gleich am Neujahrstag mit der Umsetzung starten und der Einladung von Olaf Wolff zum Wandern oder Nordic Walking in die Kyritz-Ruppiner Heide folgen!\" \/>\n<meta property=\"og:url\" content=\"https:\/\/www.naturparkmagazin.de\/stechlin\/neujahrs-tour-gefuehrte-nordic-walking-und-wander-tour\/\" \/>\n<meta property=\"og:site_name\" content=\"Naturpark Stechlin-Ruppiner Land\" \/>\n<meta property=\"article:published_time\" content=\"2018-12-12T07:38:15+00:00\" \/>\n<meta property=\"article:modified_time\" content=\"2018-12-13T13:28:18+00:00\" \/>\n<meta property=\"og:image\" content=\"https:\/\/www.naturparkmagazin.de\/stechlin\/wp-content\/uploads\/sites\/38\/IMG_3866_200x200.jpg\" \/>\n\t<meta property=\"og:image:width\" content=\"200\" \/>\n\t<meta property=\"og:image:height\" content=\"200\" \/>\n\t<meta property=\"og:image:type\" content=\"image\/jpeg\" \/>\n<meta name=\"author\" content=\"marioschrumpf\" \/>\n<meta name=\"twitter:label1\" content=\"Verfasst von\" \/>\n\t<meta name=\"twitter:data1\" content=\"marioschrumpf\" \/>\n\t<meta name=\"twitter:label2\" content=\"Gesch\u00e4tzte Lesezeit\" \/>\n\t<meta name=\"twitter:data2\" content=\"1\u00a0Minute\" \/>\n<script type=\"application\/ld+json\" class=\"yoast-schema-graph\">{\"@context\":\"https:\/\/schema.org\",\"@graph\":[{\"@type\":\"WebPage\",\"@id\":\"https:\/\/www.naturparkmagazin.de\/stechlin\/neujahrs-tour-gefuehrte-nordic-walking-und-wander-tour\/\",\"url\":\"https:\/\/www.naturparkmagazin.de\/stechlin\/neujahrs-tour-gefuehrte-nordic-walking-und-wander-tour\/\",\"name\":\"Neujahr in die Kyritz-Ruppiner Heide - gef\u00fchrte Nordic Walking- und Wander-Tour - Naturpark Stechlin-Ruppiner Land\",\"isPartOf\":{\"@id\":\"https:\/\/www.naturparkmagazin.de\/stechlin\/#website\"},\"datePublished\":\"2018-12-12T07:38:15+00:00\",\"dateModified\":\"2018-12-13T13:28:18+00:00\",\"author\":{\"@id\":\"https:\/\/www.naturparkmagazin.de\/stechlin\/#\/schema\/person\/3f0d93203df21c806dd63c76d9bb28bc\"},\"breadcrumb\":{\"@id\":\"https:\/\/www.naturparkmagazin.de\/stechlin\/neujahrs-tour-gefuehrte-nordic-walking-und-wander-tour\/#breadcrumb\"},\"inLanguage\":\"de\",\"potentialAction\":[{\"@type\":\"ReadAction\",\"target\":[\"https:\/\/www.naturparkmagazin.de\/stechlin\/neujahrs-tour-gefuehrte-nordic-walking-und-wander-tour\/\"]}]},{\"@type\":\"BreadcrumbList\",\"@id\":\"https:\/\/www.naturparkmagazin.de\/stechlin\/neujahrs-tour-gefuehrte-nordic-walking-und-wander-tour\/#breadcrumb\",\"itemListElement\":[{\"@type\":\"ListItem\",\"position\":1,\"name\":\"Home\",\"item\":\"https:\/\/www.naturparkmagazin.de\/stechlin\/\"},{\"@type\":\"ListItem\",\"position\":2,\"name\":\"Neujahr in die Kyritz-Ruppiner Heide &#8211; gef\u00fchrte Nordic Walking- und Wander-Tour\"}]},{\"@type\":\"WebSite\",\"@id\":\"https:\/\/www.naturparkmagazin.de\/stechlin\/#website\",\"url\":\"https:\/\/www.naturparkmagazin.de\/stechlin\/\",\"name\":\"Naturpark Stechlin-Ruppiner Land\",\"description\":\"\",\"potentialAction\":[{\"@type\":\"SearchAction\",\"target\":{\"@type\":\"EntryPoint\",\"urlTemplate\":\"https:\/\/www.naturparkmagazin.de\/stechlin\/?s={search_term_string}\"},\"query-input\":\"required name=search_term_string\"}],\"inLanguage\":\"de\"},{\"@type\":\"Person\",\"@id\":\"https:\/\/www.naturparkmagazin.de\/stechlin\/#\/schema\/person\/3f0d93203df21c806dd63c76d9bb28bc\",\"name\":\"marioschrumpf\",\"url\":\"https:\/\/www.naturparkmagazin.de\/stechlin\/author\/marioschrumpf\/\"}]}<\/script>\n<!-- \/ Yoast SEO plugin. -->","yoast_head_json":{"title":"Neujahr in die Kyritz-Ruppiner Heide - gef\u00fchrte Nordic Walking- und Wander-Tour - Naturpark Stechlin-Ruppiner Land","robots":{"index":"index","follow":"follow","max-snippet":"max-snippet:-1","max-image-preview":"max-image-preview:large","max-video-preview":"max-video-preview:-1"},"canonical":"https:\/\/www.naturparkmagazin.de\/stechlin\/neujahrs-tour-gefuehrte-nordic-walking-und-wander-tour\/","og_locale":"de_DE","og_type":"article","og_title":"Neujahr in die Kyritz-Ruppiner Heide - gef\u00fchrte Nordic Walking- und Wander-Tour - Naturpark Stechlin-Ruppiner Land","og_description":"Haben Sie gute Vors\u00e4tze f\u00fcr mehr Sport im neuen Jahr gefasst? Dann sollten Sie gleich am Neujahrstag mit der Umsetzung starten und der Einladung von Olaf Wolff zum Wandern oder Nordic Walking in die Kyritz-Ruppiner Heide folgen!","og_url":"https:\/\/www.naturparkmagazin.de\/stechlin\/neujahrs-tour-gefuehrte-nordic-walking-und-wander-tour\/","og_site_name":"Naturpark Stechlin-Ruppiner Land","article_published_time":"2018-12-12T07:38:15+00:00","article_modified_time":"2018-12-13T13:28:18+00:00","og_image":[{"width":200,"height":200,"url":"https:\/\/www.naturparkmagazin.de\/stechlin\/wp-content\/uploads\/sites\/38\/IMG_3866_200x200.jpg","type":"image\/jpeg"}],"author":"marioschrumpf","twitter_misc":{"Verfasst von":"marioschrumpf","Gesch\u00e4tzte Lesezeit":"1\u00a0Minute"},"schema":{"@context":"https:\/\/schema.org","@graph":[{"@type":"WebPage","@id":"https:\/\/www.naturparkmagazin.de\/stechlin\/neujahrs-tour-gefuehrte-nordic-walking-und-wander-tour\/","url":"https:\/\/www.naturparkmagazin.de\/stechlin\/neujahrs-tour-gefuehrte-nordic-walking-und-wander-tour\/","name":"Neujahr in die Kyritz-Ruppiner Heide - gef\u00fchrte Nordic Walking- und Wander-Tour - Naturpark Stechlin-Ruppiner Land","isPartOf":{"@id":"https:\/\/www.naturparkmagazin.de\/stechlin\/#website"},"datePublished":"2018-12-12T07:38:15+00:00","dateModified":"2018-12-13T13:28:18+00:00","author":{"@id":"https:\/\/www.naturparkmagazin.de\/stechlin\/#\/schema\/person\/3f0d93203df21c806dd63c76d9bb28bc"},"breadcrumb":{"@id":"https:\/\/www.naturparkmagazin.de\/stechlin\/neujahrs-tour-gefuehrte-nordic-walking-und-wander-tour\/#breadcrumb"},"inLanguage":"de","potentialAction":[{"@type":"ReadAction","target":["https:\/\/www.naturparkmagazin.de\/stechlin\/neujahrs-tour-gefuehrte-nordic-walking-und-wander-tour\/"]}]},{"@type":"BreadcrumbList","@id":"https:\/\/www.naturparkmagazin.de\/stechlin\/neujahrs-tour-gefuehrte-nordic-walking-und-wander-tour\/#breadcrumb","itemListElement":[{"@type":"ListItem","position":1,"name":"Home","item":"https:\/\/www.naturparkmagazin.de\/stechlin\/"},{"@type":"ListItem","position":2,"name":"Neujahr in die Kyritz-Ruppiner Heide &#8211; gef\u00fchrte Nordic Walking- und Wander-Tour"}]},{"@type":"WebSite","@id":"https:\/\/www.naturparkmagazin.de\/stechlin\/#website","url":"https:\/\/www.naturparkmagazin.de\/stechlin\/","name":"Naturpark Stechlin-Ruppiner Land","description":"","potentialAction":[{"@type":"SearchAction","target":{"@type":"EntryPoint","urlTemplate":"https:\/\/www.naturparkmagazin.de\/stechlin\/?s={search_term_string}"},"query-input":"required name=search_term_string"}],"inLanguage":"de"},{"@type":"Person","@id":"https:\/\/www.naturparkmagazin.de\/stechlin\/#\/schema\/person\/3f0d93203df21c806dd63c76d9bb28bc","name":"marioschrumpf","url":"https:\/\/www.naturparkmagazin.de\/stechlin\/author\/marioschrumpf\/"}]}},"_links":{"self":[{"href":"https:\/\/www.naturparkmagazin.de\/stechlin\/wp-json\/wp\/v2\/posts\/7725"}],"collection":[{"href":"https:\/\/www.naturparkmagazin.de\/stechlin\/wp-json\/wp\/v2\/posts"}],"about":[{"href":"https:\/\/www.naturparkmagazin.de\/stechlin\/wp-json\/wp\/v2\/types\/post"}],"author":[{"embeddable":true,"href":"https:\/\/www.naturparkmagazin.de\/stechlin\/wp-json\/wp\/v2\/users\/39"}],"replies":[{"embeddable":true,"href":"https:\/\/www.naturparkmagazin.de\/stechlin\/wp-json\/wp\/v2\/comments?post=7725"}],"version-history":[{"count":5,"href":"https:\/\/www.naturparkmagazin.de\/stechlin\/wp-json\/wp\/v2\/posts\/7725\/revisions"}],"predecessor-version":[{"id":7816,"href":"https:\/\/www.naturparkmagazin.de\/stechlin\/wp-json\/wp\/v2\/posts\/7725\/revisions\/7816"}],"wp:featuredmedia":[{"embeddable":true,"href":"https:\/\/www.naturparkmagazin.de\/stechlin\/wp-json\/wp\/v2\/media\/7726"}],"wp:attachment":[{"href":"https:\/\/www.naturparkmagazin.de\/stechlin\/wp-json\/wp\/v2\/media?parent=7725"}],"wp:term":[{"taxonomy":"category","embeddable":true,"href":"https:\/\/www.naturparkmagazin.de\/stechlin\/wp-json\/wp\/v2\/categories?post=7725"},{"taxonomy":"post_tag","embeddable":true,"href":"https:\/\/www.naturparkmagazin.de\/stechlin\/wp-json\/wp\/v2\/tags?post=7725"}],"curies":[{"name":"wp","href":"https:\/\/api.w.org\/{rel}","templated":true}]}}