{"id":7738,"date":"2018-12-12T07:36:00","date_gmt":"2018-12-12T06:36:00","guid":{"rendered":"https:\/\/www.naturparkmagazin.de\/stechlin\/?p=7738"},"modified":"2018-12-18T13:58:22","modified_gmt":"2018-12-18T12:58:22","slug":"zwei-tage-wandern-im-november-geht-das","status":"publish","type":"post","link":"https:\/\/www.naturparkmagazin.de\/stechlin\/zwei-tage-wandern-im-november-geht-das\/","title":{"rendered":"Zwei Tage wandern im November \u2013 geht das?"},"content":{"rendered":"<p><a href=\"https:\/\/www.naturparkmagazin.de\/stechlin\/wp-content\/uploads\/sites\/38\/Elke-Kopf-1.jpg\"><img decoding=\"async\" loading=\"lazy\" class=\"  wp-image-7739 aligncenter\" src=\"https:\/\/www.naturparkmagazin.de\/stechlin\/wp-content\/uploads\/sites\/38\/Elke-Kopf-1.jpg\" alt=\"NP SRL\/Elke Kopf\" width=\"288\" height=\"214\" srcset=\"https:\/\/www.naturparkmagazin.de\/stechlin\/wp-content\/uploads\/sites\/38\/Elke-Kopf-1.jpg 202w, https:\/\/www.naturparkmagazin.de\/stechlin\/wp-content\/uploads\/sites\/38\/Elke-Kopf-1-200x149.jpg 200w, https:\/\/www.naturparkmagazin.de\/stechlin\/wp-content\/uploads\/sites\/38\/Elke-Kopf-1-180x135.jpg 180w, https:\/\/www.naturparkmagazin.de\/stechlin\/wp-content\/uploads\/sites\/38\/Elke-Kopf-1-95x71.jpg 95w\" sizes=\"(max-width: 288px) 100vw, 288px\" \/><\/a><\/p>\n<p>Spontan meinten der eine oder andere: &#8222;<em>Im November zwei Tage wandern? Da ist doch viel zu olles Wetter und kalt und \u00fcberhaupt es ist doch bald Weihnachten, da ist man nicht in der Natur.<\/em>&#8220; Doch wir haben es erlebt und k\u00f6nnen sagen: &#8222;<em>Es hat sich wiedermal gelohnt!<\/em>&#8222;.<\/p>\n<p>Unstrittig &#8211; sch\u00f6nes Wetter w\u00e4re schon toll, doch zum Zeitpunkt der Planung nie vorhersehbar! Und wir hatten Gl\u00fcck! Es war goldener Herbst, meist sonnig! Am Morgen sch\u00fctzten uns d\u00fcnne Handschuhe und auch eine Kopfbedeckung. Die k\u00fchle Witterung haben wir regelrecht genossen. Sie bewahrte uns vor gro\u00dfem Schwitzen. Insgesamt haben wir am Sonnabend ca. 24 km und am Sonntag 29 km zur\u00fcckgelegt. Start und Ziel war die Stendenitz-Br\u00fccke.<\/p>\n<p>Der Streckenverlauf war am ersten Tag analog der Fr\u00fchjahrswanderung. Im D\u00f6rfchen Stendenitz beginnend, umrundeten wir den Kellensee, bestaunten dort die Spuren des Bibers, genossen kurz im Waldmoorkino die atemberaubende Ruhe und wanderten dann zum Schafdammgraben. Dort war durch den regenarmen Sommer erschreckend kaum noch Wasser zu sehen. Wieder kamen uns die drei alten verlassenen Siedlungen Nabelsdorf, Ziegelsdorf und Eggersdorf wie verwunschene, mystisch anmutende vergessene Orte vor. Im Vergleich zum Fr\u00fchjahr liefen uns keine Frischlinge neugierig hinterher und das Laub war nicht frisch gr\u00fcn, sondern die unz\u00e4hligen Buchenbl\u00e4tter lagen rotgoldig auf unseren Wegen oder strahlten noch farbenreich an den B\u00e4umen. Und weiter durch die Leichtigkeit mit der das seichte bergige Quellgebiet\u00a0 den kleinen Flusslauf der Kunster ums\u00e4umte und alles so herrlich von der Sonne durchflutet wurde, bekamen wir ein zauberhaftes Naturerleben geschenkt!<\/p>\n<p><a href=\"https:\/\/www.naturparkmagazin.de\/stechlin\/wp-content\/uploads\/sites\/38\/Elke-Kopf-3.jpg\"><img decoding=\"async\" loading=\"lazy\" class=\" size-thumbnail wp-image-7741 aligncenter\" src=\"https:\/\/www.naturparkmagazin.de\/stechlin\/wp-content\/uploads\/sites\/38\/Elke-Kopf-3-300x231.jpg\" alt=\"NP SRL\/Elke Kopf\" width=\"300\" height=\"231\" srcset=\"https:\/\/www.naturparkmagazin.de\/stechlin\/wp-content\/uploads\/sites\/38\/Elke-Kopf-3-300x231.jpg 300w, https:\/\/www.naturparkmagazin.de\/stechlin\/wp-content\/uploads\/sites\/38\/Elke-Kopf-3-200x154.jpg 200w, https:\/\/www.naturparkmagazin.de\/stechlin\/wp-content\/uploads\/sites\/38\/Elke-Kopf-3.jpg 459w\" sizes=\"(max-width: 300px) 100vw, 300px\" \/><\/a><\/p>\n<p>Am zweiten Tag ging es auf direktem Weg von Frankendorf nach Pfalzheim, durch die Kyritz-Ruppiner Heide nach Neu-Glienecke, direkt zum Kalksee nach Binenwalde, dann entlang der Ostseite des Tornowsee&#8217;s, das Rottstielfliess \u00fcberquerend, vorbei an der Waldschenke\u00a0 bis zur Stendenitzbr\u00fccke, wo sich der Wanderkreis schloss.<\/p>\n<p>Angenehme Bewirtung mit \u00dcbernachtung konnten wir im Ferienhof Kopf in Frankendorf genie\u00dfen. Zur Mittagspause am Sonntag wurden wir gut versorgt im\u00a0 Hackerschen Biergarten in Binenwalde. Zu unserem Gl\u00fcck in der guten warmen Stube, denn auf den letzten Kilometer nieselte es still durch den Wald.<\/p>\n<p>Zum Abschluss erwarteten uns in der geheizten Sommerh\u00fctte die nicht mit gewanderten Freunde mit etwas Warmen und einem guten St\u00fcck vom vorweihnachtlichen Stollen. Beseelt von dem sch\u00f6nen Wander-Natur-Erlebnis im November lie\u00dfen wir den Sonntag ausklingen.<\/p>\n<p>Im neuen Jahr freue ich mich wieder auf sch\u00f6ne Wandertouren und m\u00f6chte mein weiteres Hobby, das Malen, kombinieren. Unter dem Stichwort \u201eFontanemalen\u201c lade ich Freizeitmaler zum Malen in der freien Natur ein. Schauen Sie mal in den Naturparkkalender oder auch auf <a href=\"http:\/\/www.wandern-mit-elke.de\">www.wandern-mit-elke.de<\/a>.<\/p>\n<p>Natur- und Landschaftsf\u00fchrerin Elke Kopf<\/p>\n<p><a href=\"https:\/\/www.naturparkmagazin.de\/stechlin\/wp-content\/uploads\/sites\/38\/Elke-Kopf-2.jpg\"><img decoding=\"async\" loading=\"lazy\" class=\" size-thumbnail wp-image-7740 aligncenter\" src=\"https:\/\/www.naturparkmagazin.de\/stechlin\/wp-content\/uploads\/sites\/38\/Elke-Kopf-2-300x224.jpg\" alt=\"NP SRL\/Elke Kopf\" width=\"300\" height=\"224\" srcset=\"https:\/\/www.naturparkmagazin.de\/stechlin\/wp-content\/uploads\/sites\/38\/Elke-Kopf-2-300x224.jpg 300w, https:\/\/www.naturparkmagazin.de\/stechlin\/wp-content\/uploads\/sites\/38\/Elke-Kopf-2-420x315.jpg 420w, https:\/\/www.naturparkmagazin.de\/stechlin\/wp-content\/uploads\/sites\/38\/Elke-Kopf-2-180x135.jpg 180w, https:\/\/www.naturparkmagazin.de\/stechlin\/wp-content\/uploads\/sites\/38\/Elke-Kopf-2-95x71.jpg 95w, https:\/\/www.naturparkmagazin.de\/stechlin\/wp-content\/uploads\/sites\/38\/Elke-Kopf-2-200x149.jpg 200w, https:\/\/www.naturparkmagazin.de\/stechlin\/wp-content\/uploads\/sites\/38\/Elke-Kopf-2.jpg 463w\" sizes=\"(max-width: 300px) 100vw, 300px\" \/><\/a><\/p>\n","protected":false},"excerpt":{"rendered":"<p>Spontan meinten der eine oder andere: &#8222;Im November zwei Tage wandern? Da ist doch viel zu olles Wetter und kalt und \u00fcberhaupt es ist doch bald Weihnachten.&#8220; <\/p>\n","protected":false},"author":39,"featured_media":7742,"comment_status":"open","ping_status":"open","sticky":false,"template":"","format":"standard","meta":[],"categories":[7],"tags":[],"yoast_head":"<!-- This site is optimized with the Yoast SEO plugin v19.10 - https:\/\/yoast.com\/wordpress\/plugins\/seo\/ -->\n<title>Zwei Tage wandern im November \u2013 geht das? - Naturpark Stechlin-Ruppiner Land<\/title>\n<meta name=\"robots\" content=\"index, follow, max-snippet:-1, max-image-preview:large, max-video-preview:-1\" \/>\n<link rel=\"canonical\" href=\"https:\/\/www.naturparkmagazin.de\/stechlin\/zwei-tage-wandern-im-november-geht-das\/\" \/>\n<meta property=\"og:locale\" content=\"de_DE\" \/>\n<meta property=\"og:type\" content=\"article\" \/>\n<meta property=\"og:title\" content=\"Zwei Tage wandern im November \u2013 geht das? - Naturpark Stechlin-Ruppiner Land\" \/>\n<meta property=\"og:description\" content=\"Spontan meinten der eine oder andere: &quot;Im November zwei Tage wandern? Da ist doch viel zu olles Wetter und kalt und \u00fcberhaupt es ist doch bald Weihnachten.&quot;\" \/>\n<meta property=\"og:url\" content=\"https:\/\/www.naturparkmagazin.de\/stechlin\/zwei-tage-wandern-im-november-geht-das\/\" \/>\n<meta property=\"og:site_name\" content=\"Naturpark Stechlin-Ruppiner Land\" \/>\n<meta property=\"article:published_time\" content=\"2018-12-12T06:36:00+00:00\" \/>\n<meta property=\"article:modified_time\" content=\"2018-12-18T12:58:22+00:00\" \/>\n<meta property=\"og:image\" content=\"https:\/\/www.naturparkmagazin.de\/stechlin\/wp-content\/uploads\/sites\/38\/Elke-Kopf-4200x200.jpg\" \/>\n\t<meta property=\"og:image:width\" content=\"200\" \/>\n\t<meta property=\"og:image:height\" content=\"200\" \/>\n\t<meta property=\"og:image:type\" content=\"image\/jpeg\" \/>\n<meta name=\"author\" content=\"marioschrumpf\" \/>\n<meta name=\"twitter:label1\" content=\"Verfasst von\" \/>\n\t<meta name=\"twitter:data1\" content=\"marioschrumpf\" \/>\n\t<meta name=\"twitter:label2\" content=\"Gesch\u00e4tzte Lesezeit\" \/>\n\t<meta name=\"twitter:data2\" content=\"2\u00a0Minuten\" \/>\n<script type=\"application\/ld+json\" class=\"yoast-schema-graph\">{\"@context\":\"https:\/\/schema.org\",\"@graph\":[{\"@type\":\"WebPage\",\"@id\":\"https:\/\/www.naturparkmagazin.de\/stechlin\/zwei-tage-wandern-im-november-geht-das\/\",\"url\":\"https:\/\/www.naturparkmagazin.de\/stechlin\/zwei-tage-wandern-im-november-geht-das\/\",\"name\":\"Zwei Tage wandern im November \u2013 geht das? - Naturpark Stechlin-Ruppiner Land\",\"isPartOf\":{\"@id\":\"https:\/\/www.naturparkmagazin.de\/stechlin\/#website\"},\"datePublished\":\"2018-12-12T06:36:00+00:00\",\"dateModified\":\"2018-12-18T12:58:22+00:00\",\"author\":{\"@id\":\"https:\/\/www.naturparkmagazin.de\/stechlin\/#\/schema\/person\/3f0d93203df21c806dd63c76d9bb28bc\"},\"breadcrumb\":{\"@id\":\"https:\/\/www.naturparkmagazin.de\/stechlin\/zwei-tage-wandern-im-november-geht-das\/#breadcrumb\"},\"inLanguage\":\"de\",\"potentialAction\":[{\"@type\":\"ReadAction\",\"target\":[\"https:\/\/www.naturparkmagazin.de\/stechlin\/zwei-tage-wandern-im-november-geht-das\/\"]}]},{\"@type\":\"BreadcrumbList\",\"@id\":\"https:\/\/www.naturparkmagazin.de\/stechlin\/zwei-tage-wandern-im-november-geht-das\/#breadcrumb\",\"itemListElement\":[{\"@type\":\"ListItem\",\"position\":1,\"name\":\"Home\",\"item\":\"https:\/\/www.naturparkmagazin.de\/stechlin\/\"},{\"@type\":\"ListItem\",\"position\":2,\"name\":\"Zwei Tage wandern im November \u2013 geht das?\"}]},{\"@type\":\"WebSite\",\"@id\":\"https:\/\/www.naturparkmagazin.de\/stechlin\/#website\",\"url\":\"https:\/\/www.naturparkmagazin.de\/stechlin\/\",\"name\":\"Naturpark Stechlin-Ruppiner Land\",\"description\":\"\",\"potentialAction\":[{\"@type\":\"SearchAction\",\"target\":{\"@type\":\"EntryPoint\",\"urlTemplate\":\"https:\/\/www.naturparkmagazin.de\/stechlin\/?s={search_term_string}\"},\"query-input\":\"required name=search_term_string\"}],\"inLanguage\":\"de\"},{\"@type\":\"Person\",\"@id\":\"https:\/\/www.naturparkmagazin.de\/stechlin\/#\/schema\/person\/3f0d93203df21c806dd63c76d9bb28bc\",\"name\":\"marioschrumpf\",\"url\":\"https:\/\/www.naturparkmagazin.de\/stechlin\/author\/marioschrumpf\/\"}]}<\/script>\n<!-- \/ Yoast SEO plugin. -->","yoast_head_json":{"title":"Zwei Tage wandern im November \u2013 geht das? - Naturpark Stechlin-Ruppiner Land","robots":{"index":"index","follow":"follow","max-snippet":"max-snippet:-1","max-image-preview":"max-image-preview:large","max-video-preview":"max-video-preview:-1"},"canonical":"https:\/\/www.naturparkmagazin.de\/stechlin\/zwei-tage-wandern-im-november-geht-das\/","og_locale":"de_DE","og_type":"article","og_title":"Zwei Tage wandern im November \u2013 geht das? - Naturpark Stechlin-Ruppiner Land","og_description":"Spontan meinten der eine oder andere: \"Im November zwei Tage wandern? Da ist doch viel zu olles Wetter und kalt und \u00fcberhaupt es ist doch bald Weihnachten.\"","og_url":"https:\/\/www.naturparkmagazin.de\/stechlin\/zwei-tage-wandern-im-november-geht-das\/","og_site_name":"Naturpark Stechlin-Ruppiner Land","article_published_time":"2018-12-12T06:36:00+00:00","article_modified_time":"2018-12-18T12:58:22+00:00","og_image":[{"width":200,"height":200,"url":"https:\/\/www.naturparkmagazin.de\/stechlin\/wp-content\/uploads\/sites\/38\/Elke-Kopf-4200x200.jpg","type":"image\/jpeg"}],"author":"marioschrumpf","twitter_misc":{"Verfasst von":"marioschrumpf","Gesch\u00e4tzte Lesezeit":"2\u00a0Minuten"},"schema":{"@context":"https:\/\/schema.org","@graph":[{"@type":"WebPage","@id":"https:\/\/www.naturparkmagazin.de\/stechlin\/zwei-tage-wandern-im-november-geht-das\/","url":"https:\/\/www.naturparkmagazin.de\/stechlin\/zwei-tage-wandern-im-november-geht-das\/","name":"Zwei Tage wandern im November \u2013 geht das? - Naturpark Stechlin-Ruppiner Land","isPartOf":{"@id":"https:\/\/www.naturparkmagazin.de\/stechlin\/#website"},"datePublished":"2018-12-12T06:36:00+00:00","dateModified":"2018-12-18T12:58:22+00:00","author":{"@id":"https:\/\/www.naturparkmagazin.de\/stechlin\/#\/schema\/person\/3f0d93203df21c806dd63c76d9bb28bc"},"breadcrumb":{"@id":"https:\/\/www.naturparkmagazin.de\/stechlin\/zwei-tage-wandern-im-november-geht-das\/#breadcrumb"},"inLanguage":"de","potentialAction":[{"@type":"ReadAction","target":["https:\/\/www.naturparkmagazin.de\/stechlin\/zwei-tage-wandern-im-november-geht-das\/"]}]},{"@type":"BreadcrumbList","@id":"https:\/\/www.naturparkmagazin.de\/stechlin\/zwei-tage-wandern-im-november-geht-das\/#breadcrumb","itemListElement":[{"@type":"ListItem","position":1,"name":"Home","item":"https:\/\/www.naturparkmagazin.de\/stechlin\/"},{"@type":"ListItem","position":2,"name":"Zwei Tage wandern im November \u2013 geht das?"}]},{"@type":"WebSite","@id":"https:\/\/www.naturparkmagazin.de\/stechlin\/#website","url":"https:\/\/www.naturparkmagazin.de\/stechlin\/","name":"Naturpark Stechlin-Ruppiner Land","description":"","potentialAction":[{"@type":"SearchAction","target":{"@type":"EntryPoint","urlTemplate":"https:\/\/www.naturparkmagazin.de\/stechlin\/?s={search_term_string}"},"query-input":"required name=search_term_string"}],"inLanguage":"de"},{"@type":"Person","@id":"https:\/\/www.naturparkmagazin.de\/stechlin\/#\/schema\/person\/3f0d93203df21c806dd63c76d9bb28bc","name":"marioschrumpf","url":"https:\/\/www.naturparkmagazin.de\/stechlin\/author\/marioschrumpf\/"}]}},"_links":{"self":[{"href":"https:\/\/www.naturparkmagazin.de\/stechlin\/wp-json\/wp\/v2\/posts\/7738"}],"collection":[{"href":"https:\/\/www.naturparkmagazin.de\/stechlin\/wp-json\/wp\/v2\/posts"}],"about":[{"href":"https:\/\/www.naturparkmagazin.de\/stechlin\/wp-json\/wp\/v2\/types\/post"}],"author":[{"embeddable":true,"href":"https:\/\/www.naturparkmagazin.de\/stechlin\/wp-json\/wp\/v2\/users\/39"}],"replies":[{"embeddable":true,"href":"https:\/\/www.naturparkmagazin.de\/stechlin\/wp-json\/wp\/v2\/comments?post=7738"}],"version-history":[{"count":5,"href":"https:\/\/www.naturparkmagazin.de\/stechlin\/wp-json\/wp\/v2\/posts\/7738\/revisions"}],"predecessor-version":[{"id":7757,"href":"https:\/\/www.naturparkmagazin.de\/stechlin\/wp-json\/wp\/v2\/posts\/7738\/revisions\/7757"}],"wp:featuredmedia":[{"embeddable":true,"href":"https:\/\/www.naturparkmagazin.de\/stechlin\/wp-json\/wp\/v2\/media\/7742"}],"wp:attachment":[{"href":"https:\/\/www.naturparkmagazin.de\/stechlin\/wp-json\/wp\/v2\/media?parent=7738"}],"wp:term":[{"taxonomy":"category","embeddable":true,"href":"https:\/\/www.naturparkmagazin.de\/stechlin\/wp-json\/wp\/v2\/categories?post=7738"},{"taxonomy":"post_tag","embeddable":true,"href":"https:\/\/www.naturparkmagazin.de\/stechlin\/wp-json\/wp\/v2\/tags?post=7738"}],"curies":[{"name":"wp","href":"https:\/\/api.w.org\/{rel}","templated":true}]}}