{"id":7755,"date":"2018-12-12T11:59:50","date_gmt":"2018-12-12T10:59:50","guid":{"rendered":"https:\/\/www.naturparkmagazin.de\/stechlin\/?p=7755"},"modified":"2018-12-13T13:08:17","modified_gmt":"2018-12-13T12:08:17","slug":"ranger-ruediger-meyer","status":"publish","type":"post","link":"https:\/\/www.naturparkmagazin.de\/stechlin\/ranger-ruediger-meyer\/","title":{"rendered":"Ranger R\u00fcdiger Meyer geht in Rente"},"content":{"rendered":"<div id=\"attachment_7780\" style=\"width: 310px\" class=\"wp-caption aligncenter\"><a href=\"https:\/\/www.naturparkmagazin.de\/stechlin\/wp-content\/uploads\/sites\/38\/R\u00fcdiger_55.jpg\"><img aria-describedby=\"caption-attachment-7780\" decoding=\"async\" loading=\"lazy\" class=\"size-thumbnail wp-image-7780\" src=\"https:\/\/www.naturparkmagazin.de\/stechlin\/wp-content\/uploads\/sites\/38\/R\u00fcdiger_55-300x180.jpg\" alt=\"R\u00fcdiger Meyer auf Exkursion mit &quot;seinen&quot; Freiwilligen auf dem Kunstwanderwg am Dagowsee.\" width=\"300\" height=\"180\" srcset=\"https:\/\/www.naturparkmagazin.de\/stechlin\/wp-content\/uploads\/sites\/38\/R\u00fcdiger_55-300x180.jpg 300w, https:\/\/www.naturparkmagazin.de\/stechlin\/wp-content\/uploads\/sites\/38\/R\u00fcdiger_55.jpg 500w, https:\/\/www.naturparkmagazin.de\/stechlin\/wp-content\/uploads\/sites\/38\/R\u00fcdiger_55-200x120.jpg 200w\" sizes=\"(max-width: 300px) 100vw, 300px\" \/><\/a><p id=\"caption-attachment-7780\" class=\"wp-caption-text\">R\u00fcdiger Meyer auf Exkursion mit &#8222;seinen&#8220; Freiwilligen auf dem Kunstwanderweg am Dagowsee<\/p><\/div>\n<p>Nach 22 Dienstjahren bei der Naturwacht Stechlin-Ruppiner Land geht R\u00fcdiger Meyer zum Beginn des neuen Jahres in Rente. Am 31.12.2018 war seine letzter Arbeitstag.<\/p>\n<p>1996 begann der gelernte Agrar-Ingenieur seinen Dienst bei der Naturwacht. Der aus einer F\u00f6rster-Familie in Joachimsthal in der Schorfheide stammende Ranger arbeitete im Revier Zippelsf\u00f6rde (sp\u00e4ter Banzendorf) 20 Jahre an der Seite von Rangerin Karen Steinberg.<\/p>\n<p>Der als Ostersonntagskind 1953 in Eberswalde geborene Meyer ist \u00fcberzeugt davon, dass die <strong>Dienstjahre bei der Naturwacht<\/strong> die <strong>sch\u00f6nsten Jahre seines Berufslebens<\/strong> waren. Als Koordinator der Freiwilligen der Naturwacht im Naturpark hat er markante Spuren hinterlassen. Die \u00fcber Jahre eng mit ihm verbundenen freiwilligen Mitstreiter haben sich zur Dankesch\u00f6n-Veranstaltung Anfang Dezember gemeinsam mit den Mitarbeitern der Naturparkverwaltung von ihm geb\u00fchrend verabschiedet.<\/p>\n<p>Doch so schnell werden sie ihn nicht aus den Augen verlieren. <strong>Am 4. Mai<\/strong> wird R\u00fcdiger Meyer gemeinsam mit seinen ehemaligen KollegInnen in Banzendorf einen <strong>Lehrgang zum Bau eines &#8222;Schweden-St\u00e4ngels&#8220;<\/strong> &#8211; eines naturnahen Zaunes aus Fichtenstangen organisieren.<\/p>\n<p>Seine Liebe f\u00fcr das skandinavische Land wird sicher seinen neuen Lebensabschnitt entscheidend pr\u00e4gen!<\/p>\n<p>Wir sagen gemeinsam herzlichen Dank f\u00fcr die langj\u00e4hrige, engagierte Arbeit f\u00fcr den Naturpark Stechlin-Ruppiner Land!<\/p>\n<p>&nbsp;<\/p>\n<div id=\"attachment_7781\" style=\"width: 310px\" class=\"wp-caption aligncenter\"><a href=\"https:\/\/www.naturparkmagazin.de\/stechlin\/wp-content\/uploads\/sites\/38\/R\u00fcdiger_63.jpg\"><img aria-describedby=\"caption-attachment-7781\" decoding=\"async\" loading=\"lazy\" class=\"size-thumbnail wp-image-7781\" src=\"https:\/\/www.naturparkmagazin.de\/stechlin\/wp-content\/uploads\/sites\/38\/R\u00fcdiger_63-300x180.jpg\" alt=\"Naturparkleiter Mario Schrumpf verabschiedet R\u00fcdiger Meyer in den Ruhestand.\" width=\"300\" height=\"180\" srcset=\"https:\/\/www.naturparkmagazin.de\/stechlin\/wp-content\/uploads\/sites\/38\/R\u00fcdiger_63-300x180.jpg 300w, https:\/\/www.naturparkmagazin.de\/stechlin\/wp-content\/uploads\/sites\/38\/R\u00fcdiger_63.jpg 500w, https:\/\/www.naturparkmagazin.de\/stechlin\/wp-content\/uploads\/sites\/38\/R\u00fcdiger_63-200x120.jpg 200w\" sizes=\"(max-width: 300px) 100vw, 300px\" \/><\/a><p id=\"caption-attachment-7781\" class=\"wp-caption-text\">Naturparkleiter Mario Schrumpf verabschiedet R\u00fcdiger Meyer in den Ruhestand.<\/p><\/div>\n<p>Das Team der Naturparkverwaltung<\/p>\n<p>&nbsp;<\/p>\n<p>&nbsp;<\/p>\n","protected":false},"excerpt":{"rendered":"<p>Nach 22 Dienstjahren bei der Naturwacht Stechlin-Ruppiner Land geht R\u00fcdiger Meyer zum Beginn des neuen Jahres in Rente.<\/p>\n","protected":false},"author":39,"featured_media":7779,"comment_status":"open","ping_status":"open","sticky":false,"template":"","format":"standard","meta":[],"categories":[8],"tags":[],"yoast_head":"<!-- This site is optimized with the Yoast SEO plugin v19.10 - https:\/\/yoast.com\/wordpress\/plugins\/seo\/ -->\n<title>Ranger R\u00fcdiger Meyer geht in Rente - Naturpark Stechlin-Ruppiner Land<\/title>\n<meta name=\"robots\" content=\"index, follow, max-snippet:-1, max-image-preview:large, max-video-preview:-1\" \/>\n<link rel=\"canonical\" href=\"https:\/\/www.naturparkmagazin.de\/stechlin\/ranger-ruediger-meyer\/\" \/>\n<meta property=\"og:locale\" content=\"de_DE\" \/>\n<meta property=\"og:type\" content=\"article\" \/>\n<meta property=\"og:title\" content=\"Ranger R\u00fcdiger Meyer geht in Rente - Naturpark Stechlin-Ruppiner Land\" \/>\n<meta property=\"og:description\" content=\"Nach 22 Dienstjahren bei der Naturwacht Stechlin-Ruppiner Land geht R\u00fcdiger Meyer zum Beginn des neuen Jahres in Rente.\" \/>\n<meta property=\"og:url\" content=\"https:\/\/www.naturparkmagazin.de\/stechlin\/ranger-ruediger-meyer\/\" \/>\n<meta property=\"og:site_name\" content=\"Naturpark Stechlin-Ruppiner Land\" \/>\n<meta property=\"article:published_time\" content=\"2018-12-12T10:59:50+00:00\" \/>\n<meta property=\"article:modified_time\" content=\"2018-12-13T12:08:17+00:00\" \/>\n<meta property=\"og:image\" content=\"https:\/\/www.naturparkmagazin.de\/stechlin\/wp-content\/uploads\/sites\/38\/R\u00fcdiger-Meyer_65.jpg\" \/>\n\t<meta property=\"og:image:width\" content=\"200\" \/>\n\t<meta property=\"og:image:height\" content=\"200\" \/>\n\t<meta property=\"og:image:type\" content=\"image\/jpeg\" \/>\n<meta name=\"author\" content=\"marioschrumpf\" \/>\n<meta name=\"twitter:label1\" content=\"Verfasst von\" \/>\n\t<meta name=\"twitter:data1\" content=\"marioschrumpf\" \/>\n\t<meta name=\"twitter:label2\" content=\"Gesch\u00e4tzte Lesezeit\" \/>\n\t<meta name=\"twitter:data2\" content=\"1\u00a0Minute\" \/>\n<script type=\"application\/ld+json\" class=\"yoast-schema-graph\">{\"@context\":\"https:\/\/schema.org\",\"@graph\":[{\"@type\":\"WebPage\",\"@id\":\"https:\/\/www.naturparkmagazin.de\/stechlin\/ranger-ruediger-meyer\/\",\"url\":\"https:\/\/www.naturparkmagazin.de\/stechlin\/ranger-ruediger-meyer\/\",\"name\":\"Ranger R\u00fcdiger Meyer geht in Rente - Naturpark Stechlin-Ruppiner Land\",\"isPartOf\":{\"@id\":\"https:\/\/www.naturparkmagazin.de\/stechlin\/#website\"},\"datePublished\":\"2018-12-12T10:59:50+00:00\",\"dateModified\":\"2018-12-13T12:08:17+00:00\",\"author\":{\"@id\":\"https:\/\/www.naturparkmagazin.de\/stechlin\/#\/schema\/person\/3f0d93203df21c806dd63c76d9bb28bc\"},\"breadcrumb\":{\"@id\":\"https:\/\/www.naturparkmagazin.de\/stechlin\/ranger-ruediger-meyer\/#breadcrumb\"},\"inLanguage\":\"de\",\"potentialAction\":[{\"@type\":\"ReadAction\",\"target\":[\"https:\/\/www.naturparkmagazin.de\/stechlin\/ranger-ruediger-meyer\/\"]}]},{\"@type\":\"BreadcrumbList\",\"@id\":\"https:\/\/www.naturparkmagazin.de\/stechlin\/ranger-ruediger-meyer\/#breadcrumb\",\"itemListElement\":[{\"@type\":\"ListItem\",\"position\":1,\"name\":\"Home\",\"item\":\"https:\/\/www.naturparkmagazin.de\/stechlin\/\"},{\"@type\":\"ListItem\",\"position\":2,\"name\":\"Ranger R\u00fcdiger Meyer geht in Rente\"}]},{\"@type\":\"WebSite\",\"@id\":\"https:\/\/www.naturparkmagazin.de\/stechlin\/#website\",\"url\":\"https:\/\/www.naturparkmagazin.de\/stechlin\/\",\"name\":\"Naturpark Stechlin-Ruppiner Land\",\"description\":\"\",\"potentialAction\":[{\"@type\":\"SearchAction\",\"target\":{\"@type\":\"EntryPoint\",\"urlTemplate\":\"https:\/\/www.naturparkmagazin.de\/stechlin\/?s={search_term_string}\"},\"query-input\":\"required name=search_term_string\"}],\"inLanguage\":\"de\"},{\"@type\":\"Person\",\"@id\":\"https:\/\/www.naturparkmagazin.de\/stechlin\/#\/schema\/person\/3f0d93203df21c806dd63c76d9bb28bc\",\"name\":\"marioschrumpf\",\"url\":\"https:\/\/www.naturparkmagazin.de\/stechlin\/author\/marioschrumpf\/\"}]}<\/script>\n<!-- \/ Yoast SEO plugin. -->","yoast_head_json":{"title":"Ranger R\u00fcdiger Meyer geht in Rente - Naturpark Stechlin-Ruppiner Land","robots":{"index":"index","follow":"follow","max-snippet":"max-snippet:-1","max-image-preview":"max-image-preview:large","max-video-preview":"max-video-preview:-1"},"canonical":"https:\/\/www.naturparkmagazin.de\/stechlin\/ranger-ruediger-meyer\/","og_locale":"de_DE","og_type":"article","og_title":"Ranger R\u00fcdiger Meyer geht in Rente - Naturpark Stechlin-Ruppiner Land","og_description":"Nach 22 Dienstjahren bei der Naturwacht Stechlin-Ruppiner Land geht R\u00fcdiger Meyer zum Beginn des neuen Jahres in Rente.","og_url":"https:\/\/www.naturparkmagazin.de\/stechlin\/ranger-ruediger-meyer\/","og_site_name":"Naturpark Stechlin-Ruppiner Land","article_published_time":"2018-12-12T10:59:50+00:00","article_modified_time":"2018-12-13T12:08:17+00:00","og_image":[{"width":200,"height":200,"url":"https:\/\/www.naturparkmagazin.de\/stechlin\/wp-content\/uploads\/sites\/38\/R\u00fcdiger-Meyer_65.jpg","type":"image\/jpeg"}],"author":"marioschrumpf","twitter_misc":{"Verfasst von":"marioschrumpf","Gesch\u00e4tzte Lesezeit":"1\u00a0Minute"},"schema":{"@context":"https:\/\/schema.org","@graph":[{"@type":"WebPage","@id":"https:\/\/www.naturparkmagazin.de\/stechlin\/ranger-ruediger-meyer\/","url":"https:\/\/www.naturparkmagazin.de\/stechlin\/ranger-ruediger-meyer\/","name":"Ranger R\u00fcdiger Meyer geht in Rente - Naturpark Stechlin-Ruppiner Land","isPartOf":{"@id":"https:\/\/www.naturparkmagazin.de\/stechlin\/#website"},"datePublished":"2018-12-12T10:59:50+00:00","dateModified":"2018-12-13T12:08:17+00:00","author":{"@id":"https:\/\/www.naturparkmagazin.de\/stechlin\/#\/schema\/person\/3f0d93203df21c806dd63c76d9bb28bc"},"breadcrumb":{"@id":"https:\/\/www.naturparkmagazin.de\/stechlin\/ranger-ruediger-meyer\/#breadcrumb"},"inLanguage":"de","potentialAction":[{"@type":"ReadAction","target":["https:\/\/www.naturparkmagazin.de\/stechlin\/ranger-ruediger-meyer\/"]}]},{"@type":"BreadcrumbList","@id":"https:\/\/www.naturparkmagazin.de\/stechlin\/ranger-ruediger-meyer\/#breadcrumb","itemListElement":[{"@type":"ListItem","position":1,"name":"Home","item":"https:\/\/www.naturparkmagazin.de\/stechlin\/"},{"@type":"ListItem","position":2,"name":"Ranger R\u00fcdiger Meyer geht in Rente"}]},{"@type":"WebSite","@id":"https:\/\/www.naturparkmagazin.de\/stechlin\/#website","url":"https:\/\/www.naturparkmagazin.de\/stechlin\/","name":"Naturpark Stechlin-Ruppiner Land","description":"","potentialAction":[{"@type":"SearchAction","target":{"@type":"EntryPoint","urlTemplate":"https:\/\/www.naturparkmagazin.de\/stechlin\/?s={search_term_string}"},"query-input":"required name=search_term_string"}],"inLanguage":"de"},{"@type":"Person","@id":"https:\/\/www.naturparkmagazin.de\/stechlin\/#\/schema\/person\/3f0d93203df21c806dd63c76d9bb28bc","name":"marioschrumpf","url":"https:\/\/www.naturparkmagazin.de\/stechlin\/author\/marioschrumpf\/"}]}},"_links":{"self":[{"href":"https:\/\/www.naturparkmagazin.de\/stechlin\/wp-json\/wp\/v2\/posts\/7755"}],"collection":[{"href":"https:\/\/www.naturparkmagazin.de\/stechlin\/wp-json\/wp\/v2\/posts"}],"about":[{"href":"https:\/\/www.naturparkmagazin.de\/stechlin\/wp-json\/wp\/v2\/types\/post"}],"author":[{"embeddable":true,"href":"https:\/\/www.naturparkmagazin.de\/stechlin\/wp-json\/wp\/v2\/users\/39"}],"replies":[{"embeddable":true,"href":"https:\/\/www.naturparkmagazin.de\/stechlin\/wp-json\/wp\/v2\/comments?post=7755"}],"version-history":[{"count":5,"href":"https:\/\/www.naturparkmagazin.de\/stechlin\/wp-json\/wp\/v2\/posts\/7755\/revisions"}],"predecessor-version":[{"id":7782,"href":"https:\/\/www.naturparkmagazin.de\/stechlin\/wp-json\/wp\/v2\/posts\/7755\/revisions\/7782"}],"wp:featuredmedia":[{"embeddable":true,"href":"https:\/\/www.naturparkmagazin.de\/stechlin\/wp-json\/wp\/v2\/media\/7779"}],"wp:attachment":[{"href":"https:\/\/www.naturparkmagazin.de\/stechlin\/wp-json\/wp\/v2\/media?parent=7755"}],"wp:term":[{"taxonomy":"category","embeddable":true,"href":"https:\/\/www.naturparkmagazin.de\/stechlin\/wp-json\/wp\/v2\/categories?post=7755"},{"taxonomy":"post_tag","embeddable":true,"href":"https:\/\/www.naturparkmagazin.de\/stechlin\/wp-json\/wp\/v2\/tags?post=7755"}],"curies":[{"name":"wp","href":"https:\/\/api.w.org\/{rel}","templated":true}]}}