{"id":7761,"date":"2018-12-12T12:38:41","date_gmt":"2018-12-12T11:38:41","guid":{"rendered":"https:\/\/www.naturparkmagazin.de\/stechlin\/?p=7761"},"modified":"2018-12-13T13:04:52","modified_gmt":"2018-12-13T12:04:52","slug":"dankeschoen-veranstaltung-fuer-freiwillige-der-naturwacht-2","status":"publish","type":"post","link":"https:\/\/www.naturparkmagazin.de\/stechlin\/dankeschoen-veranstaltung-fuer-freiwillige-der-naturwacht-2\/","title":{"rendered":"Dankesch\u00f6n-Veranstaltung f\u00fcr Freiwillige der Naturwacht"},"content":{"rendered":"<div id=\"attachment_7773\" style=\"width: 310px\" class=\"wp-caption aligncenter\"><a href=\"https:\/\/www.naturparkmagazin.de\/stechlin\/wp-content\/uploads\/sites\/38\/Dankesch\u00f6n-2018_53.jpg\"><img aria-describedby=\"caption-attachment-7773\" decoding=\"async\" loading=\"lazy\" class=\"size-thumbnail wp-image-7773\" src=\"https:\/\/www.naturparkmagazin.de\/stechlin\/wp-content\/uploads\/sites\/38\/Dankesch\u00f6n-2018_53-300x180.jpg\" alt=\"Exkursion auf dem Skulpturenwanderweg.\" width=\"300\" height=\"180\" srcset=\"https:\/\/www.naturparkmagazin.de\/stechlin\/wp-content\/uploads\/sites\/38\/Dankesch\u00f6n-2018_53-300x180.jpg 300w, https:\/\/www.naturparkmagazin.de\/stechlin\/wp-content\/uploads\/sites\/38\/Dankesch\u00f6n-2018_53.jpg 500w, https:\/\/www.naturparkmagazin.de\/stechlin\/wp-content\/uploads\/sites\/38\/Dankesch\u00f6n-2018_53-200x120.jpg 200w\" sizes=\"(max-width: 300px) 100vw, 300px\" \/><\/a><p id=\"caption-attachment-7773\" class=\"wp-caption-text\">Exkursion auf dem Skulpturenwanderweg.<\/p><\/div>\n<p>Mir ist es ein Bed\u00fcrfnis einmal im Jahr den <strong>Freiwilligen der Naturwacht\u00a0 pers\u00f6nlich Danke zu sagen<\/strong> f\u00fcr ihr unentgeltliches, ehrenamtliches Engagement f\u00fcr unseren Naturpark!<\/p>\n<p>So ist es bereits zu einer guten Tradition geworden, dass hauptamtliche Ranger und Naturparkverwaltung in der Vorweihnachtszeit zu einer Dankesch\u00f6n-Veranstaltung einladen.<\/p>\n<div id=\"attachment_7774\" style=\"width: 310px\" class=\"wp-caption aligncenter\"><a href=\"https:\/\/www.naturparkmagazin.de\/stechlin\/wp-content\/uploads\/sites\/38\/Dankesch\u00f6n-2018_100.jpg\"><img aria-describedby=\"caption-attachment-7774\" decoding=\"async\" loading=\"lazy\" class=\"size-thumbnail wp-image-7774\" src=\"https:\/\/www.naturparkmagazin.de\/stechlin\/wp-content\/uploads\/sites\/38\/Dankesch\u00f6n-2018_100-300x180.jpg\" alt=\"Renate Fechner zeigt eine Leuchte der Hamburger Elbphilarmonie.\" width=\"300\" height=\"180\" srcset=\"https:\/\/www.naturparkmagazin.de\/stechlin\/wp-content\/uploads\/sites\/38\/Dankesch\u00f6n-2018_100-300x180.jpg 300w, https:\/\/www.naturparkmagazin.de\/stechlin\/wp-content\/uploads\/sites\/38\/Dankesch\u00f6n-2018_100.jpg 500w, https:\/\/www.naturparkmagazin.de\/stechlin\/wp-content\/uploads\/sites\/38\/Dankesch\u00f6n-2018_100-200x120.jpg 200w\" sizes=\"(max-width: 300px) 100vw, 300px\" \/><\/a><p id=\"caption-attachment-7774\" class=\"wp-caption-text\">Renate Fechner zeigt eine Leuchte der Hamburger Elbphilarmonie.<\/p><\/div>\n<p>In diesem Jahr trafen wir uns am ersten Dezember-Wochenende in Neuglobsow. Zuerst wurde der 2017 neu geschaffene, 4,5 km lange Kunstwanderweg um den Dagowsee per pedes erkundet. Im Anschluss verw\u00f6hnte uns Frank Rumpe im Cafe Glasklar im Stechlinsee-Center mit selbst gebackenem Kuchen. Herzlich wurde der Freiwilligen-Koordinator R\u00fcdiger Meyer in den (&#8222;Un&#8220;)- Ruhestand verabschiedet und R\u00fcckblick auf so manch gemeinsam Erlebtes gehalten.<\/p>\n<div id=\"attachment_7772\" style=\"width: 310px\" class=\"wp-caption aligncenter\"><a href=\"https:\/\/www.naturparkmagazin.de\/stechlin\/wp-content\/uploads\/sites\/38\/Dankesch\u00f6n-2018_104.jpg\"><img aria-describedby=\"caption-attachment-7772\" decoding=\"async\" loading=\"lazy\" class=\"size-thumbnail wp-image-7772\" src=\"https:\/\/www.naturparkmagazin.de\/stechlin\/wp-content\/uploads\/sites\/38\/Dankesch\u00f6n-2018_104-300x180.jpg\" alt=\"Vorweihnachtlich erleuchtetes Glasmacherhaus.\" width=\"300\" height=\"180\" srcset=\"https:\/\/www.naturparkmagazin.de\/stechlin\/wp-content\/uploads\/sites\/38\/Dankesch\u00f6n-2018_104-300x180.jpg 300w, https:\/\/www.naturparkmagazin.de\/stechlin\/wp-content\/uploads\/sites\/38\/Dankesch\u00f6n-2018_104.jpg 500w, https:\/\/www.naturparkmagazin.de\/stechlin\/wp-content\/uploads\/sites\/38\/Dankesch\u00f6n-2018_104-200x120.jpg 200w\" sizes=\"(max-width: 300px) 100vw, 300px\" \/><\/a><p id=\"caption-attachment-7772\" class=\"wp-caption-text\">Vorweihnachtlich erleuchtetes Glasmacherhaus.<\/p><\/div>\n<p>Danach erlebten alle eine spannende F\u00fchrung durch die Geschichte der Globsower Glash\u00fctte und des Dorfes Neuglobsow. Renate Fechner, zertifizierte Natur- und Landschaftsf\u00fchrerin unseres Naturparkes, fesselte die G\u00e4ste mit ihrer anschaulichen Darstellung. Im angeschlossenen Glasladen ging danach so manches au\u00dfergew\u00f6hnliche Weihnachtsgeschenk \u00fcber die Ladentheke.<\/p>\n<p>Mit einem gem\u00fctlichem Beisammensein und Abendessen in der Fischerei B\u00f6ttcher am Stechlinsee klang der Tag aus.<\/p>\n<p>&nbsp;<\/p>\n<div id=\"attachment_7775\" style=\"width: 310px\" class=\"wp-caption aligncenter\"><a href=\"https:\/\/www.naturparkmagazin.de\/stechlin\/wp-content\/uploads\/sites\/38\/Dankesch\u00f6n-2018_107.jpg\"><img aria-describedby=\"caption-attachment-7775\" decoding=\"async\" loading=\"lazy\" class=\"size-thumbnail wp-image-7775\" src=\"https:\/\/www.naturparkmagazin.de\/stechlin\/wp-content\/uploads\/sites\/38\/Dankesch\u00f6n-2018_107-300x180.jpg\" alt=\"Gem\u00fctliches Beisammensein in der Fischerei B\u00f6ttcher.\" width=\"300\" height=\"180\" srcset=\"https:\/\/www.naturparkmagazin.de\/stechlin\/wp-content\/uploads\/sites\/38\/Dankesch\u00f6n-2018_107-300x180.jpg 300w, https:\/\/www.naturparkmagazin.de\/stechlin\/wp-content\/uploads\/sites\/38\/Dankesch\u00f6n-2018_107.jpg 500w, https:\/\/www.naturparkmagazin.de\/stechlin\/wp-content\/uploads\/sites\/38\/Dankesch\u00f6n-2018_107-200x120.jpg 200w\" sizes=\"(max-width: 300px) 100vw, 300px\" \/><\/a><p id=\"caption-attachment-7775\" class=\"wp-caption-text\">Gem\u00fctliches Beisammensein in der Fischerei B\u00f6ttcher.<\/p><\/div>\n<p>Dr. Mario Schrumpf<\/p>\n<p>Naturparkleiter<\/p>\n<p>&nbsp;<\/p>\n<p>&nbsp;<\/p>\n","protected":false},"excerpt":{"rendered":"<p>Mir ist es ein Bed\u00fcrfnis einmal im Jahr den Freiwilligen der Naurwacht  pers\u00f6nlich Danke zu sagen f\u00fcr ihr unentgeltliches, ehrenamtliches Engagement f\u00fcr unseren Naturpark!<\/p>\n","protected":false},"author":39,"featured_media":7776,"comment_status":"open","ping_status":"open","sticky":false,"template":"","format":"standard","meta":[],"categories":[7],"tags":[],"yoast_head":"<!-- This site is optimized with the Yoast SEO plugin v19.10 - https:\/\/yoast.com\/wordpress\/plugins\/seo\/ -->\n<title>Dankesch\u00f6n-Veranstaltung f\u00fcr Freiwillige der Naturwacht - Naturpark Stechlin-Ruppiner Land<\/title>\n<meta name=\"robots\" content=\"index, follow, max-snippet:-1, max-image-preview:large, max-video-preview:-1\" \/>\n<link rel=\"canonical\" href=\"https:\/\/www.naturparkmagazin.de\/stechlin\/dankeschoen-veranstaltung-fuer-freiwillige-der-naturwacht-2\/\" \/>\n<meta property=\"og:locale\" content=\"de_DE\" \/>\n<meta property=\"og:type\" content=\"article\" \/>\n<meta property=\"og:title\" content=\"Dankesch\u00f6n-Veranstaltung f\u00fcr Freiwillige der Naturwacht - Naturpark Stechlin-Ruppiner Land\" \/>\n<meta property=\"og:description\" content=\"Mir ist es ein Bed\u00fcrfnis einmal im Jahr den Freiwilligen der Naurwacht pers\u00f6nlich Danke zu sagen f\u00fcr ihr unentgeltliches, ehrenamtliches Engagement f\u00fcr unseren Naturpark!\" \/>\n<meta property=\"og:url\" content=\"https:\/\/www.naturparkmagazin.de\/stechlin\/dankeschoen-veranstaltung-fuer-freiwillige-der-naturwacht-2\/\" \/>\n<meta property=\"og:site_name\" content=\"Naturpark Stechlin-Ruppiner Land\" \/>\n<meta property=\"article:published_time\" content=\"2018-12-12T11:38:41+00:00\" \/>\n<meta property=\"article:modified_time\" content=\"2018-12-13T12:04:52+00:00\" \/>\n<meta property=\"og:image\" content=\"https:\/\/www.naturparkmagazin.de\/stechlin\/wp-content\/uploads\/sites\/38\/Dankesch\u00f6n-2018_81.jpg\" \/>\n\t<meta property=\"og:image:width\" content=\"200\" \/>\n\t<meta property=\"og:image:height\" content=\"200\" \/>\n\t<meta property=\"og:image:type\" content=\"image\/jpeg\" \/>\n<meta name=\"author\" content=\"marioschrumpf\" \/>\n<meta name=\"twitter:label1\" content=\"Verfasst von\" \/>\n\t<meta name=\"twitter:data1\" content=\"marioschrumpf\" \/>\n\t<meta name=\"twitter:label2\" content=\"Gesch\u00e4tzte Lesezeit\" \/>\n\t<meta name=\"twitter:data2\" content=\"1\u00a0Minute\" \/>\n<script type=\"application\/ld+json\" class=\"yoast-schema-graph\">{\"@context\":\"https:\/\/schema.org\",\"@graph\":[{\"@type\":\"WebPage\",\"@id\":\"https:\/\/www.naturparkmagazin.de\/stechlin\/dankeschoen-veranstaltung-fuer-freiwillige-der-naturwacht-2\/\",\"url\":\"https:\/\/www.naturparkmagazin.de\/stechlin\/dankeschoen-veranstaltung-fuer-freiwillige-der-naturwacht-2\/\",\"name\":\"Dankesch\u00f6n-Veranstaltung f\u00fcr Freiwillige der Naturwacht - Naturpark Stechlin-Ruppiner Land\",\"isPartOf\":{\"@id\":\"https:\/\/www.naturparkmagazin.de\/stechlin\/#website\"},\"datePublished\":\"2018-12-12T11:38:41+00:00\",\"dateModified\":\"2018-12-13T12:04:52+00:00\",\"author\":{\"@id\":\"https:\/\/www.naturparkmagazin.de\/stechlin\/#\/schema\/person\/3f0d93203df21c806dd63c76d9bb28bc\"},\"breadcrumb\":{\"@id\":\"https:\/\/www.naturparkmagazin.de\/stechlin\/dankeschoen-veranstaltung-fuer-freiwillige-der-naturwacht-2\/#breadcrumb\"},\"inLanguage\":\"de\",\"potentialAction\":[{\"@type\":\"ReadAction\",\"target\":[\"https:\/\/www.naturparkmagazin.de\/stechlin\/dankeschoen-veranstaltung-fuer-freiwillige-der-naturwacht-2\/\"]}]},{\"@type\":\"BreadcrumbList\",\"@id\":\"https:\/\/www.naturparkmagazin.de\/stechlin\/dankeschoen-veranstaltung-fuer-freiwillige-der-naturwacht-2\/#breadcrumb\",\"itemListElement\":[{\"@type\":\"ListItem\",\"position\":1,\"name\":\"Home\",\"item\":\"https:\/\/www.naturparkmagazin.de\/stechlin\/\"},{\"@type\":\"ListItem\",\"position\":2,\"name\":\"Dankesch\u00f6n-Veranstaltung f\u00fcr Freiwillige der Naturwacht\"}]},{\"@type\":\"WebSite\",\"@id\":\"https:\/\/www.naturparkmagazin.de\/stechlin\/#website\",\"url\":\"https:\/\/www.naturparkmagazin.de\/stechlin\/\",\"name\":\"Naturpark Stechlin-Ruppiner Land\",\"description\":\"\",\"potentialAction\":[{\"@type\":\"SearchAction\",\"target\":{\"@type\":\"EntryPoint\",\"urlTemplate\":\"https:\/\/www.naturparkmagazin.de\/stechlin\/?s={search_term_string}\"},\"query-input\":\"required name=search_term_string\"}],\"inLanguage\":\"de\"},{\"@type\":\"Person\",\"@id\":\"https:\/\/www.naturparkmagazin.de\/stechlin\/#\/schema\/person\/3f0d93203df21c806dd63c76d9bb28bc\",\"name\":\"marioschrumpf\",\"url\":\"https:\/\/www.naturparkmagazin.de\/stechlin\/author\/marioschrumpf\/\"}]}<\/script>\n<!-- \/ Yoast SEO plugin. -->","yoast_head_json":{"title":"Dankesch\u00f6n-Veranstaltung f\u00fcr Freiwillige der Naturwacht - Naturpark Stechlin-Ruppiner Land","robots":{"index":"index","follow":"follow","max-snippet":"max-snippet:-1","max-image-preview":"max-image-preview:large","max-video-preview":"max-video-preview:-1"},"canonical":"https:\/\/www.naturparkmagazin.de\/stechlin\/dankeschoen-veranstaltung-fuer-freiwillige-der-naturwacht-2\/","og_locale":"de_DE","og_type":"article","og_title":"Dankesch\u00f6n-Veranstaltung f\u00fcr Freiwillige der Naturwacht - Naturpark Stechlin-Ruppiner Land","og_description":"Mir ist es ein Bed\u00fcrfnis einmal im Jahr den Freiwilligen der Naurwacht pers\u00f6nlich Danke zu sagen f\u00fcr ihr unentgeltliches, ehrenamtliches Engagement f\u00fcr unseren Naturpark!","og_url":"https:\/\/www.naturparkmagazin.de\/stechlin\/dankeschoen-veranstaltung-fuer-freiwillige-der-naturwacht-2\/","og_site_name":"Naturpark Stechlin-Ruppiner Land","article_published_time":"2018-12-12T11:38:41+00:00","article_modified_time":"2018-12-13T12:04:52+00:00","og_image":[{"width":200,"height":200,"url":"https:\/\/www.naturparkmagazin.de\/stechlin\/wp-content\/uploads\/sites\/38\/Dankesch\u00f6n-2018_81.jpg","type":"image\/jpeg"}],"author":"marioschrumpf","twitter_misc":{"Verfasst von":"marioschrumpf","Gesch\u00e4tzte Lesezeit":"1\u00a0Minute"},"schema":{"@context":"https:\/\/schema.org","@graph":[{"@type":"WebPage","@id":"https:\/\/www.naturparkmagazin.de\/stechlin\/dankeschoen-veranstaltung-fuer-freiwillige-der-naturwacht-2\/","url":"https:\/\/www.naturparkmagazin.de\/stechlin\/dankeschoen-veranstaltung-fuer-freiwillige-der-naturwacht-2\/","name":"Dankesch\u00f6n-Veranstaltung f\u00fcr Freiwillige der Naturwacht - Naturpark Stechlin-Ruppiner Land","isPartOf":{"@id":"https:\/\/www.naturparkmagazin.de\/stechlin\/#website"},"datePublished":"2018-12-12T11:38:41+00:00","dateModified":"2018-12-13T12:04:52+00:00","author":{"@id":"https:\/\/www.naturparkmagazin.de\/stechlin\/#\/schema\/person\/3f0d93203df21c806dd63c76d9bb28bc"},"breadcrumb":{"@id":"https:\/\/www.naturparkmagazin.de\/stechlin\/dankeschoen-veranstaltung-fuer-freiwillige-der-naturwacht-2\/#breadcrumb"},"inLanguage":"de","potentialAction":[{"@type":"ReadAction","target":["https:\/\/www.naturparkmagazin.de\/stechlin\/dankeschoen-veranstaltung-fuer-freiwillige-der-naturwacht-2\/"]}]},{"@type":"BreadcrumbList","@id":"https:\/\/www.naturparkmagazin.de\/stechlin\/dankeschoen-veranstaltung-fuer-freiwillige-der-naturwacht-2\/#breadcrumb","itemListElement":[{"@type":"ListItem","position":1,"name":"Home","item":"https:\/\/www.naturparkmagazin.de\/stechlin\/"},{"@type":"ListItem","position":2,"name":"Dankesch\u00f6n-Veranstaltung f\u00fcr Freiwillige der Naturwacht"}]},{"@type":"WebSite","@id":"https:\/\/www.naturparkmagazin.de\/stechlin\/#website","url":"https:\/\/www.naturparkmagazin.de\/stechlin\/","name":"Naturpark Stechlin-Ruppiner Land","description":"","potentialAction":[{"@type":"SearchAction","target":{"@type":"EntryPoint","urlTemplate":"https:\/\/www.naturparkmagazin.de\/stechlin\/?s={search_term_string}"},"query-input":"required name=search_term_string"}],"inLanguage":"de"},{"@type":"Person","@id":"https:\/\/www.naturparkmagazin.de\/stechlin\/#\/schema\/person\/3f0d93203df21c806dd63c76d9bb28bc","name":"marioschrumpf","url":"https:\/\/www.naturparkmagazin.de\/stechlin\/author\/marioschrumpf\/"}]}},"_links":{"self":[{"href":"https:\/\/www.naturparkmagazin.de\/stechlin\/wp-json\/wp\/v2\/posts\/7761"}],"collection":[{"href":"https:\/\/www.naturparkmagazin.de\/stechlin\/wp-json\/wp\/v2\/posts"}],"about":[{"href":"https:\/\/www.naturparkmagazin.de\/stechlin\/wp-json\/wp\/v2\/types\/post"}],"author":[{"embeddable":true,"href":"https:\/\/www.naturparkmagazin.de\/stechlin\/wp-json\/wp\/v2\/users\/39"}],"replies":[{"embeddable":true,"href":"https:\/\/www.naturparkmagazin.de\/stechlin\/wp-json\/wp\/v2\/comments?post=7761"}],"version-history":[{"count":3,"href":"https:\/\/www.naturparkmagazin.de\/stechlin\/wp-json\/wp\/v2\/posts\/7761\/revisions"}],"predecessor-version":[{"id":7799,"href":"https:\/\/www.naturparkmagazin.de\/stechlin\/wp-json\/wp\/v2\/posts\/7761\/revisions\/7799"}],"wp:featuredmedia":[{"embeddable":true,"href":"https:\/\/www.naturparkmagazin.de\/stechlin\/wp-json\/wp\/v2\/media\/7776"}],"wp:attachment":[{"href":"https:\/\/www.naturparkmagazin.de\/stechlin\/wp-json\/wp\/v2\/media?parent=7761"}],"wp:term":[{"taxonomy":"category","embeddable":true,"href":"https:\/\/www.naturparkmagazin.de\/stechlin\/wp-json\/wp\/v2\/categories?post=7761"},{"taxonomy":"post_tag","embeddable":true,"href":"https:\/\/www.naturparkmagazin.de\/stechlin\/wp-json\/wp\/v2\/tags?post=7761"}],"curies":[{"name":"wp","href":"https:\/\/api.w.org\/{rel}","templated":true}]}}