{"id":7786,"date":"2019-03-18T17:15:53","date_gmt":"2019-03-18T16:15:53","guid":{"rendered":"https:\/\/www.naturparkmagazin.de\/stechlin\/?p=7786"},"modified":"2019-03-25T14:12:22","modified_gmt":"2019-03-25T13:12:22","slug":"auf-fontanes-spuren-durch-die-ruppiner-schweiz-wandern","status":"publish","type":"post","link":"https:\/\/www.naturparkmagazin.de\/stechlin\/auf-fontanes-spuren-durch-die-ruppiner-schweiz-wandern\/","title":{"rendered":"Nur noch Restpl\u00e4tze f\u00fcr den 1. Fontane-Wandermarathon am 11.5.19 verf\u00fcgbar!"},"content":{"rendered":"<p><strong><a href=\"https:\/\/www.naturparkmagazin.de\/stechlin\/wp-content\/uploads\/sites\/38\/Wanderer_198.jpg\"><img decoding=\"async\" loading=\"lazy\" class=\" size-thumbnail wp-image-7789 aligncenter\" src=\"https:\/\/www.naturparkmagazin.de\/stechlin\/wp-content\/uploads\/sites\/38\/Wanderer_198-300x180.jpg\" alt=\"NP SRL\/Wolfgang Pagel\" width=\"300\" height=\"180\" srcset=\"https:\/\/www.naturparkmagazin.de\/stechlin\/wp-content\/uploads\/sites\/38\/Wanderer_198-300x180.jpg 300w, https:\/\/www.naturparkmagazin.de\/stechlin\/wp-content\/uploads\/sites\/38\/Wanderer_198.jpg 500w, https:\/\/www.naturparkmagazin.de\/stechlin\/wp-content\/uploads\/sites\/38\/Wanderer_198-200x120.jpg 200w\" sizes=\"(max-width: 300px) 100vw, 300px\" \/><\/a><\/strong><\/p>\n<p>Wer sich noch einen Startplatz f\u00fcr den 1. Fontane-Wandermarathon sichern will, sollte sich beeilen! Nur noch wenige Restpl\u00e4tze sind f\u00fcr beide Distanzen verf\u00fcgbar.<\/p>\n<p><strong>Am 11. Mai startet der erste Fontane-Wandermarathon im Naturpark Stechlin-Ruppiner Land: 44 oder 24 Kilometer durch eine beeindruckende Landschaft rund um Rheinsberg und vorbei an vielen spannenden Info-Stationen. Am 7. Januar wird die Anmeldung freigeschaltet.<\/strong><\/p>\n<p>Sind Sie sportlich aktiv? Lieben Sie sch\u00f6ne Naturlandschaften? Wollten Sie schon immer einmal auf Fontanes Spuren wandeln?<\/p>\n<p>Dann sollten Sie sich den 11. Mai 2019 dick im Kalender anstreichen \u2013 an diesem Tag findet rund um Rheinsberg der erste Fontane-Wandermarathon statt.<\/p>\n<p>\u00dcber 44 oder 24 Kilometer f\u00fchrt die Strecke zu den landschaftlichen H\u00f6hepunkten des Ruppiner Seenlandes. Durch den Rheinsberger Schlosspark wandern Sie vorbei am malerischen Kalksee, durch die Schlucht des tiefeingeschnittenen Binenbaches zur Boltenm\u00fchle am Tornowsee. Von dort ist es nicht mehr weit bis zur Mittagsrast und dem Ziel des Halbmarathons auf dem Kremserhof Zerm\u00fctzel. Anschlie\u00dfend geht es &#8211; entlang am Rheinsberger Rhin \u2013 bis zum Ziel in Rheinsberg.<\/p>\n<p><a href=\"https:\/\/www.naturparkmagazin.de\/stechlin\/wp-content\/uploads\/sites\/38\/Wanderer2199.jpg\"><img decoding=\"async\" loading=\"lazy\" class=\" size-thumbnail wp-image-7788 aligncenter\" src=\"https:\/\/www.naturparkmagazin.de\/stechlin\/wp-content\/uploads\/sites\/38\/Wanderer2199-300x180.jpg\" alt=\"NP SRL\/Wolfgang Pagel\" width=\"300\" height=\"180\" srcset=\"https:\/\/www.naturparkmagazin.de\/stechlin\/wp-content\/uploads\/sites\/38\/Wanderer2199-300x180.jpg 300w, https:\/\/www.naturparkmagazin.de\/stechlin\/wp-content\/uploads\/sites\/38\/Wanderer2199.jpg 500w, https:\/\/www.naturparkmagazin.de\/stechlin\/wp-content\/uploads\/sites\/38\/Wanderer2199-200x120.jpg 200w\" sizes=\"(max-width: 300px) 100vw, 300px\" \/><\/a>Sie haben ausreichend Zeit, unterwegs die Landschaft zu genie\u00dfen. Auf der mit Wanderzeichen markierten Strecke k\u00f6nnen Sie ihr eigenes Tempo bestimmen. Alle f\u00fcnf Kilometer erwarten Sie interessante Stationen mit Infos zu Flora und Fauna sowie Geschichte und Landschaft, au\u00dferdem gibt es kostenlose Getr\u00e4nke. Anlass f\u00fcr den Fontane-Marathon ist der 200. Geburtstag Theodor Fontanes. Der Schriftsteller hat in seinen \u201eWanderungen durch die Mark Brandenburg\u201c die Ruppiner Schweiz eindrucksvoll beschrieben.<\/p>\n<p>Der Naturpark Stechlin-Ruppiner Land organisiert den Fontane-Wandermarathon zusammen mit dem Tourismusverband Ruppiner Seenland, dem Wanderverband Berlin, der Stadt Rheinsberg und weiteren Partnern. Er soll zuk\u00fcnftig in jedem Fr\u00fchjahr mit unterschiedlichen Strecken im Naturpark stattfinden. Die Sportveranstaltung ist der Beitrag des Naturparks zum Fontane-200-Jahr.<\/p>\n<p><strong>Seit\u00a07. Januar\u00a0ist die Anmeldung freigeschaltet. Da die Anzahl der Startpl\u00e4tze limitiert ist, sollten Interessenten sich schnellstm\u00f6glich ihren Startplatz sichern!<\/strong><\/p>\n<p>Wer das wandern auf Fontanes Spuren mit zwei romantischen \u00dcbernachtung im Sch\u00e4ferwagen oder Zirkuswagen auf dem Kremserhof Zerm\u00fctzel verbinden will, findet ein ma\u00dfgeschneidertes Pauschalangebot mit \u00dcbernachtung und Startplatz auf der unten genannten Internet-Seite. Dort gibt es auch eine Pauschale mit 2 \u00dcbernachtungen im Maritim-Hotel Rheinsberg.<\/p>\n<p>Weitere Infos zur Strecke, Anreise, \u00dcbernachtung\u00a0und Anmeldung finden Sie unter <a href=\"http:\/\/www.fontane-wandermarathon.de\/\">www.fontane-wandermarathon.de<\/a><\/p>\n<p><a href=\"https:\/\/www.naturparkmagazin.de\/stechlin\/wp-content\/uploads\/sites\/38\/Wanderer3_209.jpg\"><img decoding=\"async\" loading=\"lazy\" class=\" size-thumbnail wp-image-7787 aligncenter\" src=\"https:\/\/www.naturparkmagazin.de\/stechlin\/wp-content\/uploads\/sites\/38\/Wanderer3_209-300x180.jpg\" alt=\"NP SRL\/Wolfgang Pagel\" width=\"300\" height=\"180\" srcset=\"https:\/\/www.naturparkmagazin.de\/stechlin\/wp-content\/uploads\/sites\/38\/Wanderer3_209-300x180.jpg 300w, https:\/\/www.naturparkmagazin.de\/stechlin\/wp-content\/uploads\/sites\/38\/Wanderer3_209.jpg 500w, https:\/\/www.naturparkmagazin.de\/stechlin\/wp-content\/uploads\/sites\/38\/Wanderer3_209-200x120.jpg 200w\" sizes=\"(max-width: 300px) 100vw, 300px\" \/><\/a><\/p>\n<p>&nbsp;<\/p>\n","protected":false},"excerpt":{"rendered":"<p>Wer sich noch einen Startplatz f\u00fcr den 1. Fontane-Wandermarathon sichern will, sollte sich beeilen! Nur noch wenige Restpl\u00e4tze sind f\u00fcr beide Distanzen verf\u00fcgbar.<\/p>\n","protected":false},"author":39,"featured_media":7790,"comment_status":"open","ping_status":"open","sticky":false,"template":"","format":"standard","meta":[],"categories":[11],"tags":[],"yoast_head":"<!-- This site is optimized with the Yoast SEO plugin v19.10 - https:\/\/yoast.com\/wordpress\/plugins\/seo\/ -->\n<title>Nur noch Restpl\u00e4tze f\u00fcr den 1. Fontane-Wandermarathon am 11.5.19 verf\u00fcgbar! - Naturpark Stechlin-Ruppiner Land<\/title>\n<meta name=\"robots\" content=\"index, follow, max-snippet:-1, max-image-preview:large, max-video-preview:-1\" \/>\n<link rel=\"canonical\" href=\"https:\/\/www.naturparkmagazin.de\/stechlin\/auf-fontanes-spuren-durch-die-ruppiner-schweiz-wandern\/\" \/>\n<meta property=\"og:locale\" content=\"de_DE\" \/>\n<meta property=\"og:type\" content=\"article\" \/>\n<meta property=\"og:title\" content=\"Nur noch Restpl\u00e4tze f\u00fcr den 1. Fontane-Wandermarathon am 11.5.19 verf\u00fcgbar! - Naturpark Stechlin-Ruppiner Land\" \/>\n<meta property=\"og:description\" content=\"Wer sich noch einen Startplatz f\u00fcr den 1. Fontane-Wandermarathon sichern will, sollte sich beeilen! Nur noch wenige Restpl\u00e4tze sind f\u00fcr beide Distanzen verf\u00fcgbar.\" \/>\n<meta property=\"og:url\" content=\"https:\/\/www.naturparkmagazin.de\/stechlin\/auf-fontanes-spuren-durch-die-ruppiner-schweiz-wandern\/\" \/>\n<meta property=\"og:site_name\" content=\"Naturpark Stechlin-Ruppiner Land\" \/>\n<meta property=\"article:published_time\" content=\"2019-03-18T16:15:53+00:00\" \/>\n<meta property=\"article:modified_time\" content=\"2019-03-25T13:12:22+00:00\" \/>\n<meta property=\"og:image\" content=\"https:\/\/www.naturparkmagazin.de\/stechlin\/wp-content\/uploads\/sites\/38\/Logo_Fontane-Wandermarathon_TVRSL_Pfade_CMYK.jpg\" \/>\n\t<meta property=\"og:image:width\" content=\"200\" \/>\n\t<meta property=\"og:image:height\" content=\"200\" \/>\n\t<meta property=\"og:image:type\" content=\"image\/jpeg\" \/>\n<meta name=\"author\" content=\"marioschrumpf\" \/>\n<meta name=\"twitter:label1\" content=\"Verfasst von\" \/>\n\t<meta name=\"twitter:data1\" content=\"marioschrumpf\" \/>\n\t<meta name=\"twitter:label2\" content=\"Gesch\u00e4tzte Lesezeit\" \/>\n\t<meta name=\"twitter:data2\" content=\"2\u00a0Minuten\" \/>\n<script type=\"application\/ld+json\" class=\"yoast-schema-graph\">{\"@context\":\"https:\/\/schema.org\",\"@graph\":[{\"@type\":\"WebPage\",\"@id\":\"https:\/\/www.naturparkmagazin.de\/stechlin\/auf-fontanes-spuren-durch-die-ruppiner-schweiz-wandern\/\",\"url\":\"https:\/\/www.naturparkmagazin.de\/stechlin\/auf-fontanes-spuren-durch-die-ruppiner-schweiz-wandern\/\",\"name\":\"Nur noch Restpl\u00e4tze f\u00fcr den 1. Fontane-Wandermarathon am 11.5.19 verf\u00fcgbar! - Naturpark Stechlin-Ruppiner Land\",\"isPartOf\":{\"@id\":\"https:\/\/www.naturparkmagazin.de\/stechlin\/#website\"},\"datePublished\":\"2019-03-18T16:15:53+00:00\",\"dateModified\":\"2019-03-25T13:12:22+00:00\",\"author\":{\"@id\":\"https:\/\/www.naturparkmagazin.de\/stechlin\/#\/schema\/person\/3f0d93203df21c806dd63c76d9bb28bc\"},\"breadcrumb\":{\"@id\":\"https:\/\/www.naturparkmagazin.de\/stechlin\/auf-fontanes-spuren-durch-die-ruppiner-schweiz-wandern\/#breadcrumb\"},\"inLanguage\":\"de\",\"potentialAction\":[{\"@type\":\"ReadAction\",\"target\":[\"https:\/\/www.naturparkmagazin.de\/stechlin\/auf-fontanes-spuren-durch-die-ruppiner-schweiz-wandern\/\"]}]},{\"@type\":\"BreadcrumbList\",\"@id\":\"https:\/\/www.naturparkmagazin.de\/stechlin\/auf-fontanes-spuren-durch-die-ruppiner-schweiz-wandern\/#breadcrumb\",\"itemListElement\":[{\"@type\":\"ListItem\",\"position\":1,\"name\":\"Home\",\"item\":\"https:\/\/www.naturparkmagazin.de\/stechlin\/\"},{\"@type\":\"ListItem\",\"position\":2,\"name\":\"Nur noch Restpl\u00e4tze f\u00fcr den 1. Fontane-Wandermarathon am 11.5.19 verf\u00fcgbar!\"}]},{\"@type\":\"WebSite\",\"@id\":\"https:\/\/www.naturparkmagazin.de\/stechlin\/#website\",\"url\":\"https:\/\/www.naturparkmagazin.de\/stechlin\/\",\"name\":\"Naturpark Stechlin-Ruppiner Land\",\"description\":\"\",\"potentialAction\":[{\"@type\":\"SearchAction\",\"target\":{\"@type\":\"EntryPoint\",\"urlTemplate\":\"https:\/\/www.naturparkmagazin.de\/stechlin\/?s={search_term_string}\"},\"query-input\":\"required name=search_term_string\"}],\"inLanguage\":\"de\"},{\"@type\":\"Person\",\"@id\":\"https:\/\/www.naturparkmagazin.de\/stechlin\/#\/schema\/person\/3f0d93203df21c806dd63c76d9bb28bc\",\"name\":\"marioschrumpf\",\"url\":\"https:\/\/www.naturparkmagazin.de\/stechlin\/author\/marioschrumpf\/\"}]}<\/script>\n<!-- \/ Yoast SEO plugin. -->","yoast_head_json":{"title":"Nur noch Restpl\u00e4tze f\u00fcr den 1. Fontane-Wandermarathon am 11.5.19 verf\u00fcgbar! - Naturpark Stechlin-Ruppiner Land","robots":{"index":"index","follow":"follow","max-snippet":"max-snippet:-1","max-image-preview":"max-image-preview:large","max-video-preview":"max-video-preview:-1"},"canonical":"https:\/\/www.naturparkmagazin.de\/stechlin\/auf-fontanes-spuren-durch-die-ruppiner-schweiz-wandern\/","og_locale":"de_DE","og_type":"article","og_title":"Nur noch Restpl\u00e4tze f\u00fcr den 1. Fontane-Wandermarathon am 11.5.19 verf\u00fcgbar! - Naturpark Stechlin-Ruppiner Land","og_description":"Wer sich noch einen Startplatz f\u00fcr den 1. Fontane-Wandermarathon sichern will, sollte sich beeilen! Nur noch wenige Restpl\u00e4tze sind f\u00fcr beide Distanzen verf\u00fcgbar.","og_url":"https:\/\/www.naturparkmagazin.de\/stechlin\/auf-fontanes-spuren-durch-die-ruppiner-schweiz-wandern\/","og_site_name":"Naturpark Stechlin-Ruppiner Land","article_published_time":"2019-03-18T16:15:53+00:00","article_modified_time":"2019-03-25T13:12:22+00:00","og_image":[{"width":200,"height":200,"url":"https:\/\/www.naturparkmagazin.de\/stechlin\/wp-content\/uploads\/sites\/38\/Logo_Fontane-Wandermarathon_TVRSL_Pfade_CMYK.jpg","type":"image\/jpeg"}],"author":"marioschrumpf","twitter_misc":{"Verfasst von":"marioschrumpf","Gesch\u00e4tzte Lesezeit":"2\u00a0Minuten"},"schema":{"@context":"https:\/\/schema.org","@graph":[{"@type":"WebPage","@id":"https:\/\/www.naturparkmagazin.de\/stechlin\/auf-fontanes-spuren-durch-die-ruppiner-schweiz-wandern\/","url":"https:\/\/www.naturparkmagazin.de\/stechlin\/auf-fontanes-spuren-durch-die-ruppiner-schweiz-wandern\/","name":"Nur noch Restpl\u00e4tze f\u00fcr den 1. Fontane-Wandermarathon am 11.5.19 verf\u00fcgbar! - Naturpark Stechlin-Ruppiner Land","isPartOf":{"@id":"https:\/\/www.naturparkmagazin.de\/stechlin\/#website"},"datePublished":"2019-03-18T16:15:53+00:00","dateModified":"2019-03-25T13:12:22+00:00","author":{"@id":"https:\/\/www.naturparkmagazin.de\/stechlin\/#\/schema\/person\/3f0d93203df21c806dd63c76d9bb28bc"},"breadcrumb":{"@id":"https:\/\/www.naturparkmagazin.de\/stechlin\/auf-fontanes-spuren-durch-die-ruppiner-schweiz-wandern\/#breadcrumb"},"inLanguage":"de","potentialAction":[{"@type":"ReadAction","target":["https:\/\/www.naturparkmagazin.de\/stechlin\/auf-fontanes-spuren-durch-die-ruppiner-schweiz-wandern\/"]}]},{"@type":"BreadcrumbList","@id":"https:\/\/www.naturparkmagazin.de\/stechlin\/auf-fontanes-spuren-durch-die-ruppiner-schweiz-wandern\/#breadcrumb","itemListElement":[{"@type":"ListItem","position":1,"name":"Home","item":"https:\/\/www.naturparkmagazin.de\/stechlin\/"},{"@type":"ListItem","position":2,"name":"Nur noch Restpl\u00e4tze f\u00fcr den 1. Fontane-Wandermarathon am 11.5.19 verf\u00fcgbar!"}]},{"@type":"WebSite","@id":"https:\/\/www.naturparkmagazin.de\/stechlin\/#website","url":"https:\/\/www.naturparkmagazin.de\/stechlin\/","name":"Naturpark Stechlin-Ruppiner Land","description":"","potentialAction":[{"@type":"SearchAction","target":{"@type":"EntryPoint","urlTemplate":"https:\/\/www.naturparkmagazin.de\/stechlin\/?s={search_term_string}"},"query-input":"required name=search_term_string"}],"inLanguage":"de"},{"@type":"Person","@id":"https:\/\/www.naturparkmagazin.de\/stechlin\/#\/schema\/person\/3f0d93203df21c806dd63c76d9bb28bc","name":"marioschrumpf","url":"https:\/\/www.naturparkmagazin.de\/stechlin\/author\/marioschrumpf\/"}]}},"_links":{"self":[{"href":"https:\/\/www.naturparkmagazin.de\/stechlin\/wp-json\/wp\/v2\/posts\/7786"}],"collection":[{"href":"https:\/\/www.naturparkmagazin.de\/stechlin\/wp-json\/wp\/v2\/posts"}],"about":[{"href":"https:\/\/www.naturparkmagazin.de\/stechlin\/wp-json\/wp\/v2\/types\/post"}],"author":[{"embeddable":true,"href":"https:\/\/www.naturparkmagazin.de\/stechlin\/wp-json\/wp\/v2\/users\/39"}],"replies":[{"embeddable":true,"href":"https:\/\/www.naturparkmagazin.de\/stechlin\/wp-json\/wp\/v2\/comments?post=7786"}],"version-history":[{"count":5,"href":"https:\/\/www.naturparkmagazin.de\/stechlin\/wp-json\/wp\/v2\/posts\/7786\/revisions"}],"predecessor-version":[{"id":8169,"href":"https:\/\/www.naturparkmagazin.de\/stechlin\/wp-json\/wp\/v2\/posts\/7786\/revisions\/8169"}],"wp:featuredmedia":[{"embeddable":true,"href":"https:\/\/www.naturparkmagazin.de\/stechlin\/wp-json\/wp\/v2\/media\/7790"}],"wp:attachment":[{"href":"https:\/\/www.naturparkmagazin.de\/stechlin\/wp-json\/wp\/v2\/media?parent=7786"}],"wp:term":[{"taxonomy":"category","embeddable":true,"href":"https:\/\/www.naturparkmagazin.de\/stechlin\/wp-json\/wp\/v2\/categories?post=7786"},{"taxonomy":"post_tag","embeddable":true,"href":"https:\/\/www.naturparkmagazin.de\/stechlin\/wp-json\/wp\/v2\/tags?post=7786"}],"curies":[{"name":"wp","href":"https:\/\/api.w.org\/{rel}","templated":true}]}}