{"id":784,"date":"2014-03-19T11:33:56","date_gmt":"2014-03-19T10:33:56","guid":{"rendered":"http:\/\/www.naturparkmagazin.de\/stechlin\/?p=784"},"modified":"2014-03-26T13:42:57","modified_gmt":"2014-03-26T12:42:57","slug":"ab-2015-erste-wege-in-der-kyritz-ruppiner-heide-frei","status":"publish","type":"post","link":"https:\/\/www.naturparkmagazin.de\/stechlin\/ab-2015-erste-wege-in-der-kyritz-ruppiner-heide-frei\/","title":{"rendered":"Ab 2015 erste Wege in der Kyritz-Ruppiner Heide frei"},"content":{"rendered":"<p><a href=\"https:\/\/www.naturparkmagazin.de\/stechlin\/wp-content\/uploads\/sites\/38\/k-Kranate1.jpg\"><img decoding=\"async\" loading=\"lazy\" class=\"alignnone size-full wp-image-858\" alt=\"NP SRL\/Dr. Mario Schrumpf\" src=\"https:\/\/www.naturparkmagazin.de\/stechlin\/wp-content\/uploads\/sites\/38\/k-Kranate1.jpg\" width=\"320\" height=\"240\" srcset=\"https:\/\/www.naturparkmagazin.de\/stechlin\/wp-content\/uploads\/sites\/38\/k-Kranate1.jpg 320w, https:\/\/www.naturparkmagazin.de\/stechlin\/wp-content\/uploads\/sites\/38\/k-Kranate1-300x225.jpg 300w, https:\/\/www.naturparkmagazin.de\/stechlin\/wp-content\/uploads\/sites\/38\/k-Kranate1-180x135.jpg 180w, https:\/\/www.naturparkmagazin.de\/stechlin\/wp-content\/uploads\/sites\/38\/k-Kranate1-95x71.jpg 95w, https:\/\/www.naturparkmagazin.de\/stechlin\/wp-content\/uploads\/sites\/38\/k-Kranate1-200x150.jpg 200w\" sizes=\"(max-width: 320px) 100vw, 320px\" \/><\/a><\/p>\n<p>Am 5. M\u00e4rz lud die Unternehmer Initiative Pro Heide e.V. zur Mitgliederversammlung nach Neuruppin ein.<\/p>\n<p>Jens-Peter Golde, Vereinsvorsitzender und B\u00fcrgermeister der Fontane-Stadt Neuruppin, informierte \u00fcber die Bem\u00fchungen der Pro Heide-Aktivisten zur touristischen Nutzung der Kyritz-Ruppiner Heide. Rainer Entrup, Leiter des Bundesforstbetriebes Westbrandenburg, referierte \u00fcber den Stand der Kampfmittelbeseitigung. Die geomagnetische\u00a0Sondierung wurde sowohl f\u00fcr die Betriebswege als auch f\u00fcr Transsekte im 1 km-Radius um die angrenzenden Ortschaften abgeschlossen. W\u00e4hrend die St\u00f6rk\u00f6rperdichte im S\u00fcdteil des ehemaligen Truppen\u00fcbungsplatzes erwartungsgem\u00e4\u00df gering ausfiel, wurden n\u00f6rdlich der L15 Flecken Zechlin-Schweinrich mehr metallische St\u00f6rk\u00f6rper als erwartet gefunden. Eine Testfeldsondierung soll 2014\/2015 n\u00e4here Informationen erbringen, ob es sich um Munition oder Schrott handelt. In 2015 sollen die ersten Betriebswege f\u00fcr unbegleitete Kutschfahrten freigegeben werden. Bis dahin werden bedarfsgerecht von der BIMA begleitete Kutschfahrten, wie schon in den letzten beiden Jahren angeboten. Michael Beier,\u00a0Vorstand der Heinz Sielmann-Stiftung informierte, dass seine Stiftung bereit ist, weitere Fl\u00e4chen zu \u00fcbernehmen. Bisher wurden der Sielmann-Stiftung 4.000 ha zur Nutzung \u00fcbergeben. Entsprechend des Koalitionsvertrages zwischen CDU\/CSU und SPD sollen bundesweit\u00a0in einer 3. Tranche nochmals 30.000 ha naturschutzfachlich wertvolle Fl\u00e4chen aus dem Eigentum des Bundes als Nationales Naturerbe dauerhaft f\u00fcr den Naturschutz gesichert werden.<\/p>\n","protected":false},"excerpt":{"rendered":"<p>Rainer Entrup, Leiter des Bundesforstbetriebes Westbrandenburg, k\u00fcndigte zur Mitgliederversammlung von Pro Heide e.V. an, dass ab 2015 die ersten Wege in der Kyritz-Ruppiner Heide frei von Kampfmitteln sein sollen.<\/p>\n","protected":false},"author":39,"featured_media":785,"comment_status":"open","ping_status":"open","sticky":false,"template":"","format":"standard","meta":[],"categories":[7],"tags":[],"yoast_head":"<!-- This site is optimized with the Yoast SEO plugin v19.10 - https:\/\/yoast.com\/wordpress\/plugins\/seo\/ -->\n<title>Ab 2015 erste Wege in der Kyritz-Ruppiner Heide frei - Naturpark Stechlin-Ruppiner Land<\/title>\n<meta name=\"robots\" content=\"index, follow, max-snippet:-1, max-image-preview:large, max-video-preview:-1\" \/>\n<link rel=\"canonical\" href=\"https:\/\/www.naturparkmagazin.de\/stechlin\/ab-2015-erste-wege-in-der-kyritz-ruppiner-heide-frei\/\" \/>\n<meta property=\"og:locale\" content=\"de_DE\" \/>\n<meta property=\"og:type\" content=\"article\" \/>\n<meta property=\"og:title\" content=\"Ab 2015 erste Wege in der Kyritz-Ruppiner Heide frei - Naturpark Stechlin-Ruppiner Land\" \/>\n<meta property=\"og:description\" content=\"Rainer Entrup, Leiter des Bundesforstbetriebes Westbrandenburg, k\u00fcndigte zur Mitgliederversammlung von Pro Heide e.V. an, dass ab 2015 die ersten Wege in der Kyritz-Ruppiner Heide frei von Kampfmitteln sein sollen.\" \/>\n<meta property=\"og:url\" content=\"https:\/\/www.naturparkmagazin.de\/stechlin\/ab-2015-erste-wege-in-der-kyritz-ruppiner-heide-frei\/\" \/>\n<meta property=\"og:site_name\" content=\"Naturpark Stechlin-Ruppiner Land\" \/>\n<meta property=\"article:published_time\" content=\"2014-03-19T10:33:56+00:00\" \/>\n<meta property=\"article:modified_time\" content=\"2014-03-26T12:42:57+00:00\" \/>\n<meta property=\"og:image\" content=\"https:\/\/www.naturparkmagazin.de\/stechlin\/wp-content\/uploads\/sites\/38\/k-DSC_0057.jpg\" \/>\n\t<meta property=\"og:image:width\" content=\"320\" \/>\n\t<meta property=\"og:image:height\" content=\"240\" \/>\n\t<meta property=\"og:image:type\" content=\"image\/jpeg\" \/>\n<meta name=\"author\" content=\"marioschrumpf\" \/>\n<meta name=\"twitter:label1\" content=\"Verfasst von\" \/>\n\t<meta name=\"twitter:data1\" content=\"marioschrumpf\" \/>\n\t<meta name=\"twitter:label2\" content=\"Gesch\u00e4tzte Lesezeit\" \/>\n\t<meta name=\"twitter:data2\" content=\"1\u00a0Minute\" \/>\n<script type=\"application\/ld+json\" class=\"yoast-schema-graph\">{\"@context\":\"https:\/\/schema.org\",\"@graph\":[{\"@type\":\"WebPage\",\"@id\":\"https:\/\/www.naturparkmagazin.de\/stechlin\/ab-2015-erste-wege-in-der-kyritz-ruppiner-heide-frei\/\",\"url\":\"https:\/\/www.naturparkmagazin.de\/stechlin\/ab-2015-erste-wege-in-der-kyritz-ruppiner-heide-frei\/\",\"name\":\"Ab 2015 erste Wege in der Kyritz-Ruppiner Heide frei - Naturpark Stechlin-Ruppiner Land\",\"isPartOf\":{\"@id\":\"https:\/\/www.naturparkmagazin.de\/stechlin\/#website\"},\"datePublished\":\"2014-03-19T10:33:56+00:00\",\"dateModified\":\"2014-03-26T12:42:57+00:00\",\"author\":{\"@id\":\"https:\/\/www.naturparkmagazin.de\/stechlin\/#\/schema\/person\/3f0d93203df21c806dd63c76d9bb28bc\"},\"breadcrumb\":{\"@id\":\"https:\/\/www.naturparkmagazin.de\/stechlin\/ab-2015-erste-wege-in-der-kyritz-ruppiner-heide-frei\/#breadcrumb\"},\"inLanguage\":\"de\",\"potentialAction\":[{\"@type\":\"ReadAction\",\"target\":[\"https:\/\/www.naturparkmagazin.de\/stechlin\/ab-2015-erste-wege-in-der-kyritz-ruppiner-heide-frei\/\"]}]},{\"@type\":\"BreadcrumbList\",\"@id\":\"https:\/\/www.naturparkmagazin.de\/stechlin\/ab-2015-erste-wege-in-der-kyritz-ruppiner-heide-frei\/#breadcrumb\",\"itemListElement\":[{\"@type\":\"ListItem\",\"position\":1,\"name\":\"Home\",\"item\":\"https:\/\/www.naturparkmagazin.de\/stechlin\/\"},{\"@type\":\"ListItem\",\"position\":2,\"name\":\"Ab 2015 erste Wege in der Kyritz-Ruppiner Heide frei\"}]},{\"@type\":\"WebSite\",\"@id\":\"https:\/\/www.naturparkmagazin.de\/stechlin\/#website\",\"url\":\"https:\/\/www.naturparkmagazin.de\/stechlin\/\",\"name\":\"Naturpark Stechlin-Ruppiner Land\",\"description\":\"\",\"potentialAction\":[{\"@type\":\"SearchAction\",\"target\":{\"@type\":\"EntryPoint\",\"urlTemplate\":\"https:\/\/www.naturparkmagazin.de\/stechlin\/?s={search_term_string}\"},\"query-input\":\"required name=search_term_string\"}],\"inLanguage\":\"de\"},{\"@type\":\"Person\",\"@id\":\"https:\/\/www.naturparkmagazin.de\/stechlin\/#\/schema\/person\/3f0d93203df21c806dd63c76d9bb28bc\",\"name\":\"marioschrumpf\",\"url\":\"https:\/\/www.naturparkmagazin.de\/stechlin\/author\/marioschrumpf\/\"}]}<\/script>\n<!-- \/ Yoast SEO plugin. -->","yoast_head_json":{"title":"Ab 2015 erste Wege in der Kyritz-Ruppiner Heide frei - Naturpark Stechlin-Ruppiner Land","robots":{"index":"index","follow":"follow","max-snippet":"max-snippet:-1","max-image-preview":"max-image-preview:large","max-video-preview":"max-video-preview:-1"},"canonical":"https:\/\/www.naturparkmagazin.de\/stechlin\/ab-2015-erste-wege-in-der-kyritz-ruppiner-heide-frei\/","og_locale":"de_DE","og_type":"article","og_title":"Ab 2015 erste Wege in der Kyritz-Ruppiner Heide frei - Naturpark Stechlin-Ruppiner Land","og_description":"Rainer Entrup, Leiter des Bundesforstbetriebes Westbrandenburg, k\u00fcndigte zur Mitgliederversammlung von Pro Heide e.V. an, dass ab 2015 die ersten Wege in der Kyritz-Ruppiner Heide frei von Kampfmitteln sein sollen.","og_url":"https:\/\/www.naturparkmagazin.de\/stechlin\/ab-2015-erste-wege-in-der-kyritz-ruppiner-heide-frei\/","og_site_name":"Naturpark Stechlin-Ruppiner Land","article_published_time":"2014-03-19T10:33:56+00:00","article_modified_time":"2014-03-26T12:42:57+00:00","og_image":[{"width":320,"height":240,"url":"https:\/\/www.naturparkmagazin.de\/stechlin\/wp-content\/uploads\/sites\/38\/k-DSC_0057.jpg","type":"image\/jpeg"}],"author":"marioschrumpf","twitter_misc":{"Verfasst von":"marioschrumpf","Gesch\u00e4tzte Lesezeit":"1\u00a0Minute"},"schema":{"@context":"https:\/\/schema.org","@graph":[{"@type":"WebPage","@id":"https:\/\/www.naturparkmagazin.de\/stechlin\/ab-2015-erste-wege-in-der-kyritz-ruppiner-heide-frei\/","url":"https:\/\/www.naturparkmagazin.de\/stechlin\/ab-2015-erste-wege-in-der-kyritz-ruppiner-heide-frei\/","name":"Ab 2015 erste Wege in der Kyritz-Ruppiner Heide frei - Naturpark Stechlin-Ruppiner Land","isPartOf":{"@id":"https:\/\/www.naturparkmagazin.de\/stechlin\/#website"},"datePublished":"2014-03-19T10:33:56+00:00","dateModified":"2014-03-26T12:42:57+00:00","author":{"@id":"https:\/\/www.naturparkmagazin.de\/stechlin\/#\/schema\/person\/3f0d93203df21c806dd63c76d9bb28bc"},"breadcrumb":{"@id":"https:\/\/www.naturparkmagazin.de\/stechlin\/ab-2015-erste-wege-in-der-kyritz-ruppiner-heide-frei\/#breadcrumb"},"inLanguage":"de","potentialAction":[{"@type":"ReadAction","target":["https:\/\/www.naturparkmagazin.de\/stechlin\/ab-2015-erste-wege-in-der-kyritz-ruppiner-heide-frei\/"]}]},{"@type":"BreadcrumbList","@id":"https:\/\/www.naturparkmagazin.de\/stechlin\/ab-2015-erste-wege-in-der-kyritz-ruppiner-heide-frei\/#breadcrumb","itemListElement":[{"@type":"ListItem","position":1,"name":"Home","item":"https:\/\/www.naturparkmagazin.de\/stechlin\/"},{"@type":"ListItem","position":2,"name":"Ab 2015 erste Wege in der Kyritz-Ruppiner Heide frei"}]},{"@type":"WebSite","@id":"https:\/\/www.naturparkmagazin.de\/stechlin\/#website","url":"https:\/\/www.naturparkmagazin.de\/stechlin\/","name":"Naturpark Stechlin-Ruppiner Land","description":"","potentialAction":[{"@type":"SearchAction","target":{"@type":"EntryPoint","urlTemplate":"https:\/\/www.naturparkmagazin.de\/stechlin\/?s={search_term_string}"},"query-input":"required name=search_term_string"}],"inLanguage":"de"},{"@type":"Person","@id":"https:\/\/www.naturparkmagazin.de\/stechlin\/#\/schema\/person\/3f0d93203df21c806dd63c76d9bb28bc","name":"marioschrumpf","url":"https:\/\/www.naturparkmagazin.de\/stechlin\/author\/marioschrumpf\/"}]}},"_links":{"self":[{"href":"https:\/\/www.naturparkmagazin.de\/stechlin\/wp-json\/wp\/v2\/posts\/784"}],"collection":[{"href":"https:\/\/www.naturparkmagazin.de\/stechlin\/wp-json\/wp\/v2\/posts"}],"about":[{"href":"https:\/\/www.naturparkmagazin.de\/stechlin\/wp-json\/wp\/v2\/types\/post"}],"author":[{"embeddable":true,"href":"https:\/\/www.naturparkmagazin.de\/stechlin\/wp-json\/wp\/v2\/users\/39"}],"replies":[{"embeddable":true,"href":"https:\/\/www.naturparkmagazin.de\/stechlin\/wp-json\/wp\/v2\/comments?post=784"}],"version-history":[{"count":9,"href":"https:\/\/www.naturparkmagazin.de\/stechlin\/wp-json\/wp\/v2\/posts\/784\/revisions"}],"predecessor-version":[{"id":897,"href":"https:\/\/www.naturparkmagazin.de\/stechlin\/wp-json\/wp\/v2\/posts\/784\/revisions\/897"}],"wp:featuredmedia":[{"embeddable":true,"href":"https:\/\/www.naturparkmagazin.de\/stechlin\/wp-json\/wp\/v2\/media\/785"}],"wp:attachment":[{"href":"https:\/\/www.naturparkmagazin.de\/stechlin\/wp-json\/wp\/v2\/media?parent=784"}],"wp:term":[{"taxonomy":"category","embeddable":true,"href":"https:\/\/www.naturparkmagazin.de\/stechlin\/wp-json\/wp\/v2\/categories?post=784"},{"taxonomy":"post_tag","embeddable":true,"href":"https:\/\/www.naturparkmagazin.de\/stechlin\/wp-json\/wp\/v2\/tags?post=784"}],"curies":[{"name":"wp","href":"https:\/\/api.w.org\/{rel}","templated":true}]}}