{"id":7850,"date":"2019-01-15T13:35:57","date_gmt":"2019-01-15T12:35:57","guid":{"rendered":"https:\/\/www.naturparkmagazin.de\/stechlin\/?p=7850"},"modified":"2019-01-29T16:39:30","modified_gmt":"2019-01-29T15:39:30","slug":"haareis-und-andere-neuigkeiten-ueber-alfred-wegener-in-ostprignitz-ruppin","status":"publish","type":"post","link":"https:\/\/www.naturparkmagazin.de\/stechlin\/haareis-und-andere-neuigkeiten-ueber-alfred-wegener-in-ostprignitz-ruppin\/","title":{"rendered":"Haareis und andere Neuigkeiten \u00fcber Alfred Wegener in Ostprignitz-Ruppin"},"content":{"rendered":"<div id=\"attachment_7853\" style=\"width: 310px\" class=\"wp-caption aligncenter\"><a href=\"https:\/\/www.naturparkmagazin.de\/stechlin\/wp-content\/uploads\/sites\/38\/2019-01-03-HERRMANN_Haareis1931.jpg\"><img aria-describedby=\"caption-attachment-7853\" decoding=\"async\" loading=\"lazy\" class=\"size-thumbnail wp-image-7853\" src=\"https:\/\/www.naturparkmagazin.de\/stechlin\/wp-content\/uploads\/sites\/38\/2019-01-03-HERRMANN_Haareis1931-300x180.jpg\" alt=\"Haareis\" width=\"300\" height=\"180\" srcset=\"https:\/\/www.naturparkmagazin.de\/stechlin\/wp-content\/uploads\/sites\/38\/2019-01-03-HERRMANN_Haareis1931-300x180.jpg 300w, https:\/\/www.naturparkmagazin.de\/stechlin\/wp-content\/uploads\/sites\/38\/2019-01-03-HERRMANN_Haareis1931.jpg 500w, https:\/\/www.naturparkmagazin.de\/stechlin\/wp-content\/uploads\/sites\/38\/2019-01-03-HERRMANN_Haareis1931-200x120.jpg 200w\" sizes=\"(max-width: 300px) 100vw, 300px\" \/><\/a><p id=\"caption-attachment-7853\" class=\"wp-caption-text\">Haareis<\/p><\/div>\n<p>Vortrag von Dr. Rainer Herrmann<\/p>\n<p>Kein anderes (bisher bekanntes) Datum ist so eng mit Alfred Wegener in Zechlinerh\u00fctte verbunden, wie der 14. Februar bzw. der 15. Oktober 1918.<\/p>\n<p>Dr. Rainer Herrmann (Neuruppin), ehemaliger Erdkundelehrer, Erziehungswissenschaftler und Umweltp\u00e4dagoge, nun Rentner, war selbst \u00fcberrascht, wie wenig bisher \u00fcber die Verbindung Alfred Wegeners mit unserem Landkreis nachgeforscht wurde.<\/p>\n<p>Das zeigte sich u. a. an 56 Handschriften (Briefe, Berichte), die noch nicht \u201etransliteriert\u201c (d. h. in Druckschrift lesbar) in Archiven lagen und nun in einem Umfang von 35.000 W\u00f6rtern vorliegen.<\/p>\n<p>\u00dcber jene Originalquellen aus Neuruppin, Zechlinerh\u00fctte, Flecken Zechlin, Wittstock\/Dosse und Bremerhaven wird er in seinem Vortrag und in weiteren Lesungen berichten.<\/p>\n<p>&nbsp;<\/p>\n<p><strong>Termin:<\/strong> 14. Februar, 14 Uhr<\/p>\n<p><strong>Ort:<\/strong> Haus der Begegnung, Franz-K\u00fcnstler-Str. 8, 16816 Neuruppin<\/p>\n<p><strong>Eintritt:<\/strong> 4,50 \u20ac (einschlie\u00dflich Kaffee&amp;Kuchen)<\/p>\n<p><strong>Anmeldung:<\/strong> unter Tel. 03391\/2934<\/p>\n","protected":false},"excerpt":{"rendered":"<p>Kein anderes (bisher bekanntes) Datum ist so eng mit Alfred Wegener in Zechlinerh\u00fctte verbunden, wie der 14. Februar bzw. der 15. Oktober 1918. <\/p>\n","protected":false},"author":39,"featured_media":7851,"comment_status":"open","ping_status":"open","sticky":false,"template":"","format":"standard","meta":[],"categories":[11],"tags":[],"yoast_head":"<!-- This site is optimized with the Yoast SEO plugin v19.10 - https:\/\/yoast.com\/wordpress\/plugins\/seo\/ -->\n<title>Haareis und andere Neuigkeiten \u00fcber Alfred Wegener in Ostprignitz-Ruppin - Naturpark Stechlin-Ruppiner Land<\/title>\n<meta name=\"robots\" content=\"index, follow, max-snippet:-1, max-image-preview:large, max-video-preview:-1\" \/>\n<link rel=\"canonical\" href=\"https:\/\/www.naturparkmagazin.de\/stechlin\/haareis-und-andere-neuigkeiten-ueber-alfred-wegener-in-ostprignitz-ruppin\/\" \/>\n<meta property=\"og:locale\" content=\"de_DE\" \/>\n<meta property=\"og:type\" content=\"article\" \/>\n<meta property=\"og:title\" content=\"Haareis und andere Neuigkeiten \u00fcber Alfred Wegener in Ostprignitz-Ruppin - Naturpark Stechlin-Ruppiner Land\" \/>\n<meta property=\"og:description\" content=\"Kein anderes (bisher bekanntes) Datum ist so eng mit Alfred Wegener in Zechlinerh\u00fctte verbunden, wie der 14. Februar bzw. der 15. Oktober 1918.\" \/>\n<meta property=\"og:url\" content=\"https:\/\/www.naturparkmagazin.de\/stechlin\/haareis-und-andere-neuigkeiten-ueber-alfred-wegener-in-ostprignitz-ruppin\/\" \/>\n<meta property=\"og:site_name\" content=\"Naturpark Stechlin-Ruppiner Land\" \/>\n<meta property=\"article:published_time\" content=\"2019-01-15T12:35:57+00:00\" \/>\n<meta property=\"article:modified_time\" content=\"2019-01-29T15:39:30+00:00\" \/>\n<meta property=\"og:image\" content=\"https:\/\/www.naturparkmagazin.de\/stechlin\/wp-content\/uploads\/sites\/38\/2019-01-03-HERRMANN_Haareis193.jpg\" \/>\n\t<meta property=\"og:image:width\" content=\"200\" \/>\n\t<meta property=\"og:image:height\" content=\"200\" \/>\n\t<meta property=\"og:image:type\" content=\"image\/jpeg\" \/>\n<meta name=\"author\" content=\"marioschrumpf\" \/>\n<meta name=\"twitter:label1\" content=\"Verfasst von\" \/>\n\t<meta name=\"twitter:data1\" content=\"marioschrumpf\" \/>\n\t<meta name=\"twitter:label2\" content=\"Gesch\u00e4tzte Lesezeit\" \/>\n\t<meta name=\"twitter:data2\" content=\"1\u00a0Minute\" \/>\n<script type=\"application\/ld+json\" class=\"yoast-schema-graph\">{\"@context\":\"https:\/\/schema.org\",\"@graph\":[{\"@type\":\"WebPage\",\"@id\":\"https:\/\/www.naturparkmagazin.de\/stechlin\/haareis-und-andere-neuigkeiten-ueber-alfred-wegener-in-ostprignitz-ruppin\/\",\"url\":\"https:\/\/www.naturparkmagazin.de\/stechlin\/haareis-und-andere-neuigkeiten-ueber-alfred-wegener-in-ostprignitz-ruppin\/\",\"name\":\"Haareis und andere Neuigkeiten \u00fcber Alfred Wegener in Ostprignitz-Ruppin - Naturpark Stechlin-Ruppiner Land\",\"isPartOf\":{\"@id\":\"https:\/\/www.naturparkmagazin.de\/stechlin\/#website\"},\"datePublished\":\"2019-01-15T12:35:57+00:00\",\"dateModified\":\"2019-01-29T15:39:30+00:00\",\"author\":{\"@id\":\"https:\/\/www.naturparkmagazin.de\/stechlin\/#\/schema\/person\/3f0d93203df21c806dd63c76d9bb28bc\"},\"breadcrumb\":{\"@id\":\"https:\/\/www.naturparkmagazin.de\/stechlin\/haareis-und-andere-neuigkeiten-ueber-alfred-wegener-in-ostprignitz-ruppin\/#breadcrumb\"},\"inLanguage\":\"de\",\"potentialAction\":[{\"@type\":\"ReadAction\",\"target\":[\"https:\/\/www.naturparkmagazin.de\/stechlin\/haareis-und-andere-neuigkeiten-ueber-alfred-wegener-in-ostprignitz-ruppin\/\"]}]},{\"@type\":\"BreadcrumbList\",\"@id\":\"https:\/\/www.naturparkmagazin.de\/stechlin\/haareis-und-andere-neuigkeiten-ueber-alfred-wegener-in-ostprignitz-ruppin\/#breadcrumb\",\"itemListElement\":[{\"@type\":\"ListItem\",\"position\":1,\"name\":\"Home\",\"item\":\"https:\/\/www.naturparkmagazin.de\/stechlin\/\"},{\"@type\":\"ListItem\",\"position\":2,\"name\":\"Haareis und andere Neuigkeiten \u00fcber Alfred Wegener in Ostprignitz-Ruppin\"}]},{\"@type\":\"WebSite\",\"@id\":\"https:\/\/www.naturparkmagazin.de\/stechlin\/#website\",\"url\":\"https:\/\/www.naturparkmagazin.de\/stechlin\/\",\"name\":\"Naturpark Stechlin-Ruppiner Land\",\"description\":\"\",\"potentialAction\":[{\"@type\":\"SearchAction\",\"target\":{\"@type\":\"EntryPoint\",\"urlTemplate\":\"https:\/\/www.naturparkmagazin.de\/stechlin\/?s={search_term_string}\"},\"query-input\":\"required name=search_term_string\"}],\"inLanguage\":\"de\"},{\"@type\":\"Person\",\"@id\":\"https:\/\/www.naturparkmagazin.de\/stechlin\/#\/schema\/person\/3f0d93203df21c806dd63c76d9bb28bc\",\"name\":\"marioschrumpf\",\"url\":\"https:\/\/www.naturparkmagazin.de\/stechlin\/author\/marioschrumpf\/\"}]}<\/script>\n<!-- \/ Yoast SEO plugin. -->","yoast_head_json":{"title":"Haareis und andere Neuigkeiten \u00fcber Alfred Wegener in Ostprignitz-Ruppin - Naturpark Stechlin-Ruppiner Land","robots":{"index":"index","follow":"follow","max-snippet":"max-snippet:-1","max-image-preview":"max-image-preview:large","max-video-preview":"max-video-preview:-1"},"canonical":"https:\/\/www.naturparkmagazin.de\/stechlin\/haareis-und-andere-neuigkeiten-ueber-alfred-wegener-in-ostprignitz-ruppin\/","og_locale":"de_DE","og_type":"article","og_title":"Haareis und andere Neuigkeiten \u00fcber Alfred Wegener in Ostprignitz-Ruppin - Naturpark Stechlin-Ruppiner Land","og_description":"Kein anderes (bisher bekanntes) Datum ist so eng mit Alfred Wegener in Zechlinerh\u00fctte verbunden, wie der 14. Februar bzw. der 15. Oktober 1918.","og_url":"https:\/\/www.naturparkmagazin.de\/stechlin\/haareis-und-andere-neuigkeiten-ueber-alfred-wegener-in-ostprignitz-ruppin\/","og_site_name":"Naturpark Stechlin-Ruppiner Land","article_published_time":"2019-01-15T12:35:57+00:00","article_modified_time":"2019-01-29T15:39:30+00:00","og_image":[{"width":200,"height":200,"url":"https:\/\/www.naturparkmagazin.de\/stechlin\/wp-content\/uploads\/sites\/38\/2019-01-03-HERRMANN_Haareis193.jpg","type":"image\/jpeg"}],"author":"marioschrumpf","twitter_misc":{"Verfasst von":"marioschrumpf","Gesch\u00e4tzte Lesezeit":"1\u00a0Minute"},"schema":{"@context":"https:\/\/schema.org","@graph":[{"@type":"WebPage","@id":"https:\/\/www.naturparkmagazin.de\/stechlin\/haareis-und-andere-neuigkeiten-ueber-alfred-wegener-in-ostprignitz-ruppin\/","url":"https:\/\/www.naturparkmagazin.de\/stechlin\/haareis-und-andere-neuigkeiten-ueber-alfred-wegener-in-ostprignitz-ruppin\/","name":"Haareis und andere Neuigkeiten \u00fcber Alfred Wegener in Ostprignitz-Ruppin - Naturpark Stechlin-Ruppiner Land","isPartOf":{"@id":"https:\/\/www.naturparkmagazin.de\/stechlin\/#website"},"datePublished":"2019-01-15T12:35:57+00:00","dateModified":"2019-01-29T15:39:30+00:00","author":{"@id":"https:\/\/www.naturparkmagazin.de\/stechlin\/#\/schema\/person\/3f0d93203df21c806dd63c76d9bb28bc"},"breadcrumb":{"@id":"https:\/\/www.naturparkmagazin.de\/stechlin\/haareis-und-andere-neuigkeiten-ueber-alfred-wegener-in-ostprignitz-ruppin\/#breadcrumb"},"inLanguage":"de","potentialAction":[{"@type":"ReadAction","target":["https:\/\/www.naturparkmagazin.de\/stechlin\/haareis-und-andere-neuigkeiten-ueber-alfred-wegener-in-ostprignitz-ruppin\/"]}]},{"@type":"BreadcrumbList","@id":"https:\/\/www.naturparkmagazin.de\/stechlin\/haareis-und-andere-neuigkeiten-ueber-alfred-wegener-in-ostprignitz-ruppin\/#breadcrumb","itemListElement":[{"@type":"ListItem","position":1,"name":"Home","item":"https:\/\/www.naturparkmagazin.de\/stechlin\/"},{"@type":"ListItem","position":2,"name":"Haareis und andere Neuigkeiten \u00fcber Alfred Wegener in Ostprignitz-Ruppin"}]},{"@type":"WebSite","@id":"https:\/\/www.naturparkmagazin.de\/stechlin\/#website","url":"https:\/\/www.naturparkmagazin.de\/stechlin\/","name":"Naturpark Stechlin-Ruppiner Land","description":"","potentialAction":[{"@type":"SearchAction","target":{"@type":"EntryPoint","urlTemplate":"https:\/\/www.naturparkmagazin.de\/stechlin\/?s={search_term_string}"},"query-input":"required name=search_term_string"}],"inLanguage":"de"},{"@type":"Person","@id":"https:\/\/www.naturparkmagazin.de\/stechlin\/#\/schema\/person\/3f0d93203df21c806dd63c76d9bb28bc","name":"marioschrumpf","url":"https:\/\/www.naturparkmagazin.de\/stechlin\/author\/marioschrumpf\/"}]}},"_links":{"self":[{"href":"https:\/\/www.naturparkmagazin.de\/stechlin\/wp-json\/wp\/v2\/posts\/7850"}],"collection":[{"href":"https:\/\/www.naturparkmagazin.de\/stechlin\/wp-json\/wp\/v2\/posts"}],"about":[{"href":"https:\/\/www.naturparkmagazin.de\/stechlin\/wp-json\/wp\/v2\/types\/post"}],"author":[{"embeddable":true,"href":"https:\/\/www.naturparkmagazin.de\/stechlin\/wp-json\/wp\/v2\/users\/39"}],"replies":[{"embeddable":true,"href":"https:\/\/www.naturparkmagazin.de\/stechlin\/wp-json\/wp\/v2\/comments?post=7850"}],"version-history":[{"count":4,"href":"https:\/\/www.naturparkmagazin.de\/stechlin\/wp-json\/wp\/v2\/posts\/7850\/revisions"}],"predecessor-version":[{"id":7901,"href":"https:\/\/www.naturparkmagazin.de\/stechlin\/wp-json\/wp\/v2\/posts\/7850\/revisions\/7901"}],"wp:featuredmedia":[{"embeddable":true,"href":"https:\/\/www.naturparkmagazin.de\/stechlin\/wp-json\/wp\/v2\/media\/7851"}],"wp:attachment":[{"href":"https:\/\/www.naturparkmagazin.de\/stechlin\/wp-json\/wp\/v2\/media?parent=7850"}],"wp:term":[{"taxonomy":"category","embeddable":true,"href":"https:\/\/www.naturparkmagazin.de\/stechlin\/wp-json\/wp\/v2\/categories?post=7850"},{"taxonomy":"post_tag","embeddable":true,"href":"https:\/\/www.naturparkmagazin.de\/stechlin\/wp-json\/wp\/v2\/tags?post=7850"}],"curies":[{"name":"wp","href":"https:\/\/api.w.org\/{rel}","templated":true}]}}