{"id":7856,"date":"2019-01-14T08:29:50","date_gmt":"2019-01-14T07:29:50","guid":{"rendered":"https:\/\/www.naturparkmagazin.de\/stechlin\/?p=7856"},"modified":"2025-06-19T13:50:55","modified_gmt":"2025-06-19T11:50:55","slug":"island-fotoausstellung-eroeffnet","status":"publish","type":"post","link":"https:\/\/www.naturparkmagazin.de\/stechlin\/island-fotoausstellung-eroeffnet\/","title":{"rendered":"Island-Naturfoto-Ausstellung er\u00f6ffnet (2019)"},"content":{"rendered":"<p>15 Interessierte waren zu Gast in der Regionalwerkstatt Stechlin zur ersten Ausstellungser\u00f6ffnung im neuen Jahr am 11. Januar.<\/p>\n<p>Frank Scheil aus Panketal pr\u00e4sentierte seine naturfotografischen Impressionen von der Vulkaninsel im Nordatlantik.<\/p>\n<div id=\"attachment_7858\" style=\"width: 310px\" class=\"wp-caption aligncenter\"><a href=\"https:\/\/www.naturparkmagazin.de\/stechlin\/wp-content\/uploads\/sites\/38\/Island_30.jpg\"><img aria-describedby=\"caption-attachment-7858\" decoding=\"async\" loading=\"lazy\" class=\"size-thumbnail wp-image-7858\" src=\"https:\/\/www.naturparkmagazin.de\/stechlin\/wp-content\/uploads\/sites\/38\/Island_30-300x180.jpg\" alt=\"Frank Scheil hat zu jedem Foto eine spannende Geschichte zu erz\u00e4hlen.\" width=\"300\" height=\"180\" srcset=\"https:\/\/www.naturparkmagazin.de\/stechlin\/wp-content\/uploads\/sites\/38\/Island_30-300x180.jpg 300w, https:\/\/www.naturparkmagazin.de\/stechlin\/wp-content\/uploads\/sites\/38\/Island_30.jpg 500w, https:\/\/www.naturparkmagazin.de\/stechlin\/wp-content\/uploads\/sites\/38\/Island_30-200x120.jpg 200w\" sizes=\"(max-width: 300px) 100vw, 300px\" \/><\/a><p id=\"caption-attachment-7858\" class=\"wp-caption-text\">Frank Scheil\u00a0hatte zu jedem Foto eine spannende Geschichte zu erz\u00e4hlen.<\/p><\/div>\n<p style=\"text-align: left\">Die nordische Landschaft Islands bietet ein au\u00dfergew\u00f6hnliches Kontrastprogramm: von den eisigen H\u00f6hen gewaltiger Gletscher zu dampfenden und brodelnden Hochtemperarturgebieten, von einsamen lautlosen Fjorden zu unermesslich m\u00e4chtigen Wasserf\u00e4llen, von den saftig-gr\u00fcnen Weidefl\u00e4chen zu scheinbar unendlichen schwarzen Lavafeldern,\u00a0 von den Wellen trotzenden Basaltfelsen zu den stets in Ver\u00e4nderung befindlichen Schwemmlandfl\u00e4chen, von der t\u00f6nenden Dissonanz am Vogelfelsen zum stillen Tanz der Nordlichter am n\u00e4chtlichen Firmament.<\/p>\n<div id=\"attachment_7859\" style=\"width: 310px\" class=\"wp-caption aligncenter\"><a href=\"https:\/\/www.naturparkmagazin.de\/stechlin\/wp-content\/uploads\/sites\/38\/Island_14.jpg\"><img aria-describedby=\"caption-attachment-7859\" decoding=\"async\" loading=\"lazy\" class=\"size-thumbnail wp-image-7859\" src=\"https:\/\/www.naturparkmagazin.de\/stechlin\/wp-content\/uploads\/sites\/38\/Island_14-300x180.jpg\" alt=\"Papageientaucherpaar\" width=\"300\" height=\"180\" srcset=\"https:\/\/www.naturparkmagazin.de\/stechlin\/wp-content\/uploads\/sites\/38\/Island_14-300x180.jpg 300w, https:\/\/www.naturparkmagazin.de\/stechlin\/wp-content\/uploads\/sites\/38\/Island_14.jpg 500w, https:\/\/www.naturparkmagazin.de\/stechlin\/wp-content\/uploads\/sites\/38\/Island_14-200x120.jpg 200w\" sizes=\"(max-width: 300px) 100vw, 300px\" \/><\/a><p id=\"caption-attachment-7859\" class=\"wp-caption-text\">Papageientaucherpaar<\/p><\/div>\n<p style=\"text-align: left\">Die Fotos zur Bilderreise rund ums Jahr \u00fcber die Insel aus Feuer, Wasser, Eis und Stein entstanden bei insgesamt 12 Reisen nach Island. Der Fotoautor hat zu jedem Foto eine spannende Geschichte zu erz\u00e4hlen. Die eindrucksvollen Fotos k\u00f6nnen im \u00fcbrigen k\u00e4uflich erworben werden.<\/p>\n<p style=\"text-align: left\">Die Ausstellung ist noch bis zum 24. Februar zu sehen. Bitte im benachbarten NaturParkHaus Stechlin melden! Der Eintritt ist frei!<\/p>\n<div id=\"attachment_7861\" style=\"width: 310px\" class=\"wp-caption aligncenter\"><a href=\"https:\/\/www.naturparkmagazin.de\/stechlin\/wp-content\/uploads\/sites\/38\/Island_09.jpg\"><img aria-describedby=\"caption-attachment-7861\" decoding=\"async\" loading=\"lazy\" class=\"size-thumbnail wp-image-7861\" src=\"https:\/\/www.naturparkmagazin.de\/stechlin\/wp-content\/uploads\/sites\/38\/Island_09-300x180.jpg\" alt=\"Nordlicht\" width=\"300\" height=\"180\" srcset=\"https:\/\/www.naturparkmagazin.de\/stechlin\/wp-content\/uploads\/sites\/38\/Island_09-300x180.jpg 300w, https:\/\/www.naturparkmagazin.de\/stechlin\/wp-content\/uploads\/sites\/38\/Island_09.jpg 500w, https:\/\/www.naturparkmagazin.de\/stechlin\/wp-content\/uploads\/sites\/38\/Island_09-200x120.jpg 200w\" sizes=\"(max-width: 300px) 100vw, 300px\" \/><\/a><p id=\"caption-attachment-7861\" class=\"wp-caption-text\">Nordlicht<\/p><\/div>\n","protected":false},"excerpt":{"rendered":"<p>Frank Scheil aus Panketal pr\u00e4sentiert vom bis 11. Januar bis zum 24. Februar seine naturfotografischen Impressionen von der Vulkaninsel im Nordatlantik.<\/p>\n","protected":false},"author":39,"featured_media":7857,"comment_status":"open","ping_status":"open","sticky":false,"template":"","format":"standard","meta":[],"categories":[7],"tags":[],"yoast_head":"<!-- This site is optimized with the Yoast SEO plugin v19.10 - https:\/\/yoast.com\/wordpress\/plugins\/seo\/ -->\n<title>Island-Naturfoto-Ausstellung er\u00f6ffnet (2019) - Naturpark Stechlin-Ruppiner Land<\/title>\n<meta name=\"robots\" content=\"index, follow, max-snippet:-1, max-image-preview:large, max-video-preview:-1\" \/>\n<link rel=\"canonical\" href=\"https:\/\/www.naturparkmagazin.de\/stechlin\/island-fotoausstellung-eroeffnet\/\" \/>\n<meta property=\"og:locale\" content=\"de_DE\" \/>\n<meta property=\"og:type\" content=\"article\" \/>\n<meta property=\"og:title\" content=\"Island-Naturfoto-Ausstellung er\u00f6ffnet (2019) - Naturpark Stechlin-Ruppiner Land\" \/>\n<meta property=\"og:description\" content=\"Frank Scheil aus Panketal pr\u00e4sentiert vom bis 11. Januar bis zum 24. Februar seine naturfotografischen Impressionen von der Vulkaninsel im Nordatlantik.\" \/>\n<meta property=\"og:url\" content=\"https:\/\/www.naturparkmagazin.de\/stechlin\/island-fotoausstellung-eroeffnet\/\" \/>\n<meta property=\"og:site_name\" content=\"Naturpark Stechlin-Ruppiner Land\" \/>\n<meta property=\"article:published_time\" content=\"2019-01-14T07:29:50+00:00\" \/>\n<meta property=\"article:modified_time\" content=\"2025-06-19T11:50:55+00:00\" \/>\n<meta property=\"og:image\" content=\"https:\/\/www.naturparkmagazin.de\/stechlin\/wp-content\/uploads\/sites\/38\/Island.jpg\" \/>\n\t<meta property=\"og:image:width\" content=\"200\" \/>\n\t<meta property=\"og:image:height\" content=\"200\" \/>\n\t<meta property=\"og:image:type\" content=\"image\/jpeg\" \/>\n<meta name=\"author\" content=\"marioschrumpf\" \/>\n<meta name=\"twitter:label1\" content=\"Verfasst von\" \/>\n\t<meta name=\"twitter:data1\" content=\"marioschrumpf\" \/>\n\t<meta name=\"twitter:label2\" content=\"Gesch\u00e4tzte Lesezeit\" \/>\n\t<meta name=\"twitter:data2\" content=\"1\u00a0Minute\" \/>\n<script type=\"application\/ld+json\" class=\"yoast-schema-graph\">{\"@context\":\"https:\/\/schema.org\",\"@graph\":[{\"@type\":\"WebPage\",\"@id\":\"https:\/\/www.naturparkmagazin.de\/stechlin\/island-fotoausstellung-eroeffnet\/\",\"url\":\"https:\/\/www.naturparkmagazin.de\/stechlin\/island-fotoausstellung-eroeffnet\/\",\"name\":\"Island-Naturfoto-Ausstellung er\u00f6ffnet (2019) - Naturpark Stechlin-Ruppiner Land\",\"isPartOf\":{\"@id\":\"https:\/\/www.naturparkmagazin.de\/stechlin\/#website\"},\"datePublished\":\"2019-01-14T07:29:50+00:00\",\"dateModified\":\"2025-06-19T11:50:55+00:00\",\"author\":{\"@id\":\"https:\/\/www.naturparkmagazin.de\/stechlin\/#\/schema\/person\/3f0d93203df21c806dd63c76d9bb28bc\"},\"breadcrumb\":{\"@id\":\"https:\/\/www.naturparkmagazin.de\/stechlin\/island-fotoausstellung-eroeffnet\/#breadcrumb\"},\"inLanguage\":\"de\",\"potentialAction\":[{\"@type\":\"ReadAction\",\"target\":[\"https:\/\/www.naturparkmagazin.de\/stechlin\/island-fotoausstellung-eroeffnet\/\"]}]},{\"@type\":\"BreadcrumbList\",\"@id\":\"https:\/\/www.naturparkmagazin.de\/stechlin\/island-fotoausstellung-eroeffnet\/#breadcrumb\",\"itemListElement\":[{\"@type\":\"ListItem\",\"position\":1,\"name\":\"Home\",\"item\":\"https:\/\/www.naturparkmagazin.de\/stechlin\/\"},{\"@type\":\"ListItem\",\"position\":2,\"name\":\"Island-Naturfoto-Ausstellung er\u00f6ffnet (2019)\"}]},{\"@type\":\"WebSite\",\"@id\":\"https:\/\/www.naturparkmagazin.de\/stechlin\/#website\",\"url\":\"https:\/\/www.naturparkmagazin.de\/stechlin\/\",\"name\":\"Naturpark Stechlin-Ruppiner Land\",\"description\":\"\",\"potentialAction\":[{\"@type\":\"SearchAction\",\"target\":{\"@type\":\"EntryPoint\",\"urlTemplate\":\"https:\/\/www.naturparkmagazin.de\/stechlin\/?s={search_term_string}\"},\"query-input\":\"required name=search_term_string\"}],\"inLanguage\":\"de\"},{\"@type\":\"Person\",\"@id\":\"https:\/\/www.naturparkmagazin.de\/stechlin\/#\/schema\/person\/3f0d93203df21c806dd63c76d9bb28bc\",\"name\":\"marioschrumpf\",\"url\":\"https:\/\/www.naturparkmagazin.de\/stechlin\/author\/marioschrumpf\/\"}]}<\/script>\n<!-- \/ Yoast SEO plugin. -->","yoast_head_json":{"title":"Island-Naturfoto-Ausstellung er\u00f6ffnet (2019) - Naturpark Stechlin-Ruppiner Land","robots":{"index":"index","follow":"follow","max-snippet":"max-snippet:-1","max-image-preview":"max-image-preview:large","max-video-preview":"max-video-preview:-1"},"canonical":"https:\/\/www.naturparkmagazin.de\/stechlin\/island-fotoausstellung-eroeffnet\/","og_locale":"de_DE","og_type":"article","og_title":"Island-Naturfoto-Ausstellung er\u00f6ffnet (2019) - Naturpark Stechlin-Ruppiner Land","og_description":"Frank Scheil aus Panketal pr\u00e4sentiert vom bis 11. Januar bis zum 24. Februar seine naturfotografischen Impressionen von der Vulkaninsel im Nordatlantik.","og_url":"https:\/\/www.naturparkmagazin.de\/stechlin\/island-fotoausstellung-eroeffnet\/","og_site_name":"Naturpark Stechlin-Ruppiner Land","article_published_time":"2019-01-14T07:29:50+00:00","article_modified_time":"2025-06-19T11:50:55+00:00","og_image":[{"width":200,"height":200,"url":"https:\/\/www.naturparkmagazin.de\/stechlin\/wp-content\/uploads\/sites\/38\/Island.jpg","type":"image\/jpeg"}],"author":"marioschrumpf","twitter_misc":{"Verfasst von":"marioschrumpf","Gesch\u00e4tzte Lesezeit":"1\u00a0Minute"},"schema":{"@context":"https:\/\/schema.org","@graph":[{"@type":"WebPage","@id":"https:\/\/www.naturparkmagazin.de\/stechlin\/island-fotoausstellung-eroeffnet\/","url":"https:\/\/www.naturparkmagazin.de\/stechlin\/island-fotoausstellung-eroeffnet\/","name":"Island-Naturfoto-Ausstellung er\u00f6ffnet (2019) - Naturpark Stechlin-Ruppiner Land","isPartOf":{"@id":"https:\/\/www.naturparkmagazin.de\/stechlin\/#website"},"datePublished":"2019-01-14T07:29:50+00:00","dateModified":"2025-06-19T11:50:55+00:00","author":{"@id":"https:\/\/www.naturparkmagazin.de\/stechlin\/#\/schema\/person\/3f0d93203df21c806dd63c76d9bb28bc"},"breadcrumb":{"@id":"https:\/\/www.naturparkmagazin.de\/stechlin\/island-fotoausstellung-eroeffnet\/#breadcrumb"},"inLanguage":"de","potentialAction":[{"@type":"ReadAction","target":["https:\/\/www.naturparkmagazin.de\/stechlin\/island-fotoausstellung-eroeffnet\/"]}]},{"@type":"BreadcrumbList","@id":"https:\/\/www.naturparkmagazin.de\/stechlin\/island-fotoausstellung-eroeffnet\/#breadcrumb","itemListElement":[{"@type":"ListItem","position":1,"name":"Home","item":"https:\/\/www.naturparkmagazin.de\/stechlin\/"},{"@type":"ListItem","position":2,"name":"Island-Naturfoto-Ausstellung er\u00f6ffnet (2019)"}]},{"@type":"WebSite","@id":"https:\/\/www.naturparkmagazin.de\/stechlin\/#website","url":"https:\/\/www.naturparkmagazin.de\/stechlin\/","name":"Naturpark Stechlin-Ruppiner Land","description":"","potentialAction":[{"@type":"SearchAction","target":{"@type":"EntryPoint","urlTemplate":"https:\/\/www.naturparkmagazin.de\/stechlin\/?s={search_term_string}"},"query-input":"required name=search_term_string"}],"inLanguage":"de"},{"@type":"Person","@id":"https:\/\/www.naturparkmagazin.de\/stechlin\/#\/schema\/person\/3f0d93203df21c806dd63c76d9bb28bc","name":"marioschrumpf","url":"https:\/\/www.naturparkmagazin.de\/stechlin\/author\/marioschrumpf\/"}]}},"_links":{"self":[{"href":"https:\/\/www.naturparkmagazin.de\/stechlin\/wp-json\/wp\/v2\/posts\/7856"}],"collection":[{"href":"https:\/\/www.naturparkmagazin.de\/stechlin\/wp-json\/wp\/v2\/posts"}],"about":[{"href":"https:\/\/www.naturparkmagazin.de\/stechlin\/wp-json\/wp\/v2\/types\/post"}],"author":[{"embeddable":true,"href":"https:\/\/www.naturparkmagazin.de\/stechlin\/wp-json\/wp\/v2\/users\/39"}],"replies":[{"embeddable":true,"href":"https:\/\/www.naturparkmagazin.de\/stechlin\/wp-json\/wp\/v2\/comments?post=7856"}],"version-history":[{"count":8,"href":"https:\/\/www.naturparkmagazin.de\/stechlin\/wp-json\/wp\/v2\/posts\/7856\/revisions"}],"predecessor-version":[{"id":17527,"href":"https:\/\/www.naturparkmagazin.de\/stechlin\/wp-json\/wp\/v2\/posts\/7856\/revisions\/17527"}],"wp:featuredmedia":[{"embeddable":true,"href":"https:\/\/www.naturparkmagazin.de\/stechlin\/wp-json\/wp\/v2\/media\/7857"}],"wp:attachment":[{"href":"https:\/\/www.naturparkmagazin.de\/stechlin\/wp-json\/wp\/v2\/media?parent=7856"}],"wp:term":[{"taxonomy":"category","embeddable":true,"href":"https:\/\/www.naturparkmagazin.de\/stechlin\/wp-json\/wp\/v2\/categories?post=7856"},{"taxonomy":"post_tag","embeddable":true,"href":"https:\/\/www.naturparkmagazin.de\/stechlin\/wp-json\/wp\/v2\/tags?post=7856"}],"curies":[{"name":"wp","href":"https:\/\/api.w.org\/{rel}","templated":true}]}}