{"id":7863,"date":"2019-01-15T08:28:08","date_gmt":"2019-01-15T07:28:08","guid":{"rendered":"https:\/\/www.naturparkmagazin.de\/stechlin\/?p=7863"},"modified":"2019-01-25T15:10:24","modified_gmt":"2019-01-25T14:10:24","slug":"bluetengruesse-aus-fuerstenberghave-auf-der-gruenen-woche-un-berlin","status":"publish","type":"post","link":"https:\/\/www.naturparkmagazin.de\/stechlin\/bluetengruesse-aus-fuerstenberghave-auf-der-gruenen-woche-un-berlin\/","title":{"rendered":"Bl\u00fctengr\u00fc\u00dfe aus F\u00fcrstenberg\/Havel &#8211; auf der Gr\u00fcnen Woche in Berlin"},"content":{"rendered":"<div id=\"attachment_7864\" style=\"width: 310px\" class=\"wp-caption aligncenter\"><a href=\"https:\/\/www.naturparkmagazin.de\/stechlin\/wp-content\/uploads\/sites\/38\/M\u00e4nnergruppe500x300.jpg\"><img aria-describedby=\"caption-attachment-7864\" decoding=\"async\" loading=\"lazy\" class=\"size-thumbnail wp-image-7864\" src=\"https:\/\/www.naturparkmagazin.de\/stechlin\/wp-content\/uploads\/sites\/38\/M\u00e4nnergruppe500x300-300x180.jpg\" alt=\"Freuen sich \u00fcber die postalischen Erfolgsmeldungen aus den Projektregionen (v.l.n.r.): Thomas Muchow, Gesch\u00e4ftsf\u00fchrer unserer Stiftung, Peter R. M\u00fcller, Gesch\u00e4ftsf\u00fchrer Bayer CropScience Deutschland GmbH, Dr. Helmut Schramm, President Agricultural Affairs Bayer AG Crop Science Division, Dominik Himmler, Gesch\u00e4ftsf\u00fchrer Bayerische KulturLandStiftung, Bernhard Conzen, stv. Vorstandsvorsitzender unserer Stiftung, Friedhelm Decker, Vorstandsvorsitzender unserer Stiftung.\" width=\"300\" height=\"180\" srcset=\"https:\/\/www.naturparkmagazin.de\/stechlin\/wp-content\/uploads\/sites\/38\/M\u00e4nnergruppe500x300-300x180.jpg 300w, https:\/\/www.naturparkmagazin.de\/stechlin\/wp-content\/uploads\/sites\/38\/M\u00e4nnergruppe500x300.jpg 500w, https:\/\/www.naturparkmagazin.de\/stechlin\/wp-content\/uploads\/sites\/38\/M\u00e4nnergruppe500x300-200x120.jpg 200w\" sizes=\"(max-width: 300px) 100vw, 300px\" \/><\/a><p id=\"caption-attachment-7864\" class=\"wp-caption-text\">Freuen sich \u00fcber die postalischen Erfolgsmeldungen aus den Projektregionen (v.l.n.r.): Thomas Muchow, Gesch\u00e4ftsf\u00fchrer der Stiftung Rheinische Kulturlandschaft, Peter R. M\u00fcller, Gesch\u00e4ftsf\u00fchrer Bayer CropScience Deutschland GmbH, Dr. Helmut Schramm, President Agricultural Affairs Bayer AG Crop Science Division, Dominik Himmler, Gesch\u00e4ftsf\u00fchrer Bayerische KulturLandStiftung, Bernhard Conzen, stv. Vorstandsvorsitzender\u00a0der Stiftung Rheinische Kulturlandschaft, Friedhelm Decker, Vorstandsvorsitzender der Stiftung Rheinische Kulturlandschaft.<\/p><\/div>\n<p>Unser <strong>Ackerwildkr\u00e4uterprojekt<\/strong>\u00a0war <strong>auf der Internationalen Gr\u00fcnen Woche in Berlin<\/strong> in der Halle 3.2, Erlebnisbauernhof zusammen mit dem Bundesweiten Ackerwildkrautprojekt der Stiftung Rheinische Kulturlandschaft vertreten.<\/p>\n<p>Der Ausruf \u201e<em>Unkraut vergeht nicht \u2013 stimmt nicht<\/em>!\u201c hat auch acht Jahre, nachdem das gleichnamige Projekt aus der Taufe gehoben wurde, nicht an Aktualit\u00e4t verloren. Doch konnte es seitdem mit seinem besonderen Konzept gemeinsam mit regionalen Partnern in f\u00fcnf Bundesl\u00e4ndern zum Schutz von mehr als 100 seltenen Arten und Unterarten beitragen.<\/p>\n<p>Zu den regionalen Partnern geh\u00f6ren die Bayerische KulturLandStiftung, Dr. Sven Wehke (WEHKE \u2013 Naturschutz und Landwirtschaft), die Stiftung Kulturlandschaft Sachsen-Anhalt und der Biohof Kepos in Altglobsow <strong>mit fachlicher Unterst\u00fctzung des Naturparks Stechlin-Ruppiner Land<\/strong>. Diese Partner setzen den <strong>Dreiklang aus Sammeln \u2013 Vermehren \u2013 Sichern<\/strong> jeweils in ihrer Region um.<\/p>\n<p><a href=\"https:\/\/www.naturparkmagazin.de\/stechlin\/wp-content\/uploads\/sites\/38\/Vorderseite500x300.jpg\"><img decoding=\"async\" loading=\"lazy\" class=\" size-thumbnail wp-image-7867 aligncenter\" src=\"https:\/\/www.naturparkmagazin.de\/stechlin\/wp-content\/uploads\/sites\/38\/Vorderseite500x300-300x180.jpg\" alt=\"NP SRL\/Silke Oldorff\" width=\"300\" height=\"180\" srcset=\"https:\/\/www.naturparkmagazin.de\/stechlin\/wp-content\/uploads\/sites\/38\/Vorderseite500x300-300x180.jpg 300w, https:\/\/www.naturparkmagazin.de\/stechlin\/wp-content\/uploads\/sites\/38\/Vorderseite500x300.jpg 500w, https:\/\/www.naturparkmagazin.de\/stechlin\/wp-content\/uploads\/sites\/38\/Vorderseite500x300-200x120.jpg 200w\" sizes=\"(max-width: 300px) 100vw, 300px\" \/><\/a><\/p>\n<p><a href=\"https:\/\/www.naturparkmagazin.de\/stechlin\/wp-content\/uploads\/sites\/38\/R\u00fcckseite500x300.jpg\"><img decoding=\"async\" loading=\"lazy\" class=\" size-thumbnail wp-image-7865 aligncenter\" src=\"https:\/\/www.naturparkmagazin.de\/stechlin\/wp-content\/uploads\/sites\/38\/R\u00fcckseite500x300-300x191.jpg\" alt=\"NP SRL\/Silke Oldorff\" width=\"300\" height=\"191\" srcset=\"https:\/\/www.naturparkmagazin.de\/stechlin\/wp-content\/uploads\/sites\/38\/R\u00fcckseite500x300-300x191.jpg 300w, https:\/\/www.naturparkmagazin.de\/stechlin\/wp-content\/uploads\/sites\/38\/R\u00fcckseite500x300-200x127.jpg 200w, https:\/\/www.naturparkmagazin.de\/stechlin\/wp-content\/uploads\/sites\/38\/R\u00fcckseite500x300.jpg 550w\" sizes=\"(max-width: 300px) 100vw, 300px\" \/><\/a><\/p>\n<p>&nbsp;<\/p>\n","protected":false},"excerpt":{"rendered":"<p>Unser Ackerwildkr\u00e4uterprojekt war auf der IGW in der Halle 3.2, Erlebnisbauernhof zusammen mit dem Bundesweiten Ackerwildkrautprojekt der Stiftung Rheinische Kulturlandschaft vertreten.<\/p>\n","protected":false},"author":39,"featured_media":7866,"comment_status":"open","ping_status":"open","sticky":false,"template":"","format":"standard","meta":[],"categories":[7],"tags":[],"yoast_head":"<!-- This site is optimized with the Yoast SEO plugin v19.10 - https:\/\/yoast.com\/wordpress\/plugins\/seo\/ -->\n<title>Bl\u00fctengr\u00fc\u00dfe aus F\u00fcrstenberg\/Havel - auf der Gr\u00fcnen Woche in Berlin - Naturpark Stechlin-Ruppiner Land<\/title>\n<meta name=\"robots\" content=\"index, follow, max-snippet:-1, max-image-preview:large, max-video-preview:-1\" \/>\n<link rel=\"canonical\" href=\"https:\/\/www.naturparkmagazin.de\/stechlin\/bluetengruesse-aus-fuerstenberghave-auf-der-gruenen-woche-un-berlin\/\" \/>\n<meta property=\"og:locale\" content=\"de_DE\" \/>\n<meta property=\"og:type\" content=\"article\" \/>\n<meta property=\"og:title\" content=\"Bl\u00fctengr\u00fc\u00dfe aus F\u00fcrstenberg\/Havel - auf der Gr\u00fcnen Woche in Berlin - Naturpark Stechlin-Ruppiner Land\" \/>\n<meta property=\"og:description\" content=\"Unser Ackerwildkr\u00e4uterprojekt war auf der IGW in der Halle 3.2, Erlebnisbauernhof zusammen mit dem Bundesweiten Ackerwildkrautprojekt der Stiftung Rheinische Kulturlandschaft vertreten.\" \/>\n<meta property=\"og:url\" content=\"https:\/\/www.naturparkmagazin.de\/stechlin\/bluetengruesse-aus-fuerstenberghave-auf-der-gruenen-woche-un-berlin\/\" \/>\n<meta property=\"og:site_name\" content=\"Naturpark Stechlin-Ruppiner Land\" \/>\n<meta property=\"article:published_time\" content=\"2019-01-15T07:28:08+00:00\" \/>\n<meta property=\"article:modified_time\" content=\"2019-01-25T14:10:24+00:00\" \/>\n<meta property=\"og:image\" content=\"https:\/\/www.naturparkmagazin.de\/stechlin\/wp-content\/uploads\/sites\/38\/Vorderseite200x200.jpg\" \/>\n\t<meta property=\"og:image:width\" content=\"200\" \/>\n\t<meta property=\"og:image:height\" content=\"200\" \/>\n\t<meta property=\"og:image:type\" content=\"image\/jpeg\" \/>\n<meta name=\"author\" content=\"marioschrumpf\" \/>\n<meta name=\"twitter:label1\" content=\"Verfasst von\" \/>\n\t<meta name=\"twitter:data1\" content=\"marioschrumpf\" \/>\n\t<meta name=\"twitter:label2\" content=\"Gesch\u00e4tzte Lesezeit\" \/>\n\t<meta name=\"twitter:data2\" content=\"1\u00a0Minute\" \/>\n<script type=\"application\/ld+json\" class=\"yoast-schema-graph\">{\"@context\":\"https:\/\/schema.org\",\"@graph\":[{\"@type\":\"WebPage\",\"@id\":\"https:\/\/www.naturparkmagazin.de\/stechlin\/bluetengruesse-aus-fuerstenberghave-auf-der-gruenen-woche-un-berlin\/\",\"url\":\"https:\/\/www.naturparkmagazin.de\/stechlin\/bluetengruesse-aus-fuerstenberghave-auf-der-gruenen-woche-un-berlin\/\",\"name\":\"Bl\u00fctengr\u00fc\u00dfe aus F\u00fcrstenberg\/Havel - auf der Gr\u00fcnen Woche in Berlin - Naturpark Stechlin-Ruppiner Land\",\"isPartOf\":{\"@id\":\"https:\/\/www.naturparkmagazin.de\/stechlin\/#website\"},\"datePublished\":\"2019-01-15T07:28:08+00:00\",\"dateModified\":\"2019-01-25T14:10:24+00:00\",\"author\":{\"@id\":\"https:\/\/www.naturparkmagazin.de\/stechlin\/#\/schema\/person\/3f0d93203df21c806dd63c76d9bb28bc\"},\"breadcrumb\":{\"@id\":\"https:\/\/www.naturparkmagazin.de\/stechlin\/bluetengruesse-aus-fuerstenberghave-auf-der-gruenen-woche-un-berlin\/#breadcrumb\"},\"inLanguage\":\"de\",\"potentialAction\":[{\"@type\":\"ReadAction\",\"target\":[\"https:\/\/www.naturparkmagazin.de\/stechlin\/bluetengruesse-aus-fuerstenberghave-auf-der-gruenen-woche-un-berlin\/\"]}]},{\"@type\":\"BreadcrumbList\",\"@id\":\"https:\/\/www.naturparkmagazin.de\/stechlin\/bluetengruesse-aus-fuerstenberghave-auf-der-gruenen-woche-un-berlin\/#breadcrumb\",\"itemListElement\":[{\"@type\":\"ListItem\",\"position\":1,\"name\":\"Home\",\"item\":\"https:\/\/www.naturparkmagazin.de\/stechlin\/\"},{\"@type\":\"ListItem\",\"position\":2,\"name\":\"Bl\u00fctengr\u00fc\u00dfe aus F\u00fcrstenberg\/Havel &#8211; auf der Gr\u00fcnen Woche in Berlin\"}]},{\"@type\":\"WebSite\",\"@id\":\"https:\/\/www.naturparkmagazin.de\/stechlin\/#website\",\"url\":\"https:\/\/www.naturparkmagazin.de\/stechlin\/\",\"name\":\"Naturpark Stechlin-Ruppiner Land\",\"description\":\"\",\"potentialAction\":[{\"@type\":\"SearchAction\",\"target\":{\"@type\":\"EntryPoint\",\"urlTemplate\":\"https:\/\/www.naturparkmagazin.de\/stechlin\/?s={search_term_string}\"},\"query-input\":\"required name=search_term_string\"}],\"inLanguage\":\"de\"},{\"@type\":\"Person\",\"@id\":\"https:\/\/www.naturparkmagazin.de\/stechlin\/#\/schema\/person\/3f0d93203df21c806dd63c76d9bb28bc\",\"name\":\"marioschrumpf\",\"url\":\"https:\/\/www.naturparkmagazin.de\/stechlin\/author\/marioschrumpf\/\"}]}<\/script>\n<!-- \/ Yoast SEO plugin. -->","yoast_head_json":{"title":"Bl\u00fctengr\u00fc\u00dfe aus F\u00fcrstenberg\/Havel - auf der Gr\u00fcnen Woche in Berlin - Naturpark Stechlin-Ruppiner Land","robots":{"index":"index","follow":"follow","max-snippet":"max-snippet:-1","max-image-preview":"max-image-preview:large","max-video-preview":"max-video-preview:-1"},"canonical":"https:\/\/www.naturparkmagazin.de\/stechlin\/bluetengruesse-aus-fuerstenberghave-auf-der-gruenen-woche-un-berlin\/","og_locale":"de_DE","og_type":"article","og_title":"Bl\u00fctengr\u00fc\u00dfe aus F\u00fcrstenberg\/Havel - auf der Gr\u00fcnen Woche in Berlin - Naturpark Stechlin-Ruppiner Land","og_description":"Unser Ackerwildkr\u00e4uterprojekt war auf der IGW in der Halle 3.2, Erlebnisbauernhof zusammen mit dem Bundesweiten Ackerwildkrautprojekt der Stiftung Rheinische Kulturlandschaft vertreten.","og_url":"https:\/\/www.naturparkmagazin.de\/stechlin\/bluetengruesse-aus-fuerstenberghave-auf-der-gruenen-woche-un-berlin\/","og_site_name":"Naturpark Stechlin-Ruppiner Land","article_published_time":"2019-01-15T07:28:08+00:00","article_modified_time":"2019-01-25T14:10:24+00:00","og_image":[{"width":200,"height":200,"url":"https:\/\/www.naturparkmagazin.de\/stechlin\/wp-content\/uploads\/sites\/38\/Vorderseite200x200.jpg","type":"image\/jpeg"}],"author":"marioschrumpf","twitter_misc":{"Verfasst von":"marioschrumpf","Gesch\u00e4tzte Lesezeit":"1\u00a0Minute"},"schema":{"@context":"https:\/\/schema.org","@graph":[{"@type":"WebPage","@id":"https:\/\/www.naturparkmagazin.de\/stechlin\/bluetengruesse-aus-fuerstenberghave-auf-der-gruenen-woche-un-berlin\/","url":"https:\/\/www.naturparkmagazin.de\/stechlin\/bluetengruesse-aus-fuerstenberghave-auf-der-gruenen-woche-un-berlin\/","name":"Bl\u00fctengr\u00fc\u00dfe aus F\u00fcrstenberg\/Havel - auf der Gr\u00fcnen Woche in Berlin - Naturpark Stechlin-Ruppiner Land","isPartOf":{"@id":"https:\/\/www.naturparkmagazin.de\/stechlin\/#website"},"datePublished":"2019-01-15T07:28:08+00:00","dateModified":"2019-01-25T14:10:24+00:00","author":{"@id":"https:\/\/www.naturparkmagazin.de\/stechlin\/#\/schema\/person\/3f0d93203df21c806dd63c76d9bb28bc"},"breadcrumb":{"@id":"https:\/\/www.naturparkmagazin.de\/stechlin\/bluetengruesse-aus-fuerstenberghave-auf-der-gruenen-woche-un-berlin\/#breadcrumb"},"inLanguage":"de","potentialAction":[{"@type":"ReadAction","target":["https:\/\/www.naturparkmagazin.de\/stechlin\/bluetengruesse-aus-fuerstenberghave-auf-der-gruenen-woche-un-berlin\/"]}]},{"@type":"BreadcrumbList","@id":"https:\/\/www.naturparkmagazin.de\/stechlin\/bluetengruesse-aus-fuerstenberghave-auf-der-gruenen-woche-un-berlin\/#breadcrumb","itemListElement":[{"@type":"ListItem","position":1,"name":"Home","item":"https:\/\/www.naturparkmagazin.de\/stechlin\/"},{"@type":"ListItem","position":2,"name":"Bl\u00fctengr\u00fc\u00dfe aus F\u00fcrstenberg\/Havel &#8211; auf der Gr\u00fcnen Woche in Berlin"}]},{"@type":"WebSite","@id":"https:\/\/www.naturparkmagazin.de\/stechlin\/#website","url":"https:\/\/www.naturparkmagazin.de\/stechlin\/","name":"Naturpark Stechlin-Ruppiner Land","description":"","potentialAction":[{"@type":"SearchAction","target":{"@type":"EntryPoint","urlTemplate":"https:\/\/www.naturparkmagazin.de\/stechlin\/?s={search_term_string}"},"query-input":"required name=search_term_string"}],"inLanguage":"de"},{"@type":"Person","@id":"https:\/\/www.naturparkmagazin.de\/stechlin\/#\/schema\/person\/3f0d93203df21c806dd63c76d9bb28bc","name":"marioschrumpf","url":"https:\/\/www.naturparkmagazin.de\/stechlin\/author\/marioschrumpf\/"}]}},"_links":{"self":[{"href":"https:\/\/www.naturparkmagazin.de\/stechlin\/wp-json\/wp\/v2\/posts\/7863"}],"collection":[{"href":"https:\/\/www.naturparkmagazin.de\/stechlin\/wp-json\/wp\/v2\/posts"}],"about":[{"href":"https:\/\/www.naturparkmagazin.de\/stechlin\/wp-json\/wp\/v2\/types\/post"}],"author":[{"embeddable":true,"href":"https:\/\/www.naturparkmagazin.de\/stechlin\/wp-json\/wp\/v2\/users\/39"}],"replies":[{"embeddable":true,"href":"https:\/\/www.naturparkmagazin.de\/stechlin\/wp-json\/wp\/v2\/comments?post=7863"}],"version-history":[{"count":3,"href":"https:\/\/www.naturparkmagazin.de\/stechlin\/wp-json\/wp\/v2\/posts\/7863\/revisions"}],"predecessor-version":[{"id":7913,"href":"https:\/\/www.naturparkmagazin.de\/stechlin\/wp-json\/wp\/v2\/posts\/7863\/revisions\/7913"}],"wp:featuredmedia":[{"embeddable":true,"href":"https:\/\/www.naturparkmagazin.de\/stechlin\/wp-json\/wp\/v2\/media\/7866"}],"wp:attachment":[{"href":"https:\/\/www.naturparkmagazin.de\/stechlin\/wp-json\/wp\/v2\/media?parent=7863"}],"wp:term":[{"taxonomy":"category","embeddable":true,"href":"https:\/\/www.naturparkmagazin.de\/stechlin\/wp-json\/wp\/v2\/categories?post=7863"},{"taxonomy":"post_tag","embeddable":true,"href":"https:\/\/www.naturparkmagazin.de\/stechlin\/wp-json\/wp\/v2\/tags?post=7863"}],"curies":[{"name":"wp","href":"https:\/\/api.w.org\/{rel}","templated":true}]}}