{"id":7875,"date":"2019-01-15T10:41:10","date_gmt":"2019-01-15T09:41:10","guid":{"rendered":"https:\/\/www.naturparkmagazin.de\/stechlin\/?p=7875"},"modified":"2019-01-25T14:18:10","modified_gmt":"2019-01-25T13:18:10","slug":"glueckwuensche-fuer-den-neuen-vorstand","status":"publish","type":"post","link":"https:\/\/www.naturparkmagazin.de\/stechlin\/glueckwuensche-fuer-den-neuen-vorstand\/","title":{"rendered":"Gl\u00fcckw\u00fcnsche f\u00fcr den neuen Vorstand des F\u00f6rdervereins"},"content":{"rendered":"<div id=\"attachment_7877\" style=\"width: 310px\" class=\"wp-caption aligncenter\"><a href=\"https:\/\/www.naturparkmagazin.de\/stechlin\/wp-content\/uploads\/sites\/38\/F\u00d6V-180119_28.jpg\"><img aria-describedby=\"caption-attachment-7877\" decoding=\"async\" loading=\"lazy\" class=\"size-thumbnail wp-image-7877\" src=\"https:\/\/www.naturparkmagazin.de\/stechlin\/wp-content\/uploads\/sites\/38\/F\u00d6V-180119_28-300x180.jpg\" alt=\"Der neue Vorstand: Mathias Henkel, J\u00f6rg Spr\u00f6\u00dfig, Reinhard Dalchow, Peter Casper, J\u00f6rg Brinkmann (v.l.n.r.)\" width=\"300\" height=\"180\" srcset=\"https:\/\/www.naturparkmagazin.de\/stechlin\/wp-content\/uploads\/sites\/38\/F\u00d6V-180119_28-300x180.jpg 300w, https:\/\/www.naturparkmagazin.de\/stechlin\/wp-content\/uploads\/sites\/38\/F\u00d6V-180119_28.jpg 500w, https:\/\/www.naturparkmagazin.de\/stechlin\/wp-content\/uploads\/sites\/38\/F\u00d6V-180119_28-200x120.jpg 200w\" sizes=\"(max-width: 300px) 100vw, 300px\" \/><\/a><p id=\"caption-attachment-7877\" class=\"wp-caption-text\">Der neue Vorstand: Mathias Henkel, J\u00f6rg Spr\u00f6\u00dfig, Reinhard Dalchow, Dr. Peter Casper, J\u00f6rg Brinkmann (v.l.n.r.)<\/p><\/div>\n<p>Am 18. Januar w\u00e4hlten die Mitglieder des F\u00f6rdervereins Naturlandschaft Stechlin und Menzer Heide e. V. einen neuen Vorstand.<\/p>\n<div id=\"attachment_7879\" style=\"width: 310px\" class=\"wp-caption aligncenter\"><a href=\"https:\/\/www.naturparkmagazin.de\/stechlin\/wp-content\/uploads\/sites\/38\/F\u00d6V-180119_12.jpg\"><img aria-describedby=\"caption-attachment-7879\" decoding=\"async\" loading=\"lazy\" class=\"size-thumbnail wp-image-7879\" src=\"https:\/\/www.naturparkmagazin.de\/stechlin\/wp-content\/uploads\/sites\/38\/F\u00d6V-180119_12-300x180.jpg\" alt=\"Naturparkleiter Dr. Mario Schrumpf verabschiedet Dr. Wolfgang Henkel.\" width=\"300\" height=\"180\" srcset=\"https:\/\/www.naturparkmagazin.de\/stechlin\/wp-content\/uploads\/sites\/38\/F\u00d6V-180119_12-300x180.jpg 300w, https:\/\/www.naturparkmagazin.de\/stechlin\/wp-content\/uploads\/sites\/38\/F\u00d6V-180119_12.jpg 500w, https:\/\/www.naturparkmagazin.de\/stechlin\/wp-content\/uploads\/sites\/38\/F\u00d6V-180119_12-200x120.jpg 200w\" sizes=\"(max-width: 300px) 100vw, 300px\" \/><\/a><p id=\"caption-attachment-7879\" class=\"wp-caption-text\">Naturparkleiter Dr. Mario Schrumpf verabschiedet Dr. Wolfgang Henkel.<\/p><\/div>\n<p>Nach 16 Jahren als Vorsitzender des Vereins wurde Dr. Wolfgang Henkel feierlich verabschiedet. Er wird aber weiterhin dem F\u00f6rderverein die Treue halten und sich um die Herausgabe des Mitgliederheftes k\u00fcmmern. Neuer Vorsitzender ist J\u00f6rg Brinkmann, seine Stellvertreter sind J\u00f6rg Spr\u00f6\u00dfig und Reinhard Dalchow. Als Beisitzer wurden Dr. Peter Casper und Mathias Henkel gew\u00e4hlt.<\/p>\n<div id=\"attachment_7878\" style=\"width: 190px\" class=\"wp-caption aligncenter\"><a href=\"https:\/\/www.naturparkmagazin.de\/stechlin\/wp-content\/uploads\/sites\/38\/F\u00d6V-180119_22.jpg\"><img aria-describedby=\"caption-attachment-7878\" decoding=\"async\" loading=\"lazy\" class=\"size-full wp-image-7878\" src=\"https:\/\/www.naturparkmagazin.de\/stechlin\/wp-content\/uploads\/sites\/38\/F\u00d6V-180119_22.jpg\" alt=\"B\u00fcrgermeister Wolfgang Kielblock bedankt sich bei Dr. Wolfgang Henkel f\u00fcr sein Engagement als F\u00f6rdervereinsvorsitzender.\" width=\"180\" height=\"250\" \/><\/a><p id=\"caption-attachment-7878\" class=\"wp-caption-text\">B\u00fcrgermeister Wolfgang Kielblock bedankt sich bei Dr. Wolfgang Henkel f\u00fcr sein Engagement als F\u00f6rdervereinsvorsitzender.<\/p><\/div>\n<p>Nach dem federf\u00fchrend von Karin Schl\u00f6sser und Susanne Bartel sehr gut vorbereiteten B\u00fcfett referierte Dr. Hartmut Kretschmer\u00a0\u00fcber den in den letzten Jahren zu beobachtenden, rasanten R\u00fcckgang unserer Insekten. Der promovierte Entomologe (Insektenkundler) war viele Jahre Leiter der Abteilung Gro\u00dfschutzgebiete und Regionalentwicklung im Landesamt f\u00fcr Umwelt. Aktuell engagiert er sich beim NABU Brandenburg f\u00fcr den Schutz der heimischen Insekten.<\/p>\n<div id=\"attachment_7876\" style=\"width: 310px\" class=\"wp-caption aligncenter\"><a href=\"https:\/\/www.naturparkmagazin.de\/stechlin\/wp-content\/uploads\/sites\/38\/F\u00d6V-J\u00fcrgen-Rammelt_-039.jpg\"><img aria-describedby=\"caption-attachment-7876\" decoding=\"async\" loading=\"lazy\" class=\"size-thumbnail wp-image-7876\" src=\"https:\/\/www.naturparkmagazin.de\/stechlin\/wp-content\/uploads\/sites\/38\/F\u00d6V-J\u00fcrgen-Rammelt_-039-300x180.jpg\" alt=\"Dr. Hartmut Kretschmer referiert \u00fcber den rasanten R\u00fcckgang der Insekten. (Foto: J\u00fcrgen Rammelt)\" width=\"300\" height=\"180\" srcset=\"https:\/\/www.naturparkmagazin.de\/stechlin\/wp-content\/uploads\/sites\/38\/F\u00d6V-J\u00fcrgen-Rammelt_-039-300x180.jpg 300w, https:\/\/www.naturparkmagazin.de\/stechlin\/wp-content\/uploads\/sites\/38\/F\u00d6V-J\u00fcrgen-Rammelt_-039.jpg 500w, https:\/\/www.naturparkmagazin.de\/stechlin\/wp-content\/uploads\/sites\/38\/F\u00d6V-J\u00fcrgen-Rammelt_-039-200x120.jpg 200w\" sizes=\"(max-width: 300px) 100vw, 300px\" \/><\/a><p id=\"caption-attachment-7876\" class=\"wp-caption-text\">Dr. Hartmut Kretschmer referiert \u00fcber den rasanten R\u00fcckgang der Insekten. (Foto: J\u00fcrgen Rammelt)<\/p><\/div>\n","protected":false},"excerpt":{"rendered":"<p>Am 18. Januar w\u00e4hlten die Mitglieder des F\u00f6rdervereins Naturlandschaft Stechlin und Menzer Heide e. V. einen neuen Vorstand.<\/p>\n","protected":false},"author":39,"featured_media":7880,"comment_status":"open","ping_status":"open","sticky":false,"template":"","format":"standard","meta":[],"categories":[7],"tags":[],"yoast_head":"<!-- This site is optimized with the Yoast SEO plugin v19.10 - https:\/\/yoast.com\/wordpress\/plugins\/seo\/ -->\n<title>Gl\u00fcckw\u00fcnsche f\u00fcr den neuen Vorstand des F\u00f6rdervereins - Naturpark Stechlin-Ruppiner Land<\/title>\n<meta name=\"robots\" content=\"index, follow, max-snippet:-1, max-image-preview:large, max-video-preview:-1\" \/>\n<link rel=\"canonical\" href=\"https:\/\/www.naturparkmagazin.de\/stechlin\/glueckwuensche-fuer-den-neuen-vorstand\/\" \/>\n<meta property=\"og:locale\" content=\"de_DE\" \/>\n<meta property=\"og:type\" content=\"article\" \/>\n<meta property=\"og:title\" content=\"Gl\u00fcckw\u00fcnsche f\u00fcr den neuen Vorstand des F\u00f6rdervereins - Naturpark Stechlin-Ruppiner Land\" \/>\n<meta property=\"og:description\" content=\"Am 18. Januar w\u00e4hlten die Mitglieder des F\u00f6rdervereins Naturlandschaft Stechlin und Menzer Heide e. V. einen neuen Vorstand.\" \/>\n<meta property=\"og:url\" content=\"https:\/\/www.naturparkmagazin.de\/stechlin\/glueckwuensche-fuer-den-neuen-vorstand\/\" \/>\n<meta property=\"og:site_name\" content=\"Naturpark Stechlin-Ruppiner Land\" \/>\n<meta property=\"article:published_time\" content=\"2019-01-15T09:41:10+00:00\" \/>\n<meta property=\"article:modified_time\" content=\"2019-01-25T13:18:10+00:00\" \/>\n<meta property=\"og:image\" content=\"https:\/\/www.naturparkmagazin.de\/stechlin\/wp-content\/uploads\/sites\/38\/F\u00d6V-180119_31.jpg\" \/>\n\t<meta property=\"og:image:width\" content=\"200\" \/>\n\t<meta property=\"og:image:height\" content=\"200\" \/>\n\t<meta property=\"og:image:type\" content=\"image\/jpeg\" \/>\n<meta name=\"author\" content=\"marioschrumpf\" \/>\n<meta name=\"twitter:label1\" content=\"Verfasst von\" \/>\n\t<meta name=\"twitter:data1\" content=\"marioschrumpf\" \/>\n\t<meta name=\"twitter:label2\" content=\"Gesch\u00e4tzte Lesezeit\" \/>\n\t<meta name=\"twitter:data2\" content=\"1\u00a0Minute\" \/>\n<script type=\"application\/ld+json\" class=\"yoast-schema-graph\">{\"@context\":\"https:\/\/schema.org\",\"@graph\":[{\"@type\":\"WebPage\",\"@id\":\"https:\/\/www.naturparkmagazin.de\/stechlin\/glueckwuensche-fuer-den-neuen-vorstand\/\",\"url\":\"https:\/\/www.naturparkmagazin.de\/stechlin\/glueckwuensche-fuer-den-neuen-vorstand\/\",\"name\":\"Gl\u00fcckw\u00fcnsche f\u00fcr den neuen Vorstand des F\u00f6rdervereins - Naturpark Stechlin-Ruppiner Land\",\"isPartOf\":{\"@id\":\"https:\/\/www.naturparkmagazin.de\/stechlin\/#website\"},\"datePublished\":\"2019-01-15T09:41:10+00:00\",\"dateModified\":\"2019-01-25T13:18:10+00:00\",\"author\":{\"@id\":\"https:\/\/www.naturparkmagazin.de\/stechlin\/#\/schema\/person\/3f0d93203df21c806dd63c76d9bb28bc\"},\"breadcrumb\":{\"@id\":\"https:\/\/www.naturparkmagazin.de\/stechlin\/glueckwuensche-fuer-den-neuen-vorstand\/#breadcrumb\"},\"inLanguage\":\"de\",\"potentialAction\":[{\"@type\":\"ReadAction\",\"target\":[\"https:\/\/www.naturparkmagazin.de\/stechlin\/glueckwuensche-fuer-den-neuen-vorstand\/\"]}]},{\"@type\":\"BreadcrumbList\",\"@id\":\"https:\/\/www.naturparkmagazin.de\/stechlin\/glueckwuensche-fuer-den-neuen-vorstand\/#breadcrumb\",\"itemListElement\":[{\"@type\":\"ListItem\",\"position\":1,\"name\":\"Home\",\"item\":\"https:\/\/www.naturparkmagazin.de\/stechlin\/\"},{\"@type\":\"ListItem\",\"position\":2,\"name\":\"Gl\u00fcckw\u00fcnsche f\u00fcr den neuen Vorstand des F\u00f6rdervereins\"}]},{\"@type\":\"WebSite\",\"@id\":\"https:\/\/www.naturparkmagazin.de\/stechlin\/#website\",\"url\":\"https:\/\/www.naturparkmagazin.de\/stechlin\/\",\"name\":\"Naturpark Stechlin-Ruppiner Land\",\"description\":\"\",\"potentialAction\":[{\"@type\":\"SearchAction\",\"target\":{\"@type\":\"EntryPoint\",\"urlTemplate\":\"https:\/\/www.naturparkmagazin.de\/stechlin\/?s={search_term_string}\"},\"query-input\":\"required name=search_term_string\"}],\"inLanguage\":\"de\"},{\"@type\":\"Person\",\"@id\":\"https:\/\/www.naturparkmagazin.de\/stechlin\/#\/schema\/person\/3f0d93203df21c806dd63c76d9bb28bc\",\"name\":\"marioschrumpf\",\"url\":\"https:\/\/www.naturparkmagazin.de\/stechlin\/author\/marioschrumpf\/\"}]}<\/script>\n<!-- \/ Yoast SEO plugin. -->","yoast_head_json":{"title":"Gl\u00fcckw\u00fcnsche f\u00fcr den neuen Vorstand des F\u00f6rdervereins - Naturpark Stechlin-Ruppiner Land","robots":{"index":"index","follow":"follow","max-snippet":"max-snippet:-1","max-image-preview":"max-image-preview:large","max-video-preview":"max-video-preview:-1"},"canonical":"https:\/\/www.naturparkmagazin.de\/stechlin\/glueckwuensche-fuer-den-neuen-vorstand\/","og_locale":"de_DE","og_type":"article","og_title":"Gl\u00fcckw\u00fcnsche f\u00fcr den neuen Vorstand des F\u00f6rdervereins - Naturpark Stechlin-Ruppiner Land","og_description":"Am 18. Januar w\u00e4hlten die Mitglieder des F\u00f6rdervereins Naturlandschaft Stechlin und Menzer Heide e. V. einen neuen Vorstand.","og_url":"https:\/\/www.naturparkmagazin.de\/stechlin\/glueckwuensche-fuer-den-neuen-vorstand\/","og_site_name":"Naturpark Stechlin-Ruppiner Land","article_published_time":"2019-01-15T09:41:10+00:00","article_modified_time":"2019-01-25T13:18:10+00:00","og_image":[{"width":200,"height":200,"url":"https:\/\/www.naturparkmagazin.de\/stechlin\/wp-content\/uploads\/sites\/38\/F\u00d6V-180119_31.jpg","type":"image\/jpeg"}],"author":"marioschrumpf","twitter_misc":{"Verfasst von":"marioschrumpf","Gesch\u00e4tzte Lesezeit":"1\u00a0Minute"},"schema":{"@context":"https:\/\/schema.org","@graph":[{"@type":"WebPage","@id":"https:\/\/www.naturparkmagazin.de\/stechlin\/glueckwuensche-fuer-den-neuen-vorstand\/","url":"https:\/\/www.naturparkmagazin.de\/stechlin\/glueckwuensche-fuer-den-neuen-vorstand\/","name":"Gl\u00fcckw\u00fcnsche f\u00fcr den neuen Vorstand des F\u00f6rdervereins - Naturpark Stechlin-Ruppiner Land","isPartOf":{"@id":"https:\/\/www.naturparkmagazin.de\/stechlin\/#website"},"datePublished":"2019-01-15T09:41:10+00:00","dateModified":"2019-01-25T13:18:10+00:00","author":{"@id":"https:\/\/www.naturparkmagazin.de\/stechlin\/#\/schema\/person\/3f0d93203df21c806dd63c76d9bb28bc"},"breadcrumb":{"@id":"https:\/\/www.naturparkmagazin.de\/stechlin\/glueckwuensche-fuer-den-neuen-vorstand\/#breadcrumb"},"inLanguage":"de","potentialAction":[{"@type":"ReadAction","target":["https:\/\/www.naturparkmagazin.de\/stechlin\/glueckwuensche-fuer-den-neuen-vorstand\/"]}]},{"@type":"BreadcrumbList","@id":"https:\/\/www.naturparkmagazin.de\/stechlin\/glueckwuensche-fuer-den-neuen-vorstand\/#breadcrumb","itemListElement":[{"@type":"ListItem","position":1,"name":"Home","item":"https:\/\/www.naturparkmagazin.de\/stechlin\/"},{"@type":"ListItem","position":2,"name":"Gl\u00fcckw\u00fcnsche f\u00fcr den neuen Vorstand des F\u00f6rdervereins"}]},{"@type":"WebSite","@id":"https:\/\/www.naturparkmagazin.de\/stechlin\/#website","url":"https:\/\/www.naturparkmagazin.de\/stechlin\/","name":"Naturpark Stechlin-Ruppiner Land","description":"","potentialAction":[{"@type":"SearchAction","target":{"@type":"EntryPoint","urlTemplate":"https:\/\/www.naturparkmagazin.de\/stechlin\/?s={search_term_string}"},"query-input":"required name=search_term_string"}],"inLanguage":"de"},{"@type":"Person","@id":"https:\/\/www.naturparkmagazin.de\/stechlin\/#\/schema\/person\/3f0d93203df21c806dd63c76d9bb28bc","name":"marioschrumpf","url":"https:\/\/www.naturparkmagazin.de\/stechlin\/author\/marioschrumpf\/"}]}},"_links":{"self":[{"href":"https:\/\/www.naturparkmagazin.de\/stechlin\/wp-json\/wp\/v2\/posts\/7875"}],"collection":[{"href":"https:\/\/www.naturparkmagazin.de\/stechlin\/wp-json\/wp\/v2\/posts"}],"about":[{"href":"https:\/\/www.naturparkmagazin.de\/stechlin\/wp-json\/wp\/v2\/types\/post"}],"author":[{"embeddable":true,"href":"https:\/\/www.naturparkmagazin.de\/stechlin\/wp-json\/wp\/v2\/users\/39"}],"replies":[{"embeddable":true,"href":"https:\/\/www.naturparkmagazin.de\/stechlin\/wp-json\/wp\/v2\/comments?post=7875"}],"version-history":[{"count":3,"href":"https:\/\/www.naturparkmagazin.de\/stechlin\/wp-json\/wp\/v2\/posts\/7875\/revisions"}],"predecessor-version":[{"id":7902,"href":"https:\/\/www.naturparkmagazin.de\/stechlin\/wp-json\/wp\/v2\/posts\/7875\/revisions\/7902"}],"wp:featuredmedia":[{"embeddable":true,"href":"https:\/\/www.naturparkmagazin.de\/stechlin\/wp-json\/wp\/v2\/media\/7880"}],"wp:attachment":[{"href":"https:\/\/www.naturparkmagazin.de\/stechlin\/wp-json\/wp\/v2\/media?parent=7875"}],"wp:term":[{"taxonomy":"category","embeddable":true,"href":"https:\/\/www.naturparkmagazin.de\/stechlin\/wp-json\/wp\/v2\/categories?post=7875"},{"taxonomy":"post_tag","embeddable":true,"href":"https:\/\/www.naturparkmagazin.de\/stechlin\/wp-json\/wp\/v2\/tags?post=7875"}],"curies":[{"name":"wp","href":"https:\/\/api.w.org\/{rel}","templated":true}]}}