{"id":788,"date":"2014-03-19T11:56:04","date_gmt":"2014-03-19T10:56:04","guid":{"rendered":"http:\/\/www.naturparkmagazin.de\/stechlin\/?p=788"},"modified":"2014-03-26T13:49:02","modified_gmt":"2014-03-26T12:49:02","slug":"licht-und-schatten-malerei-und-skulpturen-von-gudrun-und-kuno-lomas","status":"publish","type":"post","link":"https:\/\/www.naturparkmagazin.de\/stechlin\/licht-und-schatten-malerei-und-skulpturen-von-gudrun-und-kuno-lomas\/","title":{"rendered":"Licht und Schatten &#8211; Malerei und Skulpturen von Gudrun und Kuno Lomas"},"content":{"rendered":"<p><a href=\"https:\/\/www.naturparkmagazin.de\/stechlin\/wp-content\/uploads\/sites\/38\/LOmas.jpg\"><img decoding=\"async\" loading=\"lazy\" class=\"alignnone size-full wp-image-824\" alt=\"NP SRL\/Dr. Mario Schrumpf\" src=\"https:\/\/www.naturparkmagazin.de\/stechlin\/wp-content\/uploads\/sites\/38\/LOmas.jpg\" width=\"500\" height=\"335\" srcset=\"https:\/\/www.naturparkmagazin.de\/stechlin\/wp-content\/uploads\/sites\/38\/LOmas.jpg 500w, https:\/\/www.naturparkmagazin.de\/stechlin\/wp-content\/uploads\/sites\/38\/LOmas-300x201.jpg 300w, https:\/\/www.naturparkmagazin.de\/stechlin\/wp-content\/uploads\/sites\/38\/LOmas-200x134.jpg 200w\" sizes=\"(max-width: 500px) 100vw, 500px\" \/><\/a><\/p>\n<p>Mehr als 50 Kunstinteressierte waren am 15. M\u00e4rz der Einladung zur Vernissage in den K\u00fcnstlerhof Roofensee in Menz gefolgt. Unter dem Titel &#8222;Licht und Schatten&#8220; pr\u00e4sentieren Gundrun und Kuno Lomas bis zum 21.4.2014 Malerei und Skulpturen. Prof. Martin Rupprecht w\u00fcrdigte in seiner Laudatio die k\u00fcnstlerische Leistung des Ehepaares. Seit 2003 organisiert Gudrun Lomas als Vorsitzende des Kunstvereins Zehdenick e.V. die Internationalen Kunstsymposien im Naturpark Stechlin-Ruppiner Land. In diesem Jahr sind erneut zwei Symposien geplant. Das 13. wird vom 8.-18.7. in Kunsterspring und das 14. vom 25.8.-4.9. in Linow bei Rheinsberg stattfinden.<\/p>\n<p><a href=\"https:\/\/www.naturparkmagazin.de\/stechlin\/wp-content\/uploads\/sites\/38\/Laudatio.jpg\"><img decoding=\"async\" loading=\"lazy\" class=\"alignnone size-full wp-image-825\" alt=\"NP SRL\/Dr. Mario Schrumpf\" src=\"https:\/\/www.naturparkmagazin.de\/stechlin\/wp-content\/uploads\/sites\/38\/Laudatio.jpg\" width=\"500\" height=\"335\" srcset=\"https:\/\/www.naturparkmagazin.de\/stechlin\/wp-content\/uploads\/sites\/38\/Laudatio.jpg 500w, https:\/\/www.naturparkmagazin.de\/stechlin\/wp-content\/uploads\/sites\/38\/Laudatio-300x201.jpg 300w, https:\/\/www.naturparkmagazin.de\/stechlin\/wp-content\/uploads\/sites\/38\/Laudatio-200x134.jpg 200w\" sizes=\"(max-width: 500px) 100vw, 500px\" \/><\/a><\/p>\n","protected":false},"excerpt":{"rendered":"<p>Mehr als 50 Kunstinteressierte waren am 15. M\u00e4rz der Einladung zur Vernissage in den K\u00fcnstlerhof Roofensee in Menz gefolgt. <\/p>\n","protected":false},"author":39,"featured_media":789,"comment_status":"open","ping_status":"open","sticky":false,"template":"","format":"standard","meta":[],"categories":[7],"tags":[],"yoast_head":"<!-- This site is optimized with the Yoast SEO plugin v19.10 - https:\/\/yoast.com\/wordpress\/plugins\/seo\/ -->\n<title>Licht und Schatten - Malerei und Skulpturen von Gudrun und Kuno Lomas - Naturpark Stechlin-Ruppiner Land<\/title>\n<meta name=\"robots\" content=\"index, follow, max-snippet:-1, max-image-preview:large, max-video-preview:-1\" \/>\n<link rel=\"canonical\" href=\"https:\/\/www.naturparkmagazin.de\/stechlin\/licht-und-schatten-malerei-und-skulpturen-von-gudrun-und-kuno-lomas\/\" \/>\n<meta property=\"og:locale\" content=\"de_DE\" \/>\n<meta property=\"og:type\" content=\"article\" \/>\n<meta property=\"og:title\" content=\"Licht und Schatten - Malerei und Skulpturen von Gudrun und Kuno Lomas - Naturpark Stechlin-Ruppiner Land\" \/>\n<meta property=\"og:description\" content=\"Mehr als 50 Kunstinteressierte waren am 15. M\u00e4rz der Einladung zur Vernissage in den K\u00fcnstlerhof Roofensee in Menz gefolgt.\" \/>\n<meta property=\"og:url\" content=\"https:\/\/www.naturparkmagazin.de\/stechlin\/licht-und-schatten-malerei-und-skulpturen-von-gudrun-und-kuno-lomas\/\" \/>\n<meta property=\"og:site_name\" content=\"Naturpark Stechlin-Ruppiner Land\" \/>\n<meta property=\"article:published_time\" content=\"2014-03-19T10:56:04+00:00\" \/>\n<meta property=\"article:modified_time\" content=\"2014-03-26T12:49:02+00:00\" \/>\n<meta property=\"og:image\" content=\"https:\/\/www.naturparkmagazin.de\/stechlin\/wp-content\/uploads\/sites\/38\/k-DSC_0012.jpg\" \/>\n\t<meta property=\"og:image:width\" content=\"320\" \/>\n\t<meta property=\"og:image:height\" content=\"240\" \/>\n\t<meta property=\"og:image:type\" content=\"image\/jpeg\" \/>\n<meta name=\"author\" content=\"marioschrumpf\" \/>\n<meta name=\"twitter:label1\" content=\"Verfasst von\" \/>\n\t<meta name=\"twitter:data1\" content=\"marioschrumpf\" \/>\n<script type=\"application\/ld+json\" class=\"yoast-schema-graph\">{\"@context\":\"https:\/\/schema.org\",\"@graph\":[{\"@type\":\"WebPage\",\"@id\":\"https:\/\/www.naturparkmagazin.de\/stechlin\/licht-und-schatten-malerei-und-skulpturen-von-gudrun-und-kuno-lomas\/\",\"url\":\"https:\/\/www.naturparkmagazin.de\/stechlin\/licht-und-schatten-malerei-und-skulpturen-von-gudrun-und-kuno-lomas\/\",\"name\":\"Licht und Schatten - Malerei und Skulpturen von Gudrun und Kuno Lomas - Naturpark Stechlin-Ruppiner Land\",\"isPartOf\":{\"@id\":\"https:\/\/www.naturparkmagazin.de\/stechlin\/#website\"},\"datePublished\":\"2014-03-19T10:56:04+00:00\",\"dateModified\":\"2014-03-26T12:49:02+00:00\",\"author\":{\"@id\":\"https:\/\/www.naturparkmagazin.de\/stechlin\/#\/schema\/person\/3f0d93203df21c806dd63c76d9bb28bc\"},\"breadcrumb\":{\"@id\":\"https:\/\/www.naturparkmagazin.de\/stechlin\/licht-und-schatten-malerei-und-skulpturen-von-gudrun-und-kuno-lomas\/#breadcrumb\"},\"inLanguage\":\"de\",\"potentialAction\":[{\"@type\":\"ReadAction\",\"target\":[\"https:\/\/www.naturparkmagazin.de\/stechlin\/licht-und-schatten-malerei-und-skulpturen-von-gudrun-und-kuno-lomas\/\"]}]},{\"@type\":\"BreadcrumbList\",\"@id\":\"https:\/\/www.naturparkmagazin.de\/stechlin\/licht-und-schatten-malerei-und-skulpturen-von-gudrun-und-kuno-lomas\/#breadcrumb\",\"itemListElement\":[{\"@type\":\"ListItem\",\"position\":1,\"name\":\"Home\",\"item\":\"https:\/\/www.naturparkmagazin.de\/stechlin\/\"},{\"@type\":\"ListItem\",\"position\":2,\"name\":\"Licht und Schatten &#8211; Malerei und Skulpturen von Gudrun und Kuno Lomas\"}]},{\"@type\":\"WebSite\",\"@id\":\"https:\/\/www.naturparkmagazin.de\/stechlin\/#website\",\"url\":\"https:\/\/www.naturparkmagazin.de\/stechlin\/\",\"name\":\"Naturpark Stechlin-Ruppiner Land\",\"description\":\"\",\"potentialAction\":[{\"@type\":\"SearchAction\",\"target\":{\"@type\":\"EntryPoint\",\"urlTemplate\":\"https:\/\/www.naturparkmagazin.de\/stechlin\/?s={search_term_string}\"},\"query-input\":\"required name=search_term_string\"}],\"inLanguage\":\"de\"},{\"@type\":\"Person\",\"@id\":\"https:\/\/www.naturparkmagazin.de\/stechlin\/#\/schema\/person\/3f0d93203df21c806dd63c76d9bb28bc\",\"name\":\"marioschrumpf\",\"url\":\"https:\/\/www.naturparkmagazin.de\/stechlin\/author\/marioschrumpf\/\"}]}<\/script>\n<!-- \/ Yoast SEO plugin. -->","yoast_head_json":{"title":"Licht und Schatten - Malerei und Skulpturen von Gudrun und Kuno Lomas - Naturpark Stechlin-Ruppiner Land","robots":{"index":"index","follow":"follow","max-snippet":"max-snippet:-1","max-image-preview":"max-image-preview:large","max-video-preview":"max-video-preview:-1"},"canonical":"https:\/\/www.naturparkmagazin.de\/stechlin\/licht-und-schatten-malerei-und-skulpturen-von-gudrun-und-kuno-lomas\/","og_locale":"de_DE","og_type":"article","og_title":"Licht und Schatten - Malerei und Skulpturen von Gudrun und Kuno Lomas - Naturpark Stechlin-Ruppiner Land","og_description":"Mehr als 50 Kunstinteressierte waren am 15. M\u00e4rz der Einladung zur Vernissage in den K\u00fcnstlerhof Roofensee in Menz gefolgt.","og_url":"https:\/\/www.naturparkmagazin.de\/stechlin\/licht-und-schatten-malerei-und-skulpturen-von-gudrun-und-kuno-lomas\/","og_site_name":"Naturpark Stechlin-Ruppiner Land","article_published_time":"2014-03-19T10:56:04+00:00","article_modified_time":"2014-03-26T12:49:02+00:00","og_image":[{"width":320,"height":240,"url":"https:\/\/www.naturparkmagazin.de\/stechlin\/wp-content\/uploads\/sites\/38\/k-DSC_0012.jpg","type":"image\/jpeg"}],"author":"marioschrumpf","twitter_misc":{"Verfasst von":"marioschrumpf"},"schema":{"@context":"https:\/\/schema.org","@graph":[{"@type":"WebPage","@id":"https:\/\/www.naturparkmagazin.de\/stechlin\/licht-und-schatten-malerei-und-skulpturen-von-gudrun-und-kuno-lomas\/","url":"https:\/\/www.naturparkmagazin.de\/stechlin\/licht-und-schatten-malerei-und-skulpturen-von-gudrun-und-kuno-lomas\/","name":"Licht und Schatten - Malerei und Skulpturen von Gudrun und Kuno Lomas - Naturpark Stechlin-Ruppiner Land","isPartOf":{"@id":"https:\/\/www.naturparkmagazin.de\/stechlin\/#website"},"datePublished":"2014-03-19T10:56:04+00:00","dateModified":"2014-03-26T12:49:02+00:00","author":{"@id":"https:\/\/www.naturparkmagazin.de\/stechlin\/#\/schema\/person\/3f0d93203df21c806dd63c76d9bb28bc"},"breadcrumb":{"@id":"https:\/\/www.naturparkmagazin.de\/stechlin\/licht-und-schatten-malerei-und-skulpturen-von-gudrun-und-kuno-lomas\/#breadcrumb"},"inLanguage":"de","potentialAction":[{"@type":"ReadAction","target":["https:\/\/www.naturparkmagazin.de\/stechlin\/licht-und-schatten-malerei-und-skulpturen-von-gudrun-und-kuno-lomas\/"]}]},{"@type":"BreadcrumbList","@id":"https:\/\/www.naturparkmagazin.de\/stechlin\/licht-und-schatten-malerei-und-skulpturen-von-gudrun-und-kuno-lomas\/#breadcrumb","itemListElement":[{"@type":"ListItem","position":1,"name":"Home","item":"https:\/\/www.naturparkmagazin.de\/stechlin\/"},{"@type":"ListItem","position":2,"name":"Licht und Schatten &#8211; Malerei und Skulpturen von Gudrun und Kuno Lomas"}]},{"@type":"WebSite","@id":"https:\/\/www.naturparkmagazin.de\/stechlin\/#website","url":"https:\/\/www.naturparkmagazin.de\/stechlin\/","name":"Naturpark Stechlin-Ruppiner Land","description":"","potentialAction":[{"@type":"SearchAction","target":{"@type":"EntryPoint","urlTemplate":"https:\/\/www.naturparkmagazin.de\/stechlin\/?s={search_term_string}"},"query-input":"required name=search_term_string"}],"inLanguage":"de"},{"@type":"Person","@id":"https:\/\/www.naturparkmagazin.de\/stechlin\/#\/schema\/person\/3f0d93203df21c806dd63c76d9bb28bc","name":"marioschrumpf","url":"https:\/\/www.naturparkmagazin.de\/stechlin\/author\/marioschrumpf\/"}]}},"_links":{"self":[{"href":"https:\/\/www.naturparkmagazin.de\/stechlin\/wp-json\/wp\/v2\/posts\/788"}],"collection":[{"href":"https:\/\/www.naturparkmagazin.de\/stechlin\/wp-json\/wp\/v2\/posts"}],"about":[{"href":"https:\/\/www.naturparkmagazin.de\/stechlin\/wp-json\/wp\/v2\/types\/post"}],"author":[{"embeddable":true,"href":"https:\/\/www.naturparkmagazin.de\/stechlin\/wp-json\/wp\/v2\/users\/39"}],"replies":[{"embeddable":true,"href":"https:\/\/www.naturparkmagazin.de\/stechlin\/wp-json\/wp\/v2\/comments?post=788"}],"version-history":[{"count":6,"href":"https:\/\/www.naturparkmagazin.de\/stechlin\/wp-json\/wp\/v2\/posts\/788\/revisions"}],"predecessor-version":[{"id":799,"href":"https:\/\/www.naturparkmagazin.de\/stechlin\/wp-json\/wp\/v2\/posts\/788\/revisions\/799"}],"wp:featuredmedia":[{"embeddable":true,"href":"https:\/\/www.naturparkmagazin.de\/stechlin\/wp-json\/wp\/v2\/media\/789"}],"wp:attachment":[{"href":"https:\/\/www.naturparkmagazin.de\/stechlin\/wp-json\/wp\/v2\/media?parent=788"}],"wp:term":[{"taxonomy":"category","embeddable":true,"href":"https:\/\/www.naturparkmagazin.de\/stechlin\/wp-json\/wp\/v2\/categories?post=788"},{"taxonomy":"post_tag","embeddable":true,"href":"https:\/\/www.naturparkmagazin.de\/stechlin\/wp-json\/wp\/v2\/tags?post=788"}],"curies":[{"name":"wp","href":"https:\/\/api.w.org\/{rel}","templated":true}]}}