{"id":7884,"date":"2019-01-15T07:34:30","date_gmt":"2019-01-15T06:34:30","guid":{"rendered":"https:\/\/www.naturparkmagazin.de\/stechlin\/?p=7884"},"modified":"2019-01-25T15:32:39","modified_gmt":"2019-01-25T14:32:39","slug":"naturpark-wirbt-fuer-unsere-region-auf-der-gruenen-woche","status":"publish","type":"post","link":"https:\/\/www.naturparkmagazin.de\/stechlin\/naturpark-wirbt-fuer-unsere-region-auf-der-gruenen-woche\/","title":{"rendered":"Naturpark wirbt f\u00fcr unsere Region auf der Gr\u00fcnen Woche"},"content":{"rendered":"<p>Gleich zwei Tagen war in diesem Jahr der Naturpark zu Gast in der Brandenburg-Halle 21a.<\/p>\n<div id=\"attachment_7887\" style=\"width: 310px\" class=\"wp-caption aligncenter\"><a href=\"https:\/\/www.naturparkmagazin.de\/stechlin\/wp-content\/uploads\/sites\/38\/Gr\u00fcne-Woche-2019_65.jpg\"><img aria-describedby=\"caption-attachment-7887\" decoding=\"async\" loading=\"lazy\" class=\"size-thumbnail wp-image-7887\" src=\"https:\/\/www.naturparkmagazin.de\/stechlin\/wp-content\/uploads\/sites\/38\/Gr\u00fcne-Woche-2019_65-300x180.jpg\" alt=\"Theodor Fontane alias Wolfgang Trenkler zu Gast am Stand des Naturparks.\" width=\"300\" height=\"180\" srcset=\"https:\/\/www.naturparkmagazin.de\/stechlin\/wp-content\/uploads\/sites\/38\/Gr\u00fcne-Woche-2019_65-300x180.jpg 300w, https:\/\/www.naturparkmagazin.de\/stechlin\/wp-content\/uploads\/sites\/38\/Gr\u00fcne-Woche-2019_65.jpg 500w, https:\/\/www.naturparkmagazin.de\/stechlin\/wp-content\/uploads\/sites\/38\/Gr\u00fcne-Woche-2019_65-200x120.jpg 200w\" sizes=\"(max-width: 300px) 100vw, 300px\" \/><\/a><p id=\"caption-attachment-7887\" class=\"wp-caption-text\">Theodor Fontane alias Wolfgang Trenkler zu Gast am Stand des Naturparks.<\/p><\/div>\n<p>Am 20. Januar pr\u00e4sentierte sich das <strong>Besucherzentrum NaturParkHaus Stechlin<\/strong> am Stand des Landkreises Ostprignitz-Ruppin. In unmittelbarer Nachbarschaft zum Stand der\u00a0<strong>Landesgartenschau in Wittstock\/Dosse<\/strong> und des <strong>Fontane-200-Jubil\u00e4umsjahres<\/strong> warben Mitglieder des F\u00f6rdervereins Naturlandschaft Stechlin und Menzer Heide e. V. gemeinsam mit Naturparkleiter Dr. Mario Schrumpf f\u00fcr die beiden Top-Ereignisse im Naturpark in 2019.<\/p>\n<div id=\"attachment_7886\" style=\"width: 310px\" class=\"wp-caption aligncenter\"><a href=\"https:\/\/www.naturparkmagazin.de\/stechlin\/wp-content\/uploads\/sites\/38\/Gr\u00fcne-Woche-2019_80.jpg\"><img aria-describedby=\"caption-attachment-7886\" decoding=\"async\" loading=\"lazy\" class=\"size-thumbnail wp-image-7886\" src=\"https:\/\/www.naturparkmagazin.de\/stechlin\/wp-content\/uploads\/sites\/38\/Gr\u00fcne-Woche-2019_80-300x180.jpg\" alt=\"Tanja I - Rosenk\u00f6nigin aus Wittstock\/Dosse wirbt f\u00fcr die 1. Landesgartenschau im Naturpark.\" width=\"300\" height=\"180\" srcset=\"https:\/\/www.naturparkmagazin.de\/stechlin\/wp-content\/uploads\/sites\/38\/Gr\u00fcne-Woche-2019_80-300x180.jpg 300w, https:\/\/www.naturparkmagazin.de\/stechlin\/wp-content\/uploads\/sites\/38\/Gr\u00fcne-Woche-2019_80.jpg 500w, https:\/\/www.naturparkmagazin.de\/stechlin\/wp-content\/uploads\/sites\/38\/Gr\u00fcne-Woche-2019_80-200x120.jpg 200w\" sizes=\"(max-width: 300px) 100vw, 300px\" \/><\/a><p id=\"caption-attachment-7886\" class=\"wp-caption-text\">Tanja I &#8211; Rosenk\u00f6nigin aus Wittstock\/Dosse wirbt f\u00fcr die erste Landesgartenschau im Naturpark.<\/p><\/div>\n<p>Die <strong>Imkerei &#8222;<em>Schwarmland<\/em>&#8222;<\/strong> aus Heinrichsdorf war am 24. Januar gemeinsam mit der <strong>Arbeitsgemeinschaft (AG) &#8222;<em>Bienenschwarm<\/em>&#8222;<\/strong> der Rheinsberger Grundschule zu Gast am Stand der Brandenburger Naturlandschaft. Bereits seit zwei Jahren betreut Imker Marc Marquardt im Rahmen der Bildung f\u00fcr nachhaltige Entwicklung die AG an der Grundschule. Gemeinsam mit den Sch\u00fclern hat er am Rande des Schulhofes zwei Bienenv\u00f6lker aufgestellt, die rund ums Jahr von der AG betreut werden. Die Kinder lernen so am lebenden Beispiel, wie wichtig Insekten im Naturhaushalt sind und welche Bedeutung sie als Best\u00e4uber f\u00fcr Kulturpflanzen haben.<\/p>\n<div id=\"attachment_7896\" style=\"width: 310px\" class=\"wp-caption aligncenter\"><a href=\"https:\/\/www.naturparkmagazin.de\/stechlin\/wp-content\/uploads\/sites\/38\/Gr\u00fcne-Woche-2019_412.jpg\"><img aria-describedby=\"caption-attachment-7896\" decoding=\"async\" loading=\"lazy\" class=\"size-thumbnail wp-image-7896\" src=\"https:\/\/www.naturparkmagazin.de\/stechlin\/wp-content\/uploads\/sites\/38\/Gr\u00fcne-Woche-2019_412-300x180.jpg\" alt=\"Marc Marquardt von der Imkerei Schwarmland.\" width=\"300\" height=\"180\" srcset=\"https:\/\/www.naturparkmagazin.de\/stechlin\/wp-content\/uploads\/sites\/38\/Gr\u00fcne-Woche-2019_412-300x180.jpg 300w, https:\/\/www.naturparkmagazin.de\/stechlin\/wp-content\/uploads\/sites\/38\/Gr\u00fcne-Woche-2019_412.jpg 500w, https:\/\/www.naturparkmagazin.de\/stechlin\/wp-content\/uploads\/sites\/38\/Gr\u00fcne-Woche-2019_412-200x120.jpg 200w\" sizes=\"(max-width: 300px) 100vw, 300px\" \/><\/a><p id=\"caption-attachment-7896\" class=\"wp-caption-text\">Marc Marquardt von der Imkerei Schwarmland mit Alina.<\/p><\/div>\n<p>&nbsp;<\/p>\n","protected":false},"excerpt":{"rendered":"<p>Gleich zwei Tagen war in diesem Jahr der Naturpark zu Gast in der Brandenburg-Halle 21a.<\/p>\n","protected":false},"author":39,"featured_media":7885,"comment_status":"open","ping_status":"open","sticky":false,"template":"","format":"standard","meta":[],"categories":[7],"tags":[],"yoast_head":"<!-- This site is optimized with the Yoast SEO plugin v19.10 - https:\/\/yoast.com\/wordpress\/plugins\/seo\/ -->\n<title>Naturpark wirbt f\u00fcr unsere Region auf der Gr\u00fcnen Woche - Naturpark Stechlin-Ruppiner Land<\/title>\n<meta name=\"robots\" content=\"index, follow, max-snippet:-1, max-image-preview:large, max-video-preview:-1\" \/>\n<link rel=\"canonical\" href=\"https:\/\/www.naturparkmagazin.de\/stechlin\/naturpark-wirbt-fuer-unsere-region-auf-der-gruenen-woche\/\" \/>\n<meta property=\"og:locale\" content=\"de_DE\" \/>\n<meta property=\"og:type\" content=\"article\" \/>\n<meta property=\"og:title\" content=\"Naturpark wirbt f\u00fcr unsere Region auf der Gr\u00fcnen Woche - Naturpark Stechlin-Ruppiner Land\" \/>\n<meta property=\"og:description\" content=\"Gleich zwei Tagen war in diesem Jahr der Naturpark zu Gast in der Brandenburg-Halle 21a.\" \/>\n<meta property=\"og:url\" content=\"https:\/\/www.naturparkmagazin.de\/stechlin\/naturpark-wirbt-fuer-unsere-region-auf-der-gruenen-woche\/\" \/>\n<meta property=\"og:site_name\" content=\"Naturpark Stechlin-Ruppiner Land\" \/>\n<meta property=\"article:published_time\" content=\"2019-01-15T06:34:30+00:00\" \/>\n<meta property=\"article:modified_time\" content=\"2019-01-25T14:32:39+00:00\" \/>\n<meta property=\"og:image\" content=\"https:\/\/www.naturparkmagazin.de\/stechlin\/wp-content\/uploads\/sites\/38\/Gr\u00fcne-Woche-2019_46.jpg\" \/>\n\t<meta property=\"og:image:width\" content=\"200\" \/>\n\t<meta property=\"og:image:height\" content=\"200\" \/>\n\t<meta property=\"og:image:type\" content=\"image\/jpeg\" \/>\n<meta name=\"author\" content=\"marioschrumpf\" \/>\n<meta name=\"twitter:label1\" content=\"Verfasst von\" \/>\n\t<meta name=\"twitter:data1\" content=\"marioschrumpf\" \/>\n\t<meta name=\"twitter:label2\" content=\"Gesch\u00e4tzte Lesezeit\" \/>\n\t<meta name=\"twitter:data2\" content=\"1\u00a0Minute\" \/>\n<script type=\"application\/ld+json\" class=\"yoast-schema-graph\">{\"@context\":\"https:\/\/schema.org\",\"@graph\":[{\"@type\":\"WebPage\",\"@id\":\"https:\/\/www.naturparkmagazin.de\/stechlin\/naturpark-wirbt-fuer-unsere-region-auf-der-gruenen-woche\/\",\"url\":\"https:\/\/www.naturparkmagazin.de\/stechlin\/naturpark-wirbt-fuer-unsere-region-auf-der-gruenen-woche\/\",\"name\":\"Naturpark wirbt f\u00fcr unsere Region auf der Gr\u00fcnen Woche - Naturpark Stechlin-Ruppiner Land\",\"isPartOf\":{\"@id\":\"https:\/\/www.naturparkmagazin.de\/stechlin\/#website\"},\"datePublished\":\"2019-01-15T06:34:30+00:00\",\"dateModified\":\"2019-01-25T14:32:39+00:00\",\"author\":{\"@id\":\"https:\/\/www.naturparkmagazin.de\/stechlin\/#\/schema\/person\/3f0d93203df21c806dd63c76d9bb28bc\"},\"breadcrumb\":{\"@id\":\"https:\/\/www.naturparkmagazin.de\/stechlin\/naturpark-wirbt-fuer-unsere-region-auf-der-gruenen-woche\/#breadcrumb\"},\"inLanguage\":\"de\",\"potentialAction\":[{\"@type\":\"ReadAction\",\"target\":[\"https:\/\/www.naturparkmagazin.de\/stechlin\/naturpark-wirbt-fuer-unsere-region-auf-der-gruenen-woche\/\"]}]},{\"@type\":\"BreadcrumbList\",\"@id\":\"https:\/\/www.naturparkmagazin.de\/stechlin\/naturpark-wirbt-fuer-unsere-region-auf-der-gruenen-woche\/#breadcrumb\",\"itemListElement\":[{\"@type\":\"ListItem\",\"position\":1,\"name\":\"Home\",\"item\":\"https:\/\/www.naturparkmagazin.de\/stechlin\/\"},{\"@type\":\"ListItem\",\"position\":2,\"name\":\"Naturpark wirbt f\u00fcr unsere Region auf der Gr\u00fcnen Woche\"}]},{\"@type\":\"WebSite\",\"@id\":\"https:\/\/www.naturparkmagazin.de\/stechlin\/#website\",\"url\":\"https:\/\/www.naturparkmagazin.de\/stechlin\/\",\"name\":\"Naturpark Stechlin-Ruppiner Land\",\"description\":\"\",\"potentialAction\":[{\"@type\":\"SearchAction\",\"target\":{\"@type\":\"EntryPoint\",\"urlTemplate\":\"https:\/\/www.naturparkmagazin.de\/stechlin\/?s={search_term_string}\"},\"query-input\":\"required name=search_term_string\"}],\"inLanguage\":\"de\"},{\"@type\":\"Person\",\"@id\":\"https:\/\/www.naturparkmagazin.de\/stechlin\/#\/schema\/person\/3f0d93203df21c806dd63c76d9bb28bc\",\"name\":\"marioschrumpf\",\"url\":\"https:\/\/www.naturparkmagazin.de\/stechlin\/author\/marioschrumpf\/\"}]}<\/script>\n<!-- \/ Yoast SEO plugin. -->","yoast_head_json":{"title":"Naturpark wirbt f\u00fcr unsere Region auf der Gr\u00fcnen Woche - Naturpark Stechlin-Ruppiner Land","robots":{"index":"index","follow":"follow","max-snippet":"max-snippet:-1","max-image-preview":"max-image-preview:large","max-video-preview":"max-video-preview:-1"},"canonical":"https:\/\/www.naturparkmagazin.de\/stechlin\/naturpark-wirbt-fuer-unsere-region-auf-der-gruenen-woche\/","og_locale":"de_DE","og_type":"article","og_title":"Naturpark wirbt f\u00fcr unsere Region auf der Gr\u00fcnen Woche - Naturpark Stechlin-Ruppiner Land","og_description":"Gleich zwei Tagen war in diesem Jahr der Naturpark zu Gast in der Brandenburg-Halle 21a.","og_url":"https:\/\/www.naturparkmagazin.de\/stechlin\/naturpark-wirbt-fuer-unsere-region-auf-der-gruenen-woche\/","og_site_name":"Naturpark Stechlin-Ruppiner Land","article_published_time":"2019-01-15T06:34:30+00:00","article_modified_time":"2019-01-25T14:32:39+00:00","og_image":[{"width":200,"height":200,"url":"https:\/\/www.naturparkmagazin.de\/stechlin\/wp-content\/uploads\/sites\/38\/Gr\u00fcne-Woche-2019_46.jpg","type":"image\/jpeg"}],"author":"marioschrumpf","twitter_misc":{"Verfasst von":"marioschrumpf","Gesch\u00e4tzte Lesezeit":"1\u00a0Minute"},"schema":{"@context":"https:\/\/schema.org","@graph":[{"@type":"WebPage","@id":"https:\/\/www.naturparkmagazin.de\/stechlin\/naturpark-wirbt-fuer-unsere-region-auf-der-gruenen-woche\/","url":"https:\/\/www.naturparkmagazin.de\/stechlin\/naturpark-wirbt-fuer-unsere-region-auf-der-gruenen-woche\/","name":"Naturpark wirbt f\u00fcr unsere Region auf der Gr\u00fcnen Woche - Naturpark Stechlin-Ruppiner Land","isPartOf":{"@id":"https:\/\/www.naturparkmagazin.de\/stechlin\/#website"},"datePublished":"2019-01-15T06:34:30+00:00","dateModified":"2019-01-25T14:32:39+00:00","author":{"@id":"https:\/\/www.naturparkmagazin.de\/stechlin\/#\/schema\/person\/3f0d93203df21c806dd63c76d9bb28bc"},"breadcrumb":{"@id":"https:\/\/www.naturparkmagazin.de\/stechlin\/naturpark-wirbt-fuer-unsere-region-auf-der-gruenen-woche\/#breadcrumb"},"inLanguage":"de","potentialAction":[{"@type":"ReadAction","target":["https:\/\/www.naturparkmagazin.de\/stechlin\/naturpark-wirbt-fuer-unsere-region-auf-der-gruenen-woche\/"]}]},{"@type":"BreadcrumbList","@id":"https:\/\/www.naturparkmagazin.de\/stechlin\/naturpark-wirbt-fuer-unsere-region-auf-der-gruenen-woche\/#breadcrumb","itemListElement":[{"@type":"ListItem","position":1,"name":"Home","item":"https:\/\/www.naturparkmagazin.de\/stechlin\/"},{"@type":"ListItem","position":2,"name":"Naturpark wirbt f\u00fcr unsere Region auf der Gr\u00fcnen Woche"}]},{"@type":"WebSite","@id":"https:\/\/www.naturparkmagazin.de\/stechlin\/#website","url":"https:\/\/www.naturparkmagazin.de\/stechlin\/","name":"Naturpark Stechlin-Ruppiner Land","description":"","potentialAction":[{"@type":"SearchAction","target":{"@type":"EntryPoint","urlTemplate":"https:\/\/www.naturparkmagazin.de\/stechlin\/?s={search_term_string}"},"query-input":"required name=search_term_string"}],"inLanguage":"de"},{"@type":"Person","@id":"https:\/\/www.naturparkmagazin.de\/stechlin\/#\/schema\/person\/3f0d93203df21c806dd63c76d9bb28bc","name":"marioschrumpf","url":"https:\/\/www.naturparkmagazin.de\/stechlin\/author\/marioschrumpf\/"}]}},"_links":{"self":[{"href":"https:\/\/www.naturparkmagazin.de\/stechlin\/wp-json\/wp\/v2\/posts\/7884"}],"collection":[{"href":"https:\/\/www.naturparkmagazin.de\/stechlin\/wp-json\/wp\/v2\/posts"}],"about":[{"href":"https:\/\/www.naturparkmagazin.de\/stechlin\/wp-json\/wp\/v2\/types\/post"}],"author":[{"embeddable":true,"href":"https:\/\/www.naturparkmagazin.de\/stechlin\/wp-json\/wp\/v2\/users\/39"}],"replies":[{"embeddable":true,"href":"https:\/\/www.naturparkmagazin.de\/stechlin\/wp-json\/wp\/v2\/comments?post=7884"}],"version-history":[{"count":4,"href":"https:\/\/www.naturparkmagazin.de\/stechlin\/wp-json\/wp\/v2\/posts\/7884\/revisions"}],"predecessor-version":[{"id":7939,"href":"https:\/\/www.naturparkmagazin.de\/stechlin\/wp-json\/wp\/v2\/posts\/7884\/revisions\/7939"}],"wp:featuredmedia":[{"embeddable":true,"href":"https:\/\/www.naturparkmagazin.de\/stechlin\/wp-json\/wp\/v2\/media\/7885"}],"wp:attachment":[{"href":"https:\/\/www.naturparkmagazin.de\/stechlin\/wp-json\/wp\/v2\/media?parent=7884"}],"wp:term":[{"taxonomy":"category","embeddable":true,"href":"https:\/\/www.naturparkmagazin.de\/stechlin\/wp-json\/wp\/v2\/categories?post=7884"},{"taxonomy":"post_tag","embeddable":true,"href":"https:\/\/www.naturparkmagazin.de\/stechlin\/wp-json\/wp\/v2\/tags?post=7884"}],"curies":[{"name":"wp","href":"https:\/\/api.w.org\/{rel}","templated":true}]}}