{"id":7889,"date":"2019-01-15T07:41:57","date_gmt":"2019-01-15T06:41:57","guid":{"rendered":"https:\/\/www.naturparkmagazin.de\/stechlin\/?p=7889"},"modified":"2019-01-25T15:22:24","modified_gmt":"2019-01-25T14:22:24","slug":"theodor-fontane-1819-1898","status":"publish","type":"post","link":"https:\/\/www.naturparkmagazin.de\/stechlin\/theodor-fontane-1819-1898\/","title":{"rendered":"Theodor Fontane (1819-1898)"},"content":{"rendered":"<div id=\"attachment_7890\" style=\"width: 310px\" class=\"wp-caption aligncenter\"><a href=\"https:\/\/www.naturparkmagazin.de\/stechlin\/wp-content\/uploads\/sites\/38\/Fontanedenkmal_25.jpg\"><img aria-describedby=\"caption-attachment-7890\" decoding=\"async\" loading=\"lazy\" class=\"size-thumbnail wp-image-7890\" src=\"https:\/\/www.naturparkmagazin.de\/stechlin\/wp-content\/uploads\/sites\/38\/Fontanedenkmal_25-300x192.jpg\" alt=\"Fontane-Denkmal in Neuruppin\" width=\"300\" height=\"192\" srcset=\"https:\/\/www.naturparkmagazin.de\/stechlin\/wp-content\/uploads\/sites\/38\/Fontanedenkmal_25-300x192.jpg 300w, https:\/\/www.naturparkmagazin.de\/stechlin\/wp-content\/uploads\/sites\/38\/Fontanedenkmal_25.jpg 500w, https:\/\/www.naturparkmagazin.de\/stechlin\/wp-content\/uploads\/sites\/38\/Fontanedenkmal_25-200x128.jpg 200w\" sizes=\"(max-width: 300px) 100vw, 300px\" \/><\/a><p id=\"caption-attachment-7890\" class=\"wp-caption-text\">Fontane-Denkmal in Neuruppin<\/p><\/div>\n<p>Theodor Fontane gilt als bedeutendster Vertreter literarischen Realismus. Brandenburgs prominentester Literat hat mit seinen<em> &#8222;Wanderungen durch die Mark Brandenburg&#8220; <\/em>der m\u00e4rkischen Landschaft ein literarisches Denkmal gesetzt<em>.<\/em> <strong>Der Naturpark Stechlin-Ruppiner Land ist erlebbares Fontaneland.<\/strong> Im Band &#8222;<em>Grafschaft Ruppin<\/em>&#8220; hat er die Landschaft der Naturparkregion eindrucksvoll beschrieben. Am 30. Dezember 2019 feiert der in Neuruppin geborene Dichter seinen 200. Geburtstag. Im Rahmen des Fontane-Jubil\u00e4umsjahres k\u00f6nnen Sie auf seinen Spuren wandern. Am 11. Mai l\u00e4dt der Tourismusverband Ruppiner Seenland gemeinsam mit dem Naturpark und weiteren Partnern zum <strong>1. Fontane-Wandermarathon<\/strong> ein.<\/p>\n<p>Start und Ziel ist die Prinz-Heinrich-Stadt Rheinsberg. Zwei Strecken f\u00fchren \u00fcber 44 km bzw. 24 km (Halbmarathon) zu den landschaftlichen H\u00f6hepunkten der Ruppiner Schweiz. Anmeldung und weitere Informationen unter <a href=\"http:\/\/www.fontane-wandermarathon.de\">www.fontane-wandermarathon.de<\/a><\/p>\n<div id=\"attachment_7891\" style=\"width: 310px\" class=\"wp-caption aligncenter\"><a href=\"https:\/\/www.naturparkmagazin.de\/stechlin\/wp-content\/uploads\/sites\/38\/Gr\u00fcne-Woche_6066-MLUL-Dagmar-Schott.jpg\"><img aria-describedby=\"caption-attachment-7891\" decoding=\"async\" loading=\"lazy\" class=\"size-thumbnail wp-image-7891\" src=\"https:\/\/www.naturparkmagazin.de\/stechlin\/wp-content\/uploads\/sites\/38\/Gr\u00fcne-Woche_6066-MLUL-Dagmar-Schott-300x180.jpg\" alt=\"Theodor Fontane alias Wolfgang Trenkler (Stadtf\u00fchrer aus Neuruppin) zu Gast am Stand des Naturparks auf der Gr\u00fcnen Woche in Berlin.\" width=\"300\" height=\"180\" srcset=\"https:\/\/www.naturparkmagazin.de\/stechlin\/wp-content\/uploads\/sites\/38\/Gr\u00fcne-Woche_6066-MLUL-Dagmar-Schott-300x180.jpg 300w, https:\/\/www.naturparkmagazin.de\/stechlin\/wp-content\/uploads\/sites\/38\/Gr\u00fcne-Woche_6066-MLUL-Dagmar-Schott.jpg 500w, https:\/\/www.naturparkmagazin.de\/stechlin\/wp-content\/uploads\/sites\/38\/Gr\u00fcne-Woche_6066-MLUL-Dagmar-Schott-200x120.jpg 200w\" sizes=\"(max-width: 300px) 100vw, 300px\" \/><\/a><p id=\"caption-attachment-7891\" class=\"wp-caption-text\">Theodor Fontane alias Wolfgang Trenkler (Stadtf\u00fchrer aus Neuruppin) zu Gast am Stand des Naturparks auf der Gr\u00fcnen Woche in Berlin.<\/p><\/div>\n<p><a href=\"https:\/\/www.naturparkmagazin.de\/stechlin\/wp-content\/uploads\/sites\/38\/Fontane-Logo.jpg\"><img decoding=\"async\" loading=\"lazy\" class=\"  wp-image-7893 aligncenter\" src=\"https:\/\/www.naturparkmagazin.de\/stechlin\/wp-content\/uploads\/sites\/38\/Fontane-Logo.jpg\" alt=\"NP SRL\/Archiv\" width=\"257\" height=\"203\" \/><\/a><\/p>\n","protected":false},"excerpt":{"rendered":"<p>Brandenburgs prominentester Literat hat mit seinen &#8222;Wanderungen durch die Mark Brandenburg&#8220; der m\u00e4rkischen Landschaft ein literarisches Denkmal gesetzt.<\/p>\n","protected":false},"author":39,"featured_media":7892,"comment_status":"open","ping_status":"open","sticky":false,"template":"","format":"standard","meta":[],"categories":[8],"tags":[],"yoast_head":"<!-- This site is optimized with the Yoast SEO plugin v19.10 - https:\/\/yoast.com\/wordpress\/plugins\/seo\/ -->\n<title>Theodor Fontane (1819-1898) - Naturpark Stechlin-Ruppiner Land<\/title>\n<meta name=\"robots\" content=\"index, follow, max-snippet:-1, max-image-preview:large, max-video-preview:-1\" \/>\n<link rel=\"canonical\" href=\"https:\/\/www.naturparkmagazin.de\/stechlin\/theodor-fontane-1819-1898\/\" \/>\n<meta property=\"og:locale\" content=\"de_DE\" \/>\n<meta property=\"og:type\" content=\"article\" \/>\n<meta property=\"og:title\" content=\"Theodor Fontane (1819-1898) - Naturpark Stechlin-Ruppiner Land\" \/>\n<meta property=\"og:description\" content=\"Brandenburgs prominentester Literat hat mit seinen &quot;Wanderungen durch die Mark Brandenburg&quot; der m\u00e4rkischen Landschaft ein literarisches Denkmal gesetzt.\" \/>\n<meta property=\"og:url\" content=\"https:\/\/www.naturparkmagazin.de\/stechlin\/theodor-fontane-1819-1898\/\" \/>\n<meta property=\"og:site_name\" content=\"Naturpark Stechlin-Ruppiner Land\" \/>\n<meta property=\"article:published_time\" content=\"2019-01-15T06:41:57+00:00\" \/>\n<meta property=\"article:modified_time\" content=\"2019-01-25T14:22:24+00:00\" \/>\n<meta property=\"og:image\" content=\"https:\/\/www.naturparkmagazin.de\/stechlin\/wp-content\/uploads\/sites\/38\/Fontane_74.jpg\" \/>\n\t<meta property=\"og:image:width\" content=\"200\" \/>\n\t<meta property=\"og:image:height\" content=\"200\" \/>\n\t<meta property=\"og:image:type\" content=\"image\/jpeg\" \/>\n<meta name=\"author\" content=\"marioschrumpf\" \/>\n<meta name=\"twitter:label1\" content=\"Verfasst von\" \/>\n\t<meta name=\"twitter:data1\" content=\"marioschrumpf\" \/>\n\t<meta name=\"twitter:label2\" content=\"Gesch\u00e4tzte Lesezeit\" \/>\n\t<meta name=\"twitter:data2\" content=\"1\u00a0Minute\" \/>\n<script type=\"application\/ld+json\" class=\"yoast-schema-graph\">{\"@context\":\"https:\/\/schema.org\",\"@graph\":[{\"@type\":\"WebPage\",\"@id\":\"https:\/\/www.naturparkmagazin.de\/stechlin\/theodor-fontane-1819-1898\/\",\"url\":\"https:\/\/www.naturparkmagazin.de\/stechlin\/theodor-fontane-1819-1898\/\",\"name\":\"Theodor Fontane (1819-1898) - Naturpark Stechlin-Ruppiner Land\",\"isPartOf\":{\"@id\":\"https:\/\/www.naturparkmagazin.de\/stechlin\/#website\"},\"datePublished\":\"2019-01-15T06:41:57+00:00\",\"dateModified\":\"2019-01-25T14:22:24+00:00\",\"author\":{\"@id\":\"https:\/\/www.naturparkmagazin.de\/stechlin\/#\/schema\/person\/3f0d93203df21c806dd63c76d9bb28bc\"},\"breadcrumb\":{\"@id\":\"https:\/\/www.naturparkmagazin.de\/stechlin\/theodor-fontane-1819-1898\/#breadcrumb\"},\"inLanguage\":\"de\",\"potentialAction\":[{\"@type\":\"ReadAction\",\"target\":[\"https:\/\/www.naturparkmagazin.de\/stechlin\/theodor-fontane-1819-1898\/\"]}]},{\"@type\":\"BreadcrumbList\",\"@id\":\"https:\/\/www.naturparkmagazin.de\/stechlin\/theodor-fontane-1819-1898\/#breadcrumb\",\"itemListElement\":[{\"@type\":\"ListItem\",\"position\":1,\"name\":\"Home\",\"item\":\"https:\/\/www.naturparkmagazin.de\/stechlin\/\"},{\"@type\":\"ListItem\",\"position\":2,\"name\":\"Theodor Fontane (1819-1898)\"}]},{\"@type\":\"WebSite\",\"@id\":\"https:\/\/www.naturparkmagazin.de\/stechlin\/#website\",\"url\":\"https:\/\/www.naturparkmagazin.de\/stechlin\/\",\"name\":\"Naturpark Stechlin-Ruppiner Land\",\"description\":\"\",\"potentialAction\":[{\"@type\":\"SearchAction\",\"target\":{\"@type\":\"EntryPoint\",\"urlTemplate\":\"https:\/\/www.naturparkmagazin.de\/stechlin\/?s={search_term_string}\"},\"query-input\":\"required name=search_term_string\"}],\"inLanguage\":\"de\"},{\"@type\":\"Person\",\"@id\":\"https:\/\/www.naturparkmagazin.de\/stechlin\/#\/schema\/person\/3f0d93203df21c806dd63c76d9bb28bc\",\"name\":\"marioschrumpf\",\"url\":\"https:\/\/www.naturparkmagazin.de\/stechlin\/author\/marioschrumpf\/\"}]}<\/script>\n<!-- \/ Yoast SEO plugin. -->","yoast_head_json":{"title":"Theodor Fontane (1819-1898) - Naturpark Stechlin-Ruppiner Land","robots":{"index":"index","follow":"follow","max-snippet":"max-snippet:-1","max-image-preview":"max-image-preview:large","max-video-preview":"max-video-preview:-1"},"canonical":"https:\/\/www.naturparkmagazin.de\/stechlin\/theodor-fontane-1819-1898\/","og_locale":"de_DE","og_type":"article","og_title":"Theodor Fontane (1819-1898) - Naturpark Stechlin-Ruppiner Land","og_description":"Brandenburgs prominentester Literat hat mit seinen \"Wanderungen durch die Mark Brandenburg\" der m\u00e4rkischen Landschaft ein literarisches Denkmal gesetzt.","og_url":"https:\/\/www.naturparkmagazin.de\/stechlin\/theodor-fontane-1819-1898\/","og_site_name":"Naturpark Stechlin-Ruppiner Land","article_published_time":"2019-01-15T06:41:57+00:00","article_modified_time":"2019-01-25T14:22:24+00:00","og_image":[{"width":200,"height":200,"url":"https:\/\/www.naturparkmagazin.de\/stechlin\/wp-content\/uploads\/sites\/38\/Fontane_74.jpg","type":"image\/jpeg"}],"author":"marioschrumpf","twitter_misc":{"Verfasst von":"marioschrumpf","Gesch\u00e4tzte Lesezeit":"1\u00a0Minute"},"schema":{"@context":"https:\/\/schema.org","@graph":[{"@type":"WebPage","@id":"https:\/\/www.naturparkmagazin.de\/stechlin\/theodor-fontane-1819-1898\/","url":"https:\/\/www.naturparkmagazin.de\/stechlin\/theodor-fontane-1819-1898\/","name":"Theodor Fontane (1819-1898) - Naturpark Stechlin-Ruppiner Land","isPartOf":{"@id":"https:\/\/www.naturparkmagazin.de\/stechlin\/#website"},"datePublished":"2019-01-15T06:41:57+00:00","dateModified":"2019-01-25T14:22:24+00:00","author":{"@id":"https:\/\/www.naturparkmagazin.de\/stechlin\/#\/schema\/person\/3f0d93203df21c806dd63c76d9bb28bc"},"breadcrumb":{"@id":"https:\/\/www.naturparkmagazin.de\/stechlin\/theodor-fontane-1819-1898\/#breadcrumb"},"inLanguage":"de","potentialAction":[{"@type":"ReadAction","target":["https:\/\/www.naturparkmagazin.de\/stechlin\/theodor-fontane-1819-1898\/"]}]},{"@type":"BreadcrumbList","@id":"https:\/\/www.naturparkmagazin.de\/stechlin\/theodor-fontane-1819-1898\/#breadcrumb","itemListElement":[{"@type":"ListItem","position":1,"name":"Home","item":"https:\/\/www.naturparkmagazin.de\/stechlin\/"},{"@type":"ListItem","position":2,"name":"Theodor Fontane (1819-1898)"}]},{"@type":"WebSite","@id":"https:\/\/www.naturparkmagazin.de\/stechlin\/#website","url":"https:\/\/www.naturparkmagazin.de\/stechlin\/","name":"Naturpark Stechlin-Ruppiner Land","description":"","potentialAction":[{"@type":"SearchAction","target":{"@type":"EntryPoint","urlTemplate":"https:\/\/www.naturparkmagazin.de\/stechlin\/?s={search_term_string}"},"query-input":"required name=search_term_string"}],"inLanguage":"de"},{"@type":"Person","@id":"https:\/\/www.naturparkmagazin.de\/stechlin\/#\/schema\/person\/3f0d93203df21c806dd63c76d9bb28bc","name":"marioschrumpf","url":"https:\/\/www.naturparkmagazin.de\/stechlin\/author\/marioschrumpf\/"}]}},"_links":{"self":[{"href":"https:\/\/www.naturparkmagazin.de\/stechlin\/wp-json\/wp\/v2\/posts\/7889"}],"collection":[{"href":"https:\/\/www.naturparkmagazin.de\/stechlin\/wp-json\/wp\/v2\/posts"}],"about":[{"href":"https:\/\/www.naturparkmagazin.de\/stechlin\/wp-json\/wp\/v2\/types\/post"}],"author":[{"embeddable":true,"href":"https:\/\/www.naturparkmagazin.de\/stechlin\/wp-json\/wp\/v2\/users\/39"}],"replies":[{"embeddable":true,"href":"https:\/\/www.naturparkmagazin.de\/stechlin\/wp-json\/wp\/v2\/comments?post=7889"}],"version-history":[{"count":4,"href":"https:\/\/www.naturparkmagazin.de\/stechlin\/wp-json\/wp\/v2\/posts\/7889\/revisions"}],"predecessor-version":[{"id":7932,"href":"https:\/\/www.naturparkmagazin.de\/stechlin\/wp-json\/wp\/v2\/posts\/7889\/revisions\/7932"}],"wp:featuredmedia":[{"embeddable":true,"href":"https:\/\/www.naturparkmagazin.de\/stechlin\/wp-json\/wp\/v2\/media\/7892"}],"wp:attachment":[{"href":"https:\/\/www.naturparkmagazin.de\/stechlin\/wp-json\/wp\/v2\/media?parent=7889"}],"wp:term":[{"taxonomy":"category","embeddable":true,"href":"https:\/\/www.naturparkmagazin.de\/stechlin\/wp-json\/wp\/v2\/categories?post=7889"},{"taxonomy":"post_tag","embeddable":true,"href":"https:\/\/www.naturparkmagazin.de\/stechlin\/wp-json\/wp\/v2\/tags?post=7889"}],"curies":[{"name":"wp","href":"https:\/\/api.w.org\/{rel}","templated":true}]}}