{"id":7946,"date":"2019-02-13T09:28:10","date_gmt":"2019-02-13T08:28:10","guid":{"rendered":"https:\/\/www.naturparkmagazin.de\/stechlin\/?p=7946"},"modified":"2019-02-20T18:21:25","modified_gmt":"2019-02-20T17:21:25","slug":"boot-2019","status":"publish","type":"post","link":"https:\/\/www.naturparkmagazin.de\/stechlin\/boot-2019\/","title":{"rendered":"Naturpark auf der &#8222;boot 2019&#8220; in D\u00fcsseldorf"},"content":{"rendered":"<div id=\"attachment_7950\" style=\"width: 310px\" class=\"wp-caption aligncenter\"><a href=\"https:\/\/www.naturparkmagazin.de\/stechlin\/wp-content\/uploads\/sites\/38\/boot_H.-Brandt.jpg\"><img aria-describedby=\"caption-attachment-7950\" decoding=\"async\" loading=\"lazy\" class=\"size-thumbnail wp-image-7950\" src=\"https:\/\/www.naturparkmagazin.de\/stechlin\/wp-content\/uploads\/sites\/38\/boot_H.-Brandt-300x180.jpg\" alt=\"(Foto: H. Brandt)\" width=\"300\" height=\"180\" srcset=\"https:\/\/www.naturparkmagazin.de\/stechlin\/wp-content\/uploads\/sites\/38\/boot_H.-Brandt-300x180.jpg 300w, https:\/\/www.naturparkmagazin.de\/stechlin\/wp-content\/uploads\/sites\/38\/boot_H.-Brandt.jpg 500w, https:\/\/www.naturparkmagazin.de\/stechlin\/wp-content\/uploads\/sites\/38\/boot_H.-Brandt-200x120.jpg 200w\" sizes=\"(max-width: 300px) 100vw, 300px\" \/><\/a><p id=\"caption-attachment-7950\" class=\"wp-caption-text\">(Foto: H. Brandt)<\/p><\/div>\n<p>Auf der <em>boot 2019<\/em> hatten Franz Br\u00fcmmer (Pr\u00e4sident des Verbandes Deutscher Sporttaucher), Volker Krautkr\u00e4mer (NABU) und Silke Oldorff (Naturpark Stechlin-Ruppiner Land) die sch\u00f6ne Gelegenheit die <strong><a href=\"https:\/\/www.win-brandenburg.de\/\">Organisation WIN (Wassersport Initiative Nordbrandenburg)<\/a><\/strong> mit Ihren Vertretern am Stand begr\u00fc\u00dfen zu k\u00f6nnen. Die Initiative m\u00f6chte den Tourismus zwischen den L\u00e4ndern Brandenburg und Mecklenburg-Vorpommern noch besser vernetzen.<\/p>\n<div id=\"attachment_7949\" style=\"width: 310px\" class=\"wp-caption aligncenter\"><a href=\"https:\/\/www.naturparkmagazin.de\/stechlin\/wp-content\/uploads\/sites\/38\/boot-2019_H.-Brandt1.jpg\"><img aria-describedby=\"caption-attachment-7949\" decoding=\"async\" loading=\"lazy\" class=\"size-thumbnail wp-image-7949\" src=\"https:\/\/www.naturparkmagazin.de\/stechlin\/wp-content\/uploads\/sites\/38\/boot-2019_H.-Brandt1-300x180.jpg\" alt=\"(Foto: H. Brandt)\" width=\"300\" height=\"180\" srcset=\"https:\/\/www.naturparkmagazin.de\/stechlin\/wp-content\/uploads\/sites\/38\/boot-2019_H.-Brandt1-300x180.jpg 300w, https:\/\/www.naturparkmagazin.de\/stechlin\/wp-content\/uploads\/sites\/38\/boot-2019_H.-Brandt1.jpg 500w, https:\/\/www.naturparkmagazin.de\/stechlin\/wp-content\/uploads\/sites\/38\/boot-2019_H.-Brandt1-200x120.jpg 200w\" sizes=\"(max-width: 300px) 100vw, 300px\" \/><\/a><p id=\"caption-attachment-7949\" class=\"wp-caption-text\">(Foto: H. Brandt)<\/p><\/div>\n<p>Die stellv. Naturparkleiterin Silke Oldorff konnte den G\u00e4sten Frank Bommert, Mitglied des Landtages Brandenburg; Daniel Kurth, Landrat des Landkreises Barnim und Vorsitzender der Wassertourismus Initiative Nordbrandenburg; Ludger Weskamp, Landrat des Landkreises Oberhavel; Egmont Hamelow, Erster Beigeordneter und Stellv. Landrat des Landkreises Oberhavel; Werner N\u00fcse, Erster Beigeordneter und Stellv. Landrat des Landkreises Ostprignitz-Ruppin; Jens-Peter Golde, B\u00fcrgermeister der Fontanestadt Neuruppin; Antje Uhlig, Projektkoordinatorin, Landkreis Barnim; Axel Leben, Gesch\u00e4ftsf\u00fchrer\u00a0der InKom Neuruppin GmbH; Peter Krause, Gesch\u00e4ftsf\u00fchrer des Tourismusverband Ruppiner Seenland; Olaf Bechert, Gesch\u00e4ftsf\u00fchrer der REGiO-Nord;Kostja Gosau, Landestourismusverband Brandenburg und Julia Pollok, Leiterin WIN-Projektb\u00fcro\u00a0berichten, dass das Projekt <em>Tauchen f\u00fcr den Naturschutz<\/em> l\u00e4nder\u00fcbergreifend\u00a0sehr gut vernetzt ist und die Akteure gern gemeinsam weitere Angebote f\u00fcr den Tourismus im Zusammenhang von Tauchsport und Seenschutz schaffen m\u00f6chten.<\/p>\n<div id=\"attachment_7948\" style=\"width: 323px\" class=\"wp-caption aligncenter\"><a href=\"https:\/\/www.naturparkmagazin.de\/stechlin\/wp-content\/uploads\/sites\/38\/boot-2019_Thorsten_schenk_Trautmann.jpg\"><img aria-describedby=\"caption-attachment-7948\" decoding=\"async\" loading=\"lazy\" class=\" wp-image-7948\" src=\"https:\/\/www.naturparkmagazin.de\/stechlin\/wp-content\/uploads\/sites\/38\/boot-2019_Thorsten_schenk_Trautmann-300x180.jpg\" alt=\"(Foto: Thorsten Schenk-Trautmann)\" width=\"313\" height=\"188\" srcset=\"https:\/\/www.naturparkmagazin.de\/stechlin\/wp-content\/uploads\/sites\/38\/boot-2019_Thorsten_schenk_Trautmann-300x180.jpg 300w, https:\/\/www.naturparkmagazin.de\/stechlin\/wp-content\/uploads\/sites\/38\/boot-2019_Thorsten_schenk_Trautmann.jpg 500w, https:\/\/www.naturparkmagazin.de\/stechlin\/wp-content\/uploads\/sites\/38\/boot-2019_Thorsten_schenk_Trautmann-200x120.jpg 200w\" sizes=\"(max-width: 313px) 100vw, 313px\" \/><\/a><p id=\"caption-attachment-7948\" class=\"wp-caption-text\">(Foto: Thorsten Schenk-Trautmann)<\/p><\/div>\n<p>&nbsp;<\/p>\n","protected":false},"excerpt":{"rendered":"<p>Silke Oldorff, stellv. Naturparkleiterin, informierte auf der boot 2019 eine Expertengruppe der Wassersportinitiative Nordbrandenburg \u00fcber das Projekt Tauchen f\u00fcr den Naturschutz.<\/p>\n","protected":false},"author":39,"featured_media":7947,"comment_status":"open","ping_status":"open","sticky":false,"template":"","format":"standard","meta":[],"categories":[7],"tags":[],"yoast_head":"<!-- This site is optimized with the Yoast SEO plugin v19.10 - https:\/\/yoast.com\/wordpress\/plugins\/seo\/ -->\n<title>Naturpark auf der &quot;boot 2019&quot; in D\u00fcsseldorf - Naturpark Stechlin-Ruppiner Land<\/title>\n<meta name=\"robots\" content=\"index, follow, max-snippet:-1, max-image-preview:large, max-video-preview:-1\" \/>\n<link rel=\"canonical\" href=\"https:\/\/www.naturparkmagazin.de\/stechlin\/boot-2019\/\" \/>\n<meta property=\"og:locale\" content=\"de_DE\" \/>\n<meta property=\"og:type\" content=\"article\" \/>\n<meta property=\"og:title\" content=\"Naturpark auf der &quot;boot 2019&quot; in D\u00fcsseldorf - Naturpark Stechlin-Ruppiner Land\" \/>\n<meta property=\"og:description\" content=\"Silke Oldorff, stellv. Naturparkleiterin, informierte auf der boot 2019 eine Expertengruppe der Wassersportinitiative Nordbrandenburg \u00fcber das Projekt Tauchen f\u00fcr den Naturschutz.\" \/>\n<meta property=\"og:url\" content=\"https:\/\/www.naturparkmagazin.de\/stechlin\/boot-2019\/\" \/>\n<meta property=\"og:site_name\" content=\"Naturpark Stechlin-Ruppiner Land\" \/>\n<meta property=\"article:published_time\" content=\"2019-02-13T08:28:10+00:00\" \/>\n<meta property=\"article:modified_time\" content=\"2019-02-20T17:21:25+00:00\" \/>\n<meta property=\"og:image\" content=\"https:\/\/www.naturparkmagazin.de\/stechlin\/wp-content\/uploads\/sites\/38\/boot-2019_H.-Brandt.jpg\" \/>\n\t<meta property=\"og:image:width\" content=\"200\" \/>\n\t<meta property=\"og:image:height\" content=\"200\" \/>\n\t<meta property=\"og:image:type\" content=\"image\/jpeg\" \/>\n<meta name=\"author\" content=\"marioschrumpf\" \/>\n<meta name=\"twitter:label1\" content=\"Verfasst von\" \/>\n\t<meta name=\"twitter:data1\" content=\"marioschrumpf\" \/>\n\t<meta name=\"twitter:label2\" content=\"Gesch\u00e4tzte Lesezeit\" \/>\n\t<meta name=\"twitter:data2\" content=\"1\u00a0Minute\" \/>\n<script type=\"application\/ld+json\" class=\"yoast-schema-graph\">{\"@context\":\"https:\/\/schema.org\",\"@graph\":[{\"@type\":\"WebPage\",\"@id\":\"https:\/\/www.naturparkmagazin.de\/stechlin\/boot-2019\/\",\"url\":\"https:\/\/www.naturparkmagazin.de\/stechlin\/boot-2019\/\",\"name\":\"Naturpark auf der \\\"boot 2019\\\" in D\u00fcsseldorf - Naturpark Stechlin-Ruppiner Land\",\"isPartOf\":{\"@id\":\"https:\/\/www.naturparkmagazin.de\/stechlin\/#website\"},\"datePublished\":\"2019-02-13T08:28:10+00:00\",\"dateModified\":\"2019-02-20T17:21:25+00:00\",\"author\":{\"@id\":\"https:\/\/www.naturparkmagazin.de\/stechlin\/#\/schema\/person\/3f0d93203df21c806dd63c76d9bb28bc\"},\"breadcrumb\":{\"@id\":\"https:\/\/www.naturparkmagazin.de\/stechlin\/boot-2019\/#breadcrumb\"},\"inLanguage\":\"de\",\"potentialAction\":[{\"@type\":\"ReadAction\",\"target\":[\"https:\/\/www.naturparkmagazin.de\/stechlin\/boot-2019\/\"]}]},{\"@type\":\"BreadcrumbList\",\"@id\":\"https:\/\/www.naturparkmagazin.de\/stechlin\/boot-2019\/#breadcrumb\",\"itemListElement\":[{\"@type\":\"ListItem\",\"position\":1,\"name\":\"Home\",\"item\":\"https:\/\/www.naturparkmagazin.de\/stechlin\/\"},{\"@type\":\"ListItem\",\"position\":2,\"name\":\"Naturpark auf der &#8222;boot 2019&#8220; in D\u00fcsseldorf\"}]},{\"@type\":\"WebSite\",\"@id\":\"https:\/\/www.naturparkmagazin.de\/stechlin\/#website\",\"url\":\"https:\/\/www.naturparkmagazin.de\/stechlin\/\",\"name\":\"Naturpark Stechlin-Ruppiner Land\",\"description\":\"\",\"potentialAction\":[{\"@type\":\"SearchAction\",\"target\":{\"@type\":\"EntryPoint\",\"urlTemplate\":\"https:\/\/www.naturparkmagazin.de\/stechlin\/?s={search_term_string}\"},\"query-input\":\"required name=search_term_string\"}],\"inLanguage\":\"de\"},{\"@type\":\"Person\",\"@id\":\"https:\/\/www.naturparkmagazin.de\/stechlin\/#\/schema\/person\/3f0d93203df21c806dd63c76d9bb28bc\",\"name\":\"marioschrumpf\",\"url\":\"https:\/\/www.naturparkmagazin.de\/stechlin\/author\/marioschrumpf\/\"}]}<\/script>\n<!-- \/ Yoast SEO plugin. -->","yoast_head_json":{"title":"Naturpark auf der \"boot 2019\" in D\u00fcsseldorf - Naturpark Stechlin-Ruppiner Land","robots":{"index":"index","follow":"follow","max-snippet":"max-snippet:-1","max-image-preview":"max-image-preview:large","max-video-preview":"max-video-preview:-1"},"canonical":"https:\/\/www.naturparkmagazin.de\/stechlin\/boot-2019\/","og_locale":"de_DE","og_type":"article","og_title":"Naturpark auf der \"boot 2019\" in D\u00fcsseldorf - Naturpark Stechlin-Ruppiner Land","og_description":"Silke Oldorff, stellv. Naturparkleiterin, informierte auf der boot 2019 eine Expertengruppe der Wassersportinitiative Nordbrandenburg \u00fcber das Projekt Tauchen f\u00fcr den Naturschutz.","og_url":"https:\/\/www.naturparkmagazin.de\/stechlin\/boot-2019\/","og_site_name":"Naturpark Stechlin-Ruppiner Land","article_published_time":"2019-02-13T08:28:10+00:00","article_modified_time":"2019-02-20T17:21:25+00:00","og_image":[{"width":200,"height":200,"url":"https:\/\/www.naturparkmagazin.de\/stechlin\/wp-content\/uploads\/sites\/38\/boot-2019_H.-Brandt.jpg","type":"image\/jpeg"}],"author":"marioschrumpf","twitter_misc":{"Verfasst von":"marioschrumpf","Gesch\u00e4tzte Lesezeit":"1\u00a0Minute"},"schema":{"@context":"https:\/\/schema.org","@graph":[{"@type":"WebPage","@id":"https:\/\/www.naturparkmagazin.de\/stechlin\/boot-2019\/","url":"https:\/\/www.naturparkmagazin.de\/stechlin\/boot-2019\/","name":"Naturpark auf der \"boot 2019\" in D\u00fcsseldorf - Naturpark Stechlin-Ruppiner Land","isPartOf":{"@id":"https:\/\/www.naturparkmagazin.de\/stechlin\/#website"},"datePublished":"2019-02-13T08:28:10+00:00","dateModified":"2019-02-20T17:21:25+00:00","author":{"@id":"https:\/\/www.naturparkmagazin.de\/stechlin\/#\/schema\/person\/3f0d93203df21c806dd63c76d9bb28bc"},"breadcrumb":{"@id":"https:\/\/www.naturparkmagazin.de\/stechlin\/boot-2019\/#breadcrumb"},"inLanguage":"de","potentialAction":[{"@type":"ReadAction","target":["https:\/\/www.naturparkmagazin.de\/stechlin\/boot-2019\/"]}]},{"@type":"BreadcrumbList","@id":"https:\/\/www.naturparkmagazin.de\/stechlin\/boot-2019\/#breadcrumb","itemListElement":[{"@type":"ListItem","position":1,"name":"Home","item":"https:\/\/www.naturparkmagazin.de\/stechlin\/"},{"@type":"ListItem","position":2,"name":"Naturpark auf der &#8222;boot 2019&#8220; in D\u00fcsseldorf"}]},{"@type":"WebSite","@id":"https:\/\/www.naturparkmagazin.de\/stechlin\/#website","url":"https:\/\/www.naturparkmagazin.de\/stechlin\/","name":"Naturpark Stechlin-Ruppiner Land","description":"","potentialAction":[{"@type":"SearchAction","target":{"@type":"EntryPoint","urlTemplate":"https:\/\/www.naturparkmagazin.de\/stechlin\/?s={search_term_string}"},"query-input":"required name=search_term_string"}],"inLanguage":"de"},{"@type":"Person","@id":"https:\/\/www.naturparkmagazin.de\/stechlin\/#\/schema\/person\/3f0d93203df21c806dd63c76d9bb28bc","name":"marioschrumpf","url":"https:\/\/www.naturparkmagazin.de\/stechlin\/author\/marioschrumpf\/"}]}},"_links":{"self":[{"href":"https:\/\/www.naturparkmagazin.de\/stechlin\/wp-json\/wp\/v2\/posts\/7946"}],"collection":[{"href":"https:\/\/www.naturparkmagazin.de\/stechlin\/wp-json\/wp\/v2\/posts"}],"about":[{"href":"https:\/\/www.naturparkmagazin.de\/stechlin\/wp-json\/wp\/v2\/types\/post"}],"author":[{"embeddable":true,"href":"https:\/\/www.naturparkmagazin.de\/stechlin\/wp-json\/wp\/v2\/users\/39"}],"replies":[{"embeddable":true,"href":"https:\/\/www.naturparkmagazin.de\/stechlin\/wp-json\/wp\/v2\/comments?post=7946"}],"version-history":[{"count":4,"href":"https:\/\/www.naturparkmagazin.de\/stechlin\/wp-json\/wp\/v2\/posts\/7946\/revisions"}],"predecessor-version":[{"id":8021,"href":"https:\/\/www.naturparkmagazin.de\/stechlin\/wp-json\/wp\/v2\/posts\/7946\/revisions\/8021"}],"wp:featuredmedia":[{"embeddable":true,"href":"https:\/\/www.naturparkmagazin.de\/stechlin\/wp-json\/wp\/v2\/media\/7947"}],"wp:attachment":[{"href":"https:\/\/www.naturparkmagazin.de\/stechlin\/wp-json\/wp\/v2\/media?parent=7946"}],"wp:term":[{"taxonomy":"category","embeddable":true,"href":"https:\/\/www.naturparkmagazin.de\/stechlin\/wp-json\/wp\/v2\/categories?post=7946"},{"taxonomy":"post_tag","embeddable":true,"href":"https:\/\/www.naturparkmagazin.de\/stechlin\/wp-json\/wp\/v2\/tags?post=7946"}],"curies":[{"name":"wp","href":"https:\/\/api.w.org\/{rel}","templated":true}]}}