{"id":7955,"date":"2019-02-13T11:09:35","date_gmt":"2019-02-13T10:09:35","guid":{"rendered":"https:\/\/www.naturparkmagazin.de\/stechlin\/?p=7955"},"modified":"2025-04-25T08:45:00","modified_gmt":"2025-04-25T06:45:00","slug":"zur-richtigen-zeit-am-richtigen-ort-mit-den-naturpark-rangern-auf-erlebnistour","status":"publish","type":"post","link":"https:\/\/www.naturparkmagazin.de\/stechlin\/zur-richtigen-zeit-am-richtigen-ort-mit-den-naturpark-rangern-auf-erlebnistour\/","title":{"rendered":"Zur richtigen Zeit am richtigen Ort: Mit den Naturpark-Rangern auf ErlebnisTour (2019)"},"content":{"rendered":"<p><a href=\"https:\/\/www.naturparkmagazin.de\/stechlin\/wp-content\/uploads\/sites\/38\/Ranger-Erlebnistour21.jpg\"><img decoding=\"async\" loading=\"lazy\" class=\" size-full wp-image-7959 aligncenter\" src=\"https:\/\/www.naturparkmagazin.de\/stechlin\/wp-content\/uploads\/sites\/38\/Ranger-Erlebnistour21.jpg\" alt=\"NP SRL\/Archiv NaWa\" width=\"200\" height=\"300\" \/><\/a><\/p>\n<p>Seit rund drei Jahrzehnten f\u00fchren Brandenburgs Ranger durch die 15 Nationalen Naturlandschaften des Landes. Insgesamt 45 Ranger-ErlebnisTouren bilden die H\u00f6hepunkte im umfangreichen Exkursionsangebot der Naturw\u00e4chter und bieten besonders tiefe Einblicke in Brandenburgs sch\u00f6nste Schutzgebiete.<\/p>\n<p>Durch ihren t\u00e4glichen Einsatz f\u00fcr den Schutz der Natur kennen die Ranger die glasklaren Seen, die lebendigen Fl\u00fcsse und Moore, die ausgedehnten Auenlandschaften oder malerischen Buchenw\u00e4lder Brandenburgs wie ihre Westentasche. Sie bieten j\u00e4hrlich mehr als 500 gef\u00fchrte Wanderungen mit mehr als 10.000 Teilnehmern an.<\/p>\n<p>Die H\u00f6hepunkte im Jahresprogramm der hauptamtlichen Natursch\u00fctzer bilden auch 2019 die Ranger-ErlebnisTouren. Sie erm\u00f6glichen auf ausgedehnten Exkursionen besonders tiefe Einblicke in die artenreichsten und sch\u00f6nsten Schutzgebiete.<\/p>\n<div id=\"attachment_7957\" style=\"width: 310px\" class=\"wp-caption aligncenter\"><a href=\"https:\/\/www.naturparkmagazin.de\/stechlin\/wp-content\/uploads\/sites\/38\/Seeadler_Dr.-Wolfgang-Henkel.jpg\"><img aria-describedby=\"caption-attachment-7957\" decoding=\"async\" loading=\"lazy\" class=\"size-thumbnail wp-image-7957\" src=\"https:\/\/www.naturparkmagazin.de\/stechlin\/wp-content\/uploads\/sites\/38\/Seeadler_Dr.-Wolfgang-Henkel-300x180.jpg\" alt=\"Der Seeadler jagd am Wummsee.\" width=\"300\" height=\"180\" srcset=\"https:\/\/www.naturparkmagazin.de\/stechlin\/wp-content\/uploads\/sites\/38\/Seeadler_Dr.-Wolfgang-Henkel-300x180.jpg 300w, https:\/\/www.naturparkmagazin.de\/stechlin\/wp-content\/uploads\/sites\/38\/Seeadler_Dr.-Wolfgang-Henkel.jpg 500w, https:\/\/www.naturparkmagazin.de\/stechlin\/wp-content\/uploads\/sites\/38\/Seeadler_Dr.-Wolfgang-Henkel-200x120.jpg 200w\" sizes=\"(max-width: 300px) 100vw, 300px\" \/><\/a><p id=\"caption-attachment-7957\" class=\"wp-caption-text\">Der Seeadler jagt am Wummsee.<\/p><\/div>\n<p>Zwischen April und Oktober sind insgesamt 45 Ranger-ErlebnisTouren mit dem Rad, zu Fu\u00df, im Kanu, am Tage und in der Nacht geplant. Das Programmheft gibt es online und in gedruckter Form. Hier geht es zur Download der <a href=\"https:\/\/www.naturschutzfonds.de\/natur-erleben\/ranger-erlebnistouren\/\">Ranger-ErlebnisTouren <\/a>2019. Alle RangerTouren und Informationen zur Anmeldung im Veranstaltungskalender unter: <a href=\"https:\/\/www.naturschutzfonds.de\/natur-erleben\/veranstaltungskalender\/\">www.naturwacht.de<\/a><\/p>\n<p>Die Naturwacht unseres Naturparks l\u00e4dt traditionell am <strong>9. August<\/strong> zur &#8222;<em>Kanutour in die Vollmondnacht<\/em>&#8220; nach Zippelsf\u00f6rde ein. Das Leben der nachtaktiven Tiere steht in dieser Vollmondnacht im Mittelpunkt. Am <strong>5. Oktober<\/strong> sind die G\u00e4ste eingeladen &#8222;<em>Auf den Spuren des versunkenen Dorfes<\/em>&#8220; am Wummsee zu wandeln.<\/p>\n<div id=\"attachment_7956\" style=\"width: 310px\" class=\"wp-caption aligncenter\"><a href=\"https:\/\/www.naturparkmagazin.de\/stechlin\/wp-content\/uploads\/sites\/38\/Biber-in-der-J\u00e4glitz_Andree-Kienast.jpg\"><img aria-describedby=\"caption-attachment-7956\" decoding=\"async\" loading=\"lazy\" class=\"size-thumbnail wp-image-7956\" src=\"https:\/\/www.naturparkmagazin.de\/stechlin\/wp-content\/uploads\/sites\/38\/Biber-in-der-J\u00e4glitz_Andree-Kienast-300x180.jpg\" alt=\"Der Biber geh\u00f6rt zu den nachtaktiven Tieren am Rhin.\" width=\"300\" height=\"180\" srcset=\"https:\/\/www.naturparkmagazin.de\/stechlin\/wp-content\/uploads\/sites\/38\/Biber-in-der-J\u00e4glitz_Andree-Kienast-300x180.jpg 300w, https:\/\/www.naturparkmagazin.de\/stechlin\/wp-content\/uploads\/sites\/38\/Biber-in-der-J\u00e4glitz_Andree-Kienast.jpg 500w, https:\/\/www.naturparkmagazin.de\/stechlin\/wp-content\/uploads\/sites\/38\/Biber-in-der-J\u00e4glitz_Andree-Kienast-200x120.jpg 200w\" sizes=\"(max-width: 300px) 100vw, 300px\" \/><\/a><p id=\"caption-attachment-7956\" class=\"wp-caption-text\">Der Biber geh\u00f6rt zu den nachtaktiven Tieren am Rhin.<\/p><\/div>\n<div id=\"attachment_5613\" style=\"width: 310px\" class=\"wp-caption aligncenter\"><a href=\"https:\/\/www.naturparkmagazin.de\/stechlin\/wp-content\/uploads\/sites\/38\/Forellentrafo-Zippelsf\u00f6rde-35.jpg\"><img aria-describedby=\"caption-attachment-5613\" decoding=\"async\" loading=\"lazy\" class=\"size-thumbnail wp-image-5613\" src=\"https:\/\/www.naturparkmagazin.de\/stechlin\/wp-content\/uploads\/sites\/38\/Forellentrafo-Zippelsf\u00f6rde-35-300x180.jpg\" alt=\"Treffpunkt Forellentrafo\" width=\"300\" height=\"180\" srcset=\"https:\/\/www.naturparkmagazin.de\/stechlin\/wp-content\/uploads\/sites\/38\/Forellentrafo-Zippelsf\u00f6rde-35-300x180.jpg 300w, https:\/\/www.naturparkmagazin.de\/stechlin\/wp-content\/uploads\/sites\/38\/Forellentrafo-Zippelsf\u00f6rde-35.jpg 500w, https:\/\/www.naturparkmagazin.de\/stechlin\/wp-content\/uploads\/sites\/38\/Forellentrafo-Zippelsf\u00f6rde-35-200x120.jpg 200w\" sizes=\"(max-width: 300px) 100vw, 300px\" \/><\/a><p id=\"caption-attachment-5613\" class=\"wp-caption-text\">Treffpunkt Forellentrafo<\/p><\/div>\n<p>Anl\u00e4sslich des 50j\u00e4hrigen Jubil\u00e4ums des Naturschutzgebietes Wummsee und Twernsee geht es im Norden des Naturparks auf Tour. Beeindruckender Herbstwald, sch\u00f6ne alte B\u00e4ume voller Leben, glasklare Seen, Forstwirtschaft mit Tradition und unheimliche Erscheinungen erwarten die G\u00e4ste<\/p>\n","protected":false},"excerpt":{"rendered":"<p>Seit rund drei Jahrzehnten f\u00fchren Brandenburgs Ranger durch die 15 Nationalen Naturlandschaften des Landes.<\/p>\n","protected":false},"author":39,"featured_media":7958,"comment_status":"open","ping_status":"open","sticky":false,"template":"","format":"standard","meta":[],"categories":[7],"tags":[],"yoast_head":"<!-- This site is optimized with the Yoast SEO plugin v19.10 - https:\/\/yoast.com\/wordpress\/plugins\/seo\/ -->\n<title>Zur richtigen Zeit am richtigen Ort: Mit den Naturpark-Rangern auf ErlebnisTour (2019) - Naturpark Stechlin-Ruppiner Land<\/title>\n<meta name=\"robots\" content=\"index, follow, max-snippet:-1, max-image-preview:large, max-video-preview:-1\" \/>\n<link rel=\"canonical\" href=\"https:\/\/www.naturparkmagazin.de\/stechlin\/zur-richtigen-zeit-am-richtigen-ort-mit-den-naturpark-rangern-auf-erlebnistour\/\" \/>\n<meta property=\"og:locale\" content=\"de_DE\" \/>\n<meta property=\"og:type\" content=\"article\" \/>\n<meta property=\"og:title\" content=\"Zur richtigen Zeit am richtigen Ort: Mit den Naturpark-Rangern auf ErlebnisTour (2019) - Naturpark Stechlin-Ruppiner Land\" \/>\n<meta property=\"og:description\" content=\"Seit rund drei Jahrzehnten f\u00fchren Brandenburgs Ranger durch die 15 Nationalen Naturlandschaften des Landes.\" \/>\n<meta property=\"og:url\" content=\"https:\/\/www.naturparkmagazin.de\/stechlin\/zur-richtigen-zeit-am-richtigen-ort-mit-den-naturpark-rangern-auf-erlebnistour\/\" \/>\n<meta property=\"og:site_name\" content=\"Naturpark Stechlin-Ruppiner Land\" \/>\n<meta property=\"article:published_time\" content=\"2019-02-13T10:09:35+00:00\" \/>\n<meta property=\"article:modified_time\" content=\"2025-04-25T06:45:00+00:00\" \/>\n<meta property=\"og:image\" content=\"https:\/\/www.naturparkmagazin.de\/stechlin\/wp-content\/uploads\/sites\/38\/Ranger-Erlebnistour2.jpg\" \/>\n\t<meta property=\"og:image:width\" content=\"200\" \/>\n\t<meta property=\"og:image:height\" content=\"200\" \/>\n\t<meta property=\"og:image:type\" content=\"image\/jpeg\" \/>\n<meta name=\"author\" content=\"marioschrumpf\" \/>\n<meta name=\"twitter:label1\" content=\"Verfasst von\" \/>\n\t<meta name=\"twitter:data1\" content=\"marioschrumpf\" \/>\n\t<meta name=\"twitter:label2\" content=\"Gesch\u00e4tzte Lesezeit\" \/>\n\t<meta name=\"twitter:data2\" content=\"1\u00a0Minute\" \/>\n<script type=\"application\/ld+json\" class=\"yoast-schema-graph\">{\"@context\":\"https:\/\/schema.org\",\"@graph\":[{\"@type\":\"WebPage\",\"@id\":\"https:\/\/www.naturparkmagazin.de\/stechlin\/zur-richtigen-zeit-am-richtigen-ort-mit-den-naturpark-rangern-auf-erlebnistour\/\",\"url\":\"https:\/\/www.naturparkmagazin.de\/stechlin\/zur-richtigen-zeit-am-richtigen-ort-mit-den-naturpark-rangern-auf-erlebnistour\/\",\"name\":\"Zur richtigen Zeit am richtigen Ort: Mit den Naturpark-Rangern auf ErlebnisTour (2019) - Naturpark Stechlin-Ruppiner Land\",\"isPartOf\":{\"@id\":\"https:\/\/www.naturparkmagazin.de\/stechlin\/#website\"},\"datePublished\":\"2019-02-13T10:09:35+00:00\",\"dateModified\":\"2025-04-25T06:45:00+00:00\",\"author\":{\"@id\":\"https:\/\/www.naturparkmagazin.de\/stechlin\/#\/schema\/person\/3f0d93203df21c806dd63c76d9bb28bc\"},\"breadcrumb\":{\"@id\":\"https:\/\/www.naturparkmagazin.de\/stechlin\/zur-richtigen-zeit-am-richtigen-ort-mit-den-naturpark-rangern-auf-erlebnistour\/#breadcrumb\"},\"inLanguage\":\"de\",\"potentialAction\":[{\"@type\":\"ReadAction\",\"target\":[\"https:\/\/www.naturparkmagazin.de\/stechlin\/zur-richtigen-zeit-am-richtigen-ort-mit-den-naturpark-rangern-auf-erlebnistour\/\"]}]},{\"@type\":\"BreadcrumbList\",\"@id\":\"https:\/\/www.naturparkmagazin.de\/stechlin\/zur-richtigen-zeit-am-richtigen-ort-mit-den-naturpark-rangern-auf-erlebnistour\/#breadcrumb\",\"itemListElement\":[{\"@type\":\"ListItem\",\"position\":1,\"name\":\"Home\",\"item\":\"https:\/\/www.naturparkmagazin.de\/stechlin\/\"},{\"@type\":\"ListItem\",\"position\":2,\"name\":\"Zur richtigen Zeit am richtigen Ort: Mit den Naturpark-Rangern auf ErlebnisTour (2019)\"}]},{\"@type\":\"WebSite\",\"@id\":\"https:\/\/www.naturparkmagazin.de\/stechlin\/#website\",\"url\":\"https:\/\/www.naturparkmagazin.de\/stechlin\/\",\"name\":\"Naturpark Stechlin-Ruppiner Land\",\"description\":\"\",\"potentialAction\":[{\"@type\":\"SearchAction\",\"target\":{\"@type\":\"EntryPoint\",\"urlTemplate\":\"https:\/\/www.naturparkmagazin.de\/stechlin\/?s={search_term_string}\"},\"query-input\":\"required name=search_term_string\"}],\"inLanguage\":\"de\"},{\"@type\":\"Person\",\"@id\":\"https:\/\/www.naturparkmagazin.de\/stechlin\/#\/schema\/person\/3f0d93203df21c806dd63c76d9bb28bc\",\"name\":\"marioschrumpf\",\"url\":\"https:\/\/www.naturparkmagazin.de\/stechlin\/author\/marioschrumpf\/\"}]}<\/script>\n<!-- \/ Yoast SEO plugin. -->","yoast_head_json":{"title":"Zur richtigen Zeit am richtigen Ort: Mit den Naturpark-Rangern auf ErlebnisTour (2019) - Naturpark Stechlin-Ruppiner Land","robots":{"index":"index","follow":"follow","max-snippet":"max-snippet:-1","max-image-preview":"max-image-preview:large","max-video-preview":"max-video-preview:-1"},"canonical":"https:\/\/www.naturparkmagazin.de\/stechlin\/zur-richtigen-zeit-am-richtigen-ort-mit-den-naturpark-rangern-auf-erlebnistour\/","og_locale":"de_DE","og_type":"article","og_title":"Zur richtigen Zeit am richtigen Ort: Mit den Naturpark-Rangern auf ErlebnisTour (2019) - Naturpark Stechlin-Ruppiner Land","og_description":"Seit rund drei Jahrzehnten f\u00fchren Brandenburgs Ranger durch die 15 Nationalen Naturlandschaften des Landes.","og_url":"https:\/\/www.naturparkmagazin.de\/stechlin\/zur-richtigen-zeit-am-richtigen-ort-mit-den-naturpark-rangern-auf-erlebnistour\/","og_site_name":"Naturpark Stechlin-Ruppiner Land","article_published_time":"2019-02-13T10:09:35+00:00","article_modified_time":"2025-04-25T06:45:00+00:00","og_image":[{"width":200,"height":200,"url":"https:\/\/www.naturparkmagazin.de\/stechlin\/wp-content\/uploads\/sites\/38\/Ranger-Erlebnistour2.jpg","type":"image\/jpeg"}],"author":"marioschrumpf","twitter_misc":{"Verfasst von":"marioschrumpf","Gesch\u00e4tzte Lesezeit":"1\u00a0Minute"},"schema":{"@context":"https:\/\/schema.org","@graph":[{"@type":"WebPage","@id":"https:\/\/www.naturparkmagazin.de\/stechlin\/zur-richtigen-zeit-am-richtigen-ort-mit-den-naturpark-rangern-auf-erlebnistour\/","url":"https:\/\/www.naturparkmagazin.de\/stechlin\/zur-richtigen-zeit-am-richtigen-ort-mit-den-naturpark-rangern-auf-erlebnistour\/","name":"Zur richtigen Zeit am richtigen Ort: Mit den Naturpark-Rangern auf ErlebnisTour (2019) - Naturpark Stechlin-Ruppiner Land","isPartOf":{"@id":"https:\/\/www.naturparkmagazin.de\/stechlin\/#website"},"datePublished":"2019-02-13T10:09:35+00:00","dateModified":"2025-04-25T06:45:00+00:00","author":{"@id":"https:\/\/www.naturparkmagazin.de\/stechlin\/#\/schema\/person\/3f0d93203df21c806dd63c76d9bb28bc"},"breadcrumb":{"@id":"https:\/\/www.naturparkmagazin.de\/stechlin\/zur-richtigen-zeit-am-richtigen-ort-mit-den-naturpark-rangern-auf-erlebnistour\/#breadcrumb"},"inLanguage":"de","potentialAction":[{"@type":"ReadAction","target":["https:\/\/www.naturparkmagazin.de\/stechlin\/zur-richtigen-zeit-am-richtigen-ort-mit-den-naturpark-rangern-auf-erlebnistour\/"]}]},{"@type":"BreadcrumbList","@id":"https:\/\/www.naturparkmagazin.de\/stechlin\/zur-richtigen-zeit-am-richtigen-ort-mit-den-naturpark-rangern-auf-erlebnistour\/#breadcrumb","itemListElement":[{"@type":"ListItem","position":1,"name":"Home","item":"https:\/\/www.naturparkmagazin.de\/stechlin\/"},{"@type":"ListItem","position":2,"name":"Zur richtigen Zeit am richtigen Ort: Mit den Naturpark-Rangern auf ErlebnisTour (2019)"}]},{"@type":"WebSite","@id":"https:\/\/www.naturparkmagazin.de\/stechlin\/#website","url":"https:\/\/www.naturparkmagazin.de\/stechlin\/","name":"Naturpark Stechlin-Ruppiner Land","description":"","potentialAction":[{"@type":"SearchAction","target":{"@type":"EntryPoint","urlTemplate":"https:\/\/www.naturparkmagazin.de\/stechlin\/?s={search_term_string}"},"query-input":"required name=search_term_string"}],"inLanguage":"de"},{"@type":"Person","@id":"https:\/\/www.naturparkmagazin.de\/stechlin\/#\/schema\/person\/3f0d93203df21c806dd63c76d9bb28bc","name":"marioschrumpf","url":"https:\/\/www.naturparkmagazin.de\/stechlin\/author\/marioschrumpf\/"}]}},"_links":{"self":[{"href":"https:\/\/www.naturparkmagazin.de\/stechlin\/wp-json\/wp\/v2\/posts\/7955"}],"collection":[{"href":"https:\/\/www.naturparkmagazin.de\/stechlin\/wp-json\/wp\/v2\/posts"}],"about":[{"href":"https:\/\/www.naturparkmagazin.de\/stechlin\/wp-json\/wp\/v2\/types\/post"}],"author":[{"embeddable":true,"href":"https:\/\/www.naturparkmagazin.de\/stechlin\/wp-json\/wp\/v2\/users\/39"}],"replies":[{"embeddable":true,"href":"https:\/\/www.naturparkmagazin.de\/stechlin\/wp-json\/wp\/v2\/comments?post=7955"}],"version-history":[{"count":5,"href":"https:\/\/www.naturparkmagazin.de\/stechlin\/wp-json\/wp\/v2\/posts\/7955\/revisions"}],"predecessor-version":[{"id":17165,"href":"https:\/\/www.naturparkmagazin.de\/stechlin\/wp-json\/wp\/v2\/posts\/7955\/revisions\/17165"}],"wp:featuredmedia":[{"embeddable":true,"href":"https:\/\/www.naturparkmagazin.de\/stechlin\/wp-json\/wp\/v2\/media\/7958"}],"wp:attachment":[{"href":"https:\/\/www.naturparkmagazin.de\/stechlin\/wp-json\/wp\/v2\/media?parent=7955"}],"wp:term":[{"taxonomy":"category","embeddable":true,"href":"https:\/\/www.naturparkmagazin.de\/stechlin\/wp-json\/wp\/v2\/categories?post=7955"},{"taxonomy":"post_tag","embeddable":true,"href":"https:\/\/www.naturparkmagazin.de\/stechlin\/wp-json\/wp\/v2\/tags?post=7955"}],"curies":[{"name":"wp","href":"https:\/\/api.w.org\/{rel}","templated":true}]}}