{"id":7961,"date":"2019-02-13T11:53:21","date_gmt":"2019-02-13T10:53:21","guid":{"rendered":"https:\/\/www.naturparkmagazin.de\/stechlin\/?p=7961"},"modified":"2025-02-24T16:31:34","modified_gmt":"2025-02-24T15:31:34","slug":"oekofilmtour-war-zu-gast-in-menz","status":"publish","type":"post","link":"https:\/\/www.naturparkmagazin.de\/stechlin\/oekofilmtour-war-zu-gast-in-menz\/","title":{"rendered":"\u00d6kofilmtour war zu Gast in Menz (2019)"},"content":{"rendered":"<p>W\u00e4hrend in Berlin die &#8222;Berlinale&#8220; Besucher und Prominente anlockte, rollte in Menz die Brandenburger \u00d6kofilmtour den roten Teppich aus.<\/p>\n<p>Mehr als 50 Besucher kamen zur Welturauff\u00fchrung von Bertram Verhaags Film &#8222;<em>Aus Liebe zum \u00dcberleben<\/em>&#8220; zur Abendvorstellung in die Regionalwerkstatt Stechlin.<\/p>\n<div id=\"attachment_7964\" style=\"width: 310px\" class=\"wp-caption aligncenter\"><a href=\"https:\/\/www.naturparkmagazin.de\/stechlin\/wp-content\/uploads\/sites\/38\/\u00d6kifilmtour-19_15.jpg\"><img aria-describedby=\"caption-attachment-7964\" decoding=\"async\" loading=\"lazy\" class=\"size-thumbnail wp-image-7964\" src=\"https:\/\/www.naturparkmagazin.de\/stechlin\/wp-content\/uploads\/sites\/38\/\u00d6kifilmtour-19_15-300x180.jpg\" alt=\"Filmdiskussion mit Frank Rumpe, Andreas Bergmann und Alfred M\u00fcller\" width=\"300\" height=\"180\" srcset=\"https:\/\/www.naturparkmagazin.de\/stechlin\/wp-content\/uploads\/sites\/38\/\u00d6kifilmtour-19_15-300x180.jpg 300w, https:\/\/www.naturparkmagazin.de\/stechlin\/wp-content\/uploads\/sites\/38\/\u00d6kifilmtour-19_15.jpg 500w, https:\/\/www.naturparkmagazin.de\/stechlin\/wp-content\/uploads\/sites\/38\/\u00d6kifilmtour-19_15-200x120.jpg 200w\" sizes=\"(max-width: 300px) 100vw, 300px\" \/><\/a><p id=\"caption-attachment-7964\" class=\"wp-caption-text\">Filmdiskussion mit Frank Rumpe, Andreas Bergmann und Alfred M\u00fcller<\/p><\/div>\n<p>Der bekannte M\u00fcnchner Filmemacher hat 8 Bauern portr\u00e4tiert, die sich von der hochindustrialisierten Landwirtschaft abgewendet haben und nun biologische Landwirtschaft betreiben.<\/p>\n<p>In der anschlie\u00dfenden Filmdiskussion unter Leitung von Alfred M\u00fcller standen mit Andreas Bergmann und Frank Rumpe zwei Bio-Landwirte aus dem Naturpark den G\u00e4sten Rede und Antwort. Themen wie das auch im Naturpark l\u00e4ngst angekommene Insektensterben, der gro\u00dffl\u00e4chige Pestizideinsatz in der konventionellen Landwirtschaft und Auswirkungen auf unser Grundwasser wurden angesprochen.<\/p>\n<div id=\"attachment_7963\" style=\"width: 310px\" class=\"wp-caption aligncenter\"><a href=\"https:\/\/www.naturparkmagazin.de\/stechlin\/wp-content\/uploads\/sites\/38\/\u00d6kofilmtour-19_28.jpg\"><img aria-describedby=\"caption-attachment-7963\" decoding=\"async\" loading=\"lazy\" class=\"size-thumbnail wp-image-7963\" src=\"https:\/\/www.naturparkmagazin.de\/stechlin\/wp-content\/uploads\/sites\/38\/\u00d6kofilmtour-19_28-300x180.jpg\" alt=\"Aufmerksam verfolgten die Menzer Sch\u00fcler das Filmprogramm.\" width=\"300\" height=\"180\" srcset=\"https:\/\/www.naturparkmagazin.de\/stechlin\/wp-content\/uploads\/sites\/38\/\u00d6kofilmtour-19_28-300x180.jpg 300w, https:\/\/www.naturparkmagazin.de\/stechlin\/wp-content\/uploads\/sites\/38\/\u00d6kofilmtour-19_28.jpg 500w, https:\/\/www.naturparkmagazin.de\/stechlin\/wp-content\/uploads\/sites\/38\/\u00d6kofilmtour-19_28-200x120.jpg 200w\" sizes=\"(max-width: 300px) 100vw, 300px\" \/><\/a><p id=\"caption-attachment-7963\" class=\"wp-caption-text\">Aufmerksam verfolgten die Menzer Sch\u00fcler das Filmprogramm.<\/p><\/div>\n<p>Am Vormittag des Folgetages standen die j\u00fcngsten Festivalbesucher aus der Naturparkschule Theodor Fontane Menz und der Menzer Naturparkkita im Mittelpunkt. Gemeinsam wurden kindgerechte Filme u.a. zur Frage woher kommt unser Trinkwasser, was passiert mit unserem Abwasser, zur Lebensweise des Kuckucks und zum Problem Plastikm\u00fcll angeschaut. Anschlie\u00dfend diskutierte Ranger Thomas Hahn mit den Kindern \u00fcber die Filme.<\/p>\n<div id=\"attachment_7962\" style=\"width: 310px\" class=\"wp-caption aligncenter\"><a href=\"https:\/\/www.naturparkmagazin.de\/stechlin\/wp-content\/uploads\/sites\/38\/\u00d6kofilmtour-19_46.jpg\"><img aria-describedby=\"caption-attachment-7962\" decoding=\"async\" loading=\"lazy\" class=\"size-thumbnail wp-image-7962\" src=\"https:\/\/www.naturparkmagazin.de\/stechlin\/wp-content\/uploads\/sites\/38\/\u00d6kofilmtour-19_46-300x180.jpg\" alt=\"Ranger Thomas Hahn zeigt den Viertkl\u00e4sslern den Kuckuck im Original.\" width=\"300\" height=\"180\" srcset=\"https:\/\/www.naturparkmagazin.de\/stechlin\/wp-content\/uploads\/sites\/38\/\u00d6kofilmtour-19_46-300x180.jpg 300w, https:\/\/www.naturparkmagazin.de\/stechlin\/wp-content\/uploads\/sites\/38\/\u00d6kofilmtour-19_46.jpg 500w, https:\/\/www.naturparkmagazin.de\/stechlin\/wp-content\/uploads\/sites\/38\/\u00d6kofilmtour-19_46-200x120.jpg 200w\" sizes=\"(max-width: 300px) 100vw, 300px\" \/><\/a><p id=\"caption-attachment-7962\" class=\"wp-caption-text\">Ranger Thomas Hahn zeigt den Viertkl\u00e4sslern den Kuckuck im Original.<\/p><\/div>\n","protected":false},"excerpt":{"rendered":"<p>W\u00e4hrend in Berlin die &#8222;Berlinale&#8220; Besucher und Prominente anlockte, rollte in Menz die Brandenburger \u00d6kofilmtour den roten Teppich aus. <\/p>\n","protected":false},"author":39,"featured_media":7965,"comment_status":"open","ping_status":"open","sticky":false,"template":"","format":"standard","meta":[],"categories":[7],"tags":[],"yoast_head":"<!-- This site is optimized with the Yoast SEO plugin v19.10 - https:\/\/yoast.com\/wordpress\/plugins\/seo\/ -->\n<title>\u00d6kofilmtour war zu Gast in Menz (2019) - Naturpark Stechlin-Ruppiner Land<\/title>\n<meta name=\"robots\" content=\"index, follow, max-snippet:-1, max-image-preview:large, max-video-preview:-1\" \/>\n<link rel=\"canonical\" href=\"https:\/\/www.naturparkmagazin.de\/stechlin\/oekofilmtour-war-zu-gast-in-menz\/\" \/>\n<meta property=\"og:locale\" content=\"de_DE\" \/>\n<meta property=\"og:type\" content=\"article\" \/>\n<meta property=\"og:title\" content=\"\u00d6kofilmtour war zu Gast in Menz (2019) - Naturpark Stechlin-Ruppiner Land\" \/>\n<meta property=\"og:description\" content=\"W\u00e4hrend in Berlin die &quot;Berlinale&quot; Besucher und Prominente anlockte, rollte in Menz die Brandenburger \u00d6kofilmtour den roten Teppich aus.\" \/>\n<meta property=\"og:url\" content=\"https:\/\/www.naturparkmagazin.de\/stechlin\/oekofilmtour-war-zu-gast-in-menz\/\" \/>\n<meta property=\"og:site_name\" content=\"Naturpark Stechlin-Ruppiner Land\" \/>\n<meta property=\"article:published_time\" content=\"2019-02-13T10:53:21+00:00\" \/>\n<meta property=\"article:modified_time\" content=\"2025-02-24T15:31:34+00:00\" \/>\n<meta property=\"og:image\" content=\"https:\/\/www.naturparkmagazin.de\/stechlin\/wp-content\/uploads\/sites\/38\/\u00d6kofilmtour-2019_41.jpg\" \/>\n\t<meta property=\"og:image:width\" content=\"200\" \/>\n\t<meta property=\"og:image:height\" content=\"200\" \/>\n\t<meta property=\"og:image:type\" content=\"image\/jpeg\" \/>\n<meta name=\"author\" content=\"marioschrumpf\" \/>\n<meta name=\"twitter:label1\" content=\"Verfasst von\" \/>\n\t<meta name=\"twitter:data1\" content=\"marioschrumpf\" \/>\n\t<meta name=\"twitter:label2\" content=\"Gesch\u00e4tzte Lesezeit\" \/>\n\t<meta name=\"twitter:data2\" content=\"2\u00a0Minuten\" \/>\n<script type=\"application\/ld+json\" class=\"yoast-schema-graph\">{\"@context\":\"https:\/\/schema.org\",\"@graph\":[{\"@type\":\"WebPage\",\"@id\":\"https:\/\/www.naturparkmagazin.de\/stechlin\/oekofilmtour-war-zu-gast-in-menz\/\",\"url\":\"https:\/\/www.naturparkmagazin.de\/stechlin\/oekofilmtour-war-zu-gast-in-menz\/\",\"name\":\"\u00d6kofilmtour war zu Gast in Menz (2019) - Naturpark Stechlin-Ruppiner Land\",\"isPartOf\":{\"@id\":\"https:\/\/www.naturparkmagazin.de\/stechlin\/#website\"},\"datePublished\":\"2019-02-13T10:53:21+00:00\",\"dateModified\":\"2025-02-24T15:31:34+00:00\",\"author\":{\"@id\":\"https:\/\/www.naturparkmagazin.de\/stechlin\/#\/schema\/person\/3f0d93203df21c806dd63c76d9bb28bc\"},\"breadcrumb\":{\"@id\":\"https:\/\/www.naturparkmagazin.de\/stechlin\/oekofilmtour-war-zu-gast-in-menz\/#breadcrumb\"},\"inLanguage\":\"de\",\"potentialAction\":[{\"@type\":\"ReadAction\",\"target\":[\"https:\/\/www.naturparkmagazin.de\/stechlin\/oekofilmtour-war-zu-gast-in-menz\/\"]}]},{\"@type\":\"BreadcrumbList\",\"@id\":\"https:\/\/www.naturparkmagazin.de\/stechlin\/oekofilmtour-war-zu-gast-in-menz\/#breadcrumb\",\"itemListElement\":[{\"@type\":\"ListItem\",\"position\":1,\"name\":\"Home\",\"item\":\"https:\/\/www.naturparkmagazin.de\/stechlin\/\"},{\"@type\":\"ListItem\",\"position\":2,\"name\":\"\u00d6kofilmtour war zu Gast in Menz (2019)\"}]},{\"@type\":\"WebSite\",\"@id\":\"https:\/\/www.naturparkmagazin.de\/stechlin\/#website\",\"url\":\"https:\/\/www.naturparkmagazin.de\/stechlin\/\",\"name\":\"Naturpark Stechlin-Ruppiner Land\",\"description\":\"\",\"potentialAction\":[{\"@type\":\"SearchAction\",\"target\":{\"@type\":\"EntryPoint\",\"urlTemplate\":\"https:\/\/www.naturparkmagazin.de\/stechlin\/?s={search_term_string}\"},\"query-input\":\"required name=search_term_string\"}],\"inLanguage\":\"de\"},{\"@type\":\"Person\",\"@id\":\"https:\/\/www.naturparkmagazin.de\/stechlin\/#\/schema\/person\/3f0d93203df21c806dd63c76d9bb28bc\",\"name\":\"marioschrumpf\",\"url\":\"https:\/\/www.naturparkmagazin.de\/stechlin\/author\/marioschrumpf\/\"}]}<\/script>\n<!-- \/ Yoast SEO plugin. -->","yoast_head_json":{"title":"\u00d6kofilmtour war zu Gast in Menz (2019) - Naturpark Stechlin-Ruppiner Land","robots":{"index":"index","follow":"follow","max-snippet":"max-snippet:-1","max-image-preview":"max-image-preview:large","max-video-preview":"max-video-preview:-1"},"canonical":"https:\/\/www.naturparkmagazin.de\/stechlin\/oekofilmtour-war-zu-gast-in-menz\/","og_locale":"de_DE","og_type":"article","og_title":"\u00d6kofilmtour war zu Gast in Menz (2019) - Naturpark Stechlin-Ruppiner Land","og_description":"W\u00e4hrend in Berlin die \"Berlinale\" Besucher und Prominente anlockte, rollte in Menz die Brandenburger \u00d6kofilmtour den roten Teppich aus.","og_url":"https:\/\/www.naturparkmagazin.de\/stechlin\/oekofilmtour-war-zu-gast-in-menz\/","og_site_name":"Naturpark Stechlin-Ruppiner Land","article_published_time":"2019-02-13T10:53:21+00:00","article_modified_time":"2025-02-24T15:31:34+00:00","og_image":[{"width":200,"height":200,"url":"https:\/\/www.naturparkmagazin.de\/stechlin\/wp-content\/uploads\/sites\/38\/\u00d6kofilmtour-2019_41.jpg","type":"image\/jpeg"}],"author":"marioschrumpf","twitter_misc":{"Verfasst von":"marioschrumpf","Gesch\u00e4tzte Lesezeit":"2\u00a0Minuten"},"schema":{"@context":"https:\/\/schema.org","@graph":[{"@type":"WebPage","@id":"https:\/\/www.naturparkmagazin.de\/stechlin\/oekofilmtour-war-zu-gast-in-menz\/","url":"https:\/\/www.naturparkmagazin.de\/stechlin\/oekofilmtour-war-zu-gast-in-menz\/","name":"\u00d6kofilmtour war zu Gast in Menz (2019) - Naturpark Stechlin-Ruppiner Land","isPartOf":{"@id":"https:\/\/www.naturparkmagazin.de\/stechlin\/#website"},"datePublished":"2019-02-13T10:53:21+00:00","dateModified":"2025-02-24T15:31:34+00:00","author":{"@id":"https:\/\/www.naturparkmagazin.de\/stechlin\/#\/schema\/person\/3f0d93203df21c806dd63c76d9bb28bc"},"breadcrumb":{"@id":"https:\/\/www.naturparkmagazin.de\/stechlin\/oekofilmtour-war-zu-gast-in-menz\/#breadcrumb"},"inLanguage":"de","potentialAction":[{"@type":"ReadAction","target":["https:\/\/www.naturparkmagazin.de\/stechlin\/oekofilmtour-war-zu-gast-in-menz\/"]}]},{"@type":"BreadcrumbList","@id":"https:\/\/www.naturparkmagazin.de\/stechlin\/oekofilmtour-war-zu-gast-in-menz\/#breadcrumb","itemListElement":[{"@type":"ListItem","position":1,"name":"Home","item":"https:\/\/www.naturparkmagazin.de\/stechlin\/"},{"@type":"ListItem","position":2,"name":"\u00d6kofilmtour war zu Gast in Menz (2019)"}]},{"@type":"WebSite","@id":"https:\/\/www.naturparkmagazin.de\/stechlin\/#website","url":"https:\/\/www.naturparkmagazin.de\/stechlin\/","name":"Naturpark Stechlin-Ruppiner Land","description":"","potentialAction":[{"@type":"SearchAction","target":{"@type":"EntryPoint","urlTemplate":"https:\/\/www.naturparkmagazin.de\/stechlin\/?s={search_term_string}"},"query-input":"required name=search_term_string"}],"inLanguage":"de"},{"@type":"Person","@id":"https:\/\/www.naturparkmagazin.de\/stechlin\/#\/schema\/person\/3f0d93203df21c806dd63c76d9bb28bc","name":"marioschrumpf","url":"https:\/\/www.naturparkmagazin.de\/stechlin\/author\/marioschrumpf\/"}]}},"_links":{"self":[{"href":"https:\/\/www.naturparkmagazin.de\/stechlin\/wp-json\/wp\/v2\/posts\/7961"}],"collection":[{"href":"https:\/\/www.naturparkmagazin.de\/stechlin\/wp-json\/wp\/v2\/posts"}],"about":[{"href":"https:\/\/www.naturparkmagazin.de\/stechlin\/wp-json\/wp\/v2\/types\/post"}],"author":[{"embeddable":true,"href":"https:\/\/www.naturparkmagazin.de\/stechlin\/wp-json\/wp\/v2\/users\/39"}],"replies":[{"embeddable":true,"href":"https:\/\/www.naturparkmagazin.de\/stechlin\/wp-json\/wp\/v2\/comments?post=7961"}],"version-history":[{"count":4,"href":"https:\/\/www.naturparkmagazin.de\/stechlin\/wp-json\/wp\/v2\/posts\/7961\/revisions"}],"predecessor-version":[{"id":16823,"href":"https:\/\/www.naturparkmagazin.de\/stechlin\/wp-json\/wp\/v2\/posts\/7961\/revisions\/16823"}],"wp:featuredmedia":[{"embeddable":true,"href":"https:\/\/www.naturparkmagazin.de\/stechlin\/wp-json\/wp\/v2\/media\/7965"}],"wp:attachment":[{"href":"https:\/\/www.naturparkmagazin.de\/stechlin\/wp-json\/wp\/v2\/media?parent=7961"}],"wp:term":[{"taxonomy":"category","embeddable":true,"href":"https:\/\/www.naturparkmagazin.de\/stechlin\/wp-json\/wp\/v2\/categories?post=7961"},{"taxonomy":"post_tag","embeddable":true,"href":"https:\/\/www.naturparkmagazin.de\/stechlin\/wp-json\/wp\/v2\/tags?post=7961"}],"curies":[{"name":"wp","href":"https:\/\/api.w.org\/{rel}","templated":true}]}}