{"id":7974,"date":"2019-02-13T13:20:05","date_gmt":"2019-02-13T12:20:05","guid":{"rendered":"https:\/\/www.naturparkmagazin.de\/stechlin\/?p=7974"},"modified":"2019-02-20T17:45:06","modified_gmt":"2019-02-20T16:45:06","slug":"zappelduster-besucht-naturpark-kita-lindow","status":"publish","type":"post","link":"https:\/\/www.naturparkmagazin.de\/stechlin\/zappelduster-besucht-naturpark-kita-lindow\/","title":{"rendered":"&#8222;Zappelduster&#8220; &#8211; besucht Naturpark-Kita Lindow"},"content":{"rendered":"<p><a href=\"https:\/\/www.naturparkmagazin.de\/stechlin\/wp-content\/uploads\/sites\/38\/Kita-Lindow_02.jpg\"><img decoding=\"async\" loading=\"lazy\" class=\" size-thumbnail wp-image-7976 aligncenter\" src=\"https:\/\/www.naturparkmagazin.de\/stechlin\/wp-content\/uploads\/sites\/38\/Kita-Lindow_02-300x180.jpg\" alt=\"NP SRL\/Mario Schrumpf\" width=\"300\" height=\"180\" srcset=\"https:\/\/www.naturparkmagazin.de\/stechlin\/wp-content\/uploads\/sites\/38\/Kita-Lindow_02-300x180.jpg 300w, https:\/\/www.naturparkmagazin.de\/stechlin\/wp-content\/uploads\/sites\/38\/Kita-Lindow_02.jpg 500w, https:\/\/www.naturparkmagazin.de\/stechlin\/wp-content\/uploads\/sites\/38\/Kita-Lindow_02-200x120.jpg 200w\" sizes=\"(max-width: 300px) 100vw, 300px\" \/><\/a><\/p>\n<p>Anl\u00e4sslich der <strong>7.777. Sendung<\/strong> besucht die Kindersendung von Antenne Brandenburg sieben Brandenburger Kitas.<\/p>\n<p>Daf\u00fcr konnten sich brandenburgweit Kitas bewerben. Am 15. Februar war die Freude in der <strong>Lindower Kita Kinderland<\/strong> riesig als die Moderatoren live aus der Sendung die Naturpark-Kita anriefen.<\/p>\n<p>Die Lindower Kita wurde als erste f\u00fcr einen Besuch des &#8222;Zappelduster&#8220; &#8211; Teams ausgew\u00e4hlt. Conni und Nina, die beiden Moderatorinnen von &#8222;Zappelduster&#8220; kommen in die Kita und haben sicher so manche \u00dcberraschung im Gep\u00e4ck.<\/p>\n<p>Und darauf k\u00f6nnen sich die Gewinner freuen: Zappelduster f\u00e4hrt mit dem 7-Meilen-Auto mit 7 lustigen, k\u00f6stlichen und glitzernden \u00dcberraschungen zu den Kindern. Mit dabei sind \u00fcbrigens <em>Der sch\u00f6ne Prinz<\/em> und die <em>Ber\u00fchmteste Zipfelm\u00fctze des Kinderfernsehens<\/em>!<\/p>\n<p><a href=\"https:\/\/www.naturparkmagazin.de\/stechlin\/wp-content\/uploads\/sites\/38\/Kita-Lindow_483.jpg\"><img decoding=\"async\" loading=\"lazy\" class=\" size-thumbnail wp-image-7975 aligncenter\" src=\"https:\/\/www.naturparkmagazin.de\/stechlin\/wp-content\/uploads\/sites\/38\/Kita-Lindow_483-300x180.jpg\" alt=\"NP SRL\/Mario Schrumpf\" width=\"300\" height=\"180\" srcset=\"https:\/\/www.naturparkmagazin.de\/stechlin\/wp-content\/uploads\/sites\/38\/Kita-Lindow_483-300x180.jpg 300w, https:\/\/www.naturparkmagazin.de\/stechlin\/wp-content\/uploads\/sites\/38\/Kita-Lindow_483.jpg 500w, https:\/\/www.naturparkmagazin.de\/stechlin\/wp-content\/uploads\/sites\/38\/Kita-Lindow_483-200x120.jpg 200w\" sizes=\"(max-width: 300px) 100vw, 300px\" \/><\/a><\/p>\n<p>&nbsp;<\/p>\n","protected":false},"excerpt":{"rendered":"<p>Anl\u00e4sslich der 7.777. Sendung besucht die Kindersendung von Antenne Brandenburg sieben Brandenburger Kitas.<\/p>\n","protected":false},"author":39,"featured_media":7977,"comment_status":"open","ping_status":"open","sticky":false,"template":"","format":"standard","meta":[],"categories":[7],"tags":[],"yoast_head":"<!-- This site is optimized with the Yoast SEO plugin v19.10 - https:\/\/yoast.com\/wordpress\/plugins\/seo\/ -->\n<title>&quot;Zappelduster&quot; - besucht Naturpark-Kita Lindow - Naturpark Stechlin-Ruppiner Land<\/title>\n<meta name=\"robots\" content=\"index, follow, max-snippet:-1, max-image-preview:large, max-video-preview:-1\" \/>\n<link rel=\"canonical\" href=\"https:\/\/www.naturparkmagazin.de\/stechlin\/zappelduster-besucht-naturpark-kita-lindow\/\" \/>\n<meta property=\"og:locale\" content=\"de_DE\" \/>\n<meta property=\"og:type\" content=\"article\" \/>\n<meta property=\"og:title\" content=\"&quot;Zappelduster&quot; - besucht Naturpark-Kita Lindow - Naturpark Stechlin-Ruppiner Land\" \/>\n<meta property=\"og:description\" content=\"Anl\u00e4sslich der 7.777. Sendung besucht die Kindersendung von Antenne Brandenburg sieben Brandenburger Kitas.\" \/>\n<meta property=\"og:url\" content=\"https:\/\/www.naturparkmagazin.de\/stechlin\/zappelduster-besucht-naturpark-kita-lindow\/\" \/>\n<meta property=\"og:site_name\" content=\"Naturpark Stechlin-Ruppiner Land\" \/>\n<meta property=\"article:published_time\" content=\"2019-02-13T12:20:05+00:00\" \/>\n<meta property=\"article:modified_time\" content=\"2019-02-20T16:45:06+00:00\" \/>\n<meta property=\"og:image\" content=\"https:\/\/www.naturparkmagazin.de\/stechlin\/wp-content\/uploads\/sites\/38\/Kita-Lindow_505.jpg\" \/>\n\t<meta property=\"og:image:width\" content=\"200\" \/>\n\t<meta property=\"og:image:height\" content=\"200\" \/>\n\t<meta property=\"og:image:type\" content=\"image\/jpeg\" \/>\n<meta name=\"author\" content=\"marioschrumpf\" \/>\n<meta name=\"twitter:label1\" content=\"Verfasst von\" \/>\n\t<meta name=\"twitter:data1\" content=\"marioschrumpf\" \/>\n\t<meta name=\"twitter:label2\" content=\"Gesch\u00e4tzte Lesezeit\" \/>\n\t<meta name=\"twitter:data2\" content=\"1\u00a0Minute\" \/>\n<script type=\"application\/ld+json\" class=\"yoast-schema-graph\">{\"@context\":\"https:\/\/schema.org\",\"@graph\":[{\"@type\":\"WebPage\",\"@id\":\"https:\/\/www.naturparkmagazin.de\/stechlin\/zappelduster-besucht-naturpark-kita-lindow\/\",\"url\":\"https:\/\/www.naturparkmagazin.de\/stechlin\/zappelduster-besucht-naturpark-kita-lindow\/\",\"name\":\"\\\"Zappelduster\\\" - besucht Naturpark-Kita Lindow - Naturpark Stechlin-Ruppiner Land\",\"isPartOf\":{\"@id\":\"https:\/\/www.naturparkmagazin.de\/stechlin\/#website\"},\"datePublished\":\"2019-02-13T12:20:05+00:00\",\"dateModified\":\"2019-02-20T16:45:06+00:00\",\"author\":{\"@id\":\"https:\/\/www.naturparkmagazin.de\/stechlin\/#\/schema\/person\/3f0d93203df21c806dd63c76d9bb28bc\"},\"breadcrumb\":{\"@id\":\"https:\/\/www.naturparkmagazin.de\/stechlin\/zappelduster-besucht-naturpark-kita-lindow\/#breadcrumb\"},\"inLanguage\":\"de\",\"potentialAction\":[{\"@type\":\"ReadAction\",\"target\":[\"https:\/\/www.naturparkmagazin.de\/stechlin\/zappelduster-besucht-naturpark-kita-lindow\/\"]}]},{\"@type\":\"BreadcrumbList\",\"@id\":\"https:\/\/www.naturparkmagazin.de\/stechlin\/zappelduster-besucht-naturpark-kita-lindow\/#breadcrumb\",\"itemListElement\":[{\"@type\":\"ListItem\",\"position\":1,\"name\":\"Home\",\"item\":\"https:\/\/www.naturparkmagazin.de\/stechlin\/\"},{\"@type\":\"ListItem\",\"position\":2,\"name\":\"&#8222;Zappelduster&#8220; &#8211; besucht Naturpark-Kita Lindow\"}]},{\"@type\":\"WebSite\",\"@id\":\"https:\/\/www.naturparkmagazin.de\/stechlin\/#website\",\"url\":\"https:\/\/www.naturparkmagazin.de\/stechlin\/\",\"name\":\"Naturpark Stechlin-Ruppiner Land\",\"description\":\"\",\"potentialAction\":[{\"@type\":\"SearchAction\",\"target\":{\"@type\":\"EntryPoint\",\"urlTemplate\":\"https:\/\/www.naturparkmagazin.de\/stechlin\/?s={search_term_string}\"},\"query-input\":\"required name=search_term_string\"}],\"inLanguage\":\"de\"},{\"@type\":\"Person\",\"@id\":\"https:\/\/www.naturparkmagazin.de\/stechlin\/#\/schema\/person\/3f0d93203df21c806dd63c76d9bb28bc\",\"name\":\"marioschrumpf\",\"url\":\"https:\/\/www.naturparkmagazin.de\/stechlin\/author\/marioschrumpf\/\"}]}<\/script>\n<!-- \/ Yoast SEO plugin. -->","yoast_head_json":{"title":"\"Zappelduster\" - besucht Naturpark-Kita Lindow - Naturpark Stechlin-Ruppiner Land","robots":{"index":"index","follow":"follow","max-snippet":"max-snippet:-1","max-image-preview":"max-image-preview:large","max-video-preview":"max-video-preview:-1"},"canonical":"https:\/\/www.naturparkmagazin.de\/stechlin\/zappelduster-besucht-naturpark-kita-lindow\/","og_locale":"de_DE","og_type":"article","og_title":"\"Zappelduster\" - besucht Naturpark-Kita Lindow - Naturpark Stechlin-Ruppiner Land","og_description":"Anl\u00e4sslich der 7.777. Sendung besucht die Kindersendung von Antenne Brandenburg sieben Brandenburger Kitas.","og_url":"https:\/\/www.naturparkmagazin.de\/stechlin\/zappelduster-besucht-naturpark-kita-lindow\/","og_site_name":"Naturpark Stechlin-Ruppiner Land","article_published_time":"2019-02-13T12:20:05+00:00","article_modified_time":"2019-02-20T16:45:06+00:00","og_image":[{"width":200,"height":200,"url":"https:\/\/www.naturparkmagazin.de\/stechlin\/wp-content\/uploads\/sites\/38\/Kita-Lindow_505.jpg","type":"image\/jpeg"}],"author":"marioschrumpf","twitter_misc":{"Verfasst von":"marioschrumpf","Gesch\u00e4tzte Lesezeit":"1\u00a0Minute"},"schema":{"@context":"https:\/\/schema.org","@graph":[{"@type":"WebPage","@id":"https:\/\/www.naturparkmagazin.de\/stechlin\/zappelduster-besucht-naturpark-kita-lindow\/","url":"https:\/\/www.naturparkmagazin.de\/stechlin\/zappelduster-besucht-naturpark-kita-lindow\/","name":"\"Zappelduster\" - besucht Naturpark-Kita Lindow - Naturpark Stechlin-Ruppiner Land","isPartOf":{"@id":"https:\/\/www.naturparkmagazin.de\/stechlin\/#website"},"datePublished":"2019-02-13T12:20:05+00:00","dateModified":"2019-02-20T16:45:06+00:00","author":{"@id":"https:\/\/www.naturparkmagazin.de\/stechlin\/#\/schema\/person\/3f0d93203df21c806dd63c76d9bb28bc"},"breadcrumb":{"@id":"https:\/\/www.naturparkmagazin.de\/stechlin\/zappelduster-besucht-naturpark-kita-lindow\/#breadcrumb"},"inLanguage":"de","potentialAction":[{"@type":"ReadAction","target":["https:\/\/www.naturparkmagazin.de\/stechlin\/zappelduster-besucht-naturpark-kita-lindow\/"]}]},{"@type":"BreadcrumbList","@id":"https:\/\/www.naturparkmagazin.de\/stechlin\/zappelduster-besucht-naturpark-kita-lindow\/#breadcrumb","itemListElement":[{"@type":"ListItem","position":1,"name":"Home","item":"https:\/\/www.naturparkmagazin.de\/stechlin\/"},{"@type":"ListItem","position":2,"name":"&#8222;Zappelduster&#8220; &#8211; besucht Naturpark-Kita Lindow"}]},{"@type":"WebSite","@id":"https:\/\/www.naturparkmagazin.de\/stechlin\/#website","url":"https:\/\/www.naturparkmagazin.de\/stechlin\/","name":"Naturpark Stechlin-Ruppiner Land","description":"","potentialAction":[{"@type":"SearchAction","target":{"@type":"EntryPoint","urlTemplate":"https:\/\/www.naturparkmagazin.de\/stechlin\/?s={search_term_string}"},"query-input":"required name=search_term_string"}],"inLanguage":"de"},{"@type":"Person","@id":"https:\/\/www.naturparkmagazin.de\/stechlin\/#\/schema\/person\/3f0d93203df21c806dd63c76d9bb28bc","name":"marioschrumpf","url":"https:\/\/www.naturparkmagazin.de\/stechlin\/author\/marioschrumpf\/"}]}},"_links":{"self":[{"href":"https:\/\/www.naturparkmagazin.de\/stechlin\/wp-json\/wp\/v2\/posts\/7974"}],"collection":[{"href":"https:\/\/www.naturparkmagazin.de\/stechlin\/wp-json\/wp\/v2\/posts"}],"about":[{"href":"https:\/\/www.naturparkmagazin.de\/stechlin\/wp-json\/wp\/v2\/types\/post"}],"author":[{"embeddable":true,"href":"https:\/\/www.naturparkmagazin.de\/stechlin\/wp-json\/wp\/v2\/users\/39"}],"replies":[{"embeddable":true,"href":"https:\/\/www.naturparkmagazin.de\/stechlin\/wp-json\/wp\/v2\/comments?post=7974"}],"version-history":[{"count":3,"href":"https:\/\/www.naturparkmagazin.de\/stechlin\/wp-json\/wp\/v2\/posts\/7974\/revisions"}],"predecessor-version":[{"id":8005,"href":"https:\/\/www.naturparkmagazin.de\/stechlin\/wp-json\/wp\/v2\/posts\/7974\/revisions\/8005"}],"wp:featuredmedia":[{"embeddable":true,"href":"https:\/\/www.naturparkmagazin.de\/stechlin\/wp-json\/wp\/v2\/media\/7977"}],"wp:attachment":[{"href":"https:\/\/www.naturparkmagazin.de\/stechlin\/wp-json\/wp\/v2\/media?parent=7974"}],"wp:term":[{"taxonomy":"category","embeddable":true,"href":"https:\/\/www.naturparkmagazin.de\/stechlin\/wp-json\/wp\/v2\/categories?post=7974"},{"taxonomy":"post_tag","embeddable":true,"href":"https:\/\/www.naturparkmagazin.de\/stechlin\/wp-json\/wp\/v2\/tags?post=7974"}],"curies":[{"name":"wp","href":"https:\/\/api.w.org\/{rel}","templated":true}]}}