{"id":7990,"date":"2022-09-19T09:32:05","date_gmt":"2022-09-19T07:32:05","guid":{"rendered":"https:\/\/www.naturparkmagazin.de\/stechlin\/?p=7990"},"modified":"2022-09-20T15:05:19","modified_gmt":"2022-09-20T13:05:19","slug":"freunde-des-rheinsberger-gartenreiches-arbeitsaktionen-im-boberow","status":"publish","type":"post","link":"https:\/\/www.naturparkmagazin.de\/stechlin\/freunde-des-rheinsberger-gartenreiches-arbeitsaktionen-im-boberow\/","title":{"rendered":"9. Arbeitseinsatz der Freunde des Rheinsberger Gartenreiches"},"content":{"rendered":"<p>&nbsp;<\/p>\n<p><a href=\"https:\/\/www.naturparkmagazin.de\/stechlin\/wp-content\/uploads\/sites\/38\/IMG_1918-2500x300.jpg\"><img decoding=\"async\" loading=\"lazy\" class=\"aligncenter size-thumbnail wp-image-7994\" src=\"https:\/\/www.naturparkmagazin.de\/stechlin\/wp-content\/uploads\/sites\/38\/IMG_1918-2500x300-300x180.jpg\" alt=\"NP SRL\/Fabian Schwade\" width=\"300\" height=\"180\" srcset=\"https:\/\/www.naturparkmagazin.de\/stechlin\/wp-content\/uploads\/sites\/38\/IMG_1918-2500x300-300x180.jpg 300w, https:\/\/www.naturparkmagazin.de\/stechlin\/wp-content\/uploads\/sites\/38\/IMG_1918-2500x300.jpg 500w, https:\/\/www.naturparkmagazin.de\/stechlin\/wp-content\/uploads\/sites\/38\/IMG_1918-2500x300-200x120.jpg 200w\" sizes=\"(max-width: 300px) 100vw, 300px\" \/><\/a><\/p>\n<p>Neunter Arbeitseinsatz: Allee nach Warenthin<\/p>\n<p><strong>Samstag, 1. Oktober 2022, 9.00 \u2013 13.00 Uhr<\/strong><\/p>\n<p>Die Allee nach Warenthin &#8211; im Abschnitt von der Perspektivallee in Richtung Arboretum &#8211; soll im Rahmen eines ehrenamtlichen Arbeitseinsatzes gepflegt werden. Die bestehenden Originalb\u00e4ume werden von Stockausschlag befreit und wo n\u00f6tig aufgeastet. Eine Anzahl von Linden-Aufwuchs an offensichtlichen Original-Standorten soll rundherum freigestellt werden von anderem Aufwuchs und mit ersten Schnitt gepflegt werden. Damit soll die Stra\u00dfe nach Warenthin in diesem Bereich als Allee wieder deutlicher erkennbar werden.<\/p>\n<p>Im Bereich der K\u00fccheng\u00e4rtnerallee, im Bereich zwischen ehemaligen Standort K\u00fccheng\u00e4rtnerhaus und Grienericksee, werden &#8211; bei ausreichend freiwilliger Beteiligung &#8211; ebenfalls Stockausschl\u00e4ge zur\u00fcckgeschnitten, diese Ma\u00dfnahmen hatten die Freunde des Rheinsberger Gartenreiches zuletzt im Februar 2020 durchgef\u00fchrt.<\/p>\n<p>Werkzeuge wie Astscheren etc. d\u00fcrfen gern mitgebracht werden.<\/p>\n<p>Bitte Teilnahme anmelden unter: <a href=\"mailto:rheinsbergergartenreich@gmail.com\">rheinsbergergartenreich@gmail.com<\/a><\/p>\n<p>&nbsp;<\/p>\n<p><a href=\"https:\/\/www.naturparkmagazin.de\/stechlin\/wp-content\/uploads\/sites\/38\/Boberow-Arbeitseinsatz-vor-nachh1.jpg\"><img decoding=\"async\" loading=\"lazy\" class=\" size-thumbnail wp-image-7993 aligncenter\" src=\"https:\/\/www.naturparkmagazin.de\/stechlin\/wp-content\/uploads\/sites\/38\/Boberow-Arbeitseinsatz-vor-nachh1-300x180.jpg\" alt=\"NP SRL\/Fabian Schwade\" width=\"300\" height=\"180\" srcset=\"https:\/\/www.naturparkmagazin.de\/stechlin\/wp-content\/uploads\/sites\/38\/Boberow-Arbeitseinsatz-vor-nachh1-300x180.jpg 300w, https:\/\/www.naturparkmagazin.de\/stechlin\/wp-content\/uploads\/sites\/38\/Boberow-Arbeitseinsatz-vor-nachh1.jpg 500w, https:\/\/www.naturparkmagazin.de\/stechlin\/wp-content\/uploads\/sites\/38\/Boberow-Arbeitseinsatz-vor-nachh1-200x120.jpg 200w\" sizes=\"(max-width: 300px) 100vw, 300px\" \/><\/a><\/p>\n","protected":false},"excerpt":{"rendered":"<p>Der n\u00e4chste Arbeitseinsatz ist am Samstag, den 1. Oktober 2022, 9.00 Uhr, geplant. <\/p>\n","protected":false},"author":39,"featured_media":9835,"comment_status":"open","ping_status":"open","sticky":false,"template":"","format":"standard","meta":[],"categories":[11],"tags":[],"yoast_head":"<!-- This site is optimized with the Yoast SEO plugin v19.10 - https:\/\/yoast.com\/wordpress\/plugins\/seo\/ -->\n<title>9. Arbeitseinsatz der Freunde des Rheinsberger Gartenreiches - Naturpark Stechlin-Ruppiner Land<\/title>\n<meta name=\"robots\" content=\"index, follow, max-snippet:-1, max-image-preview:large, max-video-preview:-1\" \/>\n<link rel=\"canonical\" href=\"https:\/\/www.naturparkmagazin.de\/stechlin\/freunde-des-rheinsberger-gartenreiches-arbeitsaktionen-im-boberow\/\" \/>\n<meta property=\"og:locale\" content=\"de_DE\" \/>\n<meta property=\"og:type\" content=\"article\" \/>\n<meta property=\"og:title\" content=\"9. Arbeitseinsatz der Freunde des Rheinsberger Gartenreiches - Naturpark Stechlin-Ruppiner Land\" \/>\n<meta property=\"og:description\" content=\"Der n\u00e4chste Arbeitseinsatz ist am Samstag, den 1. Oktober 2022, 9.00 Uhr, geplant.\" \/>\n<meta property=\"og:url\" content=\"https:\/\/www.naturparkmagazin.de\/stechlin\/freunde-des-rheinsberger-gartenreiches-arbeitsaktionen-im-boberow\/\" \/>\n<meta property=\"og:site_name\" content=\"Naturpark Stechlin-Ruppiner Land\" \/>\n<meta property=\"article:published_time\" content=\"2022-09-19T07:32:05+00:00\" \/>\n<meta property=\"article:modified_time\" content=\"2022-09-20T13:05:19+00:00\" \/>\n<meta property=\"og:image\" content=\"https:\/\/www.naturparkmagazin.de\/stechlin\/wp-content\/uploads\/sites\/38\/Rheinsberger-Gartenreich.jpg\" \/>\n\t<meta property=\"og:image:width\" content=\"200\" \/>\n\t<meta property=\"og:image:height\" content=\"200\" \/>\n\t<meta property=\"og:image:type\" content=\"image\/jpeg\" \/>\n<meta name=\"author\" content=\"marioschrumpf\" \/>\n<meta name=\"twitter:label1\" content=\"Verfasst von\" \/>\n\t<meta name=\"twitter:data1\" content=\"marioschrumpf\" \/>\n\t<meta name=\"twitter:label2\" content=\"Gesch\u00e4tzte Lesezeit\" \/>\n\t<meta name=\"twitter:data2\" content=\"1\u00a0Minute\" \/>\n<script type=\"application\/ld+json\" class=\"yoast-schema-graph\">{\"@context\":\"https:\/\/schema.org\",\"@graph\":[{\"@type\":\"WebPage\",\"@id\":\"https:\/\/www.naturparkmagazin.de\/stechlin\/freunde-des-rheinsberger-gartenreiches-arbeitsaktionen-im-boberow\/\",\"url\":\"https:\/\/www.naturparkmagazin.de\/stechlin\/freunde-des-rheinsberger-gartenreiches-arbeitsaktionen-im-boberow\/\",\"name\":\"9. Arbeitseinsatz der Freunde des Rheinsberger Gartenreiches - Naturpark Stechlin-Ruppiner Land\",\"isPartOf\":{\"@id\":\"https:\/\/www.naturparkmagazin.de\/stechlin\/#website\"},\"datePublished\":\"2022-09-19T07:32:05+00:00\",\"dateModified\":\"2022-09-20T13:05:19+00:00\",\"author\":{\"@id\":\"https:\/\/www.naturparkmagazin.de\/stechlin\/#\/schema\/person\/3f0d93203df21c806dd63c76d9bb28bc\"},\"breadcrumb\":{\"@id\":\"https:\/\/www.naturparkmagazin.de\/stechlin\/freunde-des-rheinsberger-gartenreiches-arbeitsaktionen-im-boberow\/#breadcrumb\"},\"inLanguage\":\"de\",\"potentialAction\":[{\"@type\":\"ReadAction\",\"target\":[\"https:\/\/www.naturparkmagazin.de\/stechlin\/freunde-des-rheinsberger-gartenreiches-arbeitsaktionen-im-boberow\/\"]}]},{\"@type\":\"BreadcrumbList\",\"@id\":\"https:\/\/www.naturparkmagazin.de\/stechlin\/freunde-des-rheinsberger-gartenreiches-arbeitsaktionen-im-boberow\/#breadcrumb\",\"itemListElement\":[{\"@type\":\"ListItem\",\"position\":1,\"name\":\"Home\",\"item\":\"https:\/\/www.naturparkmagazin.de\/stechlin\/\"},{\"@type\":\"ListItem\",\"position\":2,\"name\":\"9. Arbeitseinsatz der Freunde des Rheinsberger Gartenreiches\"}]},{\"@type\":\"WebSite\",\"@id\":\"https:\/\/www.naturparkmagazin.de\/stechlin\/#website\",\"url\":\"https:\/\/www.naturparkmagazin.de\/stechlin\/\",\"name\":\"Naturpark Stechlin-Ruppiner Land\",\"description\":\"\",\"potentialAction\":[{\"@type\":\"SearchAction\",\"target\":{\"@type\":\"EntryPoint\",\"urlTemplate\":\"https:\/\/www.naturparkmagazin.de\/stechlin\/?s={search_term_string}\"},\"query-input\":\"required name=search_term_string\"}],\"inLanguage\":\"de\"},{\"@type\":\"Person\",\"@id\":\"https:\/\/www.naturparkmagazin.de\/stechlin\/#\/schema\/person\/3f0d93203df21c806dd63c76d9bb28bc\",\"name\":\"marioschrumpf\",\"url\":\"https:\/\/www.naturparkmagazin.de\/stechlin\/author\/marioschrumpf\/\"}]}<\/script>\n<!-- \/ Yoast SEO plugin. -->","yoast_head_json":{"title":"9. Arbeitseinsatz der Freunde des Rheinsberger Gartenreiches - Naturpark Stechlin-Ruppiner Land","robots":{"index":"index","follow":"follow","max-snippet":"max-snippet:-1","max-image-preview":"max-image-preview:large","max-video-preview":"max-video-preview:-1"},"canonical":"https:\/\/www.naturparkmagazin.de\/stechlin\/freunde-des-rheinsberger-gartenreiches-arbeitsaktionen-im-boberow\/","og_locale":"de_DE","og_type":"article","og_title":"9. Arbeitseinsatz der Freunde des Rheinsberger Gartenreiches - Naturpark Stechlin-Ruppiner Land","og_description":"Der n\u00e4chste Arbeitseinsatz ist am Samstag, den 1. Oktober 2022, 9.00 Uhr, geplant.","og_url":"https:\/\/www.naturparkmagazin.de\/stechlin\/freunde-des-rheinsberger-gartenreiches-arbeitsaktionen-im-boberow\/","og_site_name":"Naturpark Stechlin-Ruppiner Land","article_published_time":"2022-09-19T07:32:05+00:00","article_modified_time":"2022-09-20T13:05:19+00:00","og_image":[{"width":200,"height":200,"url":"https:\/\/www.naturparkmagazin.de\/stechlin\/wp-content\/uploads\/sites\/38\/Rheinsberger-Gartenreich.jpg","type":"image\/jpeg"}],"author":"marioschrumpf","twitter_misc":{"Verfasst von":"marioschrumpf","Gesch\u00e4tzte Lesezeit":"1\u00a0Minute"},"schema":{"@context":"https:\/\/schema.org","@graph":[{"@type":"WebPage","@id":"https:\/\/www.naturparkmagazin.de\/stechlin\/freunde-des-rheinsberger-gartenreiches-arbeitsaktionen-im-boberow\/","url":"https:\/\/www.naturparkmagazin.de\/stechlin\/freunde-des-rheinsberger-gartenreiches-arbeitsaktionen-im-boberow\/","name":"9. Arbeitseinsatz der Freunde des Rheinsberger Gartenreiches - Naturpark Stechlin-Ruppiner Land","isPartOf":{"@id":"https:\/\/www.naturparkmagazin.de\/stechlin\/#website"},"datePublished":"2022-09-19T07:32:05+00:00","dateModified":"2022-09-20T13:05:19+00:00","author":{"@id":"https:\/\/www.naturparkmagazin.de\/stechlin\/#\/schema\/person\/3f0d93203df21c806dd63c76d9bb28bc"},"breadcrumb":{"@id":"https:\/\/www.naturparkmagazin.de\/stechlin\/freunde-des-rheinsberger-gartenreiches-arbeitsaktionen-im-boberow\/#breadcrumb"},"inLanguage":"de","potentialAction":[{"@type":"ReadAction","target":["https:\/\/www.naturparkmagazin.de\/stechlin\/freunde-des-rheinsberger-gartenreiches-arbeitsaktionen-im-boberow\/"]}]},{"@type":"BreadcrumbList","@id":"https:\/\/www.naturparkmagazin.de\/stechlin\/freunde-des-rheinsberger-gartenreiches-arbeitsaktionen-im-boberow\/#breadcrumb","itemListElement":[{"@type":"ListItem","position":1,"name":"Home","item":"https:\/\/www.naturparkmagazin.de\/stechlin\/"},{"@type":"ListItem","position":2,"name":"9. Arbeitseinsatz der Freunde des Rheinsberger Gartenreiches"}]},{"@type":"WebSite","@id":"https:\/\/www.naturparkmagazin.de\/stechlin\/#website","url":"https:\/\/www.naturparkmagazin.de\/stechlin\/","name":"Naturpark Stechlin-Ruppiner Land","description":"","potentialAction":[{"@type":"SearchAction","target":{"@type":"EntryPoint","urlTemplate":"https:\/\/www.naturparkmagazin.de\/stechlin\/?s={search_term_string}"},"query-input":"required name=search_term_string"}],"inLanguage":"de"},{"@type":"Person","@id":"https:\/\/www.naturparkmagazin.de\/stechlin\/#\/schema\/person\/3f0d93203df21c806dd63c76d9bb28bc","name":"marioschrumpf","url":"https:\/\/www.naturparkmagazin.de\/stechlin\/author\/marioschrumpf\/"}]}},"_links":{"self":[{"href":"https:\/\/www.naturparkmagazin.de\/stechlin\/wp-json\/wp\/v2\/posts\/7990"}],"collection":[{"href":"https:\/\/www.naturparkmagazin.de\/stechlin\/wp-json\/wp\/v2\/posts"}],"about":[{"href":"https:\/\/www.naturparkmagazin.de\/stechlin\/wp-json\/wp\/v2\/types\/post"}],"author":[{"embeddable":true,"href":"https:\/\/www.naturparkmagazin.de\/stechlin\/wp-json\/wp\/v2\/users\/39"}],"replies":[{"embeddable":true,"href":"https:\/\/www.naturparkmagazin.de\/stechlin\/wp-json\/wp\/v2\/comments?post=7990"}],"version-history":[{"count":9,"href":"https:\/\/www.naturparkmagazin.de\/stechlin\/wp-json\/wp\/v2\/posts\/7990\/revisions"}],"predecessor-version":[{"id":12587,"href":"https:\/\/www.naturparkmagazin.de\/stechlin\/wp-json\/wp\/v2\/posts\/7990\/revisions\/12587"}],"wp:featuredmedia":[{"embeddable":true,"href":"https:\/\/www.naturparkmagazin.de\/stechlin\/wp-json\/wp\/v2\/media\/9835"}],"wp:attachment":[{"href":"https:\/\/www.naturparkmagazin.de\/stechlin\/wp-json\/wp\/v2\/media?parent=7990"}],"wp:term":[{"taxonomy":"category","embeddable":true,"href":"https:\/\/www.naturparkmagazin.de\/stechlin\/wp-json\/wp\/v2\/categories?post=7990"},{"taxonomy":"post_tag","embeddable":true,"href":"https:\/\/www.naturparkmagazin.de\/stechlin\/wp-json\/wp\/v2\/tags?post=7990"}],"curies":[{"name":"wp","href":"https:\/\/api.w.org\/{rel}","templated":true}]}}