{"id":8027,"date":"2019-03-18T12:53:14","date_gmt":"2019-03-18T11:53:14","guid":{"rendered":"https:\/\/www.naturparkmagazin.de\/stechlin\/?p=8027"},"modified":"2019-03-18T14:05:20","modified_gmt":"2019-03-18T13:05:20","slug":"erster-qualitaetsgastgeber-wanderbares-deutschland-im-naturpark-zertifiziert","status":"publish","type":"post","link":"https:\/\/www.naturparkmagazin.de\/stechlin\/erster-qualitaetsgastgeber-wanderbares-deutschland-im-naturpark-zertifiziert\/","title":{"rendered":"Erster Qualit\u00e4tsgastgeber Wanderbares Deutschland im Naturpark zertifiziert"},"content":{"rendered":"<div id=\"attachment_8031\" style=\"width: 310px\" class=\"wp-caption aligncenter\"><a href=\"https:\/\/www.naturparkmagazin.de\/stechlin\/wp-content\/uploads\/sites\/38\/wanderbares-deutschland_23.jpg\"><img aria-describedby=\"caption-attachment-8031\" decoding=\"async\" loading=\"lazy\" class=\"size-thumbnail wp-image-8031\" src=\"https:\/\/www.naturparkmagazin.de\/stechlin\/wp-content\/uploads\/sites\/38\/wanderbares-deutschland_23-300x180.jpg\" alt=\"Katrin Helld\u00f6rfer-Schmitt und ihr Lebenspartner bringen am Eingang die Palette an.\" width=\"300\" height=\"180\" srcset=\"https:\/\/www.naturparkmagazin.de\/stechlin\/wp-content\/uploads\/sites\/38\/wanderbares-deutschland_23-300x180.jpg 300w, https:\/\/www.naturparkmagazin.de\/stechlin\/wp-content\/uploads\/sites\/38\/wanderbares-deutschland_23.jpg 500w, https:\/\/www.naturparkmagazin.de\/stechlin\/wp-content\/uploads\/sites\/38\/wanderbares-deutschland_23-200x120.jpg 200w\" sizes=\"(max-width: 300px) 100vw, 300px\" \/><\/a><p id=\"caption-attachment-8031\" class=\"wp-caption-text\">Katrin Helld\u00f6rfer-Schmitt und ihr\u00a0Ehemann bringen am Eingang die Plakette an.<\/p><\/div>\n<p>Am 28. Februar erhielt der Luisenhof Molchow aus den H\u00e4nden von Olaf Wolff die Urkunde f\u00fcr die Zertifizierung als Qualit\u00e4tsgastgeber.<\/p>\n<div id=\"attachment_8030\" style=\"width: 310px\" class=\"wp-caption aligncenter\"><a href=\"https:\/\/www.naturparkmagazin.de\/stechlin\/wp-content\/uploads\/sites\/38\/wanderbares-deutschland_19.jpg\"><img aria-describedby=\"caption-attachment-8030\" decoding=\"async\" loading=\"lazy\" class=\"size-thumbnail wp-image-8030\" src=\"https:\/\/www.naturparkmagazin.de\/stechlin\/wp-content\/uploads\/sites\/38\/wanderbares-deutschland_19-300x180.jpg\" alt=\"Naturparkleiter Mario Schrumpf gratuliert\" width=\"300\" height=\"180\" srcset=\"https:\/\/www.naturparkmagazin.de\/stechlin\/wp-content\/uploads\/sites\/38\/wanderbares-deutschland_19-300x180.jpg 300w, https:\/\/www.naturparkmagazin.de\/stechlin\/wp-content\/uploads\/sites\/38\/wanderbares-deutschland_19.jpg 500w, https:\/\/www.naturparkmagazin.de\/stechlin\/wp-content\/uploads\/sites\/38\/wanderbares-deutschland_19-200x120.jpg 200w\" sizes=\"(max-width: 300px) 100vw, 300px\" \/><\/a><p id=\"caption-attachment-8030\" class=\"wp-caption-text\">Naturparkleiter Mario Schrumpf gratuliert<\/p><\/div>\n<p>Die vom Deutschen Wanderverband vergebene Auszeichnung wurde erstmalig im Naturpark \u00fcberreicht. Der Wanderer kann sich darauf verlassen, bei zertifizierten Betrieben eine auf seine Bed\u00fcrfnisse zugeschnittene Infrastruktur vorzufinden. So gibt es spezielle M\u00f6glichkeiten nasse Wanderschuhe und -kleidung zu trocknen. Die Gastgeber halten Informationen zu Wanderwegen und lokalen Wanderkarten vor. Des Weiteren informieren sie bei Bedarf \u00fcber den Fahrplan \u00f6ffentlicher Verkehrsmittel.<\/p>\n<div id=\"attachment_8029\" style=\"width: 310px\" class=\"wp-caption aligncenter\"><a href=\"https:\/\/www.naturparkmagazin.de\/stechlin\/wp-content\/uploads\/sites\/38\/wanderbares-deutschland_29.jpg\"><img aria-describedby=\"caption-attachment-8029\" decoding=\"async\" loading=\"lazy\" class=\"size-thumbnail wp-image-8029\" src=\"https:\/\/www.naturparkmagazin.de\/stechlin\/wp-content\/uploads\/sites\/38\/wanderbares-deutschland_29-300x180.jpg\" alt=\"Zertifizierter Olaf Wolff im speziell f\u00fcr Wanderer eingerichteten Servicebereich.\" width=\"300\" height=\"180\" srcset=\"https:\/\/www.naturparkmagazin.de\/stechlin\/wp-content\/uploads\/sites\/38\/wanderbares-deutschland_29-300x180.jpg 300w, https:\/\/www.naturparkmagazin.de\/stechlin\/wp-content\/uploads\/sites\/38\/wanderbares-deutschland_29.jpg 500w, https:\/\/www.naturparkmagazin.de\/stechlin\/wp-content\/uploads\/sites\/38\/wanderbares-deutschland_29-200x120.jpg 200w\" sizes=\"(max-width: 300px) 100vw, 300px\" \/><\/a><p id=\"caption-attachment-8029\" class=\"wp-caption-text\">Zertifizierer Olaf Wolff im speziell f\u00fcr Wanderer eingerichteten Servicebereich.<\/p><\/div>\n<p>Weitere Infos unter: <a href=\"http:\/\/www.wanderbares-deutschland.de\/Gastgeber\">www.wanderbares-deutschland.de\/Gastgeber<\/a>; <a href=\"http:\/\/www.luisenhof-molchow.de\">www.luisenhof-molchow.de<\/a><\/p>\n","protected":false},"excerpt":{"rendered":"<p>Am 28. Februar erhielt der Luisenhof Molchow aus den H\u00e4nden von Olaf Wolff die Urkunde f\u00fcr die Zertifizierung als Qualit\u00e4tsgastgeber.<\/p>\n","protected":false},"author":39,"featured_media":8028,"comment_status":"open","ping_status":"open","sticky":false,"template":"","format":"standard","meta":[],"categories":[7],"tags":[],"yoast_head":"<!-- This site is optimized with the Yoast SEO plugin v19.10 - https:\/\/yoast.com\/wordpress\/plugins\/seo\/ -->\n<title>Erster Qualit\u00e4tsgastgeber Wanderbares Deutschland im Naturpark zertifiziert - Naturpark Stechlin-Ruppiner Land<\/title>\n<meta name=\"robots\" content=\"index, follow, max-snippet:-1, max-image-preview:large, max-video-preview:-1\" \/>\n<link rel=\"canonical\" href=\"https:\/\/www.naturparkmagazin.de\/stechlin\/erster-qualitaetsgastgeber-wanderbares-deutschland-im-naturpark-zertifiziert\/\" \/>\n<meta property=\"og:locale\" content=\"de_DE\" \/>\n<meta property=\"og:type\" content=\"article\" \/>\n<meta property=\"og:title\" content=\"Erster Qualit\u00e4tsgastgeber Wanderbares Deutschland im Naturpark zertifiziert - Naturpark Stechlin-Ruppiner Land\" \/>\n<meta property=\"og:description\" content=\"Am 28. Februar erhielt der Luisenhof Molchow aus den H\u00e4nden von Olaf Wolff die Urkunde f\u00fcr die Zertifizierung als Qualit\u00e4tsgastgeber.\" \/>\n<meta property=\"og:url\" content=\"https:\/\/www.naturparkmagazin.de\/stechlin\/erster-qualitaetsgastgeber-wanderbares-deutschland-im-naturpark-zertifiziert\/\" \/>\n<meta property=\"og:site_name\" content=\"Naturpark Stechlin-Ruppiner Land\" \/>\n<meta property=\"article:published_time\" content=\"2019-03-18T11:53:14+00:00\" \/>\n<meta property=\"article:modified_time\" content=\"2019-03-18T13:05:20+00:00\" \/>\n<meta property=\"og:image\" content=\"https:\/\/www.naturparkmagazin.de\/stechlin\/wp-content\/uploads\/sites\/38\/wanderbares-Deutschland_27.jpg\" \/>\n\t<meta property=\"og:image:width\" content=\"200\" \/>\n\t<meta property=\"og:image:height\" content=\"200\" \/>\n\t<meta property=\"og:image:type\" content=\"image\/jpeg\" \/>\n<meta name=\"author\" content=\"marioschrumpf\" \/>\n<meta name=\"twitter:label1\" content=\"Verfasst von\" \/>\n\t<meta name=\"twitter:data1\" content=\"marioschrumpf\" \/>\n\t<meta name=\"twitter:label2\" content=\"Gesch\u00e4tzte Lesezeit\" \/>\n\t<meta name=\"twitter:data2\" content=\"1\u00a0Minute\" \/>\n<script type=\"application\/ld+json\" class=\"yoast-schema-graph\">{\"@context\":\"https:\/\/schema.org\",\"@graph\":[{\"@type\":\"WebPage\",\"@id\":\"https:\/\/www.naturparkmagazin.de\/stechlin\/erster-qualitaetsgastgeber-wanderbares-deutschland-im-naturpark-zertifiziert\/\",\"url\":\"https:\/\/www.naturparkmagazin.de\/stechlin\/erster-qualitaetsgastgeber-wanderbares-deutschland-im-naturpark-zertifiziert\/\",\"name\":\"Erster Qualit\u00e4tsgastgeber Wanderbares Deutschland im Naturpark zertifiziert - Naturpark Stechlin-Ruppiner Land\",\"isPartOf\":{\"@id\":\"https:\/\/www.naturparkmagazin.de\/stechlin\/#website\"},\"datePublished\":\"2019-03-18T11:53:14+00:00\",\"dateModified\":\"2019-03-18T13:05:20+00:00\",\"author\":{\"@id\":\"https:\/\/www.naturparkmagazin.de\/stechlin\/#\/schema\/person\/3f0d93203df21c806dd63c76d9bb28bc\"},\"breadcrumb\":{\"@id\":\"https:\/\/www.naturparkmagazin.de\/stechlin\/erster-qualitaetsgastgeber-wanderbares-deutschland-im-naturpark-zertifiziert\/#breadcrumb\"},\"inLanguage\":\"de\",\"potentialAction\":[{\"@type\":\"ReadAction\",\"target\":[\"https:\/\/www.naturparkmagazin.de\/stechlin\/erster-qualitaetsgastgeber-wanderbares-deutschland-im-naturpark-zertifiziert\/\"]}]},{\"@type\":\"BreadcrumbList\",\"@id\":\"https:\/\/www.naturparkmagazin.de\/stechlin\/erster-qualitaetsgastgeber-wanderbares-deutschland-im-naturpark-zertifiziert\/#breadcrumb\",\"itemListElement\":[{\"@type\":\"ListItem\",\"position\":1,\"name\":\"Home\",\"item\":\"https:\/\/www.naturparkmagazin.de\/stechlin\/\"},{\"@type\":\"ListItem\",\"position\":2,\"name\":\"Erster Qualit\u00e4tsgastgeber Wanderbares Deutschland im Naturpark zertifiziert\"}]},{\"@type\":\"WebSite\",\"@id\":\"https:\/\/www.naturparkmagazin.de\/stechlin\/#website\",\"url\":\"https:\/\/www.naturparkmagazin.de\/stechlin\/\",\"name\":\"Naturpark Stechlin-Ruppiner Land\",\"description\":\"\",\"potentialAction\":[{\"@type\":\"SearchAction\",\"target\":{\"@type\":\"EntryPoint\",\"urlTemplate\":\"https:\/\/www.naturparkmagazin.de\/stechlin\/?s={search_term_string}\"},\"query-input\":\"required name=search_term_string\"}],\"inLanguage\":\"de\"},{\"@type\":\"Person\",\"@id\":\"https:\/\/www.naturparkmagazin.de\/stechlin\/#\/schema\/person\/3f0d93203df21c806dd63c76d9bb28bc\",\"name\":\"marioschrumpf\",\"url\":\"https:\/\/www.naturparkmagazin.de\/stechlin\/author\/marioschrumpf\/\"}]}<\/script>\n<!-- \/ Yoast SEO plugin. -->","yoast_head_json":{"title":"Erster Qualit\u00e4tsgastgeber Wanderbares Deutschland im Naturpark zertifiziert - Naturpark Stechlin-Ruppiner Land","robots":{"index":"index","follow":"follow","max-snippet":"max-snippet:-1","max-image-preview":"max-image-preview:large","max-video-preview":"max-video-preview:-1"},"canonical":"https:\/\/www.naturparkmagazin.de\/stechlin\/erster-qualitaetsgastgeber-wanderbares-deutschland-im-naturpark-zertifiziert\/","og_locale":"de_DE","og_type":"article","og_title":"Erster Qualit\u00e4tsgastgeber Wanderbares Deutschland im Naturpark zertifiziert - Naturpark Stechlin-Ruppiner Land","og_description":"Am 28. Februar erhielt der Luisenhof Molchow aus den H\u00e4nden von Olaf Wolff die Urkunde f\u00fcr die Zertifizierung als Qualit\u00e4tsgastgeber.","og_url":"https:\/\/www.naturparkmagazin.de\/stechlin\/erster-qualitaetsgastgeber-wanderbares-deutschland-im-naturpark-zertifiziert\/","og_site_name":"Naturpark Stechlin-Ruppiner Land","article_published_time":"2019-03-18T11:53:14+00:00","article_modified_time":"2019-03-18T13:05:20+00:00","og_image":[{"width":200,"height":200,"url":"https:\/\/www.naturparkmagazin.de\/stechlin\/wp-content\/uploads\/sites\/38\/wanderbares-Deutschland_27.jpg","type":"image\/jpeg"}],"author":"marioschrumpf","twitter_misc":{"Verfasst von":"marioschrumpf","Gesch\u00e4tzte Lesezeit":"1\u00a0Minute"},"schema":{"@context":"https:\/\/schema.org","@graph":[{"@type":"WebPage","@id":"https:\/\/www.naturparkmagazin.de\/stechlin\/erster-qualitaetsgastgeber-wanderbares-deutschland-im-naturpark-zertifiziert\/","url":"https:\/\/www.naturparkmagazin.de\/stechlin\/erster-qualitaetsgastgeber-wanderbares-deutschland-im-naturpark-zertifiziert\/","name":"Erster Qualit\u00e4tsgastgeber Wanderbares Deutschland im Naturpark zertifiziert - Naturpark Stechlin-Ruppiner Land","isPartOf":{"@id":"https:\/\/www.naturparkmagazin.de\/stechlin\/#website"},"datePublished":"2019-03-18T11:53:14+00:00","dateModified":"2019-03-18T13:05:20+00:00","author":{"@id":"https:\/\/www.naturparkmagazin.de\/stechlin\/#\/schema\/person\/3f0d93203df21c806dd63c76d9bb28bc"},"breadcrumb":{"@id":"https:\/\/www.naturparkmagazin.de\/stechlin\/erster-qualitaetsgastgeber-wanderbares-deutschland-im-naturpark-zertifiziert\/#breadcrumb"},"inLanguage":"de","potentialAction":[{"@type":"ReadAction","target":["https:\/\/www.naturparkmagazin.de\/stechlin\/erster-qualitaetsgastgeber-wanderbares-deutschland-im-naturpark-zertifiziert\/"]}]},{"@type":"BreadcrumbList","@id":"https:\/\/www.naturparkmagazin.de\/stechlin\/erster-qualitaetsgastgeber-wanderbares-deutschland-im-naturpark-zertifiziert\/#breadcrumb","itemListElement":[{"@type":"ListItem","position":1,"name":"Home","item":"https:\/\/www.naturparkmagazin.de\/stechlin\/"},{"@type":"ListItem","position":2,"name":"Erster Qualit\u00e4tsgastgeber Wanderbares Deutschland im Naturpark zertifiziert"}]},{"@type":"WebSite","@id":"https:\/\/www.naturparkmagazin.de\/stechlin\/#website","url":"https:\/\/www.naturparkmagazin.de\/stechlin\/","name":"Naturpark Stechlin-Ruppiner Land","description":"","potentialAction":[{"@type":"SearchAction","target":{"@type":"EntryPoint","urlTemplate":"https:\/\/www.naturparkmagazin.de\/stechlin\/?s={search_term_string}"},"query-input":"required name=search_term_string"}],"inLanguage":"de"},{"@type":"Person","@id":"https:\/\/www.naturparkmagazin.de\/stechlin\/#\/schema\/person\/3f0d93203df21c806dd63c76d9bb28bc","name":"marioschrumpf","url":"https:\/\/www.naturparkmagazin.de\/stechlin\/author\/marioschrumpf\/"}]}},"_links":{"self":[{"href":"https:\/\/www.naturparkmagazin.de\/stechlin\/wp-json\/wp\/v2\/posts\/8027"}],"collection":[{"href":"https:\/\/www.naturparkmagazin.de\/stechlin\/wp-json\/wp\/v2\/posts"}],"about":[{"href":"https:\/\/www.naturparkmagazin.de\/stechlin\/wp-json\/wp\/v2\/types\/post"}],"author":[{"embeddable":true,"href":"https:\/\/www.naturparkmagazin.de\/stechlin\/wp-json\/wp\/v2\/users\/39"}],"replies":[{"embeddable":true,"href":"https:\/\/www.naturparkmagazin.de\/stechlin\/wp-json\/wp\/v2\/comments?post=8027"}],"version-history":[{"count":3,"href":"https:\/\/www.naturparkmagazin.de\/stechlin\/wp-json\/wp\/v2\/posts\/8027\/revisions"}],"predecessor-version":[{"id":8060,"href":"https:\/\/www.naturparkmagazin.de\/stechlin\/wp-json\/wp\/v2\/posts\/8027\/revisions\/8060"}],"wp:featuredmedia":[{"embeddable":true,"href":"https:\/\/www.naturparkmagazin.de\/stechlin\/wp-json\/wp\/v2\/media\/8028"}],"wp:attachment":[{"href":"https:\/\/www.naturparkmagazin.de\/stechlin\/wp-json\/wp\/v2\/media?parent=8027"}],"wp:term":[{"taxonomy":"category","embeddable":true,"href":"https:\/\/www.naturparkmagazin.de\/stechlin\/wp-json\/wp\/v2\/categories?post=8027"},{"taxonomy":"post_tag","embeddable":true,"href":"https:\/\/www.naturparkmagazin.de\/stechlin\/wp-json\/wp\/v2\/tags?post=8027"}],"curies":[{"name":"wp","href":"https:\/\/api.w.org\/{rel}","templated":true}]}}