{"id":8042,"date":"2019-04-12T08:26:20","date_gmt":"2019-04-12T06:26:20","guid":{"rendered":"https:\/\/www.naturparkmagazin.de\/stechlin\/?p=8042"},"modified":"2019-04-16T12:07:54","modified_gmt":"2019-04-16T10:07:54","slug":"fontanemalen","status":"publish","type":"post","link":"https:\/\/www.naturparkmagazin.de\/stechlin\/fontanemalen\/","title":{"rendered":"Fontanemalen f\u00fcr Hobbymaler und K\u00fcnstler mit Elke Kopf"},"content":{"rendered":"<p><em>Bericht:<\/em> Am 12. Und 13. April trafen sich Hobbymaler zum ersten Fontanemalen. Es wurde eifrig skizziert und gemalt, um die Boltenm\u00fchle und ihre sch\u00f6ne Umgebung mit Binenbach und Tornowsee ins malerische Bild zu setzen. Motive gab es reichlich. Alle Teilnehmer waren mit viel Spa\u00df dabei und genossen die zauberhafte aufwachende Natur mit ihren Farben und Stimmungen. Vorsichtig lugte auch mal die Sonne hervor, doch war es insgesamt recht kalt. Dennoch kamen wir damit gut zurecht, denn unkompliziert hat uns die Boltenm\u00fchle einen sehr geeigneten Arbeitsraum zur Verf\u00fcgung stellen k\u00f6nnen. So haben wir nach dem Skizzieren bei wohliger Temperatur fachsimpeln und weiter arbeiten k\u00f6nnen. Herzlichen Dank f\u00fcr die Unterst\u00fctzung! Sicher werden das eine oder andere Bild noch zu Hause fertiggestellt, um es zum 1. November in der Vernissage in Menz (18:00 Uhr) zu zeigen.<\/p>\n<p>Hier ein paar Kostproben im Entstehen:<\/p>\n<div id=\"attachment_8276\" style=\"width: 310px\" class=\"wp-caption aligncenter\"><a href=\"https:\/\/www.naturparkmagazin.de\/stechlin\/wp-content\/uploads\/sites\/38\/fontanemalen-3_b.jpg\"><img aria-describedby=\"caption-attachment-8276\" decoding=\"async\" loading=\"lazy\" class=\"wp-image-8276 size-thumbnail\" src=\"https:\/\/www.naturparkmagazin.de\/stechlin\/wp-content\/uploads\/sites\/38\/fontanemalen-3_b-300x500.jpg\" alt=\"NP SRL\/Elke Kopf\" width=\"300\" height=\"500\" srcset=\"https:\/\/www.naturparkmagazin.de\/stechlin\/wp-content\/uploads\/sites\/38\/fontanemalen-3_b.jpg 300w, https:\/\/www.naturparkmagazin.de\/stechlin\/wp-content\/uploads\/sites\/38\/fontanemalen-3_b-200x333.jpg 200w\" sizes=\"(max-width: 300px) 100vw, 300px\" \/><\/a><p id=\"caption-attachment-8276\" class=\"wp-caption-text\">Das M\u00fchlrad<\/p><\/div>\n<div id=\"attachment_8275\" style=\"width: 310px\" class=\"wp-caption aligncenter\"><a href=\"https:\/\/www.naturparkmagazin.de\/stechlin\/wp-content\/uploads\/sites\/38\/fontanemalen-2_b.jpg\"><img aria-describedby=\"caption-attachment-8275\" decoding=\"async\" loading=\"lazy\" class=\"size-thumbnail wp-image-8275\" src=\"https:\/\/www.naturparkmagazin.de\/stechlin\/wp-content\/uploads\/sites\/38\/fontanemalen-2_b-300x179.jpg\" alt=\"Die Stille am Tornowsee\" width=\"300\" height=\"179\" srcset=\"https:\/\/www.naturparkmagazin.de\/stechlin\/wp-content\/uploads\/sites\/38\/fontanemalen-2_b-300x179.jpg 300w, https:\/\/www.naturparkmagazin.de\/stechlin\/wp-content\/uploads\/sites\/38\/fontanemalen-2_b.jpg 500w, https:\/\/www.naturparkmagazin.de\/stechlin\/wp-content\/uploads\/sites\/38\/fontanemalen-2_b-200x120.jpg 200w\" sizes=\"(max-width: 300px) 100vw, 300px\" \/><\/a><p id=\"caption-attachment-8275\" class=\"wp-caption-text\">Die Stille am Tornowsee<\/p><\/div>\n<div id=\"attachment_8274\" style=\"width: 310px\" class=\"wp-caption aligncenter\"><a href=\"https:\/\/www.naturparkmagazin.de\/stechlin\/wp-content\/uploads\/sites\/38\/fontanemalen-1_b.jpg\"><img aria-describedby=\"caption-attachment-8274\" decoding=\"async\" loading=\"lazy\" class=\"size-thumbnail wp-image-8274\" src=\"https:\/\/www.naturparkmagazin.de\/stechlin\/wp-content\/uploads\/sites\/38\/fontanemalen-1_b-300x179.jpg\" alt=\"Am Binenbach\" width=\"300\" height=\"179\" srcset=\"https:\/\/www.naturparkmagazin.de\/stechlin\/wp-content\/uploads\/sites\/38\/fontanemalen-1_b-300x179.jpg 300w, https:\/\/www.naturparkmagazin.de\/stechlin\/wp-content\/uploads\/sites\/38\/fontanemalen-1_b.jpg 500w, https:\/\/www.naturparkmagazin.de\/stechlin\/wp-content\/uploads\/sites\/38\/fontanemalen-1_b-200x119.jpg 200w\" sizes=\"(max-width: 300px) 100vw, 300px\" \/><\/a><p id=\"caption-attachment-8274\" class=\"wp-caption-text\">Am Binenbach<\/p><\/div>\n<p>Wollten Sie schon immer mal ihr k\u00fcnstlerisches Talent erproben? Dann sind sie genau richtig beim gemeinsames Plain-Air-Painting f\u00fcr Hobbymaler und K\u00fcnstler in verschiedenen Techniken und mit eigenem Material unter Anleitung von K\u00fcnstlern und Natur- und Landschaftsf\u00fchrerin Elke Kopf.<\/p>\n<p><a href=\"https:\/\/www.naturparkmagazin.de\/stechlin\/wp-content\/uploads\/sites\/38\/Elke-Kopf-3.jpg\"><img decoding=\"async\" loading=\"lazy\" class=\"aligncenter size-thumbnail wp-image-7741\" src=\"https:\/\/www.naturparkmagazin.de\/stechlin\/wp-content\/uploads\/sites\/38\/Elke-Kopf-3-300x231.jpg\" alt=\"NP SRL\/Elke Kopf\" width=\"300\" height=\"231\" srcset=\"https:\/\/www.naturparkmagazin.de\/stechlin\/wp-content\/uploads\/sites\/38\/Elke-Kopf-3-300x231.jpg 300w, https:\/\/www.naturparkmagazin.de\/stechlin\/wp-content\/uploads\/sites\/38\/Elke-Kopf-3-200x154.jpg 200w, https:\/\/www.naturparkmagazin.de\/stechlin\/wp-content\/uploads\/sites\/38\/Elke-Kopf-3.jpg 459w\" sizes=\"(max-width: 300px) 100vw, 300px\" \/><\/a><strong>Anmeldung:<\/strong><\/p>\n<p>Natur- und Landschaftsf\u00fchrerin Elke Kopf, kopf.elke@gmx.de,Mobil: 01520 5845064<\/p>\n<p>Mobil: 01520 5845064<\/p>\n<p>&nbsp;<\/p>\n<p><strong>Treff:<\/strong><\/p>\n<p>24. Mai 2019, 9:00 Uhr, Siechenhauskapelle Neuruppin<\/p>\n","protected":false},"excerpt":{"rendered":"<p>Wollten Sie schon immer mal ihr k\u00fcnstlerisches Talent erproben? Dann sind sie genau richtig beim gemeinsames Plain-Air-Painting f\u00fcr Hobbymaler und K\u00fcnstler.<\/p>\n","protected":false},"author":39,"featured_media":7340,"comment_status":"open","ping_status":"open","sticky":false,"template":"","format":"standard","meta":[],"categories":[11],"tags":[],"yoast_head":"<!-- This site is optimized with the Yoast SEO plugin v19.10 - https:\/\/yoast.com\/wordpress\/plugins\/seo\/ -->\n<title>Fontanemalen f\u00fcr Hobbymaler und K\u00fcnstler mit Elke Kopf - Naturpark Stechlin-Ruppiner Land<\/title>\n<meta name=\"robots\" content=\"index, follow, max-snippet:-1, max-image-preview:large, max-video-preview:-1\" \/>\n<link rel=\"canonical\" href=\"https:\/\/www.naturparkmagazin.de\/stechlin\/fontanemalen\/\" \/>\n<meta property=\"og:locale\" content=\"de_DE\" \/>\n<meta property=\"og:type\" content=\"article\" \/>\n<meta property=\"og:title\" content=\"Fontanemalen f\u00fcr Hobbymaler und K\u00fcnstler mit Elke Kopf - Naturpark Stechlin-Ruppiner Land\" \/>\n<meta property=\"og:description\" content=\"Wollten Sie schon immer mal ihr k\u00fcnstlerisches Talent erproben? Dann sind sie genau richtig beim gemeinsames Plain-Air-Painting f\u00fcr Hobbymaler und K\u00fcnstler.\" \/>\n<meta property=\"og:url\" content=\"https:\/\/www.naturparkmagazin.de\/stechlin\/fontanemalen\/\" \/>\n<meta property=\"og:site_name\" content=\"Naturpark Stechlin-Ruppiner Land\" \/>\n<meta property=\"article:published_time\" content=\"2019-04-12T06:26:20+00:00\" \/>\n<meta property=\"article:modified_time\" content=\"2019-04-16T10:07:54+00:00\" \/>\n<meta property=\"og:image\" content=\"https:\/\/www.naturparkmagazin.de\/stechlin\/wp-content\/uploads\/sites\/38\/5_200x200.jpg\" \/>\n\t<meta property=\"og:image:width\" content=\"200\" \/>\n\t<meta property=\"og:image:height\" content=\"200\" \/>\n\t<meta property=\"og:image:type\" content=\"image\/jpeg\" \/>\n<meta name=\"author\" content=\"marioschrumpf\" \/>\n<meta name=\"twitter:label1\" content=\"Verfasst von\" \/>\n\t<meta name=\"twitter:data1\" content=\"marioschrumpf\" \/>\n\t<meta name=\"twitter:label2\" content=\"Gesch\u00e4tzte Lesezeit\" \/>\n\t<meta name=\"twitter:data2\" content=\"1\u00a0Minute\" \/>\n<script type=\"application\/ld+json\" class=\"yoast-schema-graph\">{\"@context\":\"https:\/\/schema.org\",\"@graph\":[{\"@type\":\"WebPage\",\"@id\":\"https:\/\/www.naturparkmagazin.de\/stechlin\/fontanemalen\/\",\"url\":\"https:\/\/www.naturparkmagazin.de\/stechlin\/fontanemalen\/\",\"name\":\"Fontanemalen f\u00fcr Hobbymaler und K\u00fcnstler mit Elke Kopf - Naturpark Stechlin-Ruppiner Land\",\"isPartOf\":{\"@id\":\"https:\/\/www.naturparkmagazin.de\/stechlin\/#website\"},\"datePublished\":\"2019-04-12T06:26:20+00:00\",\"dateModified\":\"2019-04-16T10:07:54+00:00\",\"author\":{\"@id\":\"https:\/\/www.naturparkmagazin.de\/stechlin\/#\/schema\/person\/3f0d93203df21c806dd63c76d9bb28bc\"},\"breadcrumb\":{\"@id\":\"https:\/\/www.naturparkmagazin.de\/stechlin\/fontanemalen\/#breadcrumb\"},\"inLanguage\":\"de\",\"potentialAction\":[{\"@type\":\"ReadAction\",\"target\":[\"https:\/\/www.naturparkmagazin.de\/stechlin\/fontanemalen\/\"]}]},{\"@type\":\"BreadcrumbList\",\"@id\":\"https:\/\/www.naturparkmagazin.de\/stechlin\/fontanemalen\/#breadcrumb\",\"itemListElement\":[{\"@type\":\"ListItem\",\"position\":1,\"name\":\"Home\",\"item\":\"https:\/\/www.naturparkmagazin.de\/stechlin\/\"},{\"@type\":\"ListItem\",\"position\":2,\"name\":\"Fontanemalen f\u00fcr Hobbymaler und K\u00fcnstler mit Elke Kopf\"}]},{\"@type\":\"WebSite\",\"@id\":\"https:\/\/www.naturparkmagazin.de\/stechlin\/#website\",\"url\":\"https:\/\/www.naturparkmagazin.de\/stechlin\/\",\"name\":\"Naturpark Stechlin-Ruppiner Land\",\"description\":\"\",\"potentialAction\":[{\"@type\":\"SearchAction\",\"target\":{\"@type\":\"EntryPoint\",\"urlTemplate\":\"https:\/\/www.naturparkmagazin.de\/stechlin\/?s={search_term_string}\"},\"query-input\":\"required name=search_term_string\"}],\"inLanguage\":\"de\"},{\"@type\":\"Person\",\"@id\":\"https:\/\/www.naturparkmagazin.de\/stechlin\/#\/schema\/person\/3f0d93203df21c806dd63c76d9bb28bc\",\"name\":\"marioschrumpf\",\"url\":\"https:\/\/www.naturparkmagazin.de\/stechlin\/author\/marioschrumpf\/\"}]}<\/script>\n<!-- \/ Yoast SEO plugin. -->","yoast_head_json":{"title":"Fontanemalen f\u00fcr Hobbymaler und K\u00fcnstler mit Elke Kopf - Naturpark Stechlin-Ruppiner Land","robots":{"index":"index","follow":"follow","max-snippet":"max-snippet:-1","max-image-preview":"max-image-preview:large","max-video-preview":"max-video-preview:-1"},"canonical":"https:\/\/www.naturparkmagazin.de\/stechlin\/fontanemalen\/","og_locale":"de_DE","og_type":"article","og_title":"Fontanemalen f\u00fcr Hobbymaler und K\u00fcnstler mit Elke Kopf - Naturpark Stechlin-Ruppiner Land","og_description":"Wollten Sie schon immer mal ihr k\u00fcnstlerisches Talent erproben? Dann sind sie genau richtig beim gemeinsames Plain-Air-Painting f\u00fcr Hobbymaler und K\u00fcnstler.","og_url":"https:\/\/www.naturparkmagazin.de\/stechlin\/fontanemalen\/","og_site_name":"Naturpark Stechlin-Ruppiner Land","article_published_time":"2019-04-12T06:26:20+00:00","article_modified_time":"2019-04-16T10:07:54+00:00","og_image":[{"width":200,"height":200,"url":"https:\/\/www.naturparkmagazin.de\/stechlin\/wp-content\/uploads\/sites\/38\/5_200x200.jpg","type":"image\/jpeg"}],"author":"marioschrumpf","twitter_misc":{"Verfasst von":"marioschrumpf","Gesch\u00e4tzte Lesezeit":"1\u00a0Minute"},"schema":{"@context":"https:\/\/schema.org","@graph":[{"@type":"WebPage","@id":"https:\/\/www.naturparkmagazin.de\/stechlin\/fontanemalen\/","url":"https:\/\/www.naturparkmagazin.de\/stechlin\/fontanemalen\/","name":"Fontanemalen f\u00fcr Hobbymaler und K\u00fcnstler mit Elke Kopf - Naturpark Stechlin-Ruppiner Land","isPartOf":{"@id":"https:\/\/www.naturparkmagazin.de\/stechlin\/#website"},"datePublished":"2019-04-12T06:26:20+00:00","dateModified":"2019-04-16T10:07:54+00:00","author":{"@id":"https:\/\/www.naturparkmagazin.de\/stechlin\/#\/schema\/person\/3f0d93203df21c806dd63c76d9bb28bc"},"breadcrumb":{"@id":"https:\/\/www.naturparkmagazin.de\/stechlin\/fontanemalen\/#breadcrumb"},"inLanguage":"de","potentialAction":[{"@type":"ReadAction","target":["https:\/\/www.naturparkmagazin.de\/stechlin\/fontanemalen\/"]}]},{"@type":"BreadcrumbList","@id":"https:\/\/www.naturparkmagazin.de\/stechlin\/fontanemalen\/#breadcrumb","itemListElement":[{"@type":"ListItem","position":1,"name":"Home","item":"https:\/\/www.naturparkmagazin.de\/stechlin\/"},{"@type":"ListItem","position":2,"name":"Fontanemalen f\u00fcr Hobbymaler und K\u00fcnstler mit Elke Kopf"}]},{"@type":"WebSite","@id":"https:\/\/www.naturparkmagazin.de\/stechlin\/#website","url":"https:\/\/www.naturparkmagazin.de\/stechlin\/","name":"Naturpark Stechlin-Ruppiner Land","description":"","potentialAction":[{"@type":"SearchAction","target":{"@type":"EntryPoint","urlTemplate":"https:\/\/www.naturparkmagazin.de\/stechlin\/?s={search_term_string}"},"query-input":"required name=search_term_string"}],"inLanguage":"de"},{"@type":"Person","@id":"https:\/\/www.naturparkmagazin.de\/stechlin\/#\/schema\/person\/3f0d93203df21c806dd63c76d9bb28bc","name":"marioschrumpf","url":"https:\/\/www.naturparkmagazin.de\/stechlin\/author\/marioschrumpf\/"}]}},"_links":{"self":[{"href":"https:\/\/www.naturparkmagazin.de\/stechlin\/wp-json\/wp\/v2\/posts\/8042"}],"collection":[{"href":"https:\/\/www.naturparkmagazin.de\/stechlin\/wp-json\/wp\/v2\/posts"}],"about":[{"href":"https:\/\/www.naturparkmagazin.de\/stechlin\/wp-json\/wp\/v2\/types\/post"}],"author":[{"embeddable":true,"href":"https:\/\/www.naturparkmagazin.de\/stechlin\/wp-json\/wp\/v2\/users\/39"}],"replies":[{"embeddable":true,"href":"https:\/\/www.naturparkmagazin.de\/stechlin\/wp-json\/wp\/v2\/comments?post=8042"}],"version-history":[{"count":10,"href":"https:\/\/www.naturparkmagazin.de\/stechlin\/wp-json\/wp\/v2\/posts\/8042\/revisions"}],"predecessor-version":[{"id":8273,"href":"https:\/\/www.naturparkmagazin.de\/stechlin\/wp-json\/wp\/v2\/posts\/8042\/revisions\/8273"}],"wp:featuredmedia":[{"embeddable":true,"href":"https:\/\/www.naturparkmagazin.de\/stechlin\/wp-json\/wp\/v2\/media\/7340"}],"wp:attachment":[{"href":"https:\/\/www.naturparkmagazin.de\/stechlin\/wp-json\/wp\/v2\/media?parent=8042"}],"wp:term":[{"taxonomy":"category","embeddable":true,"href":"https:\/\/www.naturparkmagazin.de\/stechlin\/wp-json\/wp\/v2\/categories?post=8042"},{"taxonomy":"post_tag","embeddable":true,"href":"https:\/\/www.naturparkmagazin.de\/stechlin\/wp-json\/wp\/v2\/tags?post=8042"}],"curies":[{"name":"wp","href":"https:\/\/api.w.org\/{rel}","templated":true}]}}