{"id":8100,"date":"2019-03-18T16:57:55","date_gmt":"2019-03-18T15:57:55","guid":{"rendered":"https:\/\/www.naturparkmagazin.de\/stechlin\/?p=8100"},"modified":"2019-03-26T12:45:36","modified_gmt":"2019-03-26T11:45:36","slug":"liebe-leserinnen-und-leser-49","status":"publish","type":"post","link":"https:\/\/www.naturparkmagazin.de\/stechlin\/liebe-leserinnen-und-leser-49\/","title":{"rendered":"Liebe Leserinnen und Leser,"},"content":{"rendered":"<p>am 18. April ist es soweit, dann \u00f6ffnet die erste Landesgartenschau in unserem Naturpark in Wittstock\/Dosse ihre Pforten. Unter dem Motto &#8222;<em>Rundum <strong>sch\u00f6ne<\/strong> Aussichten<\/em>&#8220; erwartet Sie auf 13 Hektar\u00a0entlang des historischen Ringwalles ein Festival der Gartenkunst. Im historischen G\u00fcterboden des Bahnhofes werden die Blumenschauen in Szene gesetzt.<\/p>\n<p>Selbstverst\u00e4ndlich sind auch die Netzwerkpartner des Naturparks mit von der Partie. So wird die Naturwacht im Gr\u00fcnen Klassenzimmer auf dem Burggel\u00e4nde Umweltbildungsveranstaltungen speziell\u00a0f\u00fcr Kinder und Jugendliche anbieten, der Zehdenicker Apfelmann wird mit seiner Schau alter Apfelsorten zu erleben sein und die zertifizierten Natur- und Landschaftsf\u00fchrer werden auch auf dem Laga-Gel\u00e4nde spezielle F\u00fchrungen anbieten.<\/p>\n<p>Nur wenige Schritte sind es bis zur historischen Altstadt. Vom Turm der St. Marien-Kirche haben Sie eine grandiose Aussicht in die Prignitzer Landschaft bis weit hinein in unseren Naturpark. Verbinden Sie doch einfachen einen Besuch der Landesgartenschau mit einer Exkursion in unseren Naturpark.<\/p>\n<p>Genie\u00dfen Sie den Fr\u00fchlingsanfang! Viel Spa\u00df beim Lesen!<\/p>\n<p>&nbsp;<\/p>\n<p>Dr. Mario Schrumpf<\/p>\n<p>Naturparkleiter<\/p>\n","protected":false},"excerpt":{"rendered":"<p>am 18. April ist es soweit, dann \u00f6ffnet die erste Landesgartenschau in unserem Naturpark in Wittstock\/Dosse ihre Pforten. Unter dem Motto &#8222;Rundum sch\u00f6ne Aussichten&#8220; erwartet Sie auf 13 Hektar\u00a0entlang des historischen Ringwalles ein Festival der Gartenkunst. Im historischen G\u00fcterboden des Bahnhofes werden die Blumenschauen in Szene gesetzt. Selbstverst\u00e4ndlich sind auch die Netzwerkpartner des Naturparks mit<\/p>\n","protected":false},"author":39,"featured_media":0,"comment_status":"open","ping_status":"open","sticky":false,"template":"","format":"standard","meta":[],"categories":[52],"tags":[],"yoast_head":"<!-- This site is optimized with the Yoast SEO plugin v19.10 - https:\/\/yoast.com\/wordpress\/plugins\/seo\/ -->\n<title>Liebe Leserinnen und Leser, - Naturpark Stechlin-Ruppiner Land<\/title>\n<meta name=\"robots\" content=\"index, follow, max-snippet:-1, max-image-preview:large, max-video-preview:-1\" \/>\n<link rel=\"canonical\" href=\"https:\/\/www.naturparkmagazin.de\/stechlin\/liebe-leserinnen-und-leser-49\/\" \/>\n<meta property=\"og:locale\" content=\"de_DE\" \/>\n<meta property=\"og:type\" content=\"article\" \/>\n<meta property=\"og:title\" content=\"Liebe Leserinnen und Leser, - Naturpark Stechlin-Ruppiner Land\" \/>\n<meta property=\"og:description\" content=\"am 18. April ist es soweit, dann \u00f6ffnet die erste Landesgartenschau in unserem Naturpark in Wittstock\/Dosse ihre Pforten. Unter dem Motto &#8222;Rundum sch\u00f6ne Aussichten&#8220; erwartet Sie auf 13 Hektar\u00a0entlang des historischen Ringwalles ein Festival der Gartenkunst. Im historischen G\u00fcterboden des Bahnhofes werden die Blumenschauen in Szene gesetzt. Selbstverst\u00e4ndlich sind auch die Netzwerkpartner des Naturparks mit\" \/>\n<meta property=\"og:url\" content=\"https:\/\/www.naturparkmagazin.de\/stechlin\/liebe-leserinnen-und-leser-49\/\" \/>\n<meta property=\"og:site_name\" content=\"Naturpark Stechlin-Ruppiner Land\" \/>\n<meta property=\"article:published_time\" content=\"2019-03-18T15:57:55+00:00\" \/>\n<meta property=\"article:modified_time\" content=\"2019-03-26T11:45:36+00:00\" \/>\n<meta name=\"author\" content=\"marioschrumpf\" \/>\n<meta name=\"twitter:label1\" content=\"Verfasst von\" \/>\n\t<meta name=\"twitter:data1\" content=\"marioschrumpf\" \/>\n\t<meta name=\"twitter:label2\" content=\"Gesch\u00e4tzte Lesezeit\" \/>\n\t<meta name=\"twitter:data2\" content=\"1\u00a0Minute\" \/>\n<script type=\"application\/ld+json\" class=\"yoast-schema-graph\">{\"@context\":\"https:\/\/schema.org\",\"@graph\":[{\"@type\":\"WebPage\",\"@id\":\"https:\/\/www.naturparkmagazin.de\/stechlin\/liebe-leserinnen-und-leser-49\/\",\"url\":\"https:\/\/www.naturparkmagazin.de\/stechlin\/liebe-leserinnen-und-leser-49\/\",\"name\":\"Liebe Leserinnen und Leser, - Naturpark Stechlin-Ruppiner Land\",\"isPartOf\":{\"@id\":\"https:\/\/www.naturparkmagazin.de\/stechlin\/#website\"},\"datePublished\":\"2019-03-18T15:57:55+00:00\",\"dateModified\":\"2019-03-26T11:45:36+00:00\",\"author\":{\"@id\":\"https:\/\/www.naturparkmagazin.de\/stechlin\/#\/schema\/person\/3f0d93203df21c806dd63c76d9bb28bc\"},\"breadcrumb\":{\"@id\":\"https:\/\/www.naturparkmagazin.de\/stechlin\/liebe-leserinnen-und-leser-49\/#breadcrumb\"},\"inLanguage\":\"de\",\"potentialAction\":[{\"@type\":\"ReadAction\",\"target\":[\"https:\/\/www.naturparkmagazin.de\/stechlin\/liebe-leserinnen-und-leser-49\/\"]}]},{\"@type\":\"BreadcrumbList\",\"@id\":\"https:\/\/www.naturparkmagazin.de\/stechlin\/liebe-leserinnen-und-leser-49\/#breadcrumb\",\"itemListElement\":[{\"@type\":\"ListItem\",\"position\":1,\"name\":\"Home\",\"item\":\"https:\/\/www.naturparkmagazin.de\/stechlin\/\"},{\"@type\":\"ListItem\",\"position\":2,\"name\":\"Liebe Leserinnen und Leser,\"}]},{\"@type\":\"WebSite\",\"@id\":\"https:\/\/www.naturparkmagazin.de\/stechlin\/#website\",\"url\":\"https:\/\/www.naturparkmagazin.de\/stechlin\/\",\"name\":\"Naturpark Stechlin-Ruppiner Land\",\"description\":\"\",\"potentialAction\":[{\"@type\":\"SearchAction\",\"target\":{\"@type\":\"EntryPoint\",\"urlTemplate\":\"https:\/\/www.naturparkmagazin.de\/stechlin\/?s={search_term_string}\"},\"query-input\":\"required name=search_term_string\"}],\"inLanguage\":\"de\"},{\"@type\":\"Person\",\"@id\":\"https:\/\/www.naturparkmagazin.de\/stechlin\/#\/schema\/person\/3f0d93203df21c806dd63c76d9bb28bc\",\"name\":\"marioschrumpf\",\"url\":\"https:\/\/www.naturparkmagazin.de\/stechlin\/author\/marioschrumpf\/\"}]}<\/script>\n<!-- \/ Yoast SEO plugin. -->","yoast_head_json":{"title":"Liebe Leserinnen und Leser, - Naturpark Stechlin-Ruppiner Land","robots":{"index":"index","follow":"follow","max-snippet":"max-snippet:-1","max-image-preview":"max-image-preview:large","max-video-preview":"max-video-preview:-1"},"canonical":"https:\/\/www.naturparkmagazin.de\/stechlin\/liebe-leserinnen-und-leser-49\/","og_locale":"de_DE","og_type":"article","og_title":"Liebe Leserinnen und Leser, - Naturpark Stechlin-Ruppiner Land","og_description":"am 18. April ist es soweit, dann \u00f6ffnet die erste Landesgartenschau in unserem Naturpark in Wittstock\/Dosse ihre Pforten. Unter dem Motto &#8222;Rundum sch\u00f6ne Aussichten&#8220; erwartet Sie auf 13 Hektar\u00a0entlang des historischen Ringwalles ein Festival der Gartenkunst. Im historischen G\u00fcterboden des Bahnhofes werden die Blumenschauen in Szene gesetzt. Selbstverst\u00e4ndlich sind auch die Netzwerkpartner des Naturparks mit","og_url":"https:\/\/www.naturparkmagazin.de\/stechlin\/liebe-leserinnen-und-leser-49\/","og_site_name":"Naturpark Stechlin-Ruppiner Land","article_published_time":"2019-03-18T15:57:55+00:00","article_modified_time":"2019-03-26T11:45:36+00:00","author":"marioschrumpf","twitter_misc":{"Verfasst von":"marioschrumpf","Gesch\u00e4tzte Lesezeit":"1\u00a0Minute"},"schema":{"@context":"https:\/\/schema.org","@graph":[{"@type":"WebPage","@id":"https:\/\/www.naturparkmagazin.de\/stechlin\/liebe-leserinnen-und-leser-49\/","url":"https:\/\/www.naturparkmagazin.de\/stechlin\/liebe-leserinnen-und-leser-49\/","name":"Liebe Leserinnen und Leser, - Naturpark Stechlin-Ruppiner Land","isPartOf":{"@id":"https:\/\/www.naturparkmagazin.de\/stechlin\/#website"},"datePublished":"2019-03-18T15:57:55+00:00","dateModified":"2019-03-26T11:45:36+00:00","author":{"@id":"https:\/\/www.naturparkmagazin.de\/stechlin\/#\/schema\/person\/3f0d93203df21c806dd63c76d9bb28bc"},"breadcrumb":{"@id":"https:\/\/www.naturparkmagazin.de\/stechlin\/liebe-leserinnen-und-leser-49\/#breadcrumb"},"inLanguage":"de","potentialAction":[{"@type":"ReadAction","target":["https:\/\/www.naturparkmagazin.de\/stechlin\/liebe-leserinnen-und-leser-49\/"]}]},{"@type":"BreadcrumbList","@id":"https:\/\/www.naturparkmagazin.de\/stechlin\/liebe-leserinnen-und-leser-49\/#breadcrumb","itemListElement":[{"@type":"ListItem","position":1,"name":"Home","item":"https:\/\/www.naturparkmagazin.de\/stechlin\/"},{"@type":"ListItem","position":2,"name":"Liebe Leserinnen und Leser,"}]},{"@type":"WebSite","@id":"https:\/\/www.naturparkmagazin.de\/stechlin\/#website","url":"https:\/\/www.naturparkmagazin.de\/stechlin\/","name":"Naturpark Stechlin-Ruppiner Land","description":"","potentialAction":[{"@type":"SearchAction","target":{"@type":"EntryPoint","urlTemplate":"https:\/\/www.naturparkmagazin.de\/stechlin\/?s={search_term_string}"},"query-input":"required name=search_term_string"}],"inLanguage":"de"},{"@type":"Person","@id":"https:\/\/www.naturparkmagazin.de\/stechlin\/#\/schema\/person\/3f0d93203df21c806dd63c76d9bb28bc","name":"marioschrumpf","url":"https:\/\/www.naturparkmagazin.de\/stechlin\/author\/marioschrumpf\/"}]}},"_links":{"self":[{"href":"https:\/\/www.naturparkmagazin.de\/stechlin\/wp-json\/wp\/v2\/posts\/8100"}],"collection":[{"href":"https:\/\/www.naturparkmagazin.de\/stechlin\/wp-json\/wp\/v2\/posts"}],"about":[{"href":"https:\/\/www.naturparkmagazin.de\/stechlin\/wp-json\/wp\/v2\/types\/post"}],"author":[{"embeddable":true,"href":"https:\/\/www.naturparkmagazin.de\/stechlin\/wp-json\/wp\/v2\/users\/39"}],"replies":[{"embeddable":true,"href":"https:\/\/www.naturparkmagazin.de\/stechlin\/wp-json\/wp\/v2\/comments?post=8100"}],"version-history":[{"count":5,"href":"https:\/\/www.naturparkmagazin.de\/stechlin\/wp-json\/wp\/v2\/posts\/8100\/revisions"}],"predecessor-version":[{"id":8172,"href":"https:\/\/www.naturparkmagazin.de\/stechlin\/wp-json\/wp\/v2\/posts\/8100\/revisions\/8172"}],"wp:attachment":[{"href":"https:\/\/www.naturparkmagazin.de\/stechlin\/wp-json\/wp\/v2\/media?parent=8100"}],"wp:term":[{"taxonomy":"category","embeddable":true,"href":"https:\/\/www.naturparkmagazin.de\/stechlin\/wp-json\/wp\/v2\/categories?post=8100"},{"taxonomy":"post_tag","embeddable":true,"href":"https:\/\/www.naturparkmagazin.de\/stechlin\/wp-json\/wp\/v2\/tags?post=8100"}],"curies":[{"name":"wp","href":"https:\/\/api.w.org\/{rel}","templated":true}]}}