{"id":8115,"date":"2019-03-18T17:31:38","date_gmt":"2019-03-18T16:31:38","guid":{"rendered":"https:\/\/www.naturparkmagazin.de\/stechlin\/?p=8115"},"modified":"2025-06-19T13:50:04","modified_gmt":"2025-06-19T11:50:04","slug":"foto-ausstellung-bienen-hummeln-und-wespen-noch-bis-30-april-zu-sehen","status":"publish","type":"post","link":"https:\/\/www.naturparkmagazin.de\/stechlin\/foto-ausstellung-bienen-hummeln-und-wespen-noch-bis-30-april-zu-sehen\/","title":{"rendered":"Foto-Ausstellung &#8222;Bienen, Hummeln und Wespen&#8220; noch bis 30. April zu sehen (2019)"},"content":{"rendered":"<p>Am 15. M\u00e4rz er\u00f6ffnete Dirk Donner aus der Niederlausitz bereits seine vierte Naturfoto-Ausstellung in der Regionalwerkstatt Stechlin in Menz. Damit h\u00e4lt er den Rekord derer, die wiederholt im Naturpark ausgestellt haben.<\/p>\n<p>Mit seinen beeindruckenden Fotos hat er diesmal sein Publikum in die faszinierende Welt der Insekten entf\u00fchrt. Der ehrenamtlich f\u00fcr den NABU im Naturpark Niederlausitzer Heidelandschaft t\u00e4tige Hobby-Entomologe pr\u00e4sentierte eine Auswahl seiner sch\u00f6nsten Fotos von Bienen, Hummeln und Wespen.<\/p>\n<div id=\"attachment_7987\" style=\"width: 310px\" class=\"wp-caption aligncenter\"><a href=\"https:\/\/www.naturparkmagazin.de\/stechlin\/wp-content\/uploads\/sites\/38\/Biene-auf-Bl\u00fctenblatt_Dirk-Donner.jpg\"><img aria-describedby=\"caption-attachment-7987\" decoding=\"async\" loading=\"lazy\" class=\"wp-image-7987 size-thumbnail\" src=\"https:\/\/www.naturparkmagazin.de\/stechlin\/wp-content\/uploads\/sites\/38\/Biene-auf-Bl\u00fctenblatt_Dirk-Donner-300x180.jpg\" alt=\"NP SRL\/Dirk Donner\" width=\"300\" height=\"180\" srcset=\"https:\/\/www.naturparkmagazin.de\/stechlin\/wp-content\/uploads\/sites\/38\/Biene-auf-Bl\u00fctenblatt_Dirk-Donner-300x180.jpg 300w, https:\/\/www.naturparkmagazin.de\/stechlin\/wp-content\/uploads\/sites\/38\/Biene-auf-Bl\u00fctenblatt_Dirk-Donner.jpg 500w, https:\/\/www.naturparkmagazin.de\/stechlin\/wp-content\/uploads\/sites\/38\/Biene-auf-Bl\u00fctenblatt_Dirk-Donner-200x120.jpg 200w\" sizes=\"(max-width: 300px) 100vw, 300px\" \/><\/a><p id=\"caption-attachment-7987\" class=\"wp-caption-text\">Die Seidenbiene geh\u00f6rt zu den ersten Insekten im zeitigen Fr\u00fchjahr.<\/p><\/div>\n<p>Zu jeder Aufnahme wusste er eine interessante Geschichte zu erz\u00e4hlen. So tr\u00e4gt die Hosenbiene ihren Namen aufgrund der an eine Hose erinnernden Pollenfracht an ihren Beinen. Die Kegelwespe ist nach ihrer speziellen K\u00f6rperform benannt. W\u00e4hrend die auf einer Krokusbl\u00fcte abgelichtete Seidenwespe zu den ersten Insekten im zeitigen Fr\u00fchjahr geh\u00f6rt.<\/p>\n<div id=\"attachment_8129\" style=\"width: 310px\" class=\"wp-caption aligncenter\"><a href=\"https:\/\/www.naturparkmagazin.de\/stechlin\/wp-content\/uploads\/sites\/38\/ausstellung-donner2_k.jpg\"><img aria-describedby=\"caption-attachment-8129\" decoding=\"async\" loading=\"lazy\" class=\"size-thumbnail wp-image-8129\" src=\"https:\/\/www.naturparkmagazin.de\/stechlin\/wp-content\/uploads\/sites\/38\/ausstellung-donner2_k-300x180.jpg\" alt=\"Dirk Donner hat zu jedem Foto eine spannende Geschichte zu erz\u00e4hlen\" width=\"300\" height=\"180\" srcset=\"https:\/\/www.naturparkmagazin.de\/stechlin\/wp-content\/uploads\/sites\/38\/ausstellung-donner2_k-300x180.jpg 300w, https:\/\/www.naturparkmagazin.de\/stechlin\/wp-content\/uploads\/sites\/38\/ausstellung-donner2_k.jpg 500w, https:\/\/www.naturparkmagazin.de\/stechlin\/wp-content\/uploads\/sites\/38\/ausstellung-donner2_k-200x120.jpg 200w\" sizes=\"(max-width: 300px) 100vw, 300px\" \/><\/a><p id=\"caption-attachment-8129\" class=\"wp-caption-text\">Dirk Donner hat zu jedem Foto eine spannende Geschichte zu erz\u00e4hlen<\/p><\/div>\n<div id=\"attachment_8128\" style=\"width: 310px\" class=\"wp-caption aligncenter\"><a href=\"https:\/\/www.naturparkmagazin.de\/stechlin\/wp-content\/uploads\/sites\/38\/ausstellung-donner1_k.jpg\"><img aria-describedby=\"caption-attachment-8128\" decoding=\"async\" loading=\"lazy\" class=\"size-thumbnail wp-image-8128\" src=\"https:\/\/www.naturparkmagazin.de\/stechlin\/wp-content\/uploads\/sites\/38\/ausstellung-donner1_k-300x180.jpg\" alt=\"Die G\u00e4ste tauchen ein in die Welt der Insekten\" width=\"300\" height=\"180\" srcset=\"https:\/\/www.naturparkmagazin.de\/stechlin\/wp-content\/uploads\/sites\/38\/ausstellung-donner1_k-300x180.jpg 300w, https:\/\/www.naturparkmagazin.de\/stechlin\/wp-content\/uploads\/sites\/38\/ausstellung-donner1_k.jpg 500w, https:\/\/www.naturparkmagazin.de\/stechlin\/wp-content\/uploads\/sites\/38\/ausstellung-donner1_k-200x120.jpg 200w\" sizes=\"(max-width: 300px) 100vw, 300px\" \/><\/a><p id=\"caption-attachment-8128\" class=\"wp-caption-text\">Die G\u00e4ste tauchen ein in die Welt der Insekten<\/p><\/div>\n<p>Die Ausstellung ist noch bis zum 30. April zu sehen. Besucher melden sich bitte im benachbarten NaturParkHaus Stechlin. Der Eintritt ist frei! Herzlich willkommen!<\/p>\n<p>&nbsp;<\/p>\n","protected":false},"excerpt":{"rendered":"<p>Am 15. M\u00e4rz er\u00f6ffnete Dirk Donner aus der Niederlausitz bereits seine vierte Naturfoto-Ausstellung in der Regionalwerkstatt Stechlin in Menz. Damit h\u00e4lt er den Rekord derer, die wiederholt im Naturpark ausstellten.<\/p>\n","protected":false},"author":39,"featured_media":7986,"comment_status":"open","ping_status":"open","sticky":false,"template":"","format":"standard","meta":[],"categories":[11],"tags":[],"yoast_head":"<!-- This site is optimized with the Yoast SEO plugin v19.10 - https:\/\/yoast.com\/wordpress\/plugins\/seo\/ -->\n<title>Foto-Ausstellung &quot;Bienen, Hummeln und Wespen&quot; noch bis 30. April zu sehen (2019) - Naturpark Stechlin-Ruppiner Land<\/title>\n<meta name=\"robots\" content=\"index, follow, max-snippet:-1, max-image-preview:large, max-video-preview:-1\" \/>\n<link rel=\"canonical\" href=\"https:\/\/www.naturparkmagazin.de\/stechlin\/foto-ausstellung-bienen-hummeln-und-wespen-noch-bis-30-april-zu-sehen\/\" \/>\n<meta property=\"og:locale\" content=\"de_DE\" \/>\n<meta property=\"og:type\" content=\"article\" \/>\n<meta property=\"og:title\" content=\"Foto-Ausstellung &quot;Bienen, Hummeln und Wespen&quot; noch bis 30. April zu sehen (2019) - Naturpark Stechlin-Ruppiner Land\" \/>\n<meta property=\"og:description\" content=\"Am 15. M\u00e4rz er\u00f6ffnete Dirk Donner aus der Niederlausitz bereits seine vierte Naturfoto-Ausstellung in der Regionalwerkstatt Stechlin in Menz. Damit h\u00e4lt er den Rekord derer, die wiederholt im Naturpark ausstellten.\" \/>\n<meta property=\"og:url\" content=\"https:\/\/www.naturparkmagazin.de\/stechlin\/foto-ausstellung-bienen-hummeln-und-wespen-noch-bis-30-april-zu-sehen\/\" \/>\n<meta property=\"og:site_name\" content=\"Naturpark Stechlin-Ruppiner Land\" \/>\n<meta property=\"article:published_time\" content=\"2019-03-18T16:31:38+00:00\" \/>\n<meta property=\"article:modified_time\" content=\"2025-06-19T11:50:04+00:00\" \/>\n<meta property=\"og:image\" content=\"https:\/\/www.naturparkmagazin.de\/stechlin\/wp-content\/uploads\/sites\/38\/Biene-auf-Bl\u00fcte_Dirk-Donner.jpg\" \/>\n\t<meta property=\"og:image:width\" content=\"200\" \/>\n\t<meta property=\"og:image:height\" content=\"200\" \/>\n\t<meta property=\"og:image:type\" content=\"image\/jpeg\" \/>\n<meta name=\"author\" content=\"marioschrumpf\" \/>\n<meta name=\"twitter:label1\" content=\"Verfasst von\" \/>\n\t<meta name=\"twitter:data1\" content=\"marioschrumpf\" \/>\n\t<meta name=\"twitter:label2\" content=\"Gesch\u00e4tzte Lesezeit\" \/>\n\t<meta name=\"twitter:data2\" content=\"1\u00a0Minute\" \/>\n<script type=\"application\/ld+json\" class=\"yoast-schema-graph\">{\"@context\":\"https:\/\/schema.org\",\"@graph\":[{\"@type\":\"WebPage\",\"@id\":\"https:\/\/www.naturparkmagazin.de\/stechlin\/foto-ausstellung-bienen-hummeln-und-wespen-noch-bis-30-april-zu-sehen\/\",\"url\":\"https:\/\/www.naturparkmagazin.de\/stechlin\/foto-ausstellung-bienen-hummeln-und-wespen-noch-bis-30-april-zu-sehen\/\",\"name\":\"Foto-Ausstellung \\\"Bienen, Hummeln und Wespen\\\" noch bis 30. April zu sehen (2019) - Naturpark Stechlin-Ruppiner Land\",\"isPartOf\":{\"@id\":\"https:\/\/www.naturparkmagazin.de\/stechlin\/#website\"},\"datePublished\":\"2019-03-18T16:31:38+00:00\",\"dateModified\":\"2025-06-19T11:50:04+00:00\",\"author\":{\"@id\":\"https:\/\/www.naturparkmagazin.de\/stechlin\/#\/schema\/person\/3f0d93203df21c806dd63c76d9bb28bc\"},\"breadcrumb\":{\"@id\":\"https:\/\/www.naturparkmagazin.de\/stechlin\/foto-ausstellung-bienen-hummeln-und-wespen-noch-bis-30-april-zu-sehen\/#breadcrumb\"},\"inLanguage\":\"de\",\"potentialAction\":[{\"@type\":\"ReadAction\",\"target\":[\"https:\/\/www.naturparkmagazin.de\/stechlin\/foto-ausstellung-bienen-hummeln-und-wespen-noch-bis-30-april-zu-sehen\/\"]}]},{\"@type\":\"BreadcrumbList\",\"@id\":\"https:\/\/www.naturparkmagazin.de\/stechlin\/foto-ausstellung-bienen-hummeln-und-wespen-noch-bis-30-april-zu-sehen\/#breadcrumb\",\"itemListElement\":[{\"@type\":\"ListItem\",\"position\":1,\"name\":\"Home\",\"item\":\"https:\/\/www.naturparkmagazin.de\/stechlin\/\"},{\"@type\":\"ListItem\",\"position\":2,\"name\":\"Foto-Ausstellung &#8222;Bienen, Hummeln und Wespen&#8220; noch bis 30. April zu sehen (2019)\"}]},{\"@type\":\"WebSite\",\"@id\":\"https:\/\/www.naturparkmagazin.de\/stechlin\/#website\",\"url\":\"https:\/\/www.naturparkmagazin.de\/stechlin\/\",\"name\":\"Naturpark Stechlin-Ruppiner Land\",\"description\":\"\",\"potentialAction\":[{\"@type\":\"SearchAction\",\"target\":{\"@type\":\"EntryPoint\",\"urlTemplate\":\"https:\/\/www.naturparkmagazin.de\/stechlin\/?s={search_term_string}\"},\"query-input\":\"required name=search_term_string\"}],\"inLanguage\":\"de\"},{\"@type\":\"Person\",\"@id\":\"https:\/\/www.naturparkmagazin.de\/stechlin\/#\/schema\/person\/3f0d93203df21c806dd63c76d9bb28bc\",\"name\":\"marioschrumpf\",\"url\":\"https:\/\/www.naturparkmagazin.de\/stechlin\/author\/marioschrumpf\/\"}]}<\/script>\n<!-- \/ Yoast SEO plugin. -->","yoast_head_json":{"title":"Foto-Ausstellung \"Bienen, Hummeln und Wespen\" noch bis 30. April zu sehen (2019) - Naturpark Stechlin-Ruppiner Land","robots":{"index":"index","follow":"follow","max-snippet":"max-snippet:-1","max-image-preview":"max-image-preview:large","max-video-preview":"max-video-preview:-1"},"canonical":"https:\/\/www.naturparkmagazin.de\/stechlin\/foto-ausstellung-bienen-hummeln-und-wespen-noch-bis-30-april-zu-sehen\/","og_locale":"de_DE","og_type":"article","og_title":"Foto-Ausstellung \"Bienen, Hummeln und Wespen\" noch bis 30. April zu sehen (2019) - Naturpark Stechlin-Ruppiner Land","og_description":"Am 15. M\u00e4rz er\u00f6ffnete Dirk Donner aus der Niederlausitz bereits seine vierte Naturfoto-Ausstellung in der Regionalwerkstatt Stechlin in Menz. Damit h\u00e4lt er den Rekord derer, die wiederholt im Naturpark ausstellten.","og_url":"https:\/\/www.naturparkmagazin.de\/stechlin\/foto-ausstellung-bienen-hummeln-und-wespen-noch-bis-30-april-zu-sehen\/","og_site_name":"Naturpark Stechlin-Ruppiner Land","article_published_time":"2019-03-18T16:31:38+00:00","article_modified_time":"2025-06-19T11:50:04+00:00","og_image":[{"width":200,"height":200,"url":"https:\/\/www.naturparkmagazin.de\/stechlin\/wp-content\/uploads\/sites\/38\/Biene-auf-Bl\u00fcte_Dirk-Donner.jpg","type":"image\/jpeg"}],"author":"marioschrumpf","twitter_misc":{"Verfasst von":"marioschrumpf","Gesch\u00e4tzte Lesezeit":"1\u00a0Minute"},"schema":{"@context":"https:\/\/schema.org","@graph":[{"@type":"WebPage","@id":"https:\/\/www.naturparkmagazin.de\/stechlin\/foto-ausstellung-bienen-hummeln-und-wespen-noch-bis-30-april-zu-sehen\/","url":"https:\/\/www.naturparkmagazin.de\/stechlin\/foto-ausstellung-bienen-hummeln-und-wespen-noch-bis-30-april-zu-sehen\/","name":"Foto-Ausstellung \"Bienen, Hummeln und Wespen\" noch bis 30. April zu sehen (2019) - Naturpark Stechlin-Ruppiner Land","isPartOf":{"@id":"https:\/\/www.naturparkmagazin.de\/stechlin\/#website"},"datePublished":"2019-03-18T16:31:38+00:00","dateModified":"2025-06-19T11:50:04+00:00","author":{"@id":"https:\/\/www.naturparkmagazin.de\/stechlin\/#\/schema\/person\/3f0d93203df21c806dd63c76d9bb28bc"},"breadcrumb":{"@id":"https:\/\/www.naturparkmagazin.de\/stechlin\/foto-ausstellung-bienen-hummeln-und-wespen-noch-bis-30-april-zu-sehen\/#breadcrumb"},"inLanguage":"de","potentialAction":[{"@type":"ReadAction","target":["https:\/\/www.naturparkmagazin.de\/stechlin\/foto-ausstellung-bienen-hummeln-und-wespen-noch-bis-30-april-zu-sehen\/"]}]},{"@type":"BreadcrumbList","@id":"https:\/\/www.naturparkmagazin.de\/stechlin\/foto-ausstellung-bienen-hummeln-und-wespen-noch-bis-30-april-zu-sehen\/#breadcrumb","itemListElement":[{"@type":"ListItem","position":1,"name":"Home","item":"https:\/\/www.naturparkmagazin.de\/stechlin\/"},{"@type":"ListItem","position":2,"name":"Foto-Ausstellung &#8222;Bienen, Hummeln und Wespen&#8220; noch bis 30. April zu sehen (2019)"}]},{"@type":"WebSite","@id":"https:\/\/www.naturparkmagazin.de\/stechlin\/#website","url":"https:\/\/www.naturparkmagazin.de\/stechlin\/","name":"Naturpark Stechlin-Ruppiner Land","description":"","potentialAction":[{"@type":"SearchAction","target":{"@type":"EntryPoint","urlTemplate":"https:\/\/www.naturparkmagazin.de\/stechlin\/?s={search_term_string}"},"query-input":"required name=search_term_string"}],"inLanguage":"de"},{"@type":"Person","@id":"https:\/\/www.naturparkmagazin.de\/stechlin\/#\/schema\/person\/3f0d93203df21c806dd63c76d9bb28bc","name":"marioschrumpf","url":"https:\/\/www.naturparkmagazin.de\/stechlin\/author\/marioschrumpf\/"}]}},"_links":{"self":[{"href":"https:\/\/www.naturparkmagazin.de\/stechlin\/wp-json\/wp\/v2\/posts\/8115"}],"collection":[{"href":"https:\/\/www.naturparkmagazin.de\/stechlin\/wp-json\/wp\/v2\/posts"}],"about":[{"href":"https:\/\/www.naturparkmagazin.de\/stechlin\/wp-json\/wp\/v2\/types\/post"}],"author":[{"embeddable":true,"href":"https:\/\/www.naturparkmagazin.de\/stechlin\/wp-json\/wp\/v2\/users\/39"}],"replies":[{"embeddable":true,"href":"https:\/\/www.naturparkmagazin.de\/stechlin\/wp-json\/wp\/v2\/comments?post=8115"}],"version-history":[{"count":7,"href":"https:\/\/www.naturparkmagazin.de\/stechlin\/wp-json\/wp\/v2\/posts\/8115\/revisions"}],"predecessor-version":[{"id":17524,"href":"https:\/\/www.naturparkmagazin.de\/stechlin\/wp-json\/wp\/v2\/posts\/8115\/revisions\/17524"}],"wp:featuredmedia":[{"embeddable":true,"href":"https:\/\/www.naturparkmagazin.de\/stechlin\/wp-json\/wp\/v2\/media\/7986"}],"wp:attachment":[{"href":"https:\/\/www.naturparkmagazin.de\/stechlin\/wp-json\/wp\/v2\/media?parent=8115"}],"wp:term":[{"taxonomy":"category","embeddable":true,"href":"https:\/\/www.naturparkmagazin.de\/stechlin\/wp-json\/wp\/v2\/categories?post=8115"},{"taxonomy":"post_tag","embeddable":true,"href":"https:\/\/www.naturparkmagazin.de\/stechlin\/wp-json\/wp\/v2\/tags?post=8115"}],"curies":[{"name":"wp","href":"https:\/\/api.w.org\/{rel}","templated":true}]}}