{"id":815,"date":"2014-03-19T12:30:22","date_gmt":"2014-03-19T11:30:22","guid":{"rendered":"http:\/\/www.naturparkmagazin.de\/stechlin\/?p=815"},"modified":"2014-03-26T13:52:12","modified_gmt":"2014-03-26T12:52:12","slug":"otter-und-biber-beobachten-uns-2","status":"publish","type":"post","link":"https:\/\/www.naturparkmagazin.de\/stechlin\/otter-und-biber-beobachten-uns-2\/","title":{"rendered":"Otter und Biber beobachten &#8211; uns"},"content":{"rendered":"<p><a href=\"https:\/\/www.naturparkmagazin.de\/stechlin\/wp-content\/uploads\/sites\/38\/Canadier-im-Naturwald.jpg\"><img decoding=\"async\" loading=\"lazy\" class=\"alignnone size-full wp-image-816\" alt=\"NP SRL\/Dr. Mario Schrumpf\" src=\"https:\/\/www.naturparkmagazin.de\/stechlin\/wp-content\/uploads\/sites\/38\/Canadier-im-Naturwald.jpg\" width=\"500\" height=\"332\" srcset=\"https:\/\/www.naturparkmagazin.de\/stechlin\/wp-content\/uploads\/sites\/38\/Canadier-im-Naturwald.jpg 500w, https:\/\/www.naturparkmagazin.de\/stechlin\/wp-content\/uploads\/sites\/38\/Canadier-im-Naturwald-300x199.jpg 300w, https:\/\/www.naturparkmagazin.de\/stechlin\/wp-content\/uploads\/sites\/38\/Canadier-im-Naturwald-200x133.jpg 200w\" sizes=\"(max-width: 500px) 100vw, 500px\" \/><\/a><\/p>\n<p>Erleben Sie w\u00e4hrend einer Kanutour mit den Rangern die Wildnis der Fristower Plagge. Am <strong>26. April<\/strong> l\u00e4dt die Naturwacht um<strong> 16 Uhr<\/strong> zu dieser 5st\u00fcndigen Exkursion \u00fcber 12 km ein. Kanus stehen zur Verf\u00fcgung. Eigene Boote k\u00f6nnen mitgebracht werden. Treffpunkt ist der &#8222;Forellentrafo&#8220; am Parkplatz vor der Forellenzucht in Zippelsf\u00f6rde. Die Anmeldung muss bis zum 24.4.14 bei Karen Steinberg (Tel.: 0175\/7213053) erfolgen. Kosten 7 \u20ac f\u00fcr Kanuausleihe.<\/p>\n","protected":false},"excerpt":{"rendered":"<p>Erleben Sie w\u00e4hrend einer Kanutour mit den Rangern die Wildnis der Fristower Plagge. Am 26. April l\u00e4dt die Naturwacht um 16 Uhr zu dieser 5-st\u00fcndigen Exkursion \u00fcber 12 km ein. <\/p>\n","protected":false},"author":39,"featured_media":817,"comment_status":"open","ping_status":"open","sticky":false,"template":"","format":"standard","meta":[],"categories":[11],"tags":[],"yoast_head":"<!-- This site is optimized with the Yoast SEO plugin v19.10 - https:\/\/yoast.com\/wordpress\/plugins\/seo\/ -->\n<title>Otter und Biber beobachten - uns - Naturpark Stechlin-Ruppiner Land<\/title>\n<meta name=\"robots\" content=\"index, follow, max-snippet:-1, max-image-preview:large, max-video-preview:-1\" \/>\n<link rel=\"canonical\" href=\"https:\/\/www.naturparkmagazin.de\/stechlin\/otter-und-biber-beobachten-uns-2\/\" \/>\n<meta property=\"og:locale\" content=\"de_DE\" \/>\n<meta property=\"og:type\" content=\"article\" \/>\n<meta property=\"og:title\" content=\"Otter und Biber beobachten - uns - Naturpark Stechlin-Ruppiner Land\" \/>\n<meta property=\"og:description\" content=\"Erleben Sie w\u00e4hrend einer Kanutour mit den Rangern die Wildnis der Fristower Plagge. Am 26. April l\u00e4dt die Naturwacht um 16 Uhr zu dieser 5-st\u00fcndigen Exkursion \u00fcber 12 km ein.\" \/>\n<meta property=\"og:url\" content=\"https:\/\/www.naturparkmagazin.de\/stechlin\/otter-und-biber-beobachten-uns-2\/\" \/>\n<meta property=\"og:site_name\" content=\"Naturpark Stechlin-Ruppiner Land\" \/>\n<meta property=\"article:published_time\" content=\"2014-03-19T11:30:22+00:00\" \/>\n<meta property=\"article:modified_time\" content=\"2014-03-26T12:52:12+00:00\" \/>\n<meta property=\"og:image\" content=\"https:\/\/www.naturparkmagazin.de\/stechlin\/wp-content\/uploads\/sites\/38\/Fischotter.jpg\" \/>\n\t<meta property=\"og:image:width\" content=\"180\" \/>\n\t<meta property=\"og:image:height\" content=\"120\" \/>\n\t<meta property=\"og:image:type\" content=\"image\/jpeg\" \/>\n<meta name=\"author\" content=\"marioschrumpf\" \/>\n<meta name=\"twitter:label1\" content=\"Verfasst von\" \/>\n\t<meta name=\"twitter:data1\" content=\"marioschrumpf\" \/>\n<script type=\"application\/ld+json\" class=\"yoast-schema-graph\">{\"@context\":\"https:\/\/schema.org\",\"@graph\":[{\"@type\":\"WebPage\",\"@id\":\"https:\/\/www.naturparkmagazin.de\/stechlin\/otter-und-biber-beobachten-uns-2\/\",\"url\":\"https:\/\/www.naturparkmagazin.de\/stechlin\/otter-und-biber-beobachten-uns-2\/\",\"name\":\"Otter und Biber beobachten - uns - Naturpark Stechlin-Ruppiner Land\",\"isPartOf\":{\"@id\":\"https:\/\/www.naturparkmagazin.de\/stechlin\/#website\"},\"datePublished\":\"2014-03-19T11:30:22+00:00\",\"dateModified\":\"2014-03-26T12:52:12+00:00\",\"author\":{\"@id\":\"https:\/\/www.naturparkmagazin.de\/stechlin\/#\/schema\/person\/3f0d93203df21c806dd63c76d9bb28bc\"},\"breadcrumb\":{\"@id\":\"https:\/\/www.naturparkmagazin.de\/stechlin\/otter-und-biber-beobachten-uns-2\/#breadcrumb\"},\"inLanguage\":\"de\",\"potentialAction\":[{\"@type\":\"ReadAction\",\"target\":[\"https:\/\/www.naturparkmagazin.de\/stechlin\/otter-und-biber-beobachten-uns-2\/\"]}]},{\"@type\":\"BreadcrumbList\",\"@id\":\"https:\/\/www.naturparkmagazin.de\/stechlin\/otter-und-biber-beobachten-uns-2\/#breadcrumb\",\"itemListElement\":[{\"@type\":\"ListItem\",\"position\":1,\"name\":\"Home\",\"item\":\"https:\/\/www.naturparkmagazin.de\/stechlin\/\"},{\"@type\":\"ListItem\",\"position\":2,\"name\":\"Otter und Biber beobachten &#8211; uns\"}]},{\"@type\":\"WebSite\",\"@id\":\"https:\/\/www.naturparkmagazin.de\/stechlin\/#website\",\"url\":\"https:\/\/www.naturparkmagazin.de\/stechlin\/\",\"name\":\"Naturpark Stechlin-Ruppiner Land\",\"description\":\"\",\"potentialAction\":[{\"@type\":\"SearchAction\",\"target\":{\"@type\":\"EntryPoint\",\"urlTemplate\":\"https:\/\/www.naturparkmagazin.de\/stechlin\/?s={search_term_string}\"},\"query-input\":\"required name=search_term_string\"}],\"inLanguage\":\"de\"},{\"@type\":\"Person\",\"@id\":\"https:\/\/www.naturparkmagazin.de\/stechlin\/#\/schema\/person\/3f0d93203df21c806dd63c76d9bb28bc\",\"name\":\"marioschrumpf\",\"url\":\"https:\/\/www.naturparkmagazin.de\/stechlin\/author\/marioschrumpf\/\"}]}<\/script>\n<!-- \/ Yoast SEO plugin. -->","yoast_head_json":{"title":"Otter und Biber beobachten - uns - Naturpark Stechlin-Ruppiner Land","robots":{"index":"index","follow":"follow","max-snippet":"max-snippet:-1","max-image-preview":"max-image-preview:large","max-video-preview":"max-video-preview:-1"},"canonical":"https:\/\/www.naturparkmagazin.de\/stechlin\/otter-und-biber-beobachten-uns-2\/","og_locale":"de_DE","og_type":"article","og_title":"Otter und Biber beobachten - uns - Naturpark Stechlin-Ruppiner Land","og_description":"Erleben Sie w\u00e4hrend einer Kanutour mit den Rangern die Wildnis der Fristower Plagge. Am 26. April l\u00e4dt die Naturwacht um 16 Uhr zu dieser 5-st\u00fcndigen Exkursion \u00fcber 12 km ein.","og_url":"https:\/\/www.naturparkmagazin.de\/stechlin\/otter-und-biber-beobachten-uns-2\/","og_site_name":"Naturpark Stechlin-Ruppiner Land","article_published_time":"2014-03-19T11:30:22+00:00","article_modified_time":"2014-03-26T12:52:12+00:00","og_image":[{"width":180,"height":120,"url":"https:\/\/www.naturparkmagazin.de\/stechlin\/wp-content\/uploads\/sites\/38\/Fischotter.jpg","type":"image\/jpeg"}],"author":"marioschrumpf","twitter_misc":{"Verfasst von":"marioschrumpf"},"schema":{"@context":"https:\/\/schema.org","@graph":[{"@type":"WebPage","@id":"https:\/\/www.naturparkmagazin.de\/stechlin\/otter-und-biber-beobachten-uns-2\/","url":"https:\/\/www.naturparkmagazin.de\/stechlin\/otter-und-biber-beobachten-uns-2\/","name":"Otter und Biber beobachten - uns - Naturpark Stechlin-Ruppiner Land","isPartOf":{"@id":"https:\/\/www.naturparkmagazin.de\/stechlin\/#website"},"datePublished":"2014-03-19T11:30:22+00:00","dateModified":"2014-03-26T12:52:12+00:00","author":{"@id":"https:\/\/www.naturparkmagazin.de\/stechlin\/#\/schema\/person\/3f0d93203df21c806dd63c76d9bb28bc"},"breadcrumb":{"@id":"https:\/\/www.naturparkmagazin.de\/stechlin\/otter-und-biber-beobachten-uns-2\/#breadcrumb"},"inLanguage":"de","potentialAction":[{"@type":"ReadAction","target":["https:\/\/www.naturparkmagazin.de\/stechlin\/otter-und-biber-beobachten-uns-2\/"]}]},{"@type":"BreadcrumbList","@id":"https:\/\/www.naturparkmagazin.de\/stechlin\/otter-und-biber-beobachten-uns-2\/#breadcrumb","itemListElement":[{"@type":"ListItem","position":1,"name":"Home","item":"https:\/\/www.naturparkmagazin.de\/stechlin\/"},{"@type":"ListItem","position":2,"name":"Otter und Biber beobachten &#8211; uns"}]},{"@type":"WebSite","@id":"https:\/\/www.naturparkmagazin.de\/stechlin\/#website","url":"https:\/\/www.naturparkmagazin.de\/stechlin\/","name":"Naturpark Stechlin-Ruppiner Land","description":"","potentialAction":[{"@type":"SearchAction","target":{"@type":"EntryPoint","urlTemplate":"https:\/\/www.naturparkmagazin.de\/stechlin\/?s={search_term_string}"},"query-input":"required name=search_term_string"}],"inLanguage":"de"},{"@type":"Person","@id":"https:\/\/www.naturparkmagazin.de\/stechlin\/#\/schema\/person\/3f0d93203df21c806dd63c76d9bb28bc","name":"marioschrumpf","url":"https:\/\/www.naturparkmagazin.de\/stechlin\/author\/marioschrumpf\/"}]}},"_links":{"self":[{"href":"https:\/\/www.naturparkmagazin.de\/stechlin\/wp-json\/wp\/v2\/posts\/815"}],"collection":[{"href":"https:\/\/www.naturparkmagazin.de\/stechlin\/wp-json\/wp\/v2\/posts"}],"about":[{"href":"https:\/\/www.naturparkmagazin.de\/stechlin\/wp-json\/wp\/v2\/types\/post"}],"author":[{"embeddable":true,"href":"https:\/\/www.naturparkmagazin.de\/stechlin\/wp-json\/wp\/v2\/users\/39"}],"replies":[{"embeddable":true,"href":"https:\/\/www.naturparkmagazin.de\/stechlin\/wp-json\/wp\/v2\/comments?post=815"}],"version-history":[{"count":4,"href":"https:\/\/www.naturparkmagazin.de\/stechlin\/wp-json\/wp\/v2\/posts\/815\/revisions"}],"predecessor-version":[{"id":893,"href":"https:\/\/www.naturparkmagazin.de\/stechlin\/wp-json\/wp\/v2\/posts\/815\/revisions\/893"}],"wp:featuredmedia":[{"embeddable":true,"href":"https:\/\/www.naturparkmagazin.de\/stechlin\/wp-json\/wp\/v2\/media\/817"}],"wp:attachment":[{"href":"https:\/\/www.naturparkmagazin.de\/stechlin\/wp-json\/wp\/v2\/media?parent=815"}],"wp:term":[{"taxonomy":"category","embeddable":true,"href":"https:\/\/www.naturparkmagazin.de\/stechlin\/wp-json\/wp\/v2\/categories?post=815"},{"taxonomy":"post_tag","embeddable":true,"href":"https:\/\/www.naturparkmagazin.de\/stechlin\/wp-json\/wp\/v2\/tags?post=815"}],"curies":[{"name":"wp","href":"https:\/\/api.w.org\/{rel}","templated":true}]}}