{"id":8190,"date":"2019-04-12T07:23:08","date_gmt":"2019-04-12T05:23:08","guid":{"rendered":"https:\/\/www.naturparkmagazin.de\/stechlin\/?p=8190"},"modified":"2019-04-15T15:29:22","modified_gmt":"2019-04-15T13:29:22","slug":"zwei-naturparke-und-tausende-orchideen","status":"publish","type":"post","link":"https:\/\/www.naturparkmagazin.de\/stechlin\/zwei-naturparke-und-tausende-orchideen\/","title":{"rendered":"Zwei Naturparke und Tausende Orchideen"},"content":{"rendered":"<div id=\"attachment_7063\" style=\"width: 310px\" class=\"wp-caption aligncenter\"><a href=\"https:\/\/www.naturparkmagazin.de\/stechlin\/wp-content\/uploads\/sites\/38\/Orchideen_03.jpg\"><img aria-describedby=\"caption-attachment-7063\" decoding=\"async\" loading=\"lazy\" class=\"size-thumbnail wp-image-7063\" src=\"https:\/\/www.naturparkmagazin.de\/stechlin\/wp-content\/uploads\/sites\/38\/Orchideen_03-300x180.jpg\" alt=\"Feuchtwiese mit Bachnelkenwurz und Breitbl\u00e4ttrigem Knabenkraut.\" width=\"300\" height=\"180\" srcset=\"https:\/\/www.naturparkmagazin.de\/stechlin\/wp-content\/uploads\/sites\/38\/Orchideen_03-300x180.jpg 300w, https:\/\/www.naturparkmagazin.de\/stechlin\/wp-content\/uploads\/sites\/38\/Orchideen_03.jpg 500w, https:\/\/www.naturparkmagazin.de\/stechlin\/wp-content\/uploads\/sites\/38\/Orchideen_03-200x120.jpg 200w\" sizes=\"(max-width: 300px) 100vw, 300px\" \/><\/a><p id=\"caption-attachment-7063\" class=\"wp-caption-text\">Feuchtwiese mit Bachnelkenwurz und Breitbl\u00e4ttrigem Knabenkraut.<\/p><\/div>\n<p>Anl\u00e4sslich des Bundesweiten Naturpark-Wandertages l\u00e4dt der Pr\u00e4sident des Berliner Wanderverbandes, Dr. Wolfgang Pagel in Zusammenarbeit mit den Naturparken Stechlin-Ruppiner Land und Uckerm\u00e4rkische Seen zur Orchideen-Wanderung ein.<\/p>\n<p><strong>Strecke:<\/strong> 28 km, 5 km\/h<\/p>\n<p>Bhf. F\u00fcrstenberg\/H.-Hegensteinbach-Orchideenwiese am Thymensee (F\u00fchrung)-F\u00fcrstenberg\/H.-Tradenluch-Dagow-Skulpturenweg-Neuglobsow-Gro\u00dfer Stechlinsee, S\u00fcdseite-Polzowkanal-Schleusenwiese (Orchideenf\u00fchrung)-Roofensee, \u00a0Menz, 7:49 Bln Gesundbrunnen, 8:11 Uhr Oranienburg, RE5<\/p>\n<p><strong>Start:<\/strong> 25. Mai, 8:50 Uhr, Ziel 18:37 Uhr, Bus 839, F\u00fcrstenberg\/H. RE5<\/p>\n<p><strong>Anmeldung:<\/strong> \u00a0bis 23.5., Dr. Wolfgang Pagel Tel.: 0172 9673116, e-mail: wolfgang.pagel@directbox.com<\/p>\n<p><strong>Kosten:<\/strong> 1 \u20ac, Rucksackverpflegung<\/p>\n","protected":false},"excerpt":{"rendered":"<p>Der Pr\u00e4sident des Berliner Wanderverbandes, Dr. Wolfgang Pagel l\u00e4dt in Zusammenarbeit mit den Naturparken Stechlin-Ruppiner Land und Uckerm\u00e4rkische Seen zur Orchideen-Wanderung ein.<\/p>\n","protected":false},"author":39,"featured_media":7060,"comment_status":"open","ping_status":"open","sticky":false,"template":"","format":"standard","meta":[],"categories":[11],"tags":[],"yoast_head":"<!-- This site is optimized with the Yoast SEO plugin v19.10 - https:\/\/yoast.com\/wordpress\/plugins\/seo\/ -->\n<title>Zwei Naturparke und Tausende Orchideen - Naturpark Stechlin-Ruppiner Land<\/title>\n<meta name=\"robots\" content=\"index, follow, max-snippet:-1, max-image-preview:large, max-video-preview:-1\" \/>\n<link rel=\"canonical\" href=\"https:\/\/www.naturparkmagazin.de\/stechlin\/zwei-naturparke-und-tausende-orchideen\/\" \/>\n<meta property=\"og:locale\" content=\"de_DE\" \/>\n<meta property=\"og:type\" content=\"article\" \/>\n<meta property=\"og:title\" content=\"Zwei Naturparke und Tausende Orchideen - Naturpark Stechlin-Ruppiner Land\" \/>\n<meta property=\"og:description\" content=\"Der Pr\u00e4sident des Berliner Wanderverbandes, Dr. Wolfgang Pagel l\u00e4dt in Zusammenarbeit mit den Naturparken Stechlin-Ruppiner Land und Uckerm\u00e4rkische Seen zur Orchideen-Wanderung ein.\" \/>\n<meta property=\"og:url\" content=\"https:\/\/www.naturparkmagazin.de\/stechlin\/zwei-naturparke-und-tausende-orchideen\/\" \/>\n<meta property=\"og:site_name\" content=\"Naturpark Stechlin-Ruppiner Land\" \/>\n<meta property=\"article:published_time\" content=\"2019-04-12T05:23:08+00:00\" \/>\n<meta property=\"article:modified_time\" content=\"2019-04-15T13:29:22+00:00\" \/>\n<meta property=\"og:image\" content=\"https:\/\/www.naturparkmagazin.de\/stechlin\/wp-content\/uploads\/sites\/38\/Orchideen_14.jpg\" \/>\n\t<meta property=\"og:image:width\" content=\"200\" \/>\n\t<meta property=\"og:image:height\" content=\"200\" \/>\n\t<meta property=\"og:image:type\" content=\"image\/jpeg\" \/>\n<meta name=\"author\" content=\"marioschrumpf\" \/>\n<meta name=\"twitter:label1\" content=\"Verfasst von\" \/>\n\t<meta name=\"twitter:data1\" content=\"marioschrumpf\" \/>\n<script type=\"application\/ld+json\" class=\"yoast-schema-graph\">{\"@context\":\"https:\/\/schema.org\",\"@graph\":[{\"@type\":\"WebPage\",\"@id\":\"https:\/\/www.naturparkmagazin.de\/stechlin\/zwei-naturparke-und-tausende-orchideen\/\",\"url\":\"https:\/\/www.naturparkmagazin.de\/stechlin\/zwei-naturparke-und-tausende-orchideen\/\",\"name\":\"Zwei Naturparke und Tausende Orchideen - Naturpark Stechlin-Ruppiner Land\",\"isPartOf\":{\"@id\":\"https:\/\/www.naturparkmagazin.de\/stechlin\/#website\"},\"datePublished\":\"2019-04-12T05:23:08+00:00\",\"dateModified\":\"2019-04-15T13:29:22+00:00\",\"author\":{\"@id\":\"https:\/\/www.naturparkmagazin.de\/stechlin\/#\/schema\/person\/3f0d93203df21c806dd63c76d9bb28bc\"},\"breadcrumb\":{\"@id\":\"https:\/\/www.naturparkmagazin.de\/stechlin\/zwei-naturparke-und-tausende-orchideen\/#breadcrumb\"},\"inLanguage\":\"de\",\"potentialAction\":[{\"@type\":\"ReadAction\",\"target\":[\"https:\/\/www.naturparkmagazin.de\/stechlin\/zwei-naturparke-und-tausende-orchideen\/\"]}]},{\"@type\":\"BreadcrumbList\",\"@id\":\"https:\/\/www.naturparkmagazin.de\/stechlin\/zwei-naturparke-und-tausende-orchideen\/#breadcrumb\",\"itemListElement\":[{\"@type\":\"ListItem\",\"position\":1,\"name\":\"Home\",\"item\":\"https:\/\/www.naturparkmagazin.de\/stechlin\/\"},{\"@type\":\"ListItem\",\"position\":2,\"name\":\"Zwei Naturparke und Tausende Orchideen\"}]},{\"@type\":\"WebSite\",\"@id\":\"https:\/\/www.naturparkmagazin.de\/stechlin\/#website\",\"url\":\"https:\/\/www.naturparkmagazin.de\/stechlin\/\",\"name\":\"Naturpark Stechlin-Ruppiner Land\",\"description\":\"\",\"potentialAction\":[{\"@type\":\"SearchAction\",\"target\":{\"@type\":\"EntryPoint\",\"urlTemplate\":\"https:\/\/www.naturparkmagazin.de\/stechlin\/?s={search_term_string}\"},\"query-input\":\"required name=search_term_string\"}],\"inLanguage\":\"de\"},{\"@type\":\"Person\",\"@id\":\"https:\/\/www.naturparkmagazin.de\/stechlin\/#\/schema\/person\/3f0d93203df21c806dd63c76d9bb28bc\",\"name\":\"marioschrumpf\",\"url\":\"https:\/\/www.naturparkmagazin.de\/stechlin\/author\/marioschrumpf\/\"}]}<\/script>\n<!-- \/ Yoast SEO plugin. -->","yoast_head_json":{"title":"Zwei Naturparke und Tausende Orchideen - Naturpark Stechlin-Ruppiner Land","robots":{"index":"index","follow":"follow","max-snippet":"max-snippet:-1","max-image-preview":"max-image-preview:large","max-video-preview":"max-video-preview:-1"},"canonical":"https:\/\/www.naturparkmagazin.de\/stechlin\/zwei-naturparke-und-tausende-orchideen\/","og_locale":"de_DE","og_type":"article","og_title":"Zwei Naturparke und Tausende Orchideen - Naturpark Stechlin-Ruppiner Land","og_description":"Der Pr\u00e4sident des Berliner Wanderverbandes, Dr. Wolfgang Pagel l\u00e4dt in Zusammenarbeit mit den Naturparken Stechlin-Ruppiner Land und Uckerm\u00e4rkische Seen zur Orchideen-Wanderung ein.","og_url":"https:\/\/www.naturparkmagazin.de\/stechlin\/zwei-naturparke-und-tausende-orchideen\/","og_site_name":"Naturpark Stechlin-Ruppiner Land","article_published_time":"2019-04-12T05:23:08+00:00","article_modified_time":"2019-04-15T13:29:22+00:00","og_image":[{"width":200,"height":200,"url":"https:\/\/www.naturparkmagazin.de\/stechlin\/wp-content\/uploads\/sites\/38\/Orchideen_14.jpg","type":"image\/jpeg"}],"author":"marioschrumpf","twitter_misc":{"Verfasst von":"marioschrumpf"},"schema":{"@context":"https:\/\/schema.org","@graph":[{"@type":"WebPage","@id":"https:\/\/www.naturparkmagazin.de\/stechlin\/zwei-naturparke-und-tausende-orchideen\/","url":"https:\/\/www.naturparkmagazin.de\/stechlin\/zwei-naturparke-und-tausende-orchideen\/","name":"Zwei Naturparke und Tausende Orchideen - Naturpark Stechlin-Ruppiner Land","isPartOf":{"@id":"https:\/\/www.naturparkmagazin.de\/stechlin\/#website"},"datePublished":"2019-04-12T05:23:08+00:00","dateModified":"2019-04-15T13:29:22+00:00","author":{"@id":"https:\/\/www.naturparkmagazin.de\/stechlin\/#\/schema\/person\/3f0d93203df21c806dd63c76d9bb28bc"},"breadcrumb":{"@id":"https:\/\/www.naturparkmagazin.de\/stechlin\/zwei-naturparke-und-tausende-orchideen\/#breadcrumb"},"inLanguage":"de","potentialAction":[{"@type":"ReadAction","target":["https:\/\/www.naturparkmagazin.de\/stechlin\/zwei-naturparke-und-tausende-orchideen\/"]}]},{"@type":"BreadcrumbList","@id":"https:\/\/www.naturparkmagazin.de\/stechlin\/zwei-naturparke-und-tausende-orchideen\/#breadcrumb","itemListElement":[{"@type":"ListItem","position":1,"name":"Home","item":"https:\/\/www.naturparkmagazin.de\/stechlin\/"},{"@type":"ListItem","position":2,"name":"Zwei Naturparke und Tausende Orchideen"}]},{"@type":"WebSite","@id":"https:\/\/www.naturparkmagazin.de\/stechlin\/#website","url":"https:\/\/www.naturparkmagazin.de\/stechlin\/","name":"Naturpark Stechlin-Ruppiner Land","description":"","potentialAction":[{"@type":"SearchAction","target":{"@type":"EntryPoint","urlTemplate":"https:\/\/www.naturparkmagazin.de\/stechlin\/?s={search_term_string}"},"query-input":"required name=search_term_string"}],"inLanguage":"de"},{"@type":"Person","@id":"https:\/\/www.naturparkmagazin.de\/stechlin\/#\/schema\/person\/3f0d93203df21c806dd63c76d9bb28bc","name":"marioschrumpf","url":"https:\/\/www.naturparkmagazin.de\/stechlin\/author\/marioschrumpf\/"}]}},"_links":{"self":[{"href":"https:\/\/www.naturparkmagazin.de\/stechlin\/wp-json\/wp\/v2\/posts\/8190"}],"collection":[{"href":"https:\/\/www.naturparkmagazin.de\/stechlin\/wp-json\/wp\/v2\/posts"}],"about":[{"href":"https:\/\/www.naturparkmagazin.de\/stechlin\/wp-json\/wp\/v2\/types\/post"}],"author":[{"embeddable":true,"href":"https:\/\/www.naturparkmagazin.de\/stechlin\/wp-json\/wp\/v2\/users\/39"}],"replies":[{"embeddable":true,"href":"https:\/\/www.naturparkmagazin.de\/stechlin\/wp-json\/wp\/v2\/comments?post=8190"}],"version-history":[{"count":3,"href":"https:\/\/www.naturparkmagazin.de\/stechlin\/wp-json\/wp\/v2\/posts\/8190\/revisions"}],"predecessor-version":[{"id":8252,"href":"https:\/\/www.naturparkmagazin.de\/stechlin\/wp-json\/wp\/v2\/posts\/8190\/revisions\/8252"}],"wp:featuredmedia":[{"embeddable":true,"href":"https:\/\/www.naturparkmagazin.de\/stechlin\/wp-json\/wp\/v2\/media\/7060"}],"wp:attachment":[{"href":"https:\/\/www.naturparkmagazin.de\/stechlin\/wp-json\/wp\/v2\/media?parent=8190"}],"wp:term":[{"taxonomy":"category","embeddable":true,"href":"https:\/\/www.naturparkmagazin.de\/stechlin\/wp-json\/wp\/v2\/categories?post=8190"},{"taxonomy":"post_tag","embeddable":true,"href":"https:\/\/www.naturparkmagazin.de\/stechlin\/wp-json\/wp\/v2\/tags?post=8190"}],"curies":[{"name":"wp","href":"https:\/\/api.w.org\/{rel}","templated":true}]}}