{"id":8202,"date":"2019-04-12T09:20:40","date_gmt":"2019-04-12T07:20:40","guid":{"rendered":"https:\/\/www.naturparkmagazin.de\/stechlin\/?p=8202"},"modified":"2019-04-15T16:26:06","modified_gmt":"2019-04-15T14:26:06","slug":"stechlin-summt-und-brummt","status":"publish","type":"post","link":"https:\/\/www.naturparkmagazin.de\/stechlin\/stechlin-summt-und-brummt\/","title":{"rendered":"\u201eStechlin summt und brummt!\u201c"},"content":{"rendered":"<p><a href=\"https:\/\/www.naturparkmagazin.de\/stechlin\/wp-content\/uploads\/sites\/38\/Biene-auf-Bl\u00fcte_Dirk-Donner1.jpg\"><img decoding=\"async\" loading=\"lazy\" class=\"aligncenter size-thumbnail wp-image-7988\" src=\"https:\/\/www.naturparkmagazin.de\/stechlin\/wp-content\/uploads\/sites\/38\/Biene-auf-Bl\u00fcte_Dirk-Donner1-300x180.jpg\" alt=\"NP SRL\/Dirk Donner\" width=\"300\" height=\"180\" srcset=\"https:\/\/www.naturparkmagazin.de\/stechlin\/wp-content\/uploads\/sites\/38\/Biene-auf-Bl\u00fcte_Dirk-Donner1-300x180.jpg 300w, https:\/\/www.naturparkmagazin.de\/stechlin\/wp-content\/uploads\/sites\/38\/Biene-auf-Bl\u00fcte_Dirk-Donner1.jpg 500w, https:\/\/www.naturparkmagazin.de\/stechlin\/wp-content\/uploads\/sites\/38\/Biene-auf-Bl\u00fcte_Dirk-Donner1-200x120.jpg 200w\" sizes=\"(max-width: 300px) 100vw, 300px\" \/><\/a><\/p>\n<p>Unter diesem Motto hat der F\u00f6rderverein Naturlandschaft Stechlin und Menzer Heide e.V. in Zusammenarbeit mit dem Naturpark Stechlin-Ruppiner Land und mit Unterst\u00fctzung des Dorfvereins Menz e.V. einen Aufruf gestartet, aktiv zu werden gegen den dramatischen Insektenr\u00fcckgang.<\/p>\n<p>&nbsp;<\/p>\n<div id=\"attachment_8205\" style=\"width: 310px\" class=\"wp-caption aligncenter\"><a href=\"https:\/\/www.naturparkmagazin.de\/stechlin\/wp-content\/uploads\/sites\/38\/Bienenwiese07.jpg\"><img aria-describedby=\"caption-attachment-8205\" decoding=\"async\" loading=\"lazy\" class=\"size-thumbnail wp-image-8205\" src=\"https:\/\/www.naturparkmagazin.de\/stechlin\/wp-content\/uploads\/sites\/38\/Bienenwiese07-300x180.jpg\" alt=\"Am Menzer M\u00fchlengraben wurde am 6. April eine insektenfreundliche Bl\u00fchwiese angelegt.\" width=\"300\" height=\"180\" srcset=\"https:\/\/www.naturparkmagazin.de\/stechlin\/wp-content\/uploads\/sites\/38\/Bienenwiese07-300x180.jpg 300w, https:\/\/www.naturparkmagazin.de\/stechlin\/wp-content\/uploads\/sites\/38\/Bienenwiese07.jpg 500w, https:\/\/www.naturparkmagazin.de\/stechlin\/wp-content\/uploads\/sites\/38\/Bienenwiese07-200x120.jpg 200w\" sizes=\"(max-width: 300px) 100vw, 300px\" \/><\/a><p id=\"caption-attachment-8205\" class=\"wp-caption-text\">Am Menzer M\u00fchlengraben wurde am 6. April eine insektenfreundliche Bl\u00fchwiese angelegt.<\/p><\/div>\n<p>Das Insektensterben ist in aller Munde! Es ist f\u00fcnf vor zw\u00f6lf! Die Nachricht ist alarmierend: um bis zu 80% sind die Insekten in Deutschland in den letzten 10 Jahren zur\u00fcckgegangen. Betroffen sind u.a. Schmetterlinge, Bienen und Schwebfliegen. Auch im Naturpark Stechlin-Ruppiner Land ist der Insektenschwund l\u00e4ngst angekommen. Selbst Allerweltsarten\u00a0 wie Kohlwei\u00dflinge und Tagpfauenaugen sind betroffen.<\/p>\n<p>Insekten sind die vielf\u00e4ltigste, aber auch kaum beachtete Tiergruppe. Dabei sind Insekten \u00fcberlebenswichtig f\u00fcr uns! Durch die Best\u00e4ubung von Pflanzen sichern sie die Grundlage unserer Ern\u00e4hrung. Sie sind wichtiger Baustein in der Nahrungspyramide. So dienen sie u.a. unseren Singv\u00f6geln und Flederm\u00e4usen als Hauptnahrungsquelle.<\/p>\n<p>&nbsp;<\/p>\n<div id=\"attachment_8206\" style=\"width: 310px\" class=\"wp-caption aligncenter\"><a href=\"https:\/\/www.naturparkmagazin.de\/stechlin\/wp-content\/uploads\/sites\/38\/Arndt-M\u00fcller_NABU.jpg\"><img aria-describedby=\"caption-attachment-8206\" decoding=\"async\" loading=\"lazy\" class=\"size-thumbnail wp-image-8206\" src=\"https:\/\/www.naturparkmagazin.de\/stechlin\/wp-content\/uploads\/sites\/38\/Arndt-M\u00fcller_NABU-300x180.jpg\" alt=\"Der fl\u00e4chendeckende Einsatz von Pestiziden in der konventionellen Landwirtschaft vernichtet Insekten und Ackerwildkr\u00e4uter. (Foto NABU-Arndt M\u00fcller)\" width=\"300\" height=\"180\" srcset=\"https:\/\/www.naturparkmagazin.de\/stechlin\/wp-content\/uploads\/sites\/38\/Arndt-M\u00fcller_NABU-300x180.jpg 300w, https:\/\/www.naturparkmagazin.de\/stechlin\/wp-content\/uploads\/sites\/38\/Arndt-M\u00fcller_NABU.jpg 500w, https:\/\/www.naturparkmagazin.de\/stechlin\/wp-content\/uploads\/sites\/38\/Arndt-M\u00fcller_NABU-200x120.jpg 200w\" sizes=\"(max-width: 300px) 100vw, 300px\" \/><\/a><p id=\"caption-attachment-8206\" class=\"wp-caption-text\">Der fl\u00e4chendeckende Einsatz von Pestiziden in der konventionellen Landwirtschaft vernichtet Insekten und Ackerwildkr\u00e4uter. (Foto: NABU-Arndt M\u00fcller)<\/p><\/div>\n<p>Lesen Sie<a href=\"https:\/\/www.stechlin-ruppiner-land-naturpark.de\/themen\/meldungen\/stechlin-summt-und-brummt\/\"> hier <\/a>im Aufruf \u00fcber die Gr\u00fcnde des Insektenr\u00fcckgangs, aber auch was jeder von uns dagegen tun kann!<\/p>\n<p>F\u00fcr den 6. April hatte der F\u00f6rderverein gemeinsam mit dem Dorfverein Menz zu einer ersten konkreten Aktion aufgerufen. 14 Aktivisten trafen sich am Menzer M\u00fchlenberg um dort auf ca. 250 m\u00b2 eine insektenfreundliche Bl\u00fchwiese anzulegen. Die mehrj\u00e4hrige Bl\u00fchmischung beinhaltet mehr als 40 Arten u.a. Wiesenflockenblume, Natternkopf, Mehlige K\u00f6nigskerze und Wilde M\u00f6hre. Damit die Samen ausreifen und sich selbst vers\u00e4en k\u00f6nnen, soll die Fl\u00e4che nur ein- bis zweimal im Jahr gem\u00e4ht werden.<\/p>\n<div id=\"attachment_8204\" style=\"width: 310px\" class=\"wp-caption aligncenter\"><a href=\"https:\/\/www.naturparkmagazin.de\/stechlin\/wp-content\/uploads\/sites\/38\/Bienenwiese15.jpg\"><img aria-describedby=\"caption-attachment-8204\" decoding=\"async\" loading=\"lazy\" class=\"size-thumbnail wp-image-8204\" src=\"https:\/\/www.naturparkmagazin.de\/stechlin\/wp-content\/uploads\/sites\/38\/Bienenwiese15-300x180.jpg\" alt=\"Gruppenfoto der Menzer Insektenfreunde.\" width=\"300\" height=\"180\" srcset=\"https:\/\/www.naturparkmagazin.de\/stechlin\/wp-content\/uploads\/sites\/38\/Bienenwiese15-300x180.jpg 300w, https:\/\/www.naturparkmagazin.de\/stechlin\/wp-content\/uploads\/sites\/38\/Bienenwiese15.jpg 500w, https:\/\/www.naturparkmagazin.de\/stechlin\/wp-content\/uploads\/sites\/38\/Bienenwiese15-200x120.jpg 200w\" sizes=\"(max-width: 300px) 100vw, 300px\" \/><\/a><p id=\"caption-attachment-8204\" class=\"wp-caption-text\">Gruppenfoto der Menzer Insektenfreunde.<\/p><\/div>\n","protected":false},"excerpt":{"rendered":"<p>Unter diesem Motto hat der F\u00f6rderverein Naturlandschaft Stechlin und Menzer Heide e.V. in Zusammenarbeit mit dem Naturpark Stechlin-Ruppiner Land und Unterst\u00fctzung des Dorfvereins Menz e.V. einen Aufruf gestartet, aktiv zu werden gegen den dramatischen Insektenr\u00fcckgang.<\/p>\n","protected":false},"author":39,"featured_media":8203,"comment_status":"open","ping_status":"open","sticky":false,"template":"","format":"standard","meta":[],"categories":[7],"tags":[],"yoast_head":"<!-- This site is optimized with the Yoast SEO plugin v19.10 - https:\/\/yoast.com\/wordpress\/plugins\/seo\/ -->\n<title>\u201eStechlin summt und brummt!\u201c - Naturpark Stechlin-Ruppiner Land<\/title>\n<meta name=\"robots\" content=\"index, follow, max-snippet:-1, max-image-preview:large, max-video-preview:-1\" \/>\n<link rel=\"canonical\" href=\"https:\/\/www.naturparkmagazin.de\/stechlin\/stechlin-summt-und-brummt\/\" \/>\n<meta property=\"og:locale\" content=\"de_DE\" \/>\n<meta property=\"og:type\" content=\"article\" \/>\n<meta property=\"og:title\" content=\"\u201eStechlin summt und brummt!\u201c - Naturpark Stechlin-Ruppiner Land\" \/>\n<meta property=\"og:description\" content=\"Unter diesem Motto hat der F\u00f6rderverein Naturlandschaft Stechlin und Menzer Heide e.V. in Zusammenarbeit mit dem Naturpark Stechlin-Ruppiner Land und Unterst\u00fctzung des Dorfvereins Menz e.V. einen Aufruf gestartet, aktiv zu werden gegen den dramatischen Insektenr\u00fcckgang.\" \/>\n<meta property=\"og:url\" content=\"https:\/\/www.naturparkmagazin.de\/stechlin\/stechlin-summt-und-brummt\/\" \/>\n<meta property=\"og:site_name\" content=\"Naturpark Stechlin-Ruppiner Land\" \/>\n<meta property=\"article:published_time\" content=\"2019-04-12T07:20:40+00:00\" \/>\n<meta property=\"article:modified_time\" content=\"2019-04-15T14:26:06+00:00\" \/>\n<meta property=\"og:image\" content=\"https:\/\/www.naturparkmagazin.de\/stechlin\/wp-content\/uploads\/sites\/38\/NABU-NRW-Dennis-Wolter.jpg\" \/>\n\t<meta property=\"og:image:width\" content=\"200\" \/>\n\t<meta property=\"og:image:height\" content=\"200\" \/>\n\t<meta property=\"og:image:type\" content=\"image\/jpeg\" \/>\n<meta name=\"author\" content=\"marioschrumpf\" \/>\n<meta name=\"twitter:label1\" content=\"Verfasst von\" \/>\n\t<meta name=\"twitter:data1\" content=\"marioschrumpf\" \/>\n\t<meta name=\"twitter:label2\" content=\"Gesch\u00e4tzte Lesezeit\" \/>\n\t<meta name=\"twitter:data2\" content=\"2\u00a0Minuten\" \/>\n<script type=\"application\/ld+json\" class=\"yoast-schema-graph\">{\"@context\":\"https:\/\/schema.org\",\"@graph\":[{\"@type\":\"WebPage\",\"@id\":\"https:\/\/www.naturparkmagazin.de\/stechlin\/stechlin-summt-und-brummt\/\",\"url\":\"https:\/\/www.naturparkmagazin.de\/stechlin\/stechlin-summt-und-brummt\/\",\"name\":\"\u201eStechlin summt und brummt!\u201c - Naturpark Stechlin-Ruppiner Land\",\"isPartOf\":{\"@id\":\"https:\/\/www.naturparkmagazin.de\/stechlin\/#website\"},\"datePublished\":\"2019-04-12T07:20:40+00:00\",\"dateModified\":\"2019-04-15T14:26:06+00:00\",\"author\":{\"@id\":\"https:\/\/www.naturparkmagazin.de\/stechlin\/#\/schema\/person\/3f0d93203df21c806dd63c76d9bb28bc\"},\"breadcrumb\":{\"@id\":\"https:\/\/www.naturparkmagazin.de\/stechlin\/stechlin-summt-und-brummt\/#breadcrumb\"},\"inLanguage\":\"de\",\"potentialAction\":[{\"@type\":\"ReadAction\",\"target\":[\"https:\/\/www.naturparkmagazin.de\/stechlin\/stechlin-summt-und-brummt\/\"]}]},{\"@type\":\"BreadcrumbList\",\"@id\":\"https:\/\/www.naturparkmagazin.de\/stechlin\/stechlin-summt-und-brummt\/#breadcrumb\",\"itemListElement\":[{\"@type\":\"ListItem\",\"position\":1,\"name\":\"Home\",\"item\":\"https:\/\/www.naturparkmagazin.de\/stechlin\/\"},{\"@type\":\"ListItem\",\"position\":2,\"name\":\"\u201eStechlin summt und brummt!\u201c\"}]},{\"@type\":\"WebSite\",\"@id\":\"https:\/\/www.naturparkmagazin.de\/stechlin\/#website\",\"url\":\"https:\/\/www.naturparkmagazin.de\/stechlin\/\",\"name\":\"Naturpark Stechlin-Ruppiner Land\",\"description\":\"\",\"potentialAction\":[{\"@type\":\"SearchAction\",\"target\":{\"@type\":\"EntryPoint\",\"urlTemplate\":\"https:\/\/www.naturparkmagazin.de\/stechlin\/?s={search_term_string}\"},\"query-input\":\"required name=search_term_string\"}],\"inLanguage\":\"de\"},{\"@type\":\"Person\",\"@id\":\"https:\/\/www.naturparkmagazin.de\/stechlin\/#\/schema\/person\/3f0d93203df21c806dd63c76d9bb28bc\",\"name\":\"marioschrumpf\",\"url\":\"https:\/\/www.naturparkmagazin.de\/stechlin\/author\/marioschrumpf\/\"}]}<\/script>\n<!-- \/ Yoast SEO plugin. -->","yoast_head_json":{"title":"\u201eStechlin summt und brummt!\u201c - Naturpark Stechlin-Ruppiner Land","robots":{"index":"index","follow":"follow","max-snippet":"max-snippet:-1","max-image-preview":"max-image-preview:large","max-video-preview":"max-video-preview:-1"},"canonical":"https:\/\/www.naturparkmagazin.de\/stechlin\/stechlin-summt-und-brummt\/","og_locale":"de_DE","og_type":"article","og_title":"\u201eStechlin summt und brummt!\u201c - Naturpark Stechlin-Ruppiner Land","og_description":"Unter diesem Motto hat der F\u00f6rderverein Naturlandschaft Stechlin und Menzer Heide e.V. in Zusammenarbeit mit dem Naturpark Stechlin-Ruppiner Land und Unterst\u00fctzung des Dorfvereins Menz e.V. einen Aufruf gestartet, aktiv zu werden gegen den dramatischen Insektenr\u00fcckgang.","og_url":"https:\/\/www.naturparkmagazin.de\/stechlin\/stechlin-summt-und-brummt\/","og_site_name":"Naturpark Stechlin-Ruppiner Land","article_published_time":"2019-04-12T07:20:40+00:00","article_modified_time":"2019-04-15T14:26:06+00:00","og_image":[{"width":200,"height":200,"url":"https:\/\/www.naturparkmagazin.de\/stechlin\/wp-content\/uploads\/sites\/38\/NABU-NRW-Dennis-Wolter.jpg","type":"image\/jpeg"}],"author":"marioschrumpf","twitter_misc":{"Verfasst von":"marioschrumpf","Gesch\u00e4tzte Lesezeit":"2\u00a0Minuten"},"schema":{"@context":"https:\/\/schema.org","@graph":[{"@type":"WebPage","@id":"https:\/\/www.naturparkmagazin.de\/stechlin\/stechlin-summt-und-brummt\/","url":"https:\/\/www.naturparkmagazin.de\/stechlin\/stechlin-summt-und-brummt\/","name":"\u201eStechlin summt und brummt!\u201c - Naturpark Stechlin-Ruppiner Land","isPartOf":{"@id":"https:\/\/www.naturparkmagazin.de\/stechlin\/#website"},"datePublished":"2019-04-12T07:20:40+00:00","dateModified":"2019-04-15T14:26:06+00:00","author":{"@id":"https:\/\/www.naturparkmagazin.de\/stechlin\/#\/schema\/person\/3f0d93203df21c806dd63c76d9bb28bc"},"breadcrumb":{"@id":"https:\/\/www.naturparkmagazin.de\/stechlin\/stechlin-summt-und-brummt\/#breadcrumb"},"inLanguage":"de","potentialAction":[{"@type":"ReadAction","target":["https:\/\/www.naturparkmagazin.de\/stechlin\/stechlin-summt-und-brummt\/"]}]},{"@type":"BreadcrumbList","@id":"https:\/\/www.naturparkmagazin.de\/stechlin\/stechlin-summt-und-brummt\/#breadcrumb","itemListElement":[{"@type":"ListItem","position":1,"name":"Home","item":"https:\/\/www.naturparkmagazin.de\/stechlin\/"},{"@type":"ListItem","position":2,"name":"\u201eStechlin summt und brummt!\u201c"}]},{"@type":"WebSite","@id":"https:\/\/www.naturparkmagazin.de\/stechlin\/#website","url":"https:\/\/www.naturparkmagazin.de\/stechlin\/","name":"Naturpark Stechlin-Ruppiner Land","description":"","potentialAction":[{"@type":"SearchAction","target":{"@type":"EntryPoint","urlTemplate":"https:\/\/www.naturparkmagazin.de\/stechlin\/?s={search_term_string}"},"query-input":"required name=search_term_string"}],"inLanguage":"de"},{"@type":"Person","@id":"https:\/\/www.naturparkmagazin.de\/stechlin\/#\/schema\/person\/3f0d93203df21c806dd63c76d9bb28bc","name":"marioschrumpf","url":"https:\/\/www.naturparkmagazin.de\/stechlin\/author\/marioschrumpf\/"}]}},"_links":{"self":[{"href":"https:\/\/www.naturparkmagazin.de\/stechlin\/wp-json\/wp\/v2\/posts\/8202"}],"collection":[{"href":"https:\/\/www.naturparkmagazin.de\/stechlin\/wp-json\/wp\/v2\/posts"}],"about":[{"href":"https:\/\/www.naturparkmagazin.de\/stechlin\/wp-json\/wp\/v2\/types\/post"}],"author":[{"embeddable":true,"href":"https:\/\/www.naturparkmagazin.de\/stechlin\/wp-json\/wp\/v2\/users\/39"}],"replies":[{"embeddable":true,"href":"https:\/\/www.naturparkmagazin.de\/stechlin\/wp-json\/wp\/v2\/comments?post=8202"}],"version-history":[{"count":4,"href":"https:\/\/www.naturparkmagazin.de\/stechlin\/wp-json\/wp\/v2\/posts\/8202\/revisions"}],"predecessor-version":[{"id":8257,"href":"https:\/\/www.naturparkmagazin.de\/stechlin\/wp-json\/wp\/v2\/posts\/8202\/revisions\/8257"}],"wp:featuredmedia":[{"embeddable":true,"href":"https:\/\/www.naturparkmagazin.de\/stechlin\/wp-json\/wp\/v2\/media\/8203"}],"wp:attachment":[{"href":"https:\/\/www.naturparkmagazin.de\/stechlin\/wp-json\/wp\/v2\/media?parent=8202"}],"wp:term":[{"taxonomy":"category","embeddable":true,"href":"https:\/\/www.naturparkmagazin.de\/stechlin\/wp-json\/wp\/v2\/categories?post=8202"},{"taxonomy":"post_tag","embeddable":true,"href":"https:\/\/www.naturparkmagazin.de\/stechlin\/wp-json\/wp\/v2\/tags?post=8202"}],"curies":[{"name":"wp","href":"https:\/\/api.w.org\/{rel}","templated":true}]}}